{"id":1062,"date":"2007-11-29T15:48:09","date_gmt":"2007-11-29T15:48:09","guid":{"rendered":"http:\/\/blogs.thesocialmedia.com\/leblogmoto\/2007\/11\/29\/prvention-routi\/"},"modified":"2012-07-11T14:59:22","modified_gmt":"2012-07-11T14:59:22","slug":"prvention-routi","status":"publish","type":"post","link":"https:\/\/blogs.thesocialmedia.com\/leblogmoto\/2007\/11\/29\/prvention-routi\/","title":{"rendered":"Pr\u00e9vention Routi\u00e8re : P\u00e9tition contre l&rsquo;h\u00e9catombe des jeunes sur la route"},"content":{"rendered":"<p><a href=\"http:\/\/blogs.thesocialmedia.com\/leblogmoto\/files\/2012\/07\/logo_preventionroutiere.jpg\"><img loading=\"lazy\" decoding=\"async\" width=\"250\" height=\"124\"  alt=\"Logo_preventionroutiere\" src=\"http:\/\/www.leblogmoto.com\/images\/2007\/11\/29\/logo_preventionroutiere.jpg\" style=\"margin: 0px 5px 5px 0px;float: left\" \/><\/a>Au lendemain de la 4\u00e8me Nuit des <a href=\"http:\/\/www.rentrerenvie.fr\/\">Capitaines de soir\u00e9e<\/a> qui a mobilis\u00e9 700 b\u00e9n\u00e9voles dans 80 d\u00e9partements, l\u2019association Pr\u00e9vention Routi\u00e8re lance une p\u00e9tition \u00ab Les jeunes ont assez trinqu\u00e9 \u00bb pour que cesse l\u2019h\u00e9catombe des jeunes et des enfants sur la route. Cette p\u00e9tition est soutenue par deux associations de parents d\u2019\u00e9l\u00e8ves, la <a href=\"http:\/\/www.peep.asso.fr\/\">Peep<\/a> et l\u2019<a href=\"http:\/\/www.apel.asso.fr\/\">Unapel<\/a> , et par Familles Rurales. <\/p>\n<p>Saviez-vous qu&rsquo;aujourd\u2019hui encore, la route reste la premi\u00e8re cause de mortalit\u00e9 chez les 15-24 ans (27% des tu\u00e9s pour 13% de la population en 2006). La majorit\u00e9 des accidents a lieu les nuits de week-end et l\u2019alcool, toujours tr\u00e8s pr\u00e9sent dans les soir\u00e9es, est souvent en cause. <\/p>\n<p> Pour l\u2019association Pr\u00e9vention Routi\u00e8re, \u00ab les jeunes sont de plus en plus nombreux \u00e0 adopter le r\u00e9flexe capitaine de soir\u00e9e et \u00e0 se montrer responsables. C\u2019est pourquoi il est essentiel de renforcer ce mouvement en leur donnant la possibilit\u00e9 de s\u2019autotester l\u00e0 o\u00f9 ils sortent et consomment et d\u2019\u00e9viter qu\u2019ils puissent acheter de l\u2019alcool \u00e0 bas prix, ce qui incite \u00e0 la consommation. De m\u00eame, il est inacceptable que des chauffeurs professionnels transportant des enfants conduisent en \u00e9tat d\u2019\u00e9bri\u00e9t\u00e9, comme on a pu le voir r\u00e9cemment. \u00bb <\/p>\n<p> L\u2019association Pr\u00e9vention Routi\u00e8re interpelle les pouvoirs publics sur cette question et invite tous les Fran\u00e7ais \u00e0 signer la p\u00e9tition \u00ab Les jeunes ont assez trinqu\u00e9 ! \u00bb : <\/p>\n<p> 1- pour rendre obligatoire la mise \u00e0 disposition sur demande d\u2019\u00e9thylotests dans tous les lieux de vente et de consommation d\u2019alcool (bars, restaurants, discoth\u00e8ques&#8230;). <br \/>2- pour interdire le parrainage des soir\u00e9es \u00e9tudiantes, direct ou indirect, par les producteurs d\u2019alcool et faire respecter la r\u00e9glementation concernant la vente d\u2019alcool aux mineurs et la vente d\u2019alcool de nuit. <br \/>3- pour g\u00e9n\u00e9raliser l\u2019\u00e9thylotest anti-d\u00e9marrage&nbsp; dans les cars de transport scolaire et d\u00e9velopper son utilisation pour les conducteurs poursuivis pour alcool\u00e9mie d\u00e9lictuelle. <\/p>\n<p> Les deux premi\u00e8res demandes reprennent des propositions faites en 2004 lors de la table ronde \u00ab Alcool, lieux festifs et <a href=\"http:\/\/www.securiteroutiere.equipement.gouv.fr\/\">s\u00e9curit\u00e9 routi\u00e8re<\/a> \u00bb, organis\u00e9e par les pouvoirs publics \u00e0 la demande de l\u2019association Pr\u00e9vention Routi\u00e8re, et qui n\u2019ont toujours pas \u00e9t\u00e9 mises en place au niveau national. La troisi\u00e8me reprend une demande r\u00e9cemment adress\u00e9e par l\u2019association au secr\u00e9taire d\u2019Etat aux Transports. <\/p>\n<p> Cette p\u00e9tition sera adress\u00e9e aux 130 000 adh\u00e9rents de l\u2019association Pr\u00e9vention Routi\u00e8re et pourra \u00e9galement \u00eatre sign\u00e9e <br \/>&#8211; en ligne sur le site <a href=\"www.preventionroutiere.asso.fr\">www.preventionroutiere.asso.fr<\/a>, <br \/>&#8211; en se rendant dans l\u2019un des 101 comit\u00e9s d\u00e9partementaux de l\u2019association, <br \/>&#8211; en renvoyant le coupon qui sera publi\u00e9 d\u00e9but d\u00e9cembre dans Paris Match, T\u00e9l\u00e9 7 Jours et Action Auto Moto.<\/p>\n<p>Alors si vous voulez soutenir cette action, vous savez ce qu&rsquo;il vous reste \u00e0 faire&#8230;<\/p>\n<p>Source : <a href=\"www.preventionroutiere.asso.fr\">Pr\u00e9vention Routi\u00e8re<\/a><\/p>\n","protected":false},"excerpt":{"rendered":"<p>Au lendemain de la 4\u00e8me Nuit des Capitaines de soir\u00e9e qui a mobilis\u00e9 700 b\u00e9n\u00e9voles dans 80 d\u00e9partements, l\u2019association Pr\u00e9vention Routi\u00e8re lance une p\u00e9tition \u00ab Les jeunes ont assez trinqu\u00e9 \u00bb pour que cesse l\u2019h\u00e9catombe des jeunes et des enfants sur la route. Cette p\u00e9tition est soutenue par deux associations de parents d\u2019\u00e9l\u00e8ves, la Peep [&hellip;]<\/p>\n","protected":false},"author":329,"featured_media":0,"comment_status":"open","ping_status":"open","sticky":false,"template":"","format":"standard","meta":{"footnotes":""},"categories":[3,27],"tags":[],"class_list":["post-1062","post","type-post","status-publish","format-standard","hentry","category-actualite","category-securite"],"yoast_head":"<!-- This site is optimized with the Yoast SEO plugin v26.0 - https:\/\/yoast.com\/wordpress\/plugins\/seo\/ -->\n<title>Pr\u00e9vention Routi\u00e8re : P\u00e9tition contre l&#039;h\u00e9catombe des jeunes sur la route - leblogmoto.com<\/title>\n<meta name=\"robots\" content=\"index, follow, max-snippet:-1, max-image-preview:large, max-video-preview:-1\" \/>\n<link rel=\"canonical\" href=\"https:\/\/blogs.thesocialmedia.com\/leblogmoto\/2007\/11\/29\/prvention-routi\/\" \/>\n<meta name=\"twitter:card\" content=\"summary_large_image\" \/>\n<meta name=\"twitter:title\" content=\"Pr\u00e9vention Routi\u00e8re : P\u00e9tition contre l&#039;h\u00e9catombe des jeunes sur la route - leblogmoto.com\" \/>\n<meta name=\"twitter:description\" content=\"Au lendemain de la 4\u00e8me Nuit des Capitaines de soir\u00e9e qui a mobilis\u00e9 700 b\u00e9n\u00e9voles dans 80 d\u00e9partements, l\u2019association Pr\u00e9vention Routi\u00e8re lance une p\u00e9tition \u00ab Les jeunes ont assez trinqu\u00e9 \u00bb pour que cesse l\u2019h\u00e9catombe des jeunes et des enfants sur la route. Cette p\u00e9tition est soutenue par deux associations de parents d\u2019\u00e9l\u00e8ves, la Peep [&hellip;]\" \/>\n<meta name=\"twitter:image\" content=\"http:\/\/www.leblogmoto.com\/images\/2007\/11\/29\/logo_preventionroutiere.jpg\" \/>\n<meta name=\"twitter:label1\" content=\"\u00c9crit par\" \/>\n\t<meta name=\"twitter:data1\" content=\"gregory boucaud\" \/>\n\t<meta name=\"twitter:label2\" content=\"Dur\u00e9e de lecture estim\u00e9e\" \/>\n\t<meta name=\"twitter:data2\" content=\"2 minutes\" \/>\n<script type=\"application\/ld+json\" class=\"yoast-schema-graph\">{\"@context\":\"https:\/\/schema.org\",\"@graph\":[{\"@type\":\"WebPage\",\"@id\":\"https:\/\/blogs.thesocialmedia.com\/leblogmoto\/2007\/11\/29\/prvention-routi\/\",\"url\":\"https:\/\/blogs.thesocialmedia.com\/leblogmoto\/2007\/11\/29\/prvention-routi\/\",\"name\":\"Pr\u00e9vention Routi\u00e8re : P\u00e9tition contre l'h\u00e9catombe des jeunes sur la route - leblogmoto.com\",\"isPartOf\":{\"@id\":\"https:\/\/blogs.thesocialmedia.com\/leblogmoto\/#website\"},\"primaryImageOfPage\":{\"@id\":\"https:\/\/blogs.thesocialmedia.com\/leblogmoto\/2007\/11\/29\/prvention-routi\/#primaryimage\"},\"image\":{\"@id\":\"https:\/\/blogs.thesocialmedia.com\/leblogmoto\/2007\/11\/29\/prvention-routi\/#primaryimage\"},\"thumbnailUrl\":\"http:\/\/www.leblogmoto.com\/images\/2007\/11\/29\/logo_preventionroutiere.jpg\",\"datePublished\":\"2007-11-29T15:48:09+00:00\",\"dateModified\":\"2012-07-11T14:59:22+00:00\",\"author\":{\"@id\":\"https:\/\/blogs.thesocialmedia.com\/leblogmoto\/#\/schema\/person\/769623f89741cc3381675029a37764f8\"},\"breadcrumb\":{\"@id\":\"https:\/\/blogs.thesocialmedia.com\/leblogmoto\/2007\/11\/29\/prvention-routi\/#breadcrumb\"},\"inLanguage\":\"fr-FR\",\"potentialAction\":[{\"@type\":\"ReadAction\",\"target\":[\"https:\/\/blogs.thesocialmedia.com\/leblogmoto\/2007\/11\/29\/prvention-routi\/\"]}]},{\"@type\":\"ImageObject\",\"inLanguage\":\"fr-FR\",\"@id\":\"https:\/\/blogs.thesocialmedia.com\/leblogmoto\/2007\/11\/29\/prvention-routi\/#primaryimage\",\"url\":\"http:\/\/www.leblogmoto.com\/images\/2007\/11\/29\/logo_preventionroutiere.jpg\",\"contentUrl\":\"http:\/\/www.leblogmoto.com\/images\/2007\/11\/29\/logo_preventionroutiere.jpg\"},{\"@type\":\"BreadcrumbList\",\"@id\":\"https:\/\/blogs.thesocialmedia.com\/leblogmoto\/2007\/11\/29\/prvention-routi\/#breadcrumb\",\"itemListElement\":[{\"@type\":\"ListItem\",\"position\":1,\"name\":\"Accueil\",\"item\":\"https:\/\/blogs.thesocialmedia.com\/leblogmoto\/\"},{\"@type\":\"ListItem\",\"position\":2,\"name\":\"Pr\u00e9vention Routi\u00e8re : P\u00e9tition contre l&rsquo;h\u00e9catombe des jeunes sur la route\"}]},{\"@type\":\"WebSite\",\"@id\":\"https:\/\/blogs.thesocialmedia.com\/leblogmoto\/#website\",\"url\":\"https:\/\/blogs.thesocialmedia.com\/leblogmoto\/\",\"name\":\"leblogmoto\",\"description\":\"Toute l&#039;actualit\u00e9 des 2 roues\",\"potentialAction\":[{\"@type\":\"SearchAction\",\"target\":{\"@type\":\"EntryPoint\",\"urlTemplate\":\"https:\/\/blogs.thesocialmedia.com\/leblogmoto\/?s={search_term_string}\"},\"query-input\":{\"@type\":\"PropertyValueSpecification\",\"valueRequired\":true,\"valueName\":\"search_term_string\"}}],\"inLanguage\":\"fr-FR\"},{\"@type\":\"Person\",\"@id\":\"https:\/\/blogs.thesocialmedia.com\/leblogmoto\/#\/schema\/person\/769623f89741cc3381675029a37764f8\",\"name\":\"gregory boucaud\",\"image\":{\"@type\":\"ImageObject\",\"inLanguage\":\"fr-FR\",\"@id\":\"https:\/\/blogs.thesocialmedia.com\/leblogmoto\/#\/schema\/person\/image\/\",\"url\":\"https:\/\/secure.gravatar.com\/avatar\/?s=96&d=mm&r=g\",\"contentUrl\":\"https:\/\/secure.gravatar.com\/avatar\/?s=96&d=mm&r=g\",\"caption\":\"gregory boucaud\"},\"url\":\"https:\/\/blogs.thesocialmedia.com\/leblogmoto\/author\/gregory-boucaud\/\"}]}<\/script>\n<!-- \/ Yoast SEO plugin. -->","yoast_head_json":{"title":"Pr\u00e9vention Routi\u00e8re : P\u00e9tition contre l'h\u00e9catombe des jeunes sur la route - leblogmoto.com","robots":{"index":"index","follow":"follow","max-snippet":"max-snippet:-1","max-image-preview":"max-image-preview:large","max-video-preview":"max-video-preview:-1"},"canonical":"https:\/\/blogs.thesocialmedia.com\/leblogmoto\/2007\/11\/29\/prvention-routi\/","twitter_card":"summary_large_image","twitter_title":"Pr\u00e9vention Routi\u00e8re : P\u00e9tition contre l'h\u00e9catombe des jeunes sur la route - leblogmoto.com","twitter_description":"Au lendemain de la 4\u00e8me Nuit des Capitaines de soir\u00e9e qui a mobilis\u00e9 700 b\u00e9n\u00e9voles dans 80 d\u00e9partements, l\u2019association Pr\u00e9vention Routi\u00e8re lance une p\u00e9tition \u00ab Les jeunes ont assez trinqu\u00e9 \u00bb pour que cesse l\u2019h\u00e9catombe des jeunes et des enfants sur la route. Cette p\u00e9tition est soutenue par deux associations de parents d\u2019\u00e9l\u00e8ves, la Peep [&hellip;]","twitter_image":"http:\/\/www.leblogmoto.com\/images\/2007\/11\/29\/logo_preventionroutiere.jpg","twitter_misc":{"\u00c9crit par":"gregory boucaud","Dur\u00e9e de lecture estim\u00e9e":"2 minutes"},"schema":{"@context":"https:\/\/schema.org","@graph":[{"@type":"WebPage","@id":"https:\/\/blogs.thesocialmedia.com\/leblogmoto\/2007\/11\/29\/prvention-routi\/","url":"https:\/\/blogs.thesocialmedia.com\/leblogmoto\/2007\/11\/29\/prvention-routi\/","name":"Pr\u00e9vention Routi\u00e8re : P\u00e9tition contre l'h\u00e9catombe des jeunes sur la route - leblogmoto.com","isPartOf":{"@id":"https:\/\/blogs.thesocialmedia.com\/leblogmoto\/#website"},"primaryImageOfPage":{"@id":"https:\/\/blogs.thesocialmedia.com\/leblogmoto\/2007\/11\/29\/prvention-routi\/#primaryimage"},"image":{"@id":"https:\/\/blogs.thesocialmedia.com\/leblogmoto\/2007\/11\/29\/prvention-routi\/#primaryimage"},"thumbnailUrl":"http:\/\/www.leblogmoto.com\/images\/2007\/11\/29\/logo_preventionroutiere.jpg","datePublished":"2007-11-29T15:48:09+00:00","dateModified":"2012-07-11T14:59:22+00:00","author":{"@id":"https:\/\/blogs.thesocialmedia.com\/leblogmoto\/#\/schema\/person\/769623f89741cc3381675029a37764f8"},"breadcrumb":{"@id":"https:\/\/blogs.thesocialmedia.com\/leblogmoto\/2007\/11\/29\/prvention-routi\/#breadcrumb"},"inLanguage":"fr-FR","potentialAction":[{"@type":"ReadAction","target":["https:\/\/blogs.thesocialmedia.com\/leblogmoto\/2007\/11\/29\/prvention-routi\/"]}]},{"@type":"ImageObject","inLanguage":"fr-FR","@id":"https:\/\/blogs.thesocialmedia.com\/leblogmoto\/2007\/11\/29\/prvention-routi\/#primaryimage","url":"http:\/\/www.leblogmoto.com\/images\/2007\/11\/29\/logo_preventionroutiere.jpg","contentUrl":"http:\/\/www.leblogmoto.com\/images\/2007\/11\/29\/logo_preventionroutiere.jpg"},{"@type":"BreadcrumbList","@id":"https:\/\/blogs.thesocialmedia.com\/leblogmoto\/2007\/11\/29\/prvention-routi\/#breadcrumb","itemListElement":[{"@type":"ListItem","position":1,"name":"Accueil","item":"https:\/\/blogs.thesocialmedia.com\/leblogmoto\/"},{"@type":"ListItem","position":2,"name":"Pr\u00e9vention Routi\u00e8re : P\u00e9tition contre l&rsquo;h\u00e9catombe des jeunes sur la route"}]},{"@type":"WebSite","@id":"https:\/\/blogs.thesocialmedia.com\/leblogmoto\/#website","url":"https:\/\/blogs.thesocialmedia.com\/leblogmoto\/","name":"leblogmoto","description":"Toute l&#039;actualit\u00e9 des 2 roues","potentialAction":[{"@type":"SearchAction","target":{"@type":"EntryPoint","urlTemplate":"https:\/\/blogs.thesocialmedia.com\/leblogmoto\/?s={search_term_string}"},"query-input":{"@type":"PropertyValueSpecification","valueRequired":true,"valueName":"search_term_string"}}],"inLanguage":"fr-FR"},{"@type":"Person","@id":"https:\/\/blogs.thesocialmedia.com\/leblogmoto\/#\/schema\/person\/769623f89741cc3381675029a37764f8","name":"gregory boucaud","image":{"@type":"ImageObject","inLanguage":"fr-FR","@id":"https:\/\/blogs.thesocialmedia.com\/leblogmoto\/#\/schema\/person\/image\/","url":"https:\/\/secure.gravatar.com\/avatar\/?s=96&d=mm&r=g","contentUrl":"https:\/\/secure.gravatar.com\/avatar\/?s=96&d=mm&r=g","caption":"gregory boucaud"},"url":"https:\/\/blogs.thesocialmedia.com\/leblogmoto\/author\/gregory-boucaud\/"}]}},"_links":{"self":[{"href":"https:\/\/blogs.thesocialmedia.com\/leblogmoto\/wp-json\/wp\/v2\/posts\/1062","targetHints":{"allow":["GET"]}}],"collection":[{"href":"https:\/\/blogs.thesocialmedia.com\/leblogmoto\/wp-json\/wp\/v2\/posts"}],"about":[{"href":"https:\/\/blogs.thesocialmedia.com\/leblogmoto\/wp-json\/wp\/v2\/types\/post"}],"author":[{"embeddable":true,"href":"https:\/\/blogs.thesocialmedia.com\/leblogmoto\/wp-json\/wp\/v2\/users\/329"}],"replies":[{"embeddable":true,"href":"https:\/\/blogs.thesocialmedia.com\/leblogmoto\/wp-json\/wp\/v2\/comments?post=1062"}],"version-history":[{"count":2,"href":"https:\/\/blogs.thesocialmedia.com\/leblogmoto\/wp-json\/wp\/v2\/posts\/1062\/revisions"}],"predecessor-version":[{"id":9268,"href":"https:\/\/blogs.thesocialmedia.com\/leblogmoto\/wp-json\/wp\/v2\/posts\/1062\/revisions\/9268"}],"wp:attachment":[{"href":"https:\/\/blogs.thesocialmedia.com\/leblogmoto\/wp-json\/wp\/v2\/media?parent=1062"}],"wp:term":[{"taxonomy":"category","embeddable":true,"href":"https:\/\/blogs.thesocialmedia.com\/leblogmoto\/wp-json\/wp\/v2\/categories?post=1062"},{"taxonomy":"post_tag","embeddable":true,"href":"https:\/\/blogs.thesocialmedia.com\/leblogmoto\/wp-json\/wp\/v2\/tags?post=1062"}],"curies":[{"name":"wp","href":"https:\/\/api.w.org\/{rel}","templated":true}]}}