{"id":1063,"date":"2007-11-29T15:34:47","date_gmt":"2007-11-29T15:34:47","guid":{"rendered":"http:\/\/blogs.thesocialmedia.com\/leblogmoto\/2007\/11\/29\/ktm-cest-nol-po\/"},"modified":"2012-07-11T14:59:21","modified_gmt":"2012-07-11T14:59:21","slug":"ktm-cest-nol-po","status":"publish","type":"post","link":"https:\/\/blogs.thesocialmedia.com\/leblogmoto\/2007\/11\/29\/ktm-cest-nol-po\/","title":{"rendered":"KTM : C&rsquo;est No\u00ebl pour les acheteurs"},"content":{"rendered":"<p><a href=\"http:\/\/blogs.thesocialmedia.com\/leblogmoto\/files\/2012\/07\/ktm_pins.jpg\"><img loading=\"lazy\" decoding=\"async\" width=\"250\" height=\"250\"  alt=\"Ktm_pins\" src=\"http:\/\/www.leblogmoto.com\/images\/2007\/11\/29\/ktm_pins.jpg\" style=\"margin: 0px 5px 5px 0px;float: left\" \/><\/a>Si vous vouliez acheter une <a href=\"http:\/\/www.ktm.fr\/\">KTM<\/a> mod\u00e8le 2007 pour les f\u00eates, sachez que KTM baisse ses tarifs.<br \/>En effet, la <a href=\"http:\/\/www.ktm.fr\/990-Adventure.36.7.html\">990 ADVENTURE<\/a> 2007 coutera 11900 \u20ac au lieu de 12890 \u20ac, la <a href=\"http:\/\/www.ktm.fr\/990-Supermoto.76.7.html\">950 SM<\/a> 2007 sera \u00e0 10550 \u20ac au lieu de 11462 \u20ac et la 950 SMR 2007 \u00e0 10900 \u20ac au lieu de 11962 \u20ac.<br \/>Mais si c&rsquo;est la 950 SM de 2006 qui vous int\u00e9resse, vous pourrez l&rsquo;acqu\u00e9rir pour 9490 \u20ac.<\/p>\n<p>Alors si la fi\u00e8vre orange vous a pris, peut-\u00eatre pourriez vous vous laisser tenter&#8230;<\/p>\n","protected":false},"excerpt":{"rendered":"<p>Si vous vouliez acheter une KTM mod\u00e8le 2007 pour les f\u00eates, sachez que KTM baisse ses tarifs.En effet, la 990 ADVENTURE 2007 coutera 11900 \u20ac au lieu de 12890 \u20ac, la 950 SM 2007 sera \u00e0 10550 \u20ac au lieu de 11462 \u20ac et la 950 SMR 2007 \u00e0 10900 \u20ac au lieu de 11962 [&hellip;]<\/p>\n","protected":false},"author":329,"featured_media":0,"comment_status":"open","ping_status":"open","sticky":false,"template":"","format":"standard","meta":{"footnotes":""},"categories":[3,39],"tags":[],"class_list":["post-1063","post","type-post","status-publish","format-standard","hentry","category-actualite","category-ktm"],"yoast_head":"<!-- This site is optimized with the Yoast SEO plugin v26.0 - https:\/\/yoast.com\/wordpress\/plugins\/seo\/ -->\n<title>KTM : C&#039;est No\u00ebl pour les acheteurs - leblogmoto.com<\/title>\n<meta name=\"robots\" content=\"index, follow, max-snippet:-1, max-image-preview:large, max-video-preview:-1\" \/>\n<link rel=\"canonical\" href=\"https:\/\/blogs.thesocialmedia.com\/leblogmoto\/2007\/11\/29\/ktm-cest-nol-po\/\" \/>\n<meta name=\"twitter:card\" content=\"summary_large_image\" \/>\n<meta name=\"twitter:title\" content=\"KTM : C&#039;est No\u00ebl pour les acheteurs - leblogmoto.com\" \/>\n<meta name=\"twitter:description\" content=\"Si vous vouliez acheter une KTM mod\u00e8le 2007 pour les f\u00eates, sachez que KTM baisse ses tarifs.En effet, la 990 ADVENTURE 2007 coutera 11900 \u20ac au lieu de 12890 \u20ac, la 950 SM 2007 sera \u00e0 10550 \u20ac au lieu de 11462 \u20ac et la 950 SMR 2007 \u00e0 10900 \u20ac au lieu de 11962 [&hellip;]\" \/>\n<meta name=\"twitter:image\" content=\"http:\/\/www.leblogmoto.com\/images\/2007\/11\/29\/ktm_pins.jpg\" \/>\n<meta name=\"twitter:label1\" content=\"\u00c9crit par\" \/>\n\t<meta name=\"twitter:data1\" content=\"gregory boucaud\" \/>\n<script type=\"application\/ld+json\" class=\"yoast-schema-graph\">{\"@context\":\"https:\/\/schema.org\",\"@graph\":[{\"@type\":\"WebPage\",\"@id\":\"https:\/\/blogs.thesocialmedia.com\/leblogmoto\/2007\/11\/29\/ktm-cest-nol-po\/\",\"url\":\"https:\/\/blogs.thesocialmedia.com\/leblogmoto\/2007\/11\/29\/ktm-cest-nol-po\/\",\"name\":\"KTM : C'est No\u00ebl pour les acheteurs - leblogmoto.com\",\"isPartOf\":{\"@id\":\"https:\/\/blogs.thesocialmedia.com\/leblogmoto\/#website\"},\"primaryImageOfPage\":{\"@id\":\"https:\/\/blogs.thesocialmedia.com\/leblogmoto\/2007\/11\/29\/ktm-cest-nol-po\/#primaryimage\"},\"image\":{\"@id\":\"https:\/\/blogs.thesocialmedia.com\/leblogmoto\/2007\/11\/29\/ktm-cest-nol-po\/#primaryimage\"},\"thumbnailUrl\":\"http:\/\/www.leblogmoto.com\/images\/2007\/11\/29\/ktm_pins.jpg\",\"datePublished\":\"2007-11-29T15:34:47+00:00\",\"dateModified\":\"2012-07-11T14:59:21+00:00\",\"author\":{\"@id\":\"https:\/\/blogs.thesocialmedia.com\/leblogmoto\/#\/schema\/person\/769623f89741cc3381675029a37764f8\"},\"breadcrumb\":{\"@id\":\"https:\/\/blogs.thesocialmedia.com\/leblogmoto\/2007\/11\/29\/ktm-cest-nol-po\/#breadcrumb\"},\"inLanguage\":\"fr-FR\",\"potentialAction\":[{\"@type\":\"ReadAction\",\"target\":[\"https:\/\/blogs.thesocialmedia.com\/leblogmoto\/2007\/11\/29\/ktm-cest-nol-po\/\"]}]},{\"@type\":\"ImageObject\",\"inLanguage\":\"fr-FR\",\"@id\":\"https:\/\/blogs.thesocialmedia.com\/leblogmoto\/2007\/11\/29\/ktm-cest-nol-po\/#primaryimage\",\"url\":\"http:\/\/www.leblogmoto.com\/images\/2007\/11\/29\/ktm_pins.jpg\",\"contentUrl\":\"http:\/\/www.leblogmoto.com\/images\/2007\/11\/29\/ktm_pins.jpg\"},{\"@type\":\"BreadcrumbList\",\"@id\":\"https:\/\/blogs.thesocialmedia.com\/leblogmoto\/2007\/11\/29\/ktm-cest-nol-po\/#breadcrumb\",\"itemListElement\":[{\"@type\":\"ListItem\",\"position\":1,\"name\":\"Accueil\",\"item\":\"https:\/\/blogs.thesocialmedia.com\/leblogmoto\/\"},{\"@type\":\"ListItem\",\"position\":2,\"name\":\"KTM : C&rsquo;est No\u00ebl pour les acheteurs\"}]},{\"@type\":\"WebSite\",\"@id\":\"https:\/\/blogs.thesocialmedia.com\/leblogmoto\/#website\",\"url\":\"https:\/\/blogs.thesocialmedia.com\/leblogmoto\/\",\"name\":\"leblogmoto\",\"description\":\"Toute l&#039;actualit\u00e9 des 2 roues\",\"potentialAction\":[{\"@type\":\"SearchAction\",\"target\":{\"@type\":\"EntryPoint\",\"urlTemplate\":\"https:\/\/blogs.thesocialmedia.com\/leblogmoto\/?s={search_term_string}\"},\"query-input\":{\"@type\":\"PropertyValueSpecification\",\"valueRequired\":true,\"valueName\":\"search_term_string\"}}],\"inLanguage\":\"fr-FR\"},{\"@type\":\"Person\",\"@id\":\"https:\/\/blogs.thesocialmedia.com\/leblogmoto\/#\/schema\/person\/769623f89741cc3381675029a37764f8\",\"name\":\"gregory boucaud\",\"image\":{\"@type\":\"ImageObject\",\"inLanguage\":\"fr-FR\",\"@id\":\"https:\/\/blogs.thesocialmedia.com\/leblogmoto\/#\/schema\/person\/image\/\",\"url\":\"https:\/\/secure.gravatar.com\/avatar\/?s=96&d=mm&r=g\",\"contentUrl\":\"https:\/\/secure.gravatar.com\/avatar\/?s=96&d=mm&r=g\",\"caption\":\"gregory boucaud\"},\"url\":\"https:\/\/blogs.thesocialmedia.com\/leblogmoto\/author\/gregory-boucaud\/\"}]}<\/script>\n<!-- \/ Yoast SEO plugin. -->","yoast_head_json":{"title":"KTM : C'est No\u00ebl pour les acheteurs - leblogmoto.com","robots":{"index":"index","follow":"follow","max-snippet":"max-snippet:-1","max-image-preview":"max-image-preview:large","max-video-preview":"max-video-preview:-1"},"canonical":"https:\/\/blogs.thesocialmedia.com\/leblogmoto\/2007\/11\/29\/ktm-cest-nol-po\/","twitter_card":"summary_large_image","twitter_title":"KTM : C'est No\u00ebl pour les acheteurs - leblogmoto.com","twitter_description":"Si vous vouliez acheter une KTM mod\u00e8le 2007 pour les f\u00eates, sachez que KTM baisse ses tarifs.En effet, la 990 ADVENTURE 2007 coutera 11900 \u20ac au lieu de 12890 \u20ac, la 950 SM 2007 sera \u00e0 10550 \u20ac au lieu de 11462 \u20ac et la 950 SMR 2007 \u00e0 10900 \u20ac au lieu de 11962 [&hellip;]","twitter_image":"http:\/\/www.leblogmoto.com\/images\/2007\/11\/29\/ktm_pins.jpg","twitter_misc":{"\u00c9crit par":"gregory boucaud"},"schema":{"@context":"https:\/\/schema.org","@graph":[{"@type":"WebPage","@id":"https:\/\/blogs.thesocialmedia.com\/leblogmoto\/2007\/11\/29\/ktm-cest-nol-po\/","url":"https:\/\/blogs.thesocialmedia.com\/leblogmoto\/2007\/11\/29\/ktm-cest-nol-po\/","name":"KTM : C'est No\u00ebl pour les acheteurs - leblogmoto.com","isPartOf":{"@id":"https:\/\/blogs.thesocialmedia.com\/leblogmoto\/#website"},"primaryImageOfPage":{"@id":"https:\/\/blogs.thesocialmedia.com\/leblogmoto\/2007\/11\/29\/ktm-cest-nol-po\/#primaryimage"},"image":{"@id":"https:\/\/blogs.thesocialmedia.com\/leblogmoto\/2007\/11\/29\/ktm-cest-nol-po\/#primaryimage"},"thumbnailUrl":"http:\/\/www.leblogmoto.com\/images\/2007\/11\/29\/ktm_pins.jpg","datePublished":"2007-11-29T15:34:47+00:00","dateModified":"2012-07-11T14:59:21+00:00","author":{"@id":"https:\/\/blogs.thesocialmedia.com\/leblogmoto\/#\/schema\/person\/769623f89741cc3381675029a37764f8"},"breadcrumb":{"@id":"https:\/\/blogs.thesocialmedia.com\/leblogmoto\/2007\/11\/29\/ktm-cest-nol-po\/#breadcrumb"},"inLanguage":"fr-FR","potentialAction":[{"@type":"ReadAction","target":["https:\/\/blogs.thesocialmedia.com\/leblogmoto\/2007\/11\/29\/ktm-cest-nol-po\/"]}]},{"@type":"ImageObject","inLanguage":"fr-FR","@id":"https:\/\/blogs.thesocialmedia.com\/leblogmoto\/2007\/11\/29\/ktm-cest-nol-po\/#primaryimage","url":"http:\/\/www.leblogmoto.com\/images\/2007\/11\/29\/ktm_pins.jpg","contentUrl":"http:\/\/www.leblogmoto.com\/images\/2007\/11\/29\/ktm_pins.jpg"},{"@type":"BreadcrumbList","@id":"https:\/\/blogs.thesocialmedia.com\/leblogmoto\/2007\/11\/29\/ktm-cest-nol-po\/#breadcrumb","itemListElement":[{"@type":"ListItem","position":1,"name":"Accueil","item":"https:\/\/blogs.thesocialmedia.com\/leblogmoto\/"},{"@type":"ListItem","position":2,"name":"KTM : C&rsquo;est No\u00ebl pour les acheteurs"}]},{"@type":"WebSite","@id":"https:\/\/blogs.thesocialmedia.com\/leblogmoto\/#website","url":"https:\/\/blogs.thesocialmedia.com\/leblogmoto\/","name":"leblogmoto","description":"Toute l&#039;actualit\u00e9 des 2 roues","potentialAction":[{"@type":"SearchAction","target":{"@type":"EntryPoint","urlTemplate":"https:\/\/blogs.thesocialmedia.com\/leblogmoto\/?s={search_term_string}"},"query-input":{"@type":"PropertyValueSpecification","valueRequired":true,"valueName":"search_term_string"}}],"inLanguage":"fr-FR"},{"@type":"Person","@id":"https:\/\/blogs.thesocialmedia.com\/leblogmoto\/#\/schema\/person\/769623f89741cc3381675029a37764f8","name":"gregory boucaud","image":{"@type":"ImageObject","inLanguage":"fr-FR","@id":"https:\/\/blogs.thesocialmedia.com\/leblogmoto\/#\/schema\/person\/image\/","url":"https:\/\/secure.gravatar.com\/avatar\/?s=96&d=mm&r=g","contentUrl":"https:\/\/secure.gravatar.com\/avatar\/?s=96&d=mm&r=g","caption":"gregory boucaud"},"url":"https:\/\/blogs.thesocialmedia.com\/leblogmoto\/author\/gregory-boucaud\/"}]}},"_links":{"self":[{"href":"https:\/\/blogs.thesocialmedia.com\/leblogmoto\/wp-json\/wp\/v2\/posts\/1063","targetHints":{"allow":["GET"]}}],"collection":[{"href":"https:\/\/blogs.thesocialmedia.com\/leblogmoto\/wp-json\/wp\/v2\/posts"}],"about":[{"href":"https:\/\/blogs.thesocialmedia.com\/leblogmoto\/wp-json\/wp\/v2\/types\/post"}],"author":[{"embeddable":true,"href":"https:\/\/blogs.thesocialmedia.com\/leblogmoto\/wp-json\/wp\/v2\/users\/329"}],"replies":[{"embeddable":true,"href":"https:\/\/blogs.thesocialmedia.com\/leblogmoto\/wp-json\/wp\/v2\/comments?post=1063"}],"version-history":[{"count":2,"href":"https:\/\/blogs.thesocialmedia.com\/leblogmoto\/wp-json\/wp\/v2\/posts\/1063\/revisions"}],"predecessor-version":[{"id":9266,"href":"https:\/\/blogs.thesocialmedia.com\/leblogmoto\/wp-json\/wp\/v2\/posts\/1063\/revisions\/9266"}],"wp:attachment":[{"href":"https:\/\/blogs.thesocialmedia.com\/leblogmoto\/wp-json\/wp\/v2\/media?parent=1063"}],"wp:term":[{"taxonomy":"category","embeddable":true,"href":"https:\/\/blogs.thesocialmedia.com\/leblogmoto\/wp-json\/wp\/v2\/categories?post=1063"},{"taxonomy":"post_tag","embeddable":true,"href":"https:\/\/blogs.thesocialmedia.com\/leblogmoto\/wp-json\/wp\/v2\/tags?post=1063"}],"curies":[{"name":"wp","href":"https:\/\/api.w.org\/{rel}","templated":true}]}}