{"id":1066,"date":"2007-11-29T00:41:18","date_gmt":"2007-11-29T00:41:18","guid":{"rendered":"http:\/\/blogs.thesocialmedia.com\/leblogmoto\/2007\/11\/29\/le-t-shirt-anti\/"},"modified":"2012-07-11T14:58:40","modified_gmt":"2012-07-11T14:58:40","slug":"le-t-shirt-anti","status":"publish","type":"post","link":"https:\/\/blogs.thesocialmedia.com\/leblogmoto\/2007\/11\/29\/le-t-shirt-anti\/","title":{"rendered":"Dani Pedrosa est habill\u00e9 pour l&rsquo;hiver, et l&rsquo;a bien cherch\u00e9."},"content":{"rendered":"<p><a href=\"http:\/\/blogs.thesocialmedia.com\/leblogmoto\/files\/2012\/07\/moto_pilote_dani_pedrosa_tshirt_3.jpg\"><img loading=\"lazy\" decoding=\"async\" width=\"470\" height=\"296\"  alt=\"Moto_pilote_dani_pedrosa_tshirt_3\" src=\"http:\/\/www.leblogmoto.com\/images\/2007\/11\/28\/moto_pilote_dani_pedrosa_tshirt_3.jpg\" \/><\/a> <\/p>\n<p>Apr\u00e8s la derni\u00e8re en date, m\u00eame pas le temps de vous ressortir un floril\u00e8ge de ses d\u00e9clarations fracassantes envers son co\u00e9quipier <a href=\"http:\/\/www.leblogmoto.com\/2007\/11\/retour-au-somme.html\">Nicky Hayden<\/a>, je me demande d&rsquo;ailleurs si son &quot;d\u00e9passement-strike&quot; d&rsquo;Estoril la saison pr\u00e9c\u00e9dente ne suffit pas (oui on y revient toujours, \u00e7a peut \u00eatre lassant, mais c&rsquo;est tellement parlant). Car la <a href=\"http:\/\/www.cafepress.com\/IHateDani\">riposte<\/a> ne s&rsquo;est pas faite attendre, lass\u00e9 de ces pleurnicheries, un internaute am\u00e9ricain a lanc\u00e9 un site avec des Tshirts, sweat, tasses et casquettes tr\u00e8s personnalis\u00e9s&#8230;  <\/p>\n<p>Pour 22, 12 ou 13 $ vous pourrez afficher votre haine (ou peut-\u00eatre d\u00e9samour, comme moi) de Mini Dani alias Titanium Dani. <\/p>\n<p>Je ne pense pas qu&rsquo;il faille en aller jusque l\u00e0, mais comme beaucoup j&rsquo;en ai assez d&rsquo;entendre un pilote surprot\u00e9g\u00e9 g\u00e9mir sans cesse, jusqu&rsquo;\u00e0 demander maintenant \u00e0 avoir un box s\u00e9par\u00e9 comme <a href=\"http:\/\/www.leblogmoto.com\/2007\/11\/voici-limage-qu.html\">Valentino<\/a> chez Yamaha (ce qui l\u00e0 se justifie pleinement, les montures de Lorenzo et de Vale n&rsquo;\u00e9tant pas chauss\u00e9es des m\u00eames pneumatiques), se plaignant de voir Hayden trop regarder ses r\u00e9glages. <\/p>\n<p>Si vous suivez la Formule 1, cette attitude tr\u00e8s espagnole de jalouser ses r\u00e9glages-que-c&rsquo;est-moi-qui-fait-les-meilleurs doit vous rappeler quelqu&rsquo;un. Nicky est certes beaucoup plus besogneux et moins dou\u00e9 que l&rsquo;Espagnol mais il fait preuve de qualit\u00e9s humaines bien plus grandes, ne s&rsquo;est jamais plein de sa b\u00e9cane et encore moins de ses pneumatiques (ce que Jean-Philippe Weber, directeur de Michelin comp\u00e9tition n&rsquo;a pas manqu\u00e9 de souligner). <\/p>\n<p>Alors qu&rsquo;en coulisses Rossi et Pedrosa oeuvraient pour un manufacturier unique, il y a encore quelques mois de cela (par unique il faut comprendre Bridgestone). <\/p>\n<p>&#8230;Et jusqu&rsquo;\u00e0 preuve du contraire, l&rsquo;Am\u00e9ricain reste surtout le seul champion du monde \u00e0 piloter pour le HRC en MotoGP.<\/p>\n","protected":false},"excerpt":{"rendered":"<p>Apr\u00e8s la derni\u00e8re en date, m\u00eame pas le temps de vous ressortir un floril\u00e8ge de ses d\u00e9clarations fracassantes envers son co\u00e9quipier Nicky Hayden, je me demande d&rsquo;ailleurs si son &quot;d\u00e9passement-strike&quot; d&rsquo;Estoril la saison pr\u00e9c\u00e9dente ne suffit pas (oui on y revient toujours, \u00e7a peut \u00eatre lassant, mais c&rsquo;est tellement parlant). Car la riposte ne s&rsquo;est [&hellip;]<\/p>\n","protected":false},"author":324,"featured_media":0,"comment_status":"open","ping_status":"open","sticky":false,"template":"","format":"standard","meta":{"footnotes":""},"categories":[8,58,22],"tags":[],"class_list":["post-1066","post","type-post","status-publish","format-standard","hentry","category-chaines-et-cuirs","category-insolite","category-motogp"],"yoast_head":"<!-- This site is optimized with the Yoast SEO plugin v26.0 - https:\/\/yoast.com\/wordpress\/plugins\/seo\/ -->\n<title>Dani Pedrosa est habill\u00e9 pour l&#039;hiver, et l&#039;a bien cherch\u00e9. - leblogmoto.com<\/title>\n<meta name=\"robots\" content=\"index, follow, max-snippet:-1, max-image-preview:large, max-video-preview:-1\" \/>\n<link rel=\"canonical\" href=\"https:\/\/blogs.thesocialmedia.com\/leblogmoto\/2007\/11\/29\/le-t-shirt-anti\/\" \/>\n<meta name=\"twitter:card\" content=\"summary_large_image\" \/>\n<meta name=\"twitter:title\" content=\"Dani Pedrosa est habill\u00e9 pour l&#039;hiver, et l&#039;a bien cherch\u00e9. - leblogmoto.com\" \/>\n<meta name=\"twitter:description\" content=\"Apr\u00e8s la derni\u00e8re en date, m\u00eame pas le temps de vous ressortir un floril\u00e8ge de ses d\u00e9clarations fracassantes envers son co\u00e9quipier Nicky Hayden, je me demande d&rsquo;ailleurs si son &quot;d\u00e9passement-strike&quot; d&rsquo;Estoril la saison pr\u00e9c\u00e9dente ne suffit pas (oui on y revient toujours, \u00e7a peut \u00eatre lassant, mais c&rsquo;est tellement parlant). Car la riposte ne s&rsquo;est [&hellip;]\" \/>\n<meta name=\"twitter:image\" content=\"http:\/\/www.leblogmoto.com\/images\/2007\/11\/28\/moto_pilote_dani_pedrosa_tshirt_3.jpg\" \/>\n<meta name=\"twitter:label1\" content=\"\u00c9crit par\" \/>\n\t<meta name=\"twitter:data1\" content=\"benoit rieu\" \/>\n\t<meta name=\"twitter:label2\" content=\"Dur\u00e9e de lecture estim\u00e9e\" \/>\n\t<meta name=\"twitter:data2\" content=\"1 minute\" \/>\n<script type=\"application\/ld+json\" class=\"yoast-schema-graph\">{\"@context\":\"https:\/\/schema.org\",\"@graph\":[{\"@type\":\"WebPage\",\"@id\":\"https:\/\/blogs.thesocialmedia.com\/leblogmoto\/2007\/11\/29\/le-t-shirt-anti\/\",\"url\":\"https:\/\/blogs.thesocialmedia.com\/leblogmoto\/2007\/11\/29\/le-t-shirt-anti\/\",\"name\":\"Dani Pedrosa est habill\u00e9 pour l'hiver, et l'a bien cherch\u00e9. - leblogmoto.com\",\"isPartOf\":{\"@id\":\"https:\/\/blogs.thesocialmedia.com\/leblogmoto\/#website\"},\"primaryImageOfPage\":{\"@id\":\"https:\/\/blogs.thesocialmedia.com\/leblogmoto\/2007\/11\/29\/le-t-shirt-anti\/#primaryimage\"},\"image\":{\"@id\":\"https:\/\/blogs.thesocialmedia.com\/leblogmoto\/2007\/11\/29\/le-t-shirt-anti\/#primaryimage\"},\"thumbnailUrl\":\"http:\/\/www.leblogmoto.com\/images\/2007\/11\/28\/moto_pilote_dani_pedrosa_tshirt_3.jpg\",\"datePublished\":\"2007-11-29T00:41:18+00:00\",\"dateModified\":\"2012-07-11T14:58:40+00:00\",\"author\":{\"@id\":\"https:\/\/blogs.thesocialmedia.com\/leblogmoto\/#\/schema\/person\/18bfe773e5725ed6d24f743da805362a\"},\"breadcrumb\":{\"@id\":\"https:\/\/blogs.thesocialmedia.com\/leblogmoto\/2007\/11\/29\/le-t-shirt-anti\/#breadcrumb\"},\"inLanguage\":\"fr-FR\",\"potentialAction\":[{\"@type\":\"ReadAction\",\"target\":[\"https:\/\/blogs.thesocialmedia.com\/leblogmoto\/2007\/11\/29\/le-t-shirt-anti\/\"]}]},{\"@type\":\"ImageObject\",\"inLanguage\":\"fr-FR\",\"@id\":\"https:\/\/blogs.thesocialmedia.com\/leblogmoto\/2007\/11\/29\/le-t-shirt-anti\/#primaryimage\",\"url\":\"http:\/\/www.leblogmoto.com\/images\/2007\/11\/28\/moto_pilote_dani_pedrosa_tshirt_3.jpg\",\"contentUrl\":\"http:\/\/www.leblogmoto.com\/images\/2007\/11\/28\/moto_pilote_dani_pedrosa_tshirt_3.jpg\"},{\"@type\":\"BreadcrumbList\",\"@id\":\"https:\/\/blogs.thesocialmedia.com\/leblogmoto\/2007\/11\/29\/le-t-shirt-anti\/#breadcrumb\",\"itemListElement\":[{\"@type\":\"ListItem\",\"position\":1,\"name\":\"Accueil\",\"item\":\"https:\/\/blogs.thesocialmedia.com\/leblogmoto\/\"},{\"@type\":\"ListItem\",\"position\":2,\"name\":\"Dani Pedrosa est habill\u00e9 pour l&rsquo;hiver, et l&rsquo;a bien cherch\u00e9.\"}]},{\"@type\":\"WebSite\",\"@id\":\"https:\/\/blogs.thesocialmedia.com\/leblogmoto\/#website\",\"url\":\"https:\/\/blogs.thesocialmedia.com\/leblogmoto\/\",\"name\":\"leblogmoto\",\"description\":\"Toute l&#039;actualit\u00e9 des 2 roues\",\"potentialAction\":[{\"@type\":\"SearchAction\",\"target\":{\"@type\":\"EntryPoint\",\"urlTemplate\":\"https:\/\/blogs.thesocialmedia.com\/leblogmoto\/?s={search_term_string}\"},\"query-input\":{\"@type\":\"PropertyValueSpecification\",\"valueRequired\":true,\"valueName\":\"search_term_string\"}}],\"inLanguage\":\"fr-FR\"},{\"@type\":\"Person\",\"@id\":\"https:\/\/blogs.thesocialmedia.com\/leblogmoto\/#\/schema\/person\/18bfe773e5725ed6d24f743da805362a\",\"name\":\"benoit rieu\",\"image\":{\"@type\":\"ImageObject\",\"inLanguage\":\"fr-FR\",\"@id\":\"https:\/\/blogs.thesocialmedia.com\/leblogmoto\/#\/schema\/person\/image\/\",\"url\":\"https:\/\/secure.gravatar.com\/avatar\/?s=96&d=mm&r=g\",\"contentUrl\":\"https:\/\/secure.gravatar.com\/avatar\/?s=96&d=mm&r=g\",\"caption\":\"benoit rieu\"},\"url\":\"https:\/\/blogs.thesocialmedia.com\/leblogmoto\/author\/benoit-rieu\/\"}]}<\/script>\n<!-- \/ Yoast SEO plugin. -->","yoast_head_json":{"title":"Dani Pedrosa est habill\u00e9 pour l'hiver, et l'a bien cherch\u00e9. - leblogmoto.com","robots":{"index":"index","follow":"follow","max-snippet":"max-snippet:-1","max-image-preview":"max-image-preview:large","max-video-preview":"max-video-preview:-1"},"canonical":"https:\/\/blogs.thesocialmedia.com\/leblogmoto\/2007\/11\/29\/le-t-shirt-anti\/","twitter_card":"summary_large_image","twitter_title":"Dani Pedrosa est habill\u00e9 pour l'hiver, et l'a bien cherch\u00e9. - leblogmoto.com","twitter_description":"Apr\u00e8s la derni\u00e8re en date, m\u00eame pas le temps de vous ressortir un floril\u00e8ge de ses d\u00e9clarations fracassantes envers son co\u00e9quipier Nicky Hayden, je me demande d&rsquo;ailleurs si son &quot;d\u00e9passement-strike&quot; d&rsquo;Estoril la saison pr\u00e9c\u00e9dente ne suffit pas (oui on y revient toujours, \u00e7a peut \u00eatre lassant, mais c&rsquo;est tellement parlant). Car la riposte ne s&rsquo;est [&hellip;]","twitter_image":"http:\/\/www.leblogmoto.com\/images\/2007\/11\/28\/moto_pilote_dani_pedrosa_tshirt_3.jpg","twitter_misc":{"\u00c9crit par":"benoit rieu","Dur\u00e9e de lecture estim\u00e9e":"1 minute"},"schema":{"@context":"https:\/\/schema.org","@graph":[{"@type":"WebPage","@id":"https:\/\/blogs.thesocialmedia.com\/leblogmoto\/2007\/11\/29\/le-t-shirt-anti\/","url":"https:\/\/blogs.thesocialmedia.com\/leblogmoto\/2007\/11\/29\/le-t-shirt-anti\/","name":"Dani Pedrosa est habill\u00e9 pour l'hiver, et l'a bien cherch\u00e9. - leblogmoto.com","isPartOf":{"@id":"https:\/\/blogs.thesocialmedia.com\/leblogmoto\/#website"},"primaryImageOfPage":{"@id":"https:\/\/blogs.thesocialmedia.com\/leblogmoto\/2007\/11\/29\/le-t-shirt-anti\/#primaryimage"},"image":{"@id":"https:\/\/blogs.thesocialmedia.com\/leblogmoto\/2007\/11\/29\/le-t-shirt-anti\/#primaryimage"},"thumbnailUrl":"http:\/\/www.leblogmoto.com\/images\/2007\/11\/28\/moto_pilote_dani_pedrosa_tshirt_3.jpg","datePublished":"2007-11-29T00:41:18+00:00","dateModified":"2012-07-11T14:58:40+00:00","author":{"@id":"https:\/\/blogs.thesocialmedia.com\/leblogmoto\/#\/schema\/person\/18bfe773e5725ed6d24f743da805362a"},"breadcrumb":{"@id":"https:\/\/blogs.thesocialmedia.com\/leblogmoto\/2007\/11\/29\/le-t-shirt-anti\/#breadcrumb"},"inLanguage":"fr-FR","potentialAction":[{"@type":"ReadAction","target":["https:\/\/blogs.thesocialmedia.com\/leblogmoto\/2007\/11\/29\/le-t-shirt-anti\/"]}]},{"@type":"ImageObject","inLanguage":"fr-FR","@id":"https:\/\/blogs.thesocialmedia.com\/leblogmoto\/2007\/11\/29\/le-t-shirt-anti\/#primaryimage","url":"http:\/\/www.leblogmoto.com\/images\/2007\/11\/28\/moto_pilote_dani_pedrosa_tshirt_3.jpg","contentUrl":"http:\/\/www.leblogmoto.com\/images\/2007\/11\/28\/moto_pilote_dani_pedrosa_tshirt_3.jpg"},{"@type":"BreadcrumbList","@id":"https:\/\/blogs.thesocialmedia.com\/leblogmoto\/2007\/11\/29\/le-t-shirt-anti\/#breadcrumb","itemListElement":[{"@type":"ListItem","position":1,"name":"Accueil","item":"https:\/\/blogs.thesocialmedia.com\/leblogmoto\/"},{"@type":"ListItem","position":2,"name":"Dani Pedrosa est habill\u00e9 pour l&rsquo;hiver, et l&rsquo;a bien cherch\u00e9."}]},{"@type":"WebSite","@id":"https:\/\/blogs.thesocialmedia.com\/leblogmoto\/#website","url":"https:\/\/blogs.thesocialmedia.com\/leblogmoto\/","name":"leblogmoto","description":"Toute l&#039;actualit\u00e9 des 2 roues","potentialAction":[{"@type":"SearchAction","target":{"@type":"EntryPoint","urlTemplate":"https:\/\/blogs.thesocialmedia.com\/leblogmoto\/?s={search_term_string}"},"query-input":{"@type":"PropertyValueSpecification","valueRequired":true,"valueName":"search_term_string"}}],"inLanguage":"fr-FR"},{"@type":"Person","@id":"https:\/\/blogs.thesocialmedia.com\/leblogmoto\/#\/schema\/person\/18bfe773e5725ed6d24f743da805362a","name":"benoit rieu","image":{"@type":"ImageObject","inLanguage":"fr-FR","@id":"https:\/\/blogs.thesocialmedia.com\/leblogmoto\/#\/schema\/person\/image\/","url":"https:\/\/secure.gravatar.com\/avatar\/?s=96&d=mm&r=g","contentUrl":"https:\/\/secure.gravatar.com\/avatar\/?s=96&d=mm&r=g","caption":"benoit rieu"},"url":"https:\/\/blogs.thesocialmedia.com\/leblogmoto\/author\/benoit-rieu\/"}]}},"_links":{"self":[{"href":"https:\/\/blogs.thesocialmedia.com\/leblogmoto\/wp-json\/wp\/v2\/posts\/1066","targetHints":{"allow":["GET"]}}],"collection":[{"href":"https:\/\/blogs.thesocialmedia.com\/leblogmoto\/wp-json\/wp\/v2\/posts"}],"about":[{"href":"https:\/\/blogs.thesocialmedia.com\/leblogmoto\/wp-json\/wp\/v2\/types\/post"}],"author":[{"embeddable":true,"href":"https:\/\/blogs.thesocialmedia.com\/leblogmoto\/wp-json\/wp\/v2\/users\/324"}],"replies":[{"embeddable":true,"href":"https:\/\/blogs.thesocialmedia.com\/leblogmoto\/wp-json\/wp\/v2\/comments?post=1066"}],"version-history":[{"count":2,"href":"https:\/\/blogs.thesocialmedia.com\/leblogmoto\/wp-json\/wp\/v2\/posts\/1066\/revisions"}],"predecessor-version":[{"id":9244,"href":"https:\/\/blogs.thesocialmedia.com\/leblogmoto\/wp-json\/wp\/v2\/posts\/1066\/revisions\/9244"}],"wp:attachment":[{"href":"https:\/\/blogs.thesocialmedia.com\/leblogmoto\/wp-json\/wp\/v2\/media?parent=1066"}],"wp:term":[{"taxonomy":"category","embeddable":true,"href":"https:\/\/blogs.thesocialmedia.com\/leblogmoto\/wp-json\/wp\/v2\/categories?post=1066"},{"taxonomy":"post_tag","embeddable":true,"href":"https:\/\/blogs.thesocialmedia.com\/leblogmoto\/wp-json\/wp\/v2\/tags?post=1066"}],"curies":[{"name":"wp","href":"https:\/\/api.w.org\/{rel}","templated":true}]}}