{"id":1067,"date":"2007-11-28T08:02:44","date_gmt":"2007-11-28T08:02:44","guid":{"rendered":"http:\/\/blogs.thesocialmedia.com\/leblogmoto\/2007\/11\/28\/vido-dune-ducat\/"},"modified":"2012-07-11T14:58:38","modified_gmt":"2012-07-11T14:58:38","slug":"vido-dune-ducat","status":"publish","type":"post","link":"https:\/\/blogs.thesocialmedia.com\/leblogmoto\/2007\/11\/28\/vido-dune-ducat\/","title":{"rendered":"Vid\u00e9o d&rsquo;une Ducati Superbike assembl\u00e9e en 1&rsquo;30&Prime;&#8230;"},"content":{"rendered":"<p><a href=\"http:\/\/blogs.thesocialmedia.com\/leblogmoto\/files\/2012\/07\/moto_sportive_ducati_superbike_vido.jpg\"><img loading=\"lazy\" decoding=\"async\" width=\"470\" height=\"309\"  src=\"http:\/\/www.leblogmoto.com\/images\/2007\/11\/27\/moto_sportive_ducati_superbike_vido.jpg\" alt=\"Moto_sportive_ducati_superbike_vido\" \/><\/a> <\/p>\n<p>&#8230;et des poussi\u00e8res. Xerox, le principal sponsor de Ducati en Superbike propose une s\u00e9quence courte mais tr\u00e8s sympathique du montage en acc\u00e9l\u00e9r\u00e9 de la 999F06 de Troy Bayliss, couronn\u00e9 la saison pr\u00e9c\u00e9dente, fort justement intitul\u00e9e &quot;The heroes behind the champion&quot;, le tout sur un air lyrique. Vid\u00e9o que vous pourrez \u00e9galement conserver, puisqu&rsquo;elle est t\u00e9l\u00e9chargeable (taille de 25 MB) directement sur votre disque dur <a href=\"http:\/\/a1851.g.akamaitech.net\/f\/1851\/2996\/24h\/cache.xerox.com\/downloads\/europe\/d\/ducati_Xerox_Time_Laps.mpg\">ici<\/a> (click droit puis &quot;enregistrer sous&quot;) ou sur <a href=\"http:\/\/www.xerox.com\/about-xerox\/sponsorship\/ducati-heroes\/engb.html\">leur site<\/a>. <\/p>\n<p><a href=\"http:\/\/clabedan.typepad.com\/.shared\/image.html?\/photos\/uncategorized\/2007\/11\/27\/moto_pilote_troy_bayliss_2006.jpg\"><img loading=\"lazy\" decoding=\"async\" width=\"470\" height=\"311\"  src=\"http:\/\/www.leblogmoto.com\/images\/2007\/11\/27\/moto_pilote_troy_bayliss_2006.jpg\" alt=\"Moto_pilote_troy_bayliss_2006\" \/><\/a><\/p>\n<p><a href=\"http:\/\/blogs.thesocialmedia.com\/leblogmoto\/files\/2012\/07\/moto_pilote_troy_bayliss_champion_w.jpg\"><img loading=\"lazy\" decoding=\"async\" width=\"470\" height=\"352\"  src=\"http:\/\/www.leblogmoto.com\/images\/2007\/11\/27\/moto_pilote_troy_bayliss_champion_w.jpg\" alt=\"Moto_pilote_troy_bayliss_champion_w\" \/><\/a><\/p>\n<p><em>cr\u00e9dits photos: moto-station &amp; MotoMag.&nbsp; <\/em><\/p>\n","protected":false},"excerpt":{"rendered":"<p>&#8230;et des poussi\u00e8res. Xerox, le principal sponsor de Ducati en Superbike propose une s\u00e9quence courte mais tr\u00e8s sympathique du montage en acc\u00e9l\u00e9r\u00e9 de la 999F06 de Troy Bayliss, couronn\u00e9 la saison pr\u00e9c\u00e9dente, fort justement intitul\u00e9e &quot;The heroes behind the champion&quot;, le tout sur un air lyrique. Vid\u00e9o que vous pourrez \u00e9galement conserver, puisqu&rsquo;elle est t\u00e9l\u00e9chargeable [&hellip;]<\/p>\n","protected":false},"author":324,"featured_media":0,"comment_status":"open","ping_status":"open","sticky":false,"template":"","format":"standard","meta":{"footnotes":""},"categories":[49,41,46,12],"tags":[],"class_list":["post-1067","post","type-post","status-publish","format-standard","hentry","category-actualites-entreprise","category-ducati","category-superbike","category-videos"],"yoast_head":"<!-- This site is optimized with the Yoast SEO plugin v26.0 - https:\/\/yoast.com\/wordpress\/plugins\/seo\/ -->\n<title>Vid\u00e9o d&#039;une Ducati Superbike assembl\u00e9e en 1&#039;30&quot;... - leblogmoto.com<\/title>\n<meta name=\"robots\" content=\"index, follow, max-snippet:-1, max-image-preview:large, max-video-preview:-1\" \/>\n<link rel=\"canonical\" href=\"https:\/\/blogs.thesocialmedia.com\/leblogmoto\/2007\/11\/28\/vido-dune-ducat\/\" \/>\n<meta name=\"twitter:card\" content=\"summary_large_image\" \/>\n<meta name=\"twitter:title\" content=\"Vid\u00e9o d&#039;une Ducati Superbike assembl\u00e9e en 1&#039;30&quot;... - leblogmoto.com\" \/>\n<meta name=\"twitter:description\" content=\"&#8230;et des poussi\u00e8res. Xerox, le principal sponsor de Ducati en Superbike propose une s\u00e9quence courte mais tr\u00e8s sympathique du montage en acc\u00e9l\u00e9r\u00e9 de la 999F06 de Troy Bayliss, couronn\u00e9 la saison pr\u00e9c\u00e9dente, fort justement intitul\u00e9e &quot;The heroes behind the champion&quot;, le tout sur un air lyrique. Vid\u00e9o que vous pourrez \u00e9galement conserver, puisqu&rsquo;elle est t\u00e9l\u00e9chargeable [&hellip;]\" \/>\n<meta name=\"twitter:image\" content=\"http:\/\/www.leblogmoto.com\/images\/2007\/11\/27\/moto_sportive_ducati_superbike_vido.jpg\" \/>\n<meta name=\"twitter:label1\" content=\"\u00c9crit par\" \/>\n\t<meta name=\"twitter:data1\" content=\"benoit rieu\" \/>\n<script type=\"application\/ld+json\" class=\"yoast-schema-graph\">{\"@context\":\"https:\/\/schema.org\",\"@graph\":[{\"@type\":\"WebPage\",\"@id\":\"https:\/\/blogs.thesocialmedia.com\/leblogmoto\/2007\/11\/28\/vido-dune-ducat\/\",\"url\":\"https:\/\/blogs.thesocialmedia.com\/leblogmoto\/2007\/11\/28\/vido-dune-ducat\/\",\"name\":\"Vid\u00e9o d'une Ducati Superbike assembl\u00e9e en 1'30\\\"... - leblogmoto.com\",\"isPartOf\":{\"@id\":\"https:\/\/blogs.thesocialmedia.com\/leblogmoto\/#website\"},\"primaryImageOfPage\":{\"@id\":\"https:\/\/blogs.thesocialmedia.com\/leblogmoto\/2007\/11\/28\/vido-dune-ducat\/#primaryimage\"},\"image\":{\"@id\":\"https:\/\/blogs.thesocialmedia.com\/leblogmoto\/2007\/11\/28\/vido-dune-ducat\/#primaryimage\"},\"thumbnailUrl\":\"http:\/\/www.leblogmoto.com\/images\/2007\/11\/27\/moto_sportive_ducati_superbike_vido.jpg\",\"datePublished\":\"2007-11-28T08:02:44+00:00\",\"dateModified\":\"2012-07-11T14:58:38+00:00\",\"author\":{\"@id\":\"https:\/\/blogs.thesocialmedia.com\/leblogmoto\/#\/schema\/person\/18bfe773e5725ed6d24f743da805362a\"},\"breadcrumb\":{\"@id\":\"https:\/\/blogs.thesocialmedia.com\/leblogmoto\/2007\/11\/28\/vido-dune-ducat\/#breadcrumb\"},\"inLanguage\":\"fr-FR\",\"potentialAction\":[{\"@type\":\"ReadAction\",\"target\":[\"https:\/\/blogs.thesocialmedia.com\/leblogmoto\/2007\/11\/28\/vido-dune-ducat\/\"]}]},{\"@type\":\"ImageObject\",\"inLanguage\":\"fr-FR\",\"@id\":\"https:\/\/blogs.thesocialmedia.com\/leblogmoto\/2007\/11\/28\/vido-dune-ducat\/#primaryimage\",\"url\":\"http:\/\/www.leblogmoto.com\/images\/2007\/11\/27\/moto_sportive_ducati_superbike_vido.jpg\",\"contentUrl\":\"http:\/\/www.leblogmoto.com\/images\/2007\/11\/27\/moto_sportive_ducati_superbike_vido.jpg\"},{\"@type\":\"BreadcrumbList\",\"@id\":\"https:\/\/blogs.thesocialmedia.com\/leblogmoto\/2007\/11\/28\/vido-dune-ducat\/#breadcrumb\",\"itemListElement\":[{\"@type\":\"ListItem\",\"position\":1,\"name\":\"Accueil\",\"item\":\"https:\/\/blogs.thesocialmedia.com\/leblogmoto\/\"},{\"@type\":\"ListItem\",\"position\":2,\"name\":\"Vid\u00e9o d&rsquo;une Ducati Superbike assembl\u00e9e en 1&rsquo;30&Prime;&#8230;\"}]},{\"@type\":\"WebSite\",\"@id\":\"https:\/\/blogs.thesocialmedia.com\/leblogmoto\/#website\",\"url\":\"https:\/\/blogs.thesocialmedia.com\/leblogmoto\/\",\"name\":\"leblogmoto\",\"description\":\"Toute l&#039;actualit\u00e9 des 2 roues\",\"potentialAction\":[{\"@type\":\"SearchAction\",\"target\":{\"@type\":\"EntryPoint\",\"urlTemplate\":\"https:\/\/blogs.thesocialmedia.com\/leblogmoto\/?s={search_term_string}\"},\"query-input\":{\"@type\":\"PropertyValueSpecification\",\"valueRequired\":true,\"valueName\":\"search_term_string\"}}],\"inLanguage\":\"fr-FR\"},{\"@type\":\"Person\",\"@id\":\"https:\/\/blogs.thesocialmedia.com\/leblogmoto\/#\/schema\/person\/18bfe773e5725ed6d24f743da805362a\",\"name\":\"benoit rieu\",\"image\":{\"@type\":\"ImageObject\",\"inLanguage\":\"fr-FR\",\"@id\":\"https:\/\/blogs.thesocialmedia.com\/leblogmoto\/#\/schema\/person\/image\/\",\"url\":\"https:\/\/secure.gravatar.com\/avatar\/?s=96&d=mm&r=g\",\"contentUrl\":\"https:\/\/secure.gravatar.com\/avatar\/?s=96&d=mm&r=g\",\"caption\":\"benoit rieu\"},\"url\":\"https:\/\/blogs.thesocialmedia.com\/leblogmoto\/author\/benoit-rieu\/\"}]}<\/script>\n<!-- \/ Yoast SEO plugin. -->","yoast_head_json":{"title":"Vid\u00e9o d'une Ducati Superbike assembl\u00e9e en 1'30\"... - leblogmoto.com","robots":{"index":"index","follow":"follow","max-snippet":"max-snippet:-1","max-image-preview":"max-image-preview:large","max-video-preview":"max-video-preview:-1"},"canonical":"https:\/\/blogs.thesocialmedia.com\/leblogmoto\/2007\/11\/28\/vido-dune-ducat\/","twitter_card":"summary_large_image","twitter_title":"Vid\u00e9o d'une Ducati Superbike assembl\u00e9e en 1'30\"... - leblogmoto.com","twitter_description":"&#8230;et des poussi\u00e8res. Xerox, le principal sponsor de Ducati en Superbike propose une s\u00e9quence courte mais tr\u00e8s sympathique du montage en acc\u00e9l\u00e9r\u00e9 de la 999F06 de Troy Bayliss, couronn\u00e9 la saison pr\u00e9c\u00e9dente, fort justement intitul\u00e9e &quot;The heroes behind the champion&quot;, le tout sur un air lyrique. Vid\u00e9o que vous pourrez \u00e9galement conserver, puisqu&rsquo;elle est t\u00e9l\u00e9chargeable [&hellip;]","twitter_image":"http:\/\/www.leblogmoto.com\/images\/2007\/11\/27\/moto_sportive_ducati_superbike_vido.jpg","twitter_misc":{"\u00c9crit par":"benoit rieu"},"schema":{"@context":"https:\/\/schema.org","@graph":[{"@type":"WebPage","@id":"https:\/\/blogs.thesocialmedia.com\/leblogmoto\/2007\/11\/28\/vido-dune-ducat\/","url":"https:\/\/blogs.thesocialmedia.com\/leblogmoto\/2007\/11\/28\/vido-dune-ducat\/","name":"Vid\u00e9o d'une Ducati Superbike assembl\u00e9e en 1'30\"... - leblogmoto.com","isPartOf":{"@id":"https:\/\/blogs.thesocialmedia.com\/leblogmoto\/#website"},"primaryImageOfPage":{"@id":"https:\/\/blogs.thesocialmedia.com\/leblogmoto\/2007\/11\/28\/vido-dune-ducat\/#primaryimage"},"image":{"@id":"https:\/\/blogs.thesocialmedia.com\/leblogmoto\/2007\/11\/28\/vido-dune-ducat\/#primaryimage"},"thumbnailUrl":"http:\/\/www.leblogmoto.com\/images\/2007\/11\/27\/moto_sportive_ducati_superbike_vido.jpg","datePublished":"2007-11-28T08:02:44+00:00","dateModified":"2012-07-11T14:58:38+00:00","author":{"@id":"https:\/\/blogs.thesocialmedia.com\/leblogmoto\/#\/schema\/person\/18bfe773e5725ed6d24f743da805362a"},"breadcrumb":{"@id":"https:\/\/blogs.thesocialmedia.com\/leblogmoto\/2007\/11\/28\/vido-dune-ducat\/#breadcrumb"},"inLanguage":"fr-FR","potentialAction":[{"@type":"ReadAction","target":["https:\/\/blogs.thesocialmedia.com\/leblogmoto\/2007\/11\/28\/vido-dune-ducat\/"]}]},{"@type":"ImageObject","inLanguage":"fr-FR","@id":"https:\/\/blogs.thesocialmedia.com\/leblogmoto\/2007\/11\/28\/vido-dune-ducat\/#primaryimage","url":"http:\/\/www.leblogmoto.com\/images\/2007\/11\/27\/moto_sportive_ducati_superbike_vido.jpg","contentUrl":"http:\/\/www.leblogmoto.com\/images\/2007\/11\/27\/moto_sportive_ducati_superbike_vido.jpg"},{"@type":"BreadcrumbList","@id":"https:\/\/blogs.thesocialmedia.com\/leblogmoto\/2007\/11\/28\/vido-dune-ducat\/#breadcrumb","itemListElement":[{"@type":"ListItem","position":1,"name":"Accueil","item":"https:\/\/blogs.thesocialmedia.com\/leblogmoto\/"},{"@type":"ListItem","position":2,"name":"Vid\u00e9o d&rsquo;une Ducati Superbike assembl\u00e9e en 1&rsquo;30&Prime;&#8230;"}]},{"@type":"WebSite","@id":"https:\/\/blogs.thesocialmedia.com\/leblogmoto\/#website","url":"https:\/\/blogs.thesocialmedia.com\/leblogmoto\/","name":"leblogmoto","description":"Toute l&#039;actualit\u00e9 des 2 roues","potentialAction":[{"@type":"SearchAction","target":{"@type":"EntryPoint","urlTemplate":"https:\/\/blogs.thesocialmedia.com\/leblogmoto\/?s={search_term_string}"},"query-input":{"@type":"PropertyValueSpecification","valueRequired":true,"valueName":"search_term_string"}}],"inLanguage":"fr-FR"},{"@type":"Person","@id":"https:\/\/blogs.thesocialmedia.com\/leblogmoto\/#\/schema\/person\/18bfe773e5725ed6d24f743da805362a","name":"benoit rieu","image":{"@type":"ImageObject","inLanguage":"fr-FR","@id":"https:\/\/blogs.thesocialmedia.com\/leblogmoto\/#\/schema\/person\/image\/","url":"https:\/\/secure.gravatar.com\/avatar\/?s=96&d=mm&r=g","contentUrl":"https:\/\/secure.gravatar.com\/avatar\/?s=96&d=mm&r=g","caption":"benoit rieu"},"url":"https:\/\/blogs.thesocialmedia.com\/leblogmoto\/author\/benoit-rieu\/"}]}},"_links":{"self":[{"href":"https:\/\/blogs.thesocialmedia.com\/leblogmoto\/wp-json\/wp\/v2\/posts\/1067","targetHints":{"allow":["GET"]}}],"collection":[{"href":"https:\/\/blogs.thesocialmedia.com\/leblogmoto\/wp-json\/wp\/v2\/posts"}],"about":[{"href":"https:\/\/blogs.thesocialmedia.com\/leblogmoto\/wp-json\/wp\/v2\/types\/post"}],"author":[{"embeddable":true,"href":"https:\/\/blogs.thesocialmedia.com\/leblogmoto\/wp-json\/wp\/v2\/users\/324"}],"replies":[{"embeddable":true,"href":"https:\/\/blogs.thesocialmedia.com\/leblogmoto\/wp-json\/wp\/v2\/comments?post=1067"}],"version-history":[{"count":2,"href":"https:\/\/blogs.thesocialmedia.com\/leblogmoto\/wp-json\/wp\/v2\/posts\/1067\/revisions"}],"predecessor-version":[{"id":9242,"href":"https:\/\/blogs.thesocialmedia.com\/leblogmoto\/wp-json\/wp\/v2\/posts\/1067\/revisions\/9242"}],"wp:attachment":[{"href":"https:\/\/blogs.thesocialmedia.com\/leblogmoto\/wp-json\/wp\/v2\/media?parent=1067"}],"wp:term":[{"taxonomy":"category","embeddable":true,"href":"https:\/\/blogs.thesocialmedia.com\/leblogmoto\/wp-json\/wp\/v2\/categories?post=1067"},{"taxonomy":"post_tag","embeddable":true,"href":"https:\/\/blogs.thesocialmedia.com\/leblogmoto\/wp-json\/wp\/v2\/tags?post=1067"}],"curies":[{"name":"wp","href":"https:\/\/api.w.org\/{rel}","templated":true}]}}