{"id":107,"date":"2009-06-24T18:41:53","date_gmt":"2009-06-24T18:41:53","guid":{"rendered":"http:\/\/blogs.thesocialmedia.com\/leblogmoto\/2009\/06\/24\/gooichi-749-on-acheve-bien-les-ducati-de-terblanche\/"},"modified":"2012-07-11T17:31:37","modified_gmt":"2012-07-11T17:31:37","slug":"gooichi-749-on-acheve-bien-les-ducati-de-terblanche","status":"publish","type":"post","link":"https:\/\/blogs.thesocialmedia.com\/leblogmoto\/2009\/06\/24\/gooichi-749-on-acheve-bien-les-ducati-de-terblanche\/","title":{"rendered":"Gooichi 749, on ach\u00e8ve \u00ab\u00a0bien\u00a0\u00bb les Ducati de Terblanche."},"content":{"rendered":"<p><a href=\"http:\/\/blogs.thesocialmedia.com\/leblogmoto\/files\/2012\/07\/6a00d83451b18369e20115705bdf16970c-popup.png\"><img decoding=\"async\" alt=\"Gooichimotorsports02\" class=\"at-xid-6a00d83451b18369e20115705bdf16970c \" src=\"http:\/\/blogs.thesocialmedia.com\/leblogmoto\/files\/2012\/07\/6a00d83451b18369e20115705bdf16970c-500wi.jpg\" \/><\/a><\/p>\n<p>A l&#039;exception de la 999 et de l&#039;Hypermotard, je n&#039;ai jamais \u00e9t\u00e9 un grand fan du trait de Pierre Terblanche, du moins chez Ducati, et Dieu sait que pour de nombreuses raisons j&#039;aime cette marque. Je n&#039;ai donc pas vers\u00e9 de grosses larmes lorsqu&#039;il a quitt\u00e9 en 2007&#160;la firme de Borgo Panigale pour lancer son propre studio de design. Mais je ne l&#039;ai jamais d\u00e9test\u00e9 non plus. Jamais&#160;au point de commettre ce custom bien moche, dans l&#039;esprit Las Vegas avec ses d\u00e9s sur les flancs. Ou plut\u00f4t Atlantic City vu le c\u00f4t\u00e9 ringue du lot. Son <a href=\"http:\/\/www.duccutters.com\/gooichimotorsports-gooichi749.tpl\">pr\u00e9parateur dit<\/a> ne pouvoir&#160;supporter de laisser quoi que ce soit &quot;de s\u00e9rie&quot;. Il indique qu&#039;il voulait quelque chose de diff\u00e9rent avec cette b\u00e9cane, quelque chose qui je cite &quot;ferait&#160;hurler les puristes de la marque&quot;.&#160;Pari&#160;r\u00e9ussi. Apr\u00e8s cette profession de foi,&#160;commence alors le d\u00e9licat travail d&#039;enlaidissement. Il n&#039;y a pas d&#039;autre mot, \u00e0 moins de devenir vulgaire. <\/p>\n<\/p>\n<p>La garde au sol est rabaiss\u00e9e, on lui adjoint une nouvelle bulle fum\u00e9e a\u00e9ro, une sortie d&#039;\u00e9chappement&#160;est&#160;specialement cr\u00e9\u00e9e pour l&#039;occasion, un bras tubulaire&#160;se substitue&#160;au&#160;bras oscillant de s\u00e9rie,&#160;et&#160;les jantes&#160;b\u00e2tons originales sont remplac\u00e9es par des jantes rayons type custom. Et l\u00e0&#160;je m&#039;arr\u00eate de traduire, car \u00e7a commence \u00e0 me&#160;lasser. Bien qu&#039;il dispose comme il le souhaite de son bien, il aurait pu au moins&#160;nous \u00e9pargner&#160;\u00e7a.&#160;Au moins nous aura t&#039;on permis de&#160;nous rincer l&#039;oeil avec les atouts de la demoiselle. Repoussoir et magn\u00e9tisme attirant, c&#039;est pour cela que la 749 est ici.<\/p>\n<p>&#160;<a href=\"http:\/\/clabedan.typepad.com\/.a\/6a00d83451b18369e2011571511388970b-popup\"><img decoding=\"async\" alt=\"Gooichimotorsports00\" class=\"at-xid-6a00d83451b18369e2011571511388970b \" src=\"http:\/\/blogs.thesocialmedia.com\/leblogmoto\/files\/2012\/07\/6a00d83451b18369e2011571511388970b-500wi.jpg\" \/><\/a><\/p>\n<p><a href=\"http:\/\/blogs.thesocialmedia.com\/leblogmoto\/files\/2012\/07\/6a00d83451b18369e20115705be45a970c-popup.png\"><img decoding=\"async\" alt=\"Gooichimotorsports03\" class=\"at-xid-6a00d83451b18369e20115705be45a970c \" src=\"http:\/\/blogs.thesocialmedia.com\/leblogmoto\/files\/2012\/07\/6a00d83451b18369e20115705be45a970c-500wi.jpg\" \/><\/a>&#160;<\/p>\n<p><a href=\"http:\/\/blogs.thesocialmedia.com\/leblogmoto\/files\/2012\/07\/6a00d83451b18369e20115705be6cc970c-popup.png\"><img decoding=\"async\" alt=\"Gooichimotorsports01\" class=\"at-xid-6a00d83451b18369e20115705be6cc970c \" src=\"http:\/\/blogs.thesocialmedia.com\/leblogmoto\/files\/2012\/07\/6a00d83451b18369e20115705be6cc970c-500wi.jpg\" \/><\/a>&#160;<\/p>\n<p><a href=\"http:\/\/blogs.thesocialmedia.com\/leblogmoto\/files\/2012\/07\/6a00d83451b18369e2011571512269970b-popup.png\"><img decoding=\"async\" alt=\"Gooichimotorsports04\" class=\"at-xid-6a00d83451b18369e2011571512269970b \" src=\"http:\/\/blogs.thesocialmedia.com\/leblogmoto\/files\/2012\/07\/6a00d83451b18369e2011571512269970b-500wi.jpg\" \/><\/a> <\/p>\n","protected":false},"excerpt":{"rendered":"<p>A l&#039;exception de la 999 et de l&#039;Hypermotard, je n&#039;ai jamais \u00e9t\u00e9 un grand fan du trait de Pierre Terblanche, du moins chez Ducati, et Dieu sait que pour de nombreuses raisons j&#039;aime cette marque. Je n&#039;ai donc pas vers\u00e9 de grosses larmes lorsqu&#039;il a quitt\u00e9 en 2007&#160;la firme de Borgo Panigale pour lancer son [&hellip;]<\/p>\n","protected":false},"author":324,"featured_media":13797,"comment_status":"open","ping_status":"open","sticky":false,"template":"","format":"standard","meta":{"footnotes":""},"categories":[38,34,41],"tags":[],"class_list":["post-107","post","type-post","status-publish","format-standard","has-post-thumbnail","hentry","category-atelier","category-charme","category-ducati"],"yoast_head":"<!-- This site is optimized with the Yoast SEO plugin v26.0 - https:\/\/yoast.com\/wordpress\/plugins\/seo\/ -->\n<title>Gooichi 749, on ach\u00e8ve &quot;bien&quot; les Ducati de Terblanche. - leblogmoto.com<\/title>\n<meta name=\"robots\" content=\"index, follow, max-snippet:-1, max-image-preview:large, max-video-preview:-1\" \/>\n<link rel=\"canonical\" href=\"https:\/\/blogs.thesocialmedia.com\/leblogmoto\/2009\/06\/24\/gooichi-749-on-acheve-bien-les-ducati-de-terblanche\/\" \/>\n<meta name=\"twitter:card\" content=\"summary_large_image\" \/>\n<meta name=\"twitter:title\" content=\"Gooichi 749, on ach\u00e8ve &quot;bien&quot; les Ducati de Terblanche. - leblogmoto.com\" \/>\n<meta name=\"twitter:description\" content=\"A l&#039;exception de la 999 et de l&#039;Hypermotard, je n&#039;ai jamais \u00e9t\u00e9 un grand fan du trait de Pierre Terblanche, du moins chez Ducati, et Dieu sait que pour de nombreuses raisons j&#039;aime cette marque. Je n&#039;ai donc pas vers\u00e9 de grosses larmes lorsqu&#039;il a quitt\u00e9 en 2007&#160;la firme de Borgo Panigale pour lancer son [&hellip;]\" \/>\n<meta name=\"twitter:image\" content=\"https:\/\/blogs.thesocialmedia.com\/leblogmoto\/files\/2012\/07\/6a00d83451b18369e20115705bdf16970c-500wi.jpg\" \/>\n<meta name=\"twitter:label1\" content=\"\u00c9crit par\" \/>\n\t<meta name=\"twitter:data1\" content=\"benoit rieu\" \/>\n\t<meta name=\"twitter:label2\" content=\"Dur\u00e9e de lecture estim\u00e9e\" \/>\n\t<meta name=\"twitter:data2\" content=\"1 minute\" \/>\n<script type=\"application\/ld+json\" class=\"yoast-schema-graph\">{\"@context\":\"https:\/\/schema.org\",\"@graph\":[{\"@type\":\"WebPage\",\"@id\":\"https:\/\/blogs.thesocialmedia.com\/leblogmoto\/2009\/06\/24\/gooichi-749-on-acheve-bien-les-ducati-de-terblanche\/\",\"url\":\"https:\/\/blogs.thesocialmedia.com\/leblogmoto\/2009\/06\/24\/gooichi-749-on-acheve-bien-les-ducati-de-terblanche\/\",\"name\":\"Gooichi 749, on ach\u00e8ve \\\"bien\\\" les Ducati de Terblanche. - leblogmoto.com\",\"isPartOf\":{\"@id\":\"https:\/\/blogs.thesocialmedia.com\/leblogmoto\/#website\"},\"primaryImageOfPage\":{\"@id\":\"https:\/\/blogs.thesocialmedia.com\/leblogmoto\/2009\/06\/24\/gooichi-749-on-acheve-bien-les-ducati-de-terblanche\/#primaryimage\"},\"image\":{\"@id\":\"https:\/\/blogs.thesocialmedia.com\/leblogmoto\/2009\/06\/24\/gooichi-749-on-acheve-bien-les-ducati-de-terblanche\/#primaryimage\"},\"thumbnailUrl\":\"https:\/\/blogs.thesocialmedia.com\/leblogmoto\/files\/2012\/07\/6a00d83451b18369e20115705bdf16970c-500wi.jpg\",\"datePublished\":\"2009-06-24T18:41:53+00:00\",\"dateModified\":\"2012-07-11T17:31:37+00:00\",\"author\":{\"@id\":\"https:\/\/blogs.thesocialmedia.com\/leblogmoto\/#\/schema\/person\/18bfe773e5725ed6d24f743da805362a\"},\"breadcrumb\":{\"@id\":\"https:\/\/blogs.thesocialmedia.com\/leblogmoto\/2009\/06\/24\/gooichi-749-on-acheve-bien-les-ducati-de-terblanche\/#breadcrumb\"},\"inLanguage\":\"fr-FR\",\"potentialAction\":[{\"@type\":\"ReadAction\",\"target\":[\"https:\/\/blogs.thesocialmedia.com\/leblogmoto\/2009\/06\/24\/gooichi-749-on-acheve-bien-les-ducati-de-terblanche\/\"]}]},{\"@type\":\"ImageObject\",\"inLanguage\":\"fr-FR\",\"@id\":\"https:\/\/blogs.thesocialmedia.com\/leblogmoto\/2009\/06\/24\/gooichi-749-on-acheve-bien-les-ducati-de-terblanche\/#primaryimage\",\"url\":\"https:\/\/blogs.thesocialmedia.com\/leblogmoto\/files\/2012\/07\/6a00d83451b18369e20115705bdf16970c-500wi.jpg\",\"contentUrl\":\"https:\/\/blogs.thesocialmedia.com\/leblogmoto\/files\/2012\/07\/6a00d83451b18369e20115705bdf16970c-500wi.jpg\",\"width\":\"500\",\"height\":\"333\"},{\"@type\":\"BreadcrumbList\",\"@id\":\"https:\/\/blogs.thesocialmedia.com\/leblogmoto\/2009\/06\/24\/gooichi-749-on-acheve-bien-les-ducati-de-terblanche\/#breadcrumb\",\"itemListElement\":[{\"@type\":\"ListItem\",\"position\":1,\"name\":\"Accueil\",\"item\":\"https:\/\/blogs.thesocialmedia.com\/leblogmoto\/\"},{\"@type\":\"ListItem\",\"position\":2,\"name\":\"Gooichi 749, on ach\u00e8ve \u00ab\u00a0bien\u00a0\u00bb les Ducati de Terblanche.\"}]},{\"@type\":\"WebSite\",\"@id\":\"https:\/\/blogs.thesocialmedia.com\/leblogmoto\/#website\",\"url\":\"https:\/\/blogs.thesocialmedia.com\/leblogmoto\/\",\"name\":\"leblogmoto\",\"description\":\"Toute l&#039;actualit\u00e9 des 2 roues\",\"potentialAction\":[{\"@type\":\"SearchAction\",\"target\":{\"@type\":\"EntryPoint\",\"urlTemplate\":\"https:\/\/blogs.thesocialmedia.com\/leblogmoto\/?s={search_term_string}\"},\"query-input\":{\"@type\":\"PropertyValueSpecification\",\"valueRequired\":true,\"valueName\":\"search_term_string\"}}],\"inLanguage\":\"fr-FR\"},{\"@type\":\"Person\",\"@id\":\"https:\/\/blogs.thesocialmedia.com\/leblogmoto\/#\/schema\/person\/18bfe773e5725ed6d24f743da805362a\",\"name\":\"benoit rieu\",\"image\":{\"@type\":\"ImageObject\",\"inLanguage\":\"fr-FR\",\"@id\":\"https:\/\/blogs.thesocialmedia.com\/leblogmoto\/#\/schema\/person\/image\/\",\"url\":\"https:\/\/secure.gravatar.com\/avatar\/?s=96&d=mm&r=g\",\"contentUrl\":\"https:\/\/secure.gravatar.com\/avatar\/?s=96&d=mm&r=g\",\"caption\":\"benoit rieu\"},\"url\":\"https:\/\/blogs.thesocialmedia.com\/leblogmoto\/author\/benoit-rieu\/\"}]}<\/script>\n<!-- \/ Yoast SEO plugin. -->","yoast_head_json":{"title":"Gooichi 749, on ach\u00e8ve \"bien\" les Ducati de Terblanche. - leblogmoto.com","robots":{"index":"index","follow":"follow","max-snippet":"max-snippet:-1","max-image-preview":"max-image-preview:large","max-video-preview":"max-video-preview:-1"},"canonical":"https:\/\/blogs.thesocialmedia.com\/leblogmoto\/2009\/06\/24\/gooichi-749-on-acheve-bien-les-ducati-de-terblanche\/","twitter_card":"summary_large_image","twitter_title":"Gooichi 749, on ach\u00e8ve \"bien\" les Ducati de Terblanche. - leblogmoto.com","twitter_description":"A l&#039;exception de la 999 et de l&#039;Hypermotard, je n&#039;ai jamais \u00e9t\u00e9 un grand fan du trait de Pierre Terblanche, du moins chez Ducati, et Dieu sait que pour de nombreuses raisons j&#039;aime cette marque. Je n&#039;ai donc pas vers\u00e9 de grosses larmes lorsqu&#039;il a quitt\u00e9 en 2007&#160;la firme de Borgo Panigale pour lancer son [&hellip;]","twitter_image":"https:\/\/blogs.thesocialmedia.com\/leblogmoto\/files\/2012\/07\/6a00d83451b18369e20115705bdf16970c-500wi.jpg","twitter_misc":{"\u00c9crit par":"benoit rieu","Dur\u00e9e de lecture estim\u00e9e":"1 minute"},"schema":{"@context":"https:\/\/schema.org","@graph":[{"@type":"WebPage","@id":"https:\/\/blogs.thesocialmedia.com\/leblogmoto\/2009\/06\/24\/gooichi-749-on-acheve-bien-les-ducati-de-terblanche\/","url":"https:\/\/blogs.thesocialmedia.com\/leblogmoto\/2009\/06\/24\/gooichi-749-on-acheve-bien-les-ducati-de-terblanche\/","name":"Gooichi 749, on ach\u00e8ve \"bien\" les Ducati de Terblanche. - leblogmoto.com","isPartOf":{"@id":"https:\/\/blogs.thesocialmedia.com\/leblogmoto\/#website"},"primaryImageOfPage":{"@id":"https:\/\/blogs.thesocialmedia.com\/leblogmoto\/2009\/06\/24\/gooichi-749-on-acheve-bien-les-ducati-de-terblanche\/#primaryimage"},"image":{"@id":"https:\/\/blogs.thesocialmedia.com\/leblogmoto\/2009\/06\/24\/gooichi-749-on-acheve-bien-les-ducati-de-terblanche\/#primaryimage"},"thumbnailUrl":"https:\/\/blogs.thesocialmedia.com\/leblogmoto\/files\/2012\/07\/6a00d83451b18369e20115705bdf16970c-500wi.jpg","datePublished":"2009-06-24T18:41:53+00:00","dateModified":"2012-07-11T17:31:37+00:00","author":{"@id":"https:\/\/blogs.thesocialmedia.com\/leblogmoto\/#\/schema\/person\/18bfe773e5725ed6d24f743da805362a"},"breadcrumb":{"@id":"https:\/\/blogs.thesocialmedia.com\/leblogmoto\/2009\/06\/24\/gooichi-749-on-acheve-bien-les-ducati-de-terblanche\/#breadcrumb"},"inLanguage":"fr-FR","potentialAction":[{"@type":"ReadAction","target":["https:\/\/blogs.thesocialmedia.com\/leblogmoto\/2009\/06\/24\/gooichi-749-on-acheve-bien-les-ducati-de-terblanche\/"]}]},{"@type":"ImageObject","inLanguage":"fr-FR","@id":"https:\/\/blogs.thesocialmedia.com\/leblogmoto\/2009\/06\/24\/gooichi-749-on-acheve-bien-les-ducati-de-terblanche\/#primaryimage","url":"https:\/\/blogs.thesocialmedia.com\/leblogmoto\/files\/2012\/07\/6a00d83451b18369e20115705bdf16970c-500wi.jpg","contentUrl":"https:\/\/blogs.thesocialmedia.com\/leblogmoto\/files\/2012\/07\/6a00d83451b18369e20115705bdf16970c-500wi.jpg","width":"500","height":"333"},{"@type":"BreadcrumbList","@id":"https:\/\/blogs.thesocialmedia.com\/leblogmoto\/2009\/06\/24\/gooichi-749-on-acheve-bien-les-ducati-de-terblanche\/#breadcrumb","itemListElement":[{"@type":"ListItem","position":1,"name":"Accueil","item":"https:\/\/blogs.thesocialmedia.com\/leblogmoto\/"},{"@type":"ListItem","position":2,"name":"Gooichi 749, on ach\u00e8ve \u00ab\u00a0bien\u00a0\u00bb les Ducati de Terblanche."}]},{"@type":"WebSite","@id":"https:\/\/blogs.thesocialmedia.com\/leblogmoto\/#website","url":"https:\/\/blogs.thesocialmedia.com\/leblogmoto\/","name":"leblogmoto","description":"Toute l&#039;actualit\u00e9 des 2 roues","potentialAction":[{"@type":"SearchAction","target":{"@type":"EntryPoint","urlTemplate":"https:\/\/blogs.thesocialmedia.com\/leblogmoto\/?s={search_term_string}"},"query-input":{"@type":"PropertyValueSpecification","valueRequired":true,"valueName":"search_term_string"}}],"inLanguage":"fr-FR"},{"@type":"Person","@id":"https:\/\/blogs.thesocialmedia.com\/leblogmoto\/#\/schema\/person\/18bfe773e5725ed6d24f743da805362a","name":"benoit rieu","image":{"@type":"ImageObject","inLanguage":"fr-FR","@id":"https:\/\/blogs.thesocialmedia.com\/leblogmoto\/#\/schema\/person\/image\/","url":"https:\/\/secure.gravatar.com\/avatar\/?s=96&d=mm&r=g","contentUrl":"https:\/\/secure.gravatar.com\/avatar\/?s=96&d=mm&r=g","caption":"benoit rieu"},"url":"https:\/\/blogs.thesocialmedia.com\/leblogmoto\/author\/benoit-rieu\/"}]}},"_links":{"self":[{"href":"https:\/\/blogs.thesocialmedia.com\/leblogmoto\/wp-json\/wp\/v2\/posts\/107","targetHints":{"allow":["GET"]}}],"collection":[{"href":"https:\/\/blogs.thesocialmedia.com\/leblogmoto\/wp-json\/wp\/v2\/posts"}],"about":[{"href":"https:\/\/blogs.thesocialmedia.com\/leblogmoto\/wp-json\/wp\/v2\/types\/post"}],"author":[{"embeddable":true,"href":"https:\/\/blogs.thesocialmedia.com\/leblogmoto\/wp-json\/wp\/v2\/users\/324"}],"replies":[{"embeddable":true,"href":"https:\/\/blogs.thesocialmedia.com\/leblogmoto\/wp-json\/wp\/v2\/comments?post=107"}],"version-history":[{"count":2,"href":"https:\/\/blogs.thesocialmedia.com\/leblogmoto\/wp-json\/wp\/v2\/posts\/107\/revisions"}],"predecessor-version":[{"id":13806,"href":"https:\/\/blogs.thesocialmedia.com\/leblogmoto\/wp-json\/wp\/v2\/posts\/107\/revisions\/13806"}],"wp:featuredmedia":[{"embeddable":true,"href":"https:\/\/blogs.thesocialmedia.com\/leblogmoto\/wp-json\/wp\/v2\/media\/13797"}],"wp:attachment":[{"href":"https:\/\/blogs.thesocialmedia.com\/leblogmoto\/wp-json\/wp\/v2\/media?parent=107"}],"wp:term":[{"taxonomy":"category","embeddable":true,"href":"https:\/\/blogs.thesocialmedia.com\/leblogmoto\/wp-json\/wp\/v2\/categories?post=107"},{"taxonomy":"post_tag","embeddable":true,"href":"https:\/\/blogs.thesocialmedia.com\/leblogmoto\/wp-json\/wp\/v2\/tags?post=107"}],"curies":[{"name":"wp","href":"https:\/\/api.w.org\/{rel}","templated":true}]}}