{"id":1071,"date":"2007-11-27T18:20:55","date_gmt":"2007-11-27T18:20:55","guid":{"rendered":"http:\/\/blogs.thesocialmedia.com\/leblogmoto\/2007\/11\/27\/potfolio-de-lex\/"},"modified":"2012-07-11T14:57:59","modified_gmt":"2012-07-11T14:57:59","slug":"potfolio-de-lex","status":"publish","type":"post","link":"https:\/\/blogs.thesocialmedia.com\/leblogmoto\/2007\/11\/27\/potfolio-de-lex\/","title":{"rendered":"Portfolio de l&rsquo;expo \u00ab\u00a0Moto et Cin\u00e9ma\u00a0\u00bb du Salon de Paris."},"content":{"rendered":"<p><a href=\"http:\/\/blogs.thesocialmedia.com\/leblogmoto\/files\/2012\/07\/moto_cinema_bmw_r75_sidecar_de_1941.jpg\"><img loading=\"lazy\" decoding=\"async\" height=\"311\" alt=\"Moto_cinema_bmw_r75_sidecar_de_1941\" src=\"http:\/\/www.leblogmoto.com\/images\/2007\/11\/27\/moto_cinema_bmw_r75_sidecar_de_1941.jpg\" width=\"470\"  \/><\/a> <\/p>\n<p>L&rsquo;actualit\u00e9 se confond parfois avec le 7\u00e8me art sur Le Blog Moto, avec la mort de <a href=\"http:\/\/blogs.thesocialmedia.com\/leblogmoto\/files\/2012\/07\/mort-de-bud-eki.html_.png\">Bud Ekins<\/a> et un hommage \u00e0 l&rsquo;acteur qu&rsquo;il a doubl\u00e9, et pas seulement au guidon, le grand <a href=\"http:\/\/www.leblogmoto.com\/2007\/11\/album-du-vend-1.html\">Steve McQueen<\/a> . A ce sujet le site <a href=\"http:\/\/www.linternaute.com\/\">l&rsquo;Internaute<\/a> vient de mettre en ligne les photos de l&rsquo;exposition &quot;Moto et Cin\u00e9ma&quot; du dernier Salon du deux-roues de Paris. Parmi elles des Japonaises, des Am\u00e9ricaines et des Europ\u00e9ennes, cela permet de v\u00e9rifier que le grand \u00e9cran appr\u00e9cie aussi beaucoup les scooters et&#8230; les side-cars.<\/p>\n<p>C&rsquo;est d&rsquo;ailleurs ce type de v\u00e9hicule que l&rsquo;on a choisi pour la photo de la page d&rsquo;accueil, une BMW R75 side-car de 1941 mise \u00e0 contribution dans <em>La Grande Vadrouille<\/em> avec Louis de Fun\u00e8s et Bourvil, film multi-diffus\u00e9 s&rsquo;il en est, il faut vraiment \u00eatre aveugle pour ne pas l&rsquo;avoir vu, en France en tout cas. <\/p>\n<p><a href=\"http:\/\/clabedan.typepad.com\/.shared\/image.html?\/photos\/uncategorized\/2007\/11\/27\/moto_cinema_yamaha_250cc_sidecar_ba.jpg\"><img loading=\"lazy\" decoding=\"async\" height=\"312\" alt=\"Moto_cinema_yamaha_250cc_sidecar_ba\" src=\"http:\/\/www.leblogmoto.com\/images\/2007\/11\/27\/moto_cinema_yamaha_250cc_sidecar_ba.jpg\" width=\"470\"  \/><\/a><\/p>\n<p>Un second side-car beaucoup plus kitsch celui-l\u00e0, une Yamaha dont le guidon et le si\u00e8ge passager accueillirent Batman (et Robin) dans le film \u00e9ponyme en 1966.<\/p>\n<p><a href=\"http:\/\/blogs.thesocialmedia.com\/leblogmoto\/files\/2012\/07\/moto_cinema_triumph_thunderbird_de_.jpg\"><img loading=\"lazy\" decoding=\"async\" height=\"313\" alt=\"Moto_cinema_triumph_thunderbird_de_\" src=\"http:\/\/www.leblogmoto.com\/images\/2007\/11\/27\/moto_cinema_triumph_thunderbird_de_.jpg\" width=\"470\"  \/><\/a><\/p>\n<p>Une moto pour d\u00e9mythifier, ou \u00e0 tout le moins combattre, une id\u00e9e-re\u00e7ue: Marlon Brando ne conduisait pas une Harley dans <em>l&rsquo;Equip\u00e9e Sauvage<\/em> mais cette Triumph Thunderbird de 1954. Grand regret que l&rsquo;extinction (il y a 4 ans) de la lign\u00e9e des Thunderbirds chez le constructeur anglais, \u00e0 mon avis.<\/p>\n<p><a href=\"http:\/\/blogs.thesocialmedia.com\/leblogmoto\/files\/2012\/07\/moto_cinema_triumph_speed_triple_mi.jpg\"><img loading=\"lazy\" decoding=\"async\" height=\"311\" alt=\"Moto_cinema_triumph_speed_triple_mi\" src=\"http:\/\/www.leblogmoto.com\/images\/2007\/11\/27\/moto_cinema_triumph_speed_triple_mi.jpg\" width=\"470\"  \/><\/a><\/p>\n<p>On reste toujours chez le constructeur anglais qui entre ces deux motos est pass\u00e9 de vie \u00e0 tr\u00e9pas pour rena\u00eetre gr\u00e2ce \u00e0 un milliardaire am\u00e9ricain avec le succ\u00e8s que l&rsquo;on sait. Une Triumph Speed Triple de 2000 pilot\u00e9e par Tom Cruise, grand amateur de moto devant l&rsquo;\u00e9ternel, plus encore que Brad Pitt ou Ewan McGregor. Admirez les pneumatiques offroad n\u00e9cessaires pour la sc\u00e8ne finale de <em>Mission Impossible II<\/em>.<\/p>\n<p><a href=\"http:\/\/blogs.thesocialmedia.com\/leblogmoto\/files\/2012\/07\/moto_cinema_scooter_vespa_125cc_cam.jpg\"><img loading=\"lazy\" decoding=\"async\" height=\"311\" alt=\"Moto_cinema_scooter_vespa_125cc_cam\" src=\"http:\/\/www.leblogmoto.com\/images\/2007\/11\/27\/moto_cinema_scooter_vespa_125cc_cam.jpg\" width=\"470\"  \/><\/a><\/p>\n<p>Un d\u00e9tour par la botte italienne avec <em>Vacances Romaines<\/em> dont la Vespa 125cc &quot;Cambio Fessibile&quot; accueillit sur son si\u00e8ge passager la belle Audrey Hepburn au regard de biche. Le tout conduit par Gregory Peck, \u00e0 c\u00f4t\u00e9 duquel le George Clooney a la classe d&rsquo;un portefait.<\/p>\n<p><a href=\"http:\/\/blogs.thesocialmedia.com\/leblogmoto\/files\/2012\/07\/moto_cinema_dnepr_750_sidecar_de_19.jpg\"><img loading=\"lazy\" decoding=\"async\" height=\"311\" alt=\"Moto_cinema_dnepr_750_sidecar_de_19\" src=\"http:\/\/www.leblogmoto.com\/images\/2007\/11\/27\/moto_cinema_dnepr_750_sidecar_de_19.jpg\" width=\"470\"  \/><\/a><\/p>\n<p>Ah&#8230; beaucoup plus rare parmi ces marques c\u00e9l\u00e8bres une Dnepr side-car qui vit s&rsquo;asseoir au guidon Harrisson Ford et \u00e0 ses c\u00f4t\u00e9s Sean Connery, pour une fuite dans <em>Indiana Jones et la derni\u00e8re croisade<\/em> \u00e0 travers l&rsquo;Autriche et l&rsquo;Allemagne, avec un franchissement de poste fronti\u00e8re m\u00e9morable (en t\u00e9moigne le m\u00e2t, ceux qui l&rsquo;ont vu comprendront). <\/p>\n<p><a href=\"http:\/\/blogs.thesocialmedia.com\/leblogmoto\/files\/2012\/07\/moto_cinema_triumph_t110_de_1962_ma.jpg\"><img loading=\"lazy\" decoding=\"async\" height=\"311\" alt=\"Moto_cinema_triumph_t110_de_1962_ma\" src=\"http:\/\/www.leblogmoto.com\/images\/2007\/11\/27\/moto_cinema_triumph_t110_de_1962_ma.jpg\" width=\"470\"  \/><\/a><\/p>\n<p>Toujours dans la seconde guerre mondiale et toujours avec des motos maquill\u00e9es, l&rsquo;increvable Triumph T110 de <em>La Grande Evasion<\/em> transform\u00e9e en moto allemande et pilot\u00e9e par McQueen, doubl\u00e9 pour la sc\u00e8ne finale du saut au-dessus de la fronti\u00e8re, par Bud Ekins donc.<\/p>\n<p><a href=\"http:\/\/blogs.thesocialmedia.com\/leblogmoto\/files\/2012\/07\/moto_cinema_harley_davidson_hydra_g.jpg\"><img loading=\"lazy\" decoding=\"async\" height=\"311\" alt=\"Moto_cinema_harley_davidson_hydra_g\" src=\"http:\/\/www.leblogmoto.com\/images\/2007\/11\/27\/moto_cinema_harley_davidson_hydra_g.jpg\" width=\"470\"  \/><\/a><\/p>\n<p>Le Chopper d&rsquo;<em>Easy Rider<\/em>, une Hydra Glide de 1953. Que dire de plus ?<\/p>\n<p><a href=\"http:\/\/blogs.thesocialmedia.com\/leblogmoto\/files\/2012\/07\/moto_cinema_harley_davidson_j_sidec.jpg\"><img loading=\"lazy\" decoding=\"async\" height=\"311\" alt=\"Moto_cinema_harley_davidson_j_sidec\" src=\"http:\/\/www.leblogmoto.com\/images\/2007\/11\/27\/moto_cinema_harley_davidson_j_sidec.jpg\" width=\"470\"  \/><\/a><\/p>\n<p>Encore un side-car, celui de <em>La Soupe aux Canards<\/em> avec les Marx Brothers, une Harley Davidson J de 1926.<\/p>\n<p><a href=\"http:\/\/blogs.thesocialmedia.com\/leblogmoto\/files\/2012\/07\/moto_scooter_cinema_lambretta_150_l.jpg\"><img loading=\"lazy\" decoding=\"async\" height=\"311\" alt=\"Moto_scooter_cinema_lambretta_150_l\" src=\"http:\/\/www.leblogmoto.com\/images\/2007\/11\/27\/moto_scooter_cinema_lambretta_150_l.jpg\" width=\"470\"  \/><\/a> <\/p>\n<p>Enfin une raret\u00e9 tout autant par le caract\u00e8re unique que lui conf\u00e8re sa d\u00e9co, que par le film, peu connu de nos jours dans lequel ce scooter est pr\u00e9sent\u00e9: un Lambretta 150 LI de 1964 conduit par Sting dans <em>Quadrophonia<\/em> (1979).<\/p>\n","protected":false},"excerpt":{"rendered":"<p>L&rsquo;actualit\u00e9 se confond parfois avec le 7\u00e8me art sur Le Blog Moto, avec la mort de Bud Ekins et un hommage \u00e0 l&rsquo;acteur qu&rsquo;il a doubl\u00e9, et pas seulement au guidon, le grand Steve McQueen . A ce sujet le site l&rsquo;Internaute vient de mettre en ligne les photos de l&rsquo;exposition &quot;Moto et Cin\u00e9ma&quot; du [&hellip;]<\/p>\n","protected":false},"author":324,"featured_media":0,"comment_status":"open","ping_status":"open","sticky":false,"template":"","format":"standard","meta":{"footnotes":""},"categories":[16,8,9,58,36],"tags":[],"class_list":["post-1071","post","type-post","status-publish","format-standard","hentry","category-art-moto","category-chaines-et-cuirs","category-historique","category-insolite","category-salons"],"yoast_head":"<!-- This site is optimized with the Yoast SEO plugin v26.0 - https:\/\/yoast.com\/wordpress\/plugins\/seo\/ -->\n<title>Portfolio de l&#039;expo &quot;Moto et Cin\u00e9ma&quot; du Salon de Paris. - leblogmoto.com<\/title>\n<meta name=\"robots\" content=\"index, follow, max-snippet:-1, max-image-preview:large, max-video-preview:-1\" \/>\n<link rel=\"canonical\" href=\"https:\/\/blogs.thesocialmedia.com\/leblogmoto\/2007\/11\/27\/potfolio-de-lex\/\" \/>\n<meta name=\"twitter:card\" content=\"summary_large_image\" \/>\n<meta name=\"twitter:title\" content=\"Portfolio de l&#039;expo &quot;Moto et Cin\u00e9ma&quot; du Salon de Paris. - leblogmoto.com\" \/>\n<meta name=\"twitter:description\" content=\"L&rsquo;actualit\u00e9 se confond parfois avec le 7\u00e8me art sur Le Blog Moto, avec la mort de Bud Ekins et un hommage \u00e0 l&rsquo;acteur qu&rsquo;il a doubl\u00e9, et pas seulement au guidon, le grand Steve McQueen . A ce sujet le site l&rsquo;Internaute vient de mettre en ligne les photos de l&rsquo;exposition &quot;Moto et Cin\u00e9ma&quot; du [&hellip;]\" \/>\n<meta name=\"twitter:image\" content=\"http:\/\/www.leblogmoto.com\/images\/2007\/11\/27\/moto_cinema_bmw_r75_sidecar_de_1941.jpg\" \/>\n<meta name=\"twitter:label1\" content=\"\u00c9crit par\" \/>\n\t<meta name=\"twitter:data1\" content=\"benoit rieu\" \/>\n\t<meta name=\"twitter:label2\" content=\"Dur\u00e9e de lecture estim\u00e9e\" \/>\n\t<meta name=\"twitter:data2\" content=\"3 minutes\" \/>\n<script type=\"application\/ld+json\" class=\"yoast-schema-graph\">{\"@context\":\"https:\/\/schema.org\",\"@graph\":[{\"@type\":\"WebPage\",\"@id\":\"https:\/\/blogs.thesocialmedia.com\/leblogmoto\/2007\/11\/27\/potfolio-de-lex\/\",\"url\":\"https:\/\/blogs.thesocialmedia.com\/leblogmoto\/2007\/11\/27\/potfolio-de-lex\/\",\"name\":\"Portfolio de l'expo \\\"Moto et Cin\u00e9ma\\\" du Salon de Paris. - leblogmoto.com\",\"isPartOf\":{\"@id\":\"https:\/\/blogs.thesocialmedia.com\/leblogmoto\/#website\"},\"primaryImageOfPage\":{\"@id\":\"https:\/\/blogs.thesocialmedia.com\/leblogmoto\/2007\/11\/27\/potfolio-de-lex\/#primaryimage\"},\"image\":{\"@id\":\"https:\/\/blogs.thesocialmedia.com\/leblogmoto\/2007\/11\/27\/potfolio-de-lex\/#primaryimage\"},\"thumbnailUrl\":\"http:\/\/www.leblogmoto.com\/images\/2007\/11\/27\/moto_cinema_bmw_r75_sidecar_de_1941.jpg\",\"datePublished\":\"2007-11-27T18:20:55+00:00\",\"dateModified\":\"2012-07-11T14:57:59+00:00\",\"author\":{\"@id\":\"https:\/\/blogs.thesocialmedia.com\/leblogmoto\/#\/schema\/person\/18bfe773e5725ed6d24f743da805362a\"},\"breadcrumb\":{\"@id\":\"https:\/\/blogs.thesocialmedia.com\/leblogmoto\/2007\/11\/27\/potfolio-de-lex\/#breadcrumb\"},\"inLanguage\":\"fr-FR\",\"potentialAction\":[{\"@type\":\"ReadAction\",\"target\":[\"https:\/\/blogs.thesocialmedia.com\/leblogmoto\/2007\/11\/27\/potfolio-de-lex\/\"]}]},{\"@type\":\"ImageObject\",\"inLanguage\":\"fr-FR\",\"@id\":\"https:\/\/blogs.thesocialmedia.com\/leblogmoto\/2007\/11\/27\/potfolio-de-lex\/#primaryimage\",\"url\":\"http:\/\/www.leblogmoto.com\/images\/2007\/11\/27\/moto_cinema_bmw_r75_sidecar_de_1941.jpg\",\"contentUrl\":\"http:\/\/www.leblogmoto.com\/images\/2007\/11\/27\/moto_cinema_bmw_r75_sidecar_de_1941.jpg\"},{\"@type\":\"BreadcrumbList\",\"@id\":\"https:\/\/blogs.thesocialmedia.com\/leblogmoto\/2007\/11\/27\/potfolio-de-lex\/#breadcrumb\",\"itemListElement\":[{\"@type\":\"ListItem\",\"position\":1,\"name\":\"Accueil\",\"item\":\"https:\/\/blogs.thesocialmedia.com\/leblogmoto\/\"},{\"@type\":\"ListItem\",\"position\":2,\"name\":\"Portfolio de l&rsquo;expo \u00ab\u00a0Moto et Cin\u00e9ma\u00a0\u00bb du Salon de Paris.\"}]},{\"@type\":\"WebSite\",\"@id\":\"https:\/\/blogs.thesocialmedia.com\/leblogmoto\/#website\",\"url\":\"https:\/\/blogs.thesocialmedia.com\/leblogmoto\/\",\"name\":\"leblogmoto\",\"description\":\"Toute l&#039;actualit\u00e9 des 2 roues\",\"potentialAction\":[{\"@type\":\"SearchAction\",\"target\":{\"@type\":\"EntryPoint\",\"urlTemplate\":\"https:\/\/blogs.thesocialmedia.com\/leblogmoto\/?s={search_term_string}\"},\"query-input\":{\"@type\":\"PropertyValueSpecification\",\"valueRequired\":true,\"valueName\":\"search_term_string\"}}],\"inLanguage\":\"fr-FR\"},{\"@type\":\"Person\",\"@id\":\"https:\/\/blogs.thesocialmedia.com\/leblogmoto\/#\/schema\/person\/18bfe773e5725ed6d24f743da805362a\",\"name\":\"benoit rieu\",\"image\":{\"@type\":\"ImageObject\",\"inLanguage\":\"fr-FR\",\"@id\":\"https:\/\/blogs.thesocialmedia.com\/leblogmoto\/#\/schema\/person\/image\/\",\"url\":\"https:\/\/secure.gravatar.com\/avatar\/?s=96&d=mm&r=g\",\"contentUrl\":\"https:\/\/secure.gravatar.com\/avatar\/?s=96&d=mm&r=g\",\"caption\":\"benoit rieu\"},\"url\":\"https:\/\/blogs.thesocialmedia.com\/leblogmoto\/author\/benoit-rieu\/\"}]}<\/script>\n<!-- \/ Yoast SEO plugin. -->","yoast_head_json":{"title":"Portfolio de l'expo \"Moto et Cin\u00e9ma\" du Salon de Paris. - leblogmoto.com","robots":{"index":"index","follow":"follow","max-snippet":"max-snippet:-1","max-image-preview":"max-image-preview:large","max-video-preview":"max-video-preview:-1"},"canonical":"https:\/\/blogs.thesocialmedia.com\/leblogmoto\/2007\/11\/27\/potfolio-de-lex\/","twitter_card":"summary_large_image","twitter_title":"Portfolio de l'expo \"Moto et Cin\u00e9ma\" du Salon de Paris. - leblogmoto.com","twitter_description":"L&rsquo;actualit\u00e9 se confond parfois avec le 7\u00e8me art sur Le Blog Moto, avec la mort de Bud Ekins et un hommage \u00e0 l&rsquo;acteur qu&rsquo;il a doubl\u00e9, et pas seulement au guidon, le grand Steve McQueen . A ce sujet le site l&rsquo;Internaute vient de mettre en ligne les photos de l&rsquo;exposition &quot;Moto et Cin\u00e9ma&quot; du [&hellip;]","twitter_image":"http:\/\/www.leblogmoto.com\/images\/2007\/11\/27\/moto_cinema_bmw_r75_sidecar_de_1941.jpg","twitter_misc":{"\u00c9crit par":"benoit rieu","Dur\u00e9e de lecture estim\u00e9e":"3 minutes"},"schema":{"@context":"https:\/\/schema.org","@graph":[{"@type":"WebPage","@id":"https:\/\/blogs.thesocialmedia.com\/leblogmoto\/2007\/11\/27\/potfolio-de-lex\/","url":"https:\/\/blogs.thesocialmedia.com\/leblogmoto\/2007\/11\/27\/potfolio-de-lex\/","name":"Portfolio de l'expo \"Moto et Cin\u00e9ma\" du Salon de Paris. - leblogmoto.com","isPartOf":{"@id":"https:\/\/blogs.thesocialmedia.com\/leblogmoto\/#website"},"primaryImageOfPage":{"@id":"https:\/\/blogs.thesocialmedia.com\/leblogmoto\/2007\/11\/27\/potfolio-de-lex\/#primaryimage"},"image":{"@id":"https:\/\/blogs.thesocialmedia.com\/leblogmoto\/2007\/11\/27\/potfolio-de-lex\/#primaryimage"},"thumbnailUrl":"http:\/\/www.leblogmoto.com\/images\/2007\/11\/27\/moto_cinema_bmw_r75_sidecar_de_1941.jpg","datePublished":"2007-11-27T18:20:55+00:00","dateModified":"2012-07-11T14:57:59+00:00","author":{"@id":"https:\/\/blogs.thesocialmedia.com\/leblogmoto\/#\/schema\/person\/18bfe773e5725ed6d24f743da805362a"},"breadcrumb":{"@id":"https:\/\/blogs.thesocialmedia.com\/leblogmoto\/2007\/11\/27\/potfolio-de-lex\/#breadcrumb"},"inLanguage":"fr-FR","potentialAction":[{"@type":"ReadAction","target":["https:\/\/blogs.thesocialmedia.com\/leblogmoto\/2007\/11\/27\/potfolio-de-lex\/"]}]},{"@type":"ImageObject","inLanguage":"fr-FR","@id":"https:\/\/blogs.thesocialmedia.com\/leblogmoto\/2007\/11\/27\/potfolio-de-lex\/#primaryimage","url":"http:\/\/www.leblogmoto.com\/images\/2007\/11\/27\/moto_cinema_bmw_r75_sidecar_de_1941.jpg","contentUrl":"http:\/\/www.leblogmoto.com\/images\/2007\/11\/27\/moto_cinema_bmw_r75_sidecar_de_1941.jpg"},{"@type":"BreadcrumbList","@id":"https:\/\/blogs.thesocialmedia.com\/leblogmoto\/2007\/11\/27\/potfolio-de-lex\/#breadcrumb","itemListElement":[{"@type":"ListItem","position":1,"name":"Accueil","item":"https:\/\/blogs.thesocialmedia.com\/leblogmoto\/"},{"@type":"ListItem","position":2,"name":"Portfolio de l&rsquo;expo \u00ab\u00a0Moto et Cin\u00e9ma\u00a0\u00bb du Salon de Paris."}]},{"@type":"WebSite","@id":"https:\/\/blogs.thesocialmedia.com\/leblogmoto\/#website","url":"https:\/\/blogs.thesocialmedia.com\/leblogmoto\/","name":"leblogmoto","description":"Toute l&#039;actualit\u00e9 des 2 roues","potentialAction":[{"@type":"SearchAction","target":{"@type":"EntryPoint","urlTemplate":"https:\/\/blogs.thesocialmedia.com\/leblogmoto\/?s={search_term_string}"},"query-input":{"@type":"PropertyValueSpecification","valueRequired":true,"valueName":"search_term_string"}}],"inLanguage":"fr-FR"},{"@type":"Person","@id":"https:\/\/blogs.thesocialmedia.com\/leblogmoto\/#\/schema\/person\/18bfe773e5725ed6d24f743da805362a","name":"benoit rieu","image":{"@type":"ImageObject","inLanguage":"fr-FR","@id":"https:\/\/blogs.thesocialmedia.com\/leblogmoto\/#\/schema\/person\/image\/","url":"https:\/\/secure.gravatar.com\/avatar\/?s=96&d=mm&r=g","contentUrl":"https:\/\/secure.gravatar.com\/avatar\/?s=96&d=mm&r=g","caption":"benoit rieu"},"url":"https:\/\/blogs.thesocialmedia.com\/leblogmoto\/author\/benoit-rieu\/"}]}},"_links":{"self":[{"href":"https:\/\/blogs.thesocialmedia.com\/leblogmoto\/wp-json\/wp\/v2\/posts\/1071","targetHints":{"allow":["GET"]}}],"collection":[{"href":"https:\/\/blogs.thesocialmedia.com\/leblogmoto\/wp-json\/wp\/v2\/posts"}],"about":[{"href":"https:\/\/blogs.thesocialmedia.com\/leblogmoto\/wp-json\/wp\/v2\/types\/post"}],"author":[{"embeddable":true,"href":"https:\/\/blogs.thesocialmedia.com\/leblogmoto\/wp-json\/wp\/v2\/users\/324"}],"replies":[{"embeddable":true,"href":"https:\/\/blogs.thesocialmedia.com\/leblogmoto\/wp-json\/wp\/v2\/comments?post=1071"}],"version-history":[{"count":2,"href":"https:\/\/blogs.thesocialmedia.com\/leblogmoto\/wp-json\/wp\/v2\/posts\/1071\/revisions"}],"predecessor-version":[{"id":9223,"href":"https:\/\/blogs.thesocialmedia.com\/leblogmoto\/wp-json\/wp\/v2\/posts\/1071\/revisions\/9223"}],"wp:attachment":[{"href":"https:\/\/blogs.thesocialmedia.com\/leblogmoto\/wp-json\/wp\/v2\/media?parent=1071"}],"wp:term":[{"taxonomy":"category","embeddable":true,"href":"https:\/\/blogs.thesocialmedia.com\/leblogmoto\/wp-json\/wp\/v2\/categories?post=1071"},{"taxonomy":"post_tag","embeddable":true,"href":"https:\/\/blogs.thesocialmedia.com\/leblogmoto\/wp-json\/wp\/v2\/tags?post=1071"}],"curies":[{"name":"wp","href":"https:\/\/api.w.org\/{rel}","templated":true}]}}