{"id":1072,"date":"2007-11-27T04:41:17","date_gmt":"2007-11-27T04:41:17","guid":{"rendered":"http:\/\/blogs.thesocialmedia.com\/leblogmoto\/2007\/11\/27\/voxanstarck-fig\/"},"modified":"2012-07-11T14:57:18","modified_gmt":"2012-07-11T14:57:18","slug":"voxanstarck-fig","status":"publish","type":"post","link":"https:\/\/blogs.thesocialmedia.com\/leblogmoto\/2007\/11\/27\/voxanstarck-fig\/","title":{"rendered":"Voxan\/Starck, figure de style?"},"content":{"rendered":"<p><a href=\"http:\/\/blogs.thesocialmedia.com\/leblogmoto\/files\/2012\/07\/vx01.jpg\"><img loading=\"lazy\" decoding=\"async\" width=\"470\" height=\"330\"  src=\"http:\/\/www.leblogmoto.com\/images\/2007\/11\/26\/vx01.jpg\" alt=\"Vx01\" \/><\/a> <\/p>\n<p>J&rsquo;aime bien Philippe <a href=\"http:\/\/www.starck.com\/\">Starck<\/a>, j&rsquo;ai m\u00eame une brosse \u00e0 dents Fluocaril Starck jamais utilis\u00e9e, puisque c&rsquo;est un objet design, pas utilitaire. Et c&rsquo;est le probl\u00e8me que j&rsquo;ai avec le concept de la VX pour <a href=\"http:\/\/www.voxan.com\/voxan\/actualites.asp\">Voxan<\/a>, pr\u00e9sent\u00e9e au Mondial des deux roues \u00e0 Paris il y a deux mois. Je sais, pas trop rapide dans mes r\u00e9actions, c&rsquo;est juste que je ne savais pas trop quoi en penser, alors je n&rsquo;y ai tout simplement pas pens\u00e9e, simple, mais efficace.<\/p>\n<p><a href=\"http:\/\/clabedan.typepad.com\/.shared\/image.html?\/photos\/uncategorized\/2007\/11\/26\/vx02.jpg\"><img loading=\"lazy\" decoding=\"async\" width=\"470\" height=\"293\"  src=\"http:\/\/www.leblogmoto.com\/images\/2007\/11\/26\/vx02.jpg\" alt=\"Vx02\" \/><\/a> <\/p>\n<p>Starck est un d\u00e9corateur, un des meilleurs de sa g\u00e9n\u00e9ration, au style typ\u00e9, parfois provocateur, toujours spectaculaire. Mais une moto n&rsquo;est pas une chaise. On peut bien la \u00abd\u00e9corer\u00bb \u00e0 sa guise, mais ce surplus de sens, contrairement \u00e0 une chaise, lui enl\u00e8ve de sa substance, diluant le message de la fonction plut\u00f4t que de le renforcer.<\/p>\n<p><a href=\"http:\/\/blogs.thesocialmedia.com\/leblogmoto\/files\/2012\/07\/vx03.jpg\"><img loading=\"lazy\" decoding=\"async\" width=\"470\" height=\"364\"  src=\"http:\/\/www.leblogmoto.com\/images\/2007\/11\/26\/vx03.jpg\" alt=\"Vx03\" \/><\/a> <\/p>\n<p>D&rsquo;accord, Philippe Starck n&rsquo;est pas <a href=\"http:\/\/www.arlenness.com\/\">Arlen Ness<\/a>, et d&rsquo;aucun en regardant cette VX aurait de la peine \u00e0 y voir de la d\u00e9coration, et pourtant. \u00c0 cet \u00e9gard, l&rsquo;Aprilia \u00e9tait plus r\u00e9ussi, qu&rsquo;on l&rsquo;aime ou pas, puisqu&rsquo;on y voit encore le trait du dessin au niveau du cadre, se prolongeant avec le r\u00e9servoir et l&rsquo;\u00e9chappement. Rien de \u00e7a pour la Voxan, comme si le cadre \u00e9tait une b\u00eate \u00e0 part enti\u00e8re sur laquelle viendrait se greffer des appendices sign\u00e9s Starck. Et la greffe ne prend pas, ne pouvant m\u00eame pas parler de rejet, c&rsquo;est en presque de l&rsquo;indiff\u00e9rence.<\/p>\n<p><a href=\"http:\/\/clabedan.typepad.com\/.shared\/image.html?\/photos\/uncategorized\/2007\/11\/26\/aprilia.jpg\"><img loading=\"lazy\" decoding=\"async\" width=\"470\" height=\"352\"  src=\"http:\/\/www.leblogmoto.com\/images\/2007\/11\/26\/aprilia.jpg\" alt=\"Aprilia\" \/><\/a> <\/p>\n<p>Et au jeu des comparaisons, comme ci-dessous avec le concept <a href=\"http:\/\/www.confederate.com\/confederate2\/c2-links\/machines-renovatio.html\">Renovatio<\/a> de Confederate, le projet Voxan\/Strack ne tient pas la route. Chez Confederate, le projet s&rsquo;articule autour du bloc moteur qui fait office de cadre, permettant au reste des \u00e9l\u00e9ments de graviter autour de ce centre et de l&rsquo;envelopper. On peut appr\u00e9cier ou pas, mais elle a le m\u00e9rite d&rsquo;une coh\u00e9rence qui fait d\u00e9faut au projet fran\u00e7ais. Au mieux, la VX est une sorte de Yamaha MT-01 griff\u00e9e, et a-t-on vraiment besoin de \u00e7a?<\/p>\n<p><a href=\"http:\/\/clabedan.typepad.com\/.shared\/image.html?\/photos\/uncategorized\/2007\/11\/26\/reno.jpg\"><img loading=\"lazy\" decoding=\"async\" width=\"470\" height=\"284\"  src=\"http:\/\/www.leblogmoto.com\/images\/2007\/11\/26\/reno.jpg\" alt=\"Reno\" \/><\/a> <\/p>\n","protected":false},"excerpt":{"rendered":"<p>J&rsquo;aime bien Philippe Starck, j&rsquo;ai m\u00eame une brosse \u00e0 dents Fluocaril Starck jamais utilis\u00e9e, puisque c&rsquo;est un objet design, pas utilitaire. Et c&rsquo;est le probl\u00e8me que j&rsquo;ai avec le concept de la VX pour Voxan, pr\u00e9sent\u00e9e au Mondial des deux roues \u00e0 Paris il y a deux mois. Je sais, pas trop rapide dans mes [&hellip;]<\/p>\n","protected":false},"author":325,"featured_media":0,"comment_status":"open","ping_status":"open","sticky":false,"template":"","format":"standard","meta":{"footnotes":""},"categories":[31,33,88,44],"tags":[],"class_list":["post-1072","post","type-post","status-publish","format-standard","hentry","category-aprilia","category-concept-bike","category-mondial","category-yamaha"],"yoast_head":"<!-- This site is optimized with the Yoast SEO plugin v26.0 - https:\/\/yoast.com\/wordpress\/plugins\/seo\/ -->\n<title>Voxan\/Starck, figure de style? - leblogmoto.com<\/title>\n<meta name=\"robots\" content=\"index, follow, max-snippet:-1, max-image-preview:large, max-video-preview:-1\" \/>\n<link rel=\"canonical\" href=\"https:\/\/blogs.thesocialmedia.com\/leblogmoto\/2007\/11\/27\/voxanstarck-fig\/\" \/>\n<meta name=\"twitter:card\" content=\"summary_large_image\" \/>\n<meta name=\"twitter:title\" content=\"Voxan\/Starck, figure de style? - leblogmoto.com\" \/>\n<meta name=\"twitter:description\" content=\"J&rsquo;aime bien Philippe Starck, j&rsquo;ai m\u00eame une brosse \u00e0 dents Fluocaril Starck jamais utilis\u00e9e, puisque c&rsquo;est un objet design, pas utilitaire. Et c&rsquo;est le probl\u00e8me que j&rsquo;ai avec le concept de la VX pour Voxan, pr\u00e9sent\u00e9e au Mondial des deux roues \u00e0 Paris il y a deux mois. Je sais, pas trop rapide dans mes [&hellip;]\" \/>\n<meta name=\"twitter:image\" content=\"http:\/\/www.leblogmoto.com\/images\/2007\/11\/26\/vx01.jpg\" \/>\n<meta name=\"twitter:label1\" content=\"\u00c9crit par\" \/>\n\t<meta name=\"twitter:data1\" content=\"jacques lesage\" \/>\n\t<meta name=\"twitter:label2\" content=\"Dur\u00e9e de lecture estim\u00e9e\" \/>\n\t<meta name=\"twitter:data2\" content=\"2 minutes\" \/>\n<script type=\"application\/ld+json\" class=\"yoast-schema-graph\">{\"@context\":\"https:\/\/schema.org\",\"@graph\":[{\"@type\":\"WebPage\",\"@id\":\"https:\/\/blogs.thesocialmedia.com\/leblogmoto\/2007\/11\/27\/voxanstarck-fig\/\",\"url\":\"https:\/\/blogs.thesocialmedia.com\/leblogmoto\/2007\/11\/27\/voxanstarck-fig\/\",\"name\":\"Voxan\/Starck, figure de style? - leblogmoto.com\",\"isPartOf\":{\"@id\":\"https:\/\/blogs.thesocialmedia.com\/leblogmoto\/#website\"},\"primaryImageOfPage\":{\"@id\":\"https:\/\/blogs.thesocialmedia.com\/leblogmoto\/2007\/11\/27\/voxanstarck-fig\/#primaryimage\"},\"image\":{\"@id\":\"https:\/\/blogs.thesocialmedia.com\/leblogmoto\/2007\/11\/27\/voxanstarck-fig\/#primaryimage\"},\"thumbnailUrl\":\"http:\/\/www.leblogmoto.com\/images\/2007\/11\/26\/vx01.jpg\",\"datePublished\":\"2007-11-27T04:41:17+00:00\",\"dateModified\":\"2012-07-11T14:57:18+00:00\",\"author\":{\"@id\":\"https:\/\/blogs.thesocialmedia.com\/leblogmoto\/#\/schema\/person\/e82a0ca8a9a63d031586097a3ed58526\"},\"breadcrumb\":{\"@id\":\"https:\/\/blogs.thesocialmedia.com\/leblogmoto\/2007\/11\/27\/voxanstarck-fig\/#breadcrumb\"},\"inLanguage\":\"fr-FR\",\"potentialAction\":[{\"@type\":\"ReadAction\",\"target\":[\"https:\/\/blogs.thesocialmedia.com\/leblogmoto\/2007\/11\/27\/voxanstarck-fig\/\"]}]},{\"@type\":\"ImageObject\",\"inLanguage\":\"fr-FR\",\"@id\":\"https:\/\/blogs.thesocialmedia.com\/leblogmoto\/2007\/11\/27\/voxanstarck-fig\/#primaryimage\",\"url\":\"http:\/\/www.leblogmoto.com\/images\/2007\/11\/26\/vx01.jpg\",\"contentUrl\":\"http:\/\/www.leblogmoto.com\/images\/2007\/11\/26\/vx01.jpg\"},{\"@type\":\"BreadcrumbList\",\"@id\":\"https:\/\/blogs.thesocialmedia.com\/leblogmoto\/2007\/11\/27\/voxanstarck-fig\/#breadcrumb\",\"itemListElement\":[{\"@type\":\"ListItem\",\"position\":1,\"name\":\"Accueil\",\"item\":\"https:\/\/blogs.thesocialmedia.com\/leblogmoto\/\"},{\"@type\":\"ListItem\",\"position\":2,\"name\":\"Voxan\/Starck, figure de style?\"}]},{\"@type\":\"WebSite\",\"@id\":\"https:\/\/blogs.thesocialmedia.com\/leblogmoto\/#website\",\"url\":\"https:\/\/blogs.thesocialmedia.com\/leblogmoto\/\",\"name\":\"leblogmoto\",\"description\":\"Toute l&#039;actualit\u00e9 des 2 roues\",\"potentialAction\":[{\"@type\":\"SearchAction\",\"target\":{\"@type\":\"EntryPoint\",\"urlTemplate\":\"https:\/\/blogs.thesocialmedia.com\/leblogmoto\/?s={search_term_string}\"},\"query-input\":{\"@type\":\"PropertyValueSpecification\",\"valueRequired\":true,\"valueName\":\"search_term_string\"}}],\"inLanguage\":\"fr-FR\"},{\"@type\":\"Person\",\"@id\":\"https:\/\/blogs.thesocialmedia.com\/leblogmoto\/#\/schema\/person\/e82a0ca8a9a63d031586097a3ed58526\",\"name\":\"jacques lesage\",\"image\":{\"@type\":\"ImageObject\",\"inLanguage\":\"fr-FR\",\"@id\":\"https:\/\/blogs.thesocialmedia.com\/leblogmoto\/#\/schema\/person\/image\/\",\"url\":\"https:\/\/secure.gravatar.com\/avatar\/?s=96&d=mm&r=g\",\"contentUrl\":\"https:\/\/secure.gravatar.com\/avatar\/?s=96&d=mm&r=g\",\"caption\":\"jacques lesage\"},\"url\":\"https:\/\/blogs.thesocialmedia.com\/leblogmoto\/author\/jacques-lesage\/\"}]}<\/script>\n<!-- \/ Yoast SEO plugin. -->","yoast_head_json":{"title":"Voxan\/Starck, figure de style? - leblogmoto.com","robots":{"index":"index","follow":"follow","max-snippet":"max-snippet:-1","max-image-preview":"max-image-preview:large","max-video-preview":"max-video-preview:-1"},"canonical":"https:\/\/blogs.thesocialmedia.com\/leblogmoto\/2007\/11\/27\/voxanstarck-fig\/","twitter_card":"summary_large_image","twitter_title":"Voxan\/Starck, figure de style? - leblogmoto.com","twitter_description":"J&rsquo;aime bien Philippe Starck, j&rsquo;ai m\u00eame une brosse \u00e0 dents Fluocaril Starck jamais utilis\u00e9e, puisque c&rsquo;est un objet design, pas utilitaire. Et c&rsquo;est le probl\u00e8me que j&rsquo;ai avec le concept de la VX pour Voxan, pr\u00e9sent\u00e9e au Mondial des deux roues \u00e0 Paris il y a deux mois. Je sais, pas trop rapide dans mes [&hellip;]","twitter_image":"http:\/\/www.leblogmoto.com\/images\/2007\/11\/26\/vx01.jpg","twitter_misc":{"\u00c9crit par":"jacques lesage","Dur\u00e9e de lecture estim\u00e9e":"2 minutes"},"schema":{"@context":"https:\/\/schema.org","@graph":[{"@type":"WebPage","@id":"https:\/\/blogs.thesocialmedia.com\/leblogmoto\/2007\/11\/27\/voxanstarck-fig\/","url":"https:\/\/blogs.thesocialmedia.com\/leblogmoto\/2007\/11\/27\/voxanstarck-fig\/","name":"Voxan\/Starck, figure de style? - leblogmoto.com","isPartOf":{"@id":"https:\/\/blogs.thesocialmedia.com\/leblogmoto\/#website"},"primaryImageOfPage":{"@id":"https:\/\/blogs.thesocialmedia.com\/leblogmoto\/2007\/11\/27\/voxanstarck-fig\/#primaryimage"},"image":{"@id":"https:\/\/blogs.thesocialmedia.com\/leblogmoto\/2007\/11\/27\/voxanstarck-fig\/#primaryimage"},"thumbnailUrl":"http:\/\/www.leblogmoto.com\/images\/2007\/11\/26\/vx01.jpg","datePublished":"2007-11-27T04:41:17+00:00","dateModified":"2012-07-11T14:57:18+00:00","author":{"@id":"https:\/\/blogs.thesocialmedia.com\/leblogmoto\/#\/schema\/person\/e82a0ca8a9a63d031586097a3ed58526"},"breadcrumb":{"@id":"https:\/\/blogs.thesocialmedia.com\/leblogmoto\/2007\/11\/27\/voxanstarck-fig\/#breadcrumb"},"inLanguage":"fr-FR","potentialAction":[{"@type":"ReadAction","target":["https:\/\/blogs.thesocialmedia.com\/leblogmoto\/2007\/11\/27\/voxanstarck-fig\/"]}]},{"@type":"ImageObject","inLanguage":"fr-FR","@id":"https:\/\/blogs.thesocialmedia.com\/leblogmoto\/2007\/11\/27\/voxanstarck-fig\/#primaryimage","url":"http:\/\/www.leblogmoto.com\/images\/2007\/11\/26\/vx01.jpg","contentUrl":"http:\/\/www.leblogmoto.com\/images\/2007\/11\/26\/vx01.jpg"},{"@type":"BreadcrumbList","@id":"https:\/\/blogs.thesocialmedia.com\/leblogmoto\/2007\/11\/27\/voxanstarck-fig\/#breadcrumb","itemListElement":[{"@type":"ListItem","position":1,"name":"Accueil","item":"https:\/\/blogs.thesocialmedia.com\/leblogmoto\/"},{"@type":"ListItem","position":2,"name":"Voxan\/Starck, figure de style?"}]},{"@type":"WebSite","@id":"https:\/\/blogs.thesocialmedia.com\/leblogmoto\/#website","url":"https:\/\/blogs.thesocialmedia.com\/leblogmoto\/","name":"leblogmoto","description":"Toute l&#039;actualit\u00e9 des 2 roues","potentialAction":[{"@type":"SearchAction","target":{"@type":"EntryPoint","urlTemplate":"https:\/\/blogs.thesocialmedia.com\/leblogmoto\/?s={search_term_string}"},"query-input":{"@type":"PropertyValueSpecification","valueRequired":true,"valueName":"search_term_string"}}],"inLanguage":"fr-FR"},{"@type":"Person","@id":"https:\/\/blogs.thesocialmedia.com\/leblogmoto\/#\/schema\/person\/e82a0ca8a9a63d031586097a3ed58526","name":"jacques lesage","image":{"@type":"ImageObject","inLanguage":"fr-FR","@id":"https:\/\/blogs.thesocialmedia.com\/leblogmoto\/#\/schema\/person\/image\/","url":"https:\/\/secure.gravatar.com\/avatar\/?s=96&d=mm&r=g","contentUrl":"https:\/\/secure.gravatar.com\/avatar\/?s=96&d=mm&r=g","caption":"jacques lesage"},"url":"https:\/\/blogs.thesocialmedia.com\/leblogmoto\/author\/jacques-lesage\/"}]}},"_links":{"self":[{"href":"https:\/\/blogs.thesocialmedia.com\/leblogmoto\/wp-json\/wp\/v2\/posts\/1072","targetHints":{"allow":["GET"]}}],"collection":[{"href":"https:\/\/blogs.thesocialmedia.com\/leblogmoto\/wp-json\/wp\/v2\/posts"}],"about":[{"href":"https:\/\/blogs.thesocialmedia.com\/leblogmoto\/wp-json\/wp\/v2\/types\/post"}],"author":[{"embeddable":true,"href":"https:\/\/blogs.thesocialmedia.com\/leblogmoto\/wp-json\/wp\/v2\/users\/325"}],"replies":[{"embeddable":true,"href":"https:\/\/blogs.thesocialmedia.com\/leblogmoto\/wp-json\/wp\/v2\/comments?post=1072"}],"version-history":[{"count":2,"href":"https:\/\/blogs.thesocialmedia.com\/leblogmoto\/wp-json\/wp\/v2\/posts\/1072\/revisions"}],"predecessor-version":[{"id":9213,"href":"https:\/\/blogs.thesocialmedia.com\/leblogmoto\/wp-json\/wp\/v2\/posts\/1072\/revisions\/9213"}],"wp:attachment":[{"href":"https:\/\/blogs.thesocialmedia.com\/leblogmoto\/wp-json\/wp\/v2\/media?parent=1072"}],"wp:term":[{"taxonomy":"category","embeddable":true,"href":"https:\/\/blogs.thesocialmedia.com\/leblogmoto\/wp-json\/wp\/v2\/categories?post=1072"},{"taxonomy":"post_tag","embeddable":true,"href":"https:\/\/blogs.thesocialmedia.com\/leblogmoto\/wp-json\/wp\/v2\/tags?post=1072"}],"curies":[{"name":"wp","href":"https:\/\/api.w.org\/{rel}","templated":true}]}}