{"id":1074,"date":"2007-11-24T14:47:52","date_gmt":"2007-11-24T14:47:52","guid":{"rendered":"http:\/\/blogs.thesocialmedia.com\/leblogmoto\/2007\/11\/24\/motogiro-2008\/"},"modified":"2012-07-11T14:57:10","modified_gmt":"2012-07-11T14:57:10","slug":"motogiro-2008","status":"publish","type":"post","link":"https:\/\/blogs.thesocialmedia.com\/leblogmoto\/2007\/11\/24\/motogiro-2008\/","title":{"rendered":"Le trac\u00e9 et les dates du Motogiro 2008 ont \u00e9t\u00e9 d\u00e9voil\u00e9s."},"content":{"rendered":"<p><a href=\"http:\/\/blogs.thesocialmedia.com\/leblogmoto\/files\/2012\/07\/moto_meetings_motogiro.jpg\"><img loading=\"lazy\" decoding=\"async\" width=\"470\" height=\"313\"  src=\"http:\/\/www.leblogmoto.com\/images\/2007\/11\/23\/moto_meetings_motogiro.jpg\" alt=\"Moto_meetings_motogiro\" \/><\/a><\/p>\n<p>D\u00e9cid\u00e9ment ces jours-ci avec l&rsquo;Aprilia <a href=\"http:\/\/www.leblogmoto.com\/2007\/11\/laprilia-fv2-ne.html\">FV2<\/a>, la Ducati <a href=\"http:\/\/www.leblogmoto.com\/2007\/11\/la-desmo-nue.html\">Desmosedici RR<\/a> et la Bimota <a href=\"http:\/\/www.leblogmoto.com\/2007\/11\/photos-dossier.html\">DB7<\/a>, le Blog Moto prend des couleurs tr\u00e8s latines ! Cela ne va pas s&rsquo;arranger, avec la 8\u00e8me \u00e9dition de la plus c\u00e9l\u00e8bre des courses historiques de motos, dont le parcours et les dates viennent d&rsquo;\u00eatre rendus publics. Le Motogiro 2008 regroupant exclusivement des italiennes, se d\u00e9roulera du 19 au 24 mai. Vous pourrez parader comme lui devant les regards (moqueurs visiblement) des autres concurrents.  <\/p>\n<p>Les motos anciennes et modernes, des propri\u00e9taires et collectionneurs de Ducati Morini, MV Agusta, Bimota, Moto Guzzi, Bianchi, Piaggio, Benelli, Gilera et Motobi, se rassembleront \u00e0 Rome le 19 mai 2008. Les \u00e9tapes et trac\u00e9s sont choisis en fonction de l&rsquo;attrait culturel et touristique des routes et des arr\u00eats, rien \u00e0 voir avec de l&rsquo;arsouille sur nos d\u00e9partementales.<\/p>\n<p>19 mai 2008: Rassemblement, check-in et proc\u00e9dure administrative.<\/p>\n<p>20 Mai 2008: 1\u00e8re \u00e9tape Rome &#8211; Pescara<\/p>\n<p>21 mai 2008: 2\u00e8me \u00e9tape Pescara &#8211; Vieste<\/p>\n<p>22 mai 2008: 3\u00e8me \u00e9tape Vieste &#8211; Vieste<\/p>\n<p>23 mai 2008: 4\u00e8me \u00e9tape Vieste &#8211; Pescara<\/p>\n<p>24 mai 2008: 5\u00e8me \u00e9tape Pescara &#8211; Rome<\/p>\n<p>Ce n&rsquo;est qu&rsquo;un avant-go\u00fbt de ce qui vous attend, pour de plus amples renseignements je vous renvoie \u00e0 la <a href=\"http:\/\/www.ducati.com\/od\/ducatifrance\/news\/detail.jhtml;jsessionid=XZRZHA0UYQNGGCRNCB2SFFAKFUIHUIV4?newsId=19721\">rubrique Motogiro du site Ducati<\/a>. <\/p>\n","protected":false},"excerpt":{"rendered":"<p>D\u00e9cid\u00e9ment ces jours-ci avec l&rsquo;Aprilia FV2, la Ducati Desmosedici RR et la Bimota DB7, le Blog Moto prend des couleurs tr\u00e8s latines ! Cela ne va pas s&rsquo;arranger, avec la 8\u00e8me \u00e9dition de la plus c\u00e9l\u00e8bre des courses historiques de motos, dont le parcours et les dates viennent d&rsquo;\u00eatre rendus publics. Le Motogiro 2008 regroupant [&hellip;]<\/p>\n","protected":false},"author":324,"featured_media":0,"comment_status":"open","ping_status":"open","sticky":false,"template":"","format":"standard","meta":{"footnotes":""},"categories":[3,9,10],"tags":[],"class_list":["post-1074","post","type-post","status-publish","format-standard","hentry","category-actualite","category-historique","category-meetings"],"yoast_head":"<!-- This site is optimized with the Yoast SEO plugin v26.0 - https:\/\/yoast.com\/wordpress\/plugins\/seo\/ -->\n<title>Le trac\u00e9 et les dates du Motogiro 2008 ont \u00e9t\u00e9 d\u00e9voil\u00e9s. - leblogmoto.com<\/title>\n<meta name=\"robots\" content=\"index, follow, max-snippet:-1, max-image-preview:large, max-video-preview:-1\" \/>\n<link rel=\"canonical\" href=\"https:\/\/blogs.thesocialmedia.com\/leblogmoto\/2007\/11\/24\/motogiro-2008\/\" \/>\n<meta name=\"twitter:card\" content=\"summary_large_image\" \/>\n<meta name=\"twitter:title\" content=\"Le trac\u00e9 et les dates du Motogiro 2008 ont \u00e9t\u00e9 d\u00e9voil\u00e9s. - leblogmoto.com\" \/>\n<meta name=\"twitter:description\" content=\"D\u00e9cid\u00e9ment ces jours-ci avec l&rsquo;Aprilia FV2, la Ducati Desmosedici RR et la Bimota DB7, le Blog Moto prend des couleurs tr\u00e8s latines ! Cela ne va pas s&rsquo;arranger, avec la 8\u00e8me \u00e9dition de la plus c\u00e9l\u00e8bre des courses historiques de motos, dont le parcours et les dates viennent d&rsquo;\u00eatre rendus publics. Le Motogiro 2008 regroupant [&hellip;]\" \/>\n<meta name=\"twitter:image\" content=\"http:\/\/www.leblogmoto.com\/images\/2007\/11\/23\/moto_meetings_motogiro.jpg\" \/>\n<meta name=\"twitter:label1\" content=\"\u00c9crit par\" \/>\n\t<meta name=\"twitter:data1\" content=\"benoit rieu\" \/>\n\t<meta name=\"twitter:label2\" content=\"Dur\u00e9e de lecture estim\u00e9e\" \/>\n\t<meta name=\"twitter:data2\" content=\"1 minute\" \/>\n<script type=\"application\/ld+json\" class=\"yoast-schema-graph\">{\"@context\":\"https:\/\/schema.org\",\"@graph\":[{\"@type\":\"WebPage\",\"@id\":\"https:\/\/blogs.thesocialmedia.com\/leblogmoto\/2007\/11\/24\/motogiro-2008\/\",\"url\":\"https:\/\/blogs.thesocialmedia.com\/leblogmoto\/2007\/11\/24\/motogiro-2008\/\",\"name\":\"Le trac\u00e9 et les dates du Motogiro 2008 ont \u00e9t\u00e9 d\u00e9voil\u00e9s. - leblogmoto.com\",\"isPartOf\":{\"@id\":\"https:\/\/blogs.thesocialmedia.com\/leblogmoto\/#website\"},\"primaryImageOfPage\":{\"@id\":\"https:\/\/blogs.thesocialmedia.com\/leblogmoto\/2007\/11\/24\/motogiro-2008\/#primaryimage\"},\"image\":{\"@id\":\"https:\/\/blogs.thesocialmedia.com\/leblogmoto\/2007\/11\/24\/motogiro-2008\/#primaryimage\"},\"thumbnailUrl\":\"http:\/\/www.leblogmoto.com\/images\/2007\/11\/23\/moto_meetings_motogiro.jpg\",\"datePublished\":\"2007-11-24T14:47:52+00:00\",\"dateModified\":\"2012-07-11T14:57:10+00:00\",\"author\":{\"@id\":\"https:\/\/blogs.thesocialmedia.com\/leblogmoto\/#\/schema\/person\/18bfe773e5725ed6d24f743da805362a\"},\"breadcrumb\":{\"@id\":\"https:\/\/blogs.thesocialmedia.com\/leblogmoto\/2007\/11\/24\/motogiro-2008\/#breadcrumb\"},\"inLanguage\":\"fr-FR\",\"potentialAction\":[{\"@type\":\"ReadAction\",\"target\":[\"https:\/\/blogs.thesocialmedia.com\/leblogmoto\/2007\/11\/24\/motogiro-2008\/\"]}]},{\"@type\":\"ImageObject\",\"inLanguage\":\"fr-FR\",\"@id\":\"https:\/\/blogs.thesocialmedia.com\/leblogmoto\/2007\/11\/24\/motogiro-2008\/#primaryimage\",\"url\":\"http:\/\/www.leblogmoto.com\/images\/2007\/11\/23\/moto_meetings_motogiro.jpg\",\"contentUrl\":\"http:\/\/www.leblogmoto.com\/images\/2007\/11\/23\/moto_meetings_motogiro.jpg\"},{\"@type\":\"BreadcrumbList\",\"@id\":\"https:\/\/blogs.thesocialmedia.com\/leblogmoto\/2007\/11\/24\/motogiro-2008\/#breadcrumb\",\"itemListElement\":[{\"@type\":\"ListItem\",\"position\":1,\"name\":\"Accueil\",\"item\":\"https:\/\/blogs.thesocialmedia.com\/leblogmoto\/\"},{\"@type\":\"ListItem\",\"position\":2,\"name\":\"Le trac\u00e9 et les dates du Motogiro 2008 ont \u00e9t\u00e9 d\u00e9voil\u00e9s.\"}]},{\"@type\":\"WebSite\",\"@id\":\"https:\/\/blogs.thesocialmedia.com\/leblogmoto\/#website\",\"url\":\"https:\/\/blogs.thesocialmedia.com\/leblogmoto\/\",\"name\":\"leblogmoto\",\"description\":\"Toute l&#039;actualit\u00e9 des 2 roues\",\"potentialAction\":[{\"@type\":\"SearchAction\",\"target\":{\"@type\":\"EntryPoint\",\"urlTemplate\":\"https:\/\/blogs.thesocialmedia.com\/leblogmoto\/?s={search_term_string}\"},\"query-input\":{\"@type\":\"PropertyValueSpecification\",\"valueRequired\":true,\"valueName\":\"search_term_string\"}}],\"inLanguage\":\"fr-FR\"},{\"@type\":\"Person\",\"@id\":\"https:\/\/blogs.thesocialmedia.com\/leblogmoto\/#\/schema\/person\/18bfe773e5725ed6d24f743da805362a\",\"name\":\"benoit rieu\",\"image\":{\"@type\":\"ImageObject\",\"inLanguage\":\"fr-FR\",\"@id\":\"https:\/\/blogs.thesocialmedia.com\/leblogmoto\/#\/schema\/person\/image\/\",\"url\":\"https:\/\/secure.gravatar.com\/avatar\/?s=96&d=mm&r=g\",\"contentUrl\":\"https:\/\/secure.gravatar.com\/avatar\/?s=96&d=mm&r=g\",\"caption\":\"benoit rieu\"},\"url\":\"https:\/\/blogs.thesocialmedia.com\/leblogmoto\/author\/benoit-rieu\/\"}]}<\/script>\n<!-- \/ Yoast SEO plugin. -->","yoast_head_json":{"title":"Le trac\u00e9 et les dates du Motogiro 2008 ont \u00e9t\u00e9 d\u00e9voil\u00e9s. - leblogmoto.com","robots":{"index":"index","follow":"follow","max-snippet":"max-snippet:-1","max-image-preview":"max-image-preview:large","max-video-preview":"max-video-preview:-1"},"canonical":"https:\/\/blogs.thesocialmedia.com\/leblogmoto\/2007\/11\/24\/motogiro-2008\/","twitter_card":"summary_large_image","twitter_title":"Le trac\u00e9 et les dates du Motogiro 2008 ont \u00e9t\u00e9 d\u00e9voil\u00e9s. - leblogmoto.com","twitter_description":"D\u00e9cid\u00e9ment ces jours-ci avec l&rsquo;Aprilia FV2, la Ducati Desmosedici RR et la Bimota DB7, le Blog Moto prend des couleurs tr\u00e8s latines ! Cela ne va pas s&rsquo;arranger, avec la 8\u00e8me \u00e9dition de la plus c\u00e9l\u00e8bre des courses historiques de motos, dont le parcours et les dates viennent d&rsquo;\u00eatre rendus publics. Le Motogiro 2008 regroupant [&hellip;]","twitter_image":"http:\/\/www.leblogmoto.com\/images\/2007\/11\/23\/moto_meetings_motogiro.jpg","twitter_misc":{"\u00c9crit par":"benoit rieu","Dur\u00e9e de lecture estim\u00e9e":"1 minute"},"schema":{"@context":"https:\/\/schema.org","@graph":[{"@type":"WebPage","@id":"https:\/\/blogs.thesocialmedia.com\/leblogmoto\/2007\/11\/24\/motogiro-2008\/","url":"https:\/\/blogs.thesocialmedia.com\/leblogmoto\/2007\/11\/24\/motogiro-2008\/","name":"Le trac\u00e9 et les dates du Motogiro 2008 ont \u00e9t\u00e9 d\u00e9voil\u00e9s. - leblogmoto.com","isPartOf":{"@id":"https:\/\/blogs.thesocialmedia.com\/leblogmoto\/#website"},"primaryImageOfPage":{"@id":"https:\/\/blogs.thesocialmedia.com\/leblogmoto\/2007\/11\/24\/motogiro-2008\/#primaryimage"},"image":{"@id":"https:\/\/blogs.thesocialmedia.com\/leblogmoto\/2007\/11\/24\/motogiro-2008\/#primaryimage"},"thumbnailUrl":"http:\/\/www.leblogmoto.com\/images\/2007\/11\/23\/moto_meetings_motogiro.jpg","datePublished":"2007-11-24T14:47:52+00:00","dateModified":"2012-07-11T14:57:10+00:00","author":{"@id":"https:\/\/blogs.thesocialmedia.com\/leblogmoto\/#\/schema\/person\/18bfe773e5725ed6d24f743da805362a"},"breadcrumb":{"@id":"https:\/\/blogs.thesocialmedia.com\/leblogmoto\/2007\/11\/24\/motogiro-2008\/#breadcrumb"},"inLanguage":"fr-FR","potentialAction":[{"@type":"ReadAction","target":["https:\/\/blogs.thesocialmedia.com\/leblogmoto\/2007\/11\/24\/motogiro-2008\/"]}]},{"@type":"ImageObject","inLanguage":"fr-FR","@id":"https:\/\/blogs.thesocialmedia.com\/leblogmoto\/2007\/11\/24\/motogiro-2008\/#primaryimage","url":"http:\/\/www.leblogmoto.com\/images\/2007\/11\/23\/moto_meetings_motogiro.jpg","contentUrl":"http:\/\/www.leblogmoto.com\/images\/2007\/11\/23\/moto_meetings_motogiro.jpg"},{"@type":"BreadcrumbList","@id":"https:\/\/blogs.thesocialmedia.com\/leblogmoto\/2007\/11\/24\/motogiro-2008\/#breadcrumb","itemListElement":[{"@type":"ListItem","position":1,"name":"Accueil","item":"https:\/\/blogs.thesocialmedia.com\/leblogmoto\/"},{"@type":"ListItem","position":2,"name":"Le trac\u00e9 et les dates du Motogiro 2008 ont \u00e9t\u00e9 d\u00e9voil\u00e9s."}]},{"@type":"WebSite","@id":"https:\/\/blogs.thesocialmedia.com\/leblogmoto\/#website","url":"https:\/\/blogs.thesocialmedia.com\/leblogmoto\/","name":"leblogmoto","description":"Toute l&#039;actualit\u00e9 des 2 roues","potentialAction":[{"@type":"SearchAction","target":{"@type":"EntryPoint","urlTemplate":"https:\/\/blogs.thesocialmedia.com\/leblogmoto\/?s={search_term_string}"},"query-input":{"@type":"PropertyValueSpecification","valueRequired":true,"valueName":"search_term_string"}}],"inLanguage":"fr-FR"},{"@type":"Person","@id":"https:\/\/blogs.thesocialmedia.com\/leblogmoto\/#\/schema\/person\/18bfe773e5725ed6d24f743da805362a","name":"benoit rieu","image":{"@type":"ImageObject","inLanguage":"fr-FR","@id":"https:\/\/blogs.thesocialmedia.com\/leblogmoto\/#\/schema\/person\/image\/","url":"https:\/\/secure.gravatar.com\/avatar\/?s=96&d=mm&r=g","contentUrl":"https:\/\/secure.gravatar.com\/avatar\/?s=96&d=mm&r=g","caption":"benoit rieu"},"url":"https:\/\/blogs.thesocialmedia.com\/leblogmoto\/author\/benoit-rieu\/"}]}},"_links":{"self":[{"href":"https:\/\/blogs.thesocialmedia.com\/leblogmoto\/wp-json\/wp\/v2\/posts\/1074","targetHints":{"allow":["GET"]}}],"collection":[{"href":"https:\/\/blogs.thesocialmedia.com\/leblogmoto\/wp-json\/wp\/v2\/posts"}],"about":[{"href":"https:\/\/blogs.thesocialmedia.com\/leblogmoto\/wp-json\/wp\/v2\/types\/post"}],"author":[{"embeddable":true,"href":"https:\/\/blogs.thesocialmedia.com\/leblogmoto\/wp-json\/wp\/v2\/users\/324"}],"replies":[{"embeddable":true,"href":"https:\/\/blogs.thesocialmedia.com\/leblogmoto\/wp-json\/wp\/v2\/comments?post=1074"}],"version-history":[{"count":2,"href":"https:\/\/blogs.thesocialmedia.com\/leblogmoto\/wp-json\/wp\/v2\/posts\/1074\/revisions"}],"predecessor-version":[{"id":9207,"href":"https:\/\/blogs.thesocialmedia.com\/leblogmoto\/wp-json\/wp\/v2\/posts\/1074\/revisions\/9207"}],"wp:attachment":[{"href":"https:\/\/blogs.thesocialmedia.com\/leblogmoto\/wp-json\/wp\/v2\/media?parent=1074"}],"wp:term":[{"taxonomy":"category","embeddable":true,"href":"https:\/\/blogs.thesocialmedia.com\/leblogmoto\/wp-json\/wp\/v2\/categories?post=1074"},{"taxonomy":"post_tag","embeddable":true,"href":"https:\/\/blogs.thesocialmedia.com\/leblogmoto\/wp-json\/wp\/v2\/tags?post=1074"}],"curies":[{"name":"wp","href":"https:\/\/api.w.org\/{rel}","templated":true}]}}