{"id":1076,"date":"2007-11-23T09:09:04","date_gmt":"2007-11-23T09:09:04","guid":{"rendered":"http:\/\/blogs.thesocialmedia.com\/leblogmoto\/2007\/11\/23\/retour-au-somme\/"},"modified":"2012-07-11T14:56:48","modified_gmt":"2012-07-11T14:56:48","slug":"retour-au-somme","status":"publish","type":"post","link":"https:\/\/blogs.thesocialmedia.com\/leblogmoto\/2007\/11\/23\/retour-au-somme\/","title":{"rendered":"Nicky Hayden, retour sur une \u00ab\u00a0annus horribilis\u00a0\u00bb&#8230;"},"content":{"rendered":"<p><a href=\"http:\/\/blogs.thesocialmedia.com\/leblogmoto\/files\/2012\/07\/motogp_nicky_hayden_essais_hivernau.jpg\"><img loading=\"lazy\" decoding=\"async\" width=\"470\" height=\"311\"  alt=\"Motogp_nicky_hayden_essais_hivernau\" src=\"http:\/\/www.leblogmoto.com\/images\/2007\/11\/20\/motogp_nicky_hayden_essais_hivernau.jpg\" \/><\/a><\/p>\n<p>Cette fois Nicky Hayden, ici sur sa future Honda de 2008, n&rsquo;est pas dans la configuration de l&rsquo;ann\u00e9e derni\u00e8re o\u00f9 apr\u00e8s un final de feu, il avait d\u00fb rallier l&rsquo;h\u00f4pital pour y \u00eatre op\u00e9r\u00e9 de la clavicule et avait \u00e9t\u00e9 tenu compl\u00e8tement \u00e0 l&rsquo;\u00e9cart du d\u00e9veloppement de la nouvelle 800cc*. Il s&rsquo;est m\u00eame permis de finir premier de la derni\u00e8re s\u00e9ance d&rsquo;essai \u00e0 Sepang, devant une flotte US, avec Colin Edwards second, pass\u00e9 chez Yamaha Tech 3, et John Hopkins, 3\u00e8me, autre transfuge, de Suz&rsquo; \u00e0 Kawa. <\/p>\n<p>Une bonne note donc pour terminer une saison qui l&rsquo;aura vu, lui le champion en titre, finir piteusement&nbsp; class\u00e9 \u00e0 la huiti\u00e8me place du championnat pilote, tout juste devant la &quot;Texas Tornado&quot; Colin Edwards, et loin (pr\u00e8s de 40 points) derri\u00e8re Loris &quot;Capirex&quot; Capirossi.  <\/p>\n<p>Parmi les rares coup d&rsquo;\u00e9clats d&rsquo;une ann\u00e9e terne, seule la pole \u00e0 Estoril est vraiment venue rappeler la classe du pilote et enfin honorer le num\u00e9ro 1 de son car\u00e9nage, c&rsquo;est bien maigre. &quot;All in 69&quot; (&quot;misez tout sur le 69&quot;) clamait-il sur son ancienne combarde, au bas du dos: le num\u00e9ro 1 lui aura port\u00e9 bien moins chance.<\/p>\n<p>Un dr\u00f4le de souvenir pour l&rsquo;Am\u00e9ricain que cette page portuguaise, puisqu&rsquo;au m\u00eame endroit l&rsquo;ann\u00e9e derni\u00e8re il avait \u00e9t\u00e9 victime du fameux strike de Dani Pedrosa en course, qui le poussa \u00e0 la faute comme le boulet entra\u00eene le condamn\u00e9, invalidant ainsi la (ou plut\u00f4t l&rsquo;absence de) strat\u00e9gie du &quot;ni-ni&quot; du HRC, tiraill\u00e9 entre le sponsoring de Repsol soutenant Dani, et un Honda plus proche de l&rsquo;Am\u00e9ricain**.<\/p>\n<p>Le tout avec un mini-Pedrosa sur-motiv\u00e9 car influenc\u00e9 (quoique le mot bourrage de cr\u00e2ne soit plus appropri\u00e9 que le terme d&rsquo;influence***) par un omnipr\u00e9sent Alberto Puig. C&rsquo;est aussi lors de l&rsquo;\u00e9preuve d&rsquo;Estoril que la cha\u00eene musicale MTV commen\u00e7a, contre l&rsquo;avis de ses proches, le tournage d&rsquo;un film sur le MotoGP (et centr\u00e9 sur Nicky) en 2006 et le cl\u00f4tura en 2007, bouclant la boucle. <\/p>\n<p>Elle avait d&rsquo;ailleurs bien mal commenc\u00e9 cette ann\u00e9e, avec ce crash au Mans et d\u00e9j\u00e0 une 11\u00e8me place au classement du championnat pilote. Donington et Assen n&rsquo;\u00e9tant que de trompeuses \u00e9claircies, apr\u00e8s avoir maudit (et d\u00e9branch\u00e9 !) l&rsquo;assistance \u00e9lectronique.<\/p>\n<p>Il aura pourtant tout essay\u00e9 le Nicky, demandant conseil \u00e0 Freddie Spencer sur son attitude sur la RC212V une moto trop petite pour lui (et pour cause !). <\/p>\n<p><a href=\"http:\/\/blogs.thesocialmedia.com\/leblogmoto\/files\/2012\/07\/motogp_merlyn_plumlee.jpg\"><img loading=\"lazy\" decoding=\"async\" width=\"470\" height=\"606\"  src=\"http:\/\/www.leblogmoto.com\/images\/2007\/11\/22\/motogp_merlyn_plumlee.jpg\" alt=\"Motogp_merlyn_plumlee\" \/><\/a> <\/p>\n<p>La mort r\u00e9cente de <a href=\"http:\/\/www.roadracingworld.com\/news\/article\/?article=30633\">Merlyn Plumlee<\/a>, figure \u00e9minente du MotoGP, et longtemps son mentor, vient donc clore une <em>annus horribilis<\/em>****. Celui-ci joua un r\u00f4le essentiel dans l&rsquo;apprentissage de Hayden, lorsqu&rsquo;il passa des Dirtbike au Superbike, \u00e0 une \u00e9poque, o\u00f9, de son propre aveu, il ne connaissait encore rien aux r\u00e9glages \u00e0 apporter \u00e0 sa machine.<\/p>\n<p>Le meilleur rookie de l&rsquo;ann\u00e9e 2003 a parcouru bien du chemin depuis, entre ombre et lumi\u00e8re, m\u00eame si 90% du plateau \u00e9changerait volontiers les infortunes actuelles du Kentucky Kid contre un titre mondial, <u>son<\/u> titre mondial. <\/p>\n<p>Aiguillonn\u00e9 par les perfs de ses jeunes fr\u00e8res Tommy et surtout Roger Lee, au guidon en AMA Superbike et la fantastique s\u00e9rie de poles d&rsquo;un co\u00e9quipier dont il dit qu&rsquo;il lui rendra un jour le&nbsp; soutien dont il a b\u00e9n\u00e9fici\u00e9 (enfin !) dans le <em>showdown<\/em> de la saison 2006, la saison 2008 commence pour ainsi dire, <em>bien<\/em>. <\/p>\n<p>Il se retrouve dans une situation comparable \u00e0 celle de l&rsquo;intersaison 2005-2006 o\u00f9 lui furent confi\u00e9 quasi-exclusivement, les r\u00eanes du d\u00e9veloppement de la RCV. En esp\u00e9rant que la conclusion (et quelle conclusion !) soit la m\u00eame, mais j&rsquo;en doute.<\/p>\n<p><em>*dans une r\u00e9cente interview en trois partie pour <a href=\"http:\/\/www.superbikeplanet.com\">Superbikeplanet.com<\/a>, l&rsquo;Am\u00e9ricain se refuse \u00e0 commenter le d\u00e9veloppement en solo de la RCV 212 de peur de passer pour la pleureuse (&quot;whiner&quot;) de service, mais la saison 2007 s&rsquo;est \u00e0 mon avis bien jou\u00e9e l\u00e0 pour lui.<\/em><\/p>\n<p><em>**le titre acquis par Honda au championnat constructeur au GP pr\u00e9c\u00e9dent \u00e9tait venu conforter le HRC dans le maintien du statu quo \u00e0 savoir l&rsquo;absence de pilote leader alors qu&rsquo;Hayden affichait une confortable (euph\u00e9misme) avance au championnat devant Pedrosa, absurde quand on sait qu&rsquo;en face Edwards \u00e9tait le lieutenant de Rossi. En y repensant je me demande comment Hayden a r\u00e9ussi \u00e0 \u00eatre titr\u00e9 apr\u00e8s ces b\u00e9vues de management: il a d&rsquo;ailleurs fallu que Vale parte \u00e0 la faute tout seul \u00e0 Valencia.<\/em><\/p>\n<p><em>***le mot n&rsquo;est pas de moi mais de Philippe Monneret dans un Motocritiques sur Eurosport, tr\u00e8s s\u00e9v\u00e8re envers Pedrosa pour cette tentative de d\u00e9passement qui restera dans les annales.<\/em><\/p>\n<p><em>****ann\u00e9e horrible en latin.<br \/><\/em><\/p>\n<p><em>cr\u00e9dit photo: <a href=\"http:\/\/www.motoGP.com\">MotoGP.com<\/a> et <a href=\"http:\/\/www.roadracingworld.com\">roadracingworld.com<\/a> <\/em><\/p>\n","protected":false},"excerpt":{"rendered":"<p>Cette fois Nicky Hayden, ici sur sa future Honda de 2008, n&rsquo;est pas dans la configuration de l&rsquo;ann\u00e9e derni\u00e8re o\u00f9 apr\u00e8s un final de feu, il avait d\u00fb rallier l&rsquo;h\u00f4pital pour y \u00eatre op\u00e9r\u00e9 de la clavicule et avait \u00e9t\u00e9 tenu compl\u00e8tement \u00e0 l&rsquo;\u00e9cart du d\u00e9veloppement de la nouvelle 800cc*. Il s&rsquo;est m\u00eame permis de [&hellip;]<\/p>\n","protected":false},"author":324,"featured_media":0,"comment_status":"open","ping_status":"open","sticky":false,"template":"","format":"standard","meta":{"footnotes":""},"categories":[3,22,32],"tags":[],"class_list":["post-1076","post","type-post","status-publish","format-standard","hentry","category-actualite","category-motogp","category-sport-moto"],"yoast_head":"<!-- This site is optimized with the Yoast SEO plugin v26.0 - https:\/\/yoast.com\/wordpress\/plugins\/seo\/ -->\n<title>Nicky Hayden, retour sur une &quot;annus horribilis&quot;... - leblogmoto.com<\/title>\n<meta name=\"robots\" content=\"index, follow, max-snippet:-1, max-image-preview:large, max-video-preview:-1\" \/>\n<link rel=\"canonical\" href=\"https:\/\/blogs.thesocialmedia.com\/leblogmoto\/2007\/11\/23\/retour-au-somme\/\" \/>\n<meta name=\"twitter:card\" content=\"summary_large_image\" \/>\n<meta name=\"twitter:title\" content=\"Nicky Hayden, retour sur une &quot;annus horribilis&quot;... - leblogmoto.com\" \/>\n<meta name=\"twitter:description\" content=\"Cette fois Nicky Hayden, ici sur sa future Honda de 2008, n&rsquo;est pas dans la configuration de l&rsquo;ann\u00e9e derni\u00e8re o\u00f9 apr\u00e8s un final de feu, il avait d\u00fb rallier l&rsquo;h\u00f4pital pour y \u00eatre op\u00e9r\u00e9 de la clavicule et avait \u00e9t\u00e9 tenu compl\u00e8tement \u00e0 l&rsquo;\u00e9cart du d\u00e9veloppement de la nouvelle 800cc*. Il s&rsquo;est m\u00eame permis de [&hellip;]\" \/>\n<meta name=\"twitter:image\" content=\"http:\/\/www.leblogmoto.com\/images\/2007\/11\/20\/motogp_nicky_hayden_essais_hivernau.jpg\" \/>\n<meta name=\"twitter:label1\" content=\"\u00c9crit par\" \/>\n\t<meta name=\"twitter:data1\" content=\"benoit rieu\" \/>\n\t<meta name=\"twitter:label2\" content=\"Dur\u00e9e de lecture estim\u00e9e\" \/>\n\t<meta name=\"twitter:data2\" content=\"4 minutes\" \/>\n<script type=\"application\/ld+json\" class=\"yoast-schema-graph\">{\"@context\":\"https:\/\/schema.org\",\"@graph\":[{\"@type\":\"WebPage\",\"@id\":\"https:\/\/blogs.thesocialmedia.com\/leblogmoto\/2007\/11\/23\/retour-au-somme\/\",\"url\":\"https:\/\/blogs.thesocialmedia.com\/leblogmoto\/2007\/11\/23\/retour-au-somme\/\",\"name\":\"Nicky Hayden, retour sur une \\\"annus horribilis\\\"... - leblogmoto.com\",\"isPartOf\":{\"@id\":\"https:\/\/blogs.thesocialmedia.com\/leblogmoto\/#website\"},\"primaryImageOfPage\":{\"@id\":\"https:\/\/blogs.thesocialmedia.com\/leblogmoto\/2007\/11\/23\/retour-au-somme\/#primaryimage\"},\"image\":{\"@id\":\"https:\/\/blogs.thesocialmedia.com\/leblogmoto\/2007\/11\/23\/retour-au-somme\/#primaryimage\"},\"thumbnailUrl\":\"http:\/\/www.leblogmoto.com\/images\/2007\/11\/20\/motogp_nicky_hayden_essais_hivernau.jpg\",\"datePublished\":\"2007-11-23T09:09:04+00:00\",\"dateModified\":\"2012-07-11T14:56:48+00:00\",\"author\":{\"@id\":\"https:\/\/blogs.thesocialmedia.com\/leblogmoto\/#\/schema\/person\/18bfe773e5725ed6d24f743da805362a\"},\"breadcrumb\":{\"@id\":\"https:\/\/blogs.thesocialmedia.com\/leblogmoto\/2007\/11\/23\/retour-au-somme\/#breadcrumb\"},\"inLanguage\":\"fr-FR\",\"potentialAction\":[{\"@type\":\"ReadAction\",\"target\":[\"https:\/\/blogs.thesocialmedia.com\/leblogmoto\/2007\/11\/23\/retour-au-somme\/\"]}]},{\"@type\":\"ImageObject\",\"inLanguage\":\"fr-FR\",\"@id\":\"https:\/\/blogs.thesocialmedia.com\/leblogmoto\/2007\/11\/23\/retour-au-somme\/#primaryimage\",\"url\":\"http:\/\/www.leblogmoto.com\/images\/2007\/11\/20\/motogp_nicky_hayden_essais_hivernau.jpg\",\"contentUrl\":\"http:\/\/www.leblogmoto.com\/images\/2007\/11\/20\/motogp_nicky_hayden_essais_hivernau.jpg\"},{\"@type\":\"BreadcrumbList\",\"@id\":\"https:\/\/blogs.thesocialmedia.com\/leblogmoto\/2007\/11\/23\/retour-au-somme\/#breadcrumb\",\"itemListElement\":[{\"@type\":\"ListItem\",\"position\":1,\"name\":\"Accueil\",\"item\":\"https:\/\/blogs.thesocialmedia.com\/leblogmoto\/\"},{\"@type\":\"ListItem\",\"position\":2,\"name\":\"Nicky Hayden, retour sur une \u00ab\u00a0annus horribilis\u00a0\u00bb&#8230;\"}]},{\"@type\":\"WebSite\",\"@id\":\"https:\/\/blogs.thesocialmedia.com\/leblogmoto\/#website\",\"url\":\"https:\/\/blogs.thesocialmedia.com\/leblogmoto\/\",\"name\":\"leblogmoto\",\"description\":\"Toute l&#039;actualit\u00e9 des 2 roues\",\"potentialAction\":[{\"@type\":\"SearchAction\",\"target\":{\"@type\":\"EntryPoint\",\"urlTemplate\":\"https:\/\/blogs.thesocialmedia.com\/leblogmoto\/?s={search_term_string}\"},\"query-input\":{\"@type\":\"PropertyValueSpecification\",\"valueRequired\":true,\"valueName\":\"search_term_string\"}}],\"inLanguage\":\"fr-FR\"},{\"@type\":\"Person\",\"@id\":\"https:\/\/blogs.thesocialmedia.com\/leblogmoto\/#\/schema\/person\/18bfe773e5725ed6d24f743da805362a\",\"name\":\"benoit rieu\",\"image\":{\"@type\":\"ImageObject\",\"inLanguage\":\"fr-FR\",\"@id\":\"https:\/\/blogs.thesocialmedia.com\/leblogmoto\/#\/schema\/person\/image\/\",\"url\":\"https:\/\/secure.gravatar.com\/avatar\/?s=96&d=mm&r=g\",\"contentUrl\":\"https:\/\/secure.gravatar.com\/avatar\/?s=96&d=mm&r=g\",\"caption\":\"benoit rieu\"},\"url\":\"https:\/\/blogs.thesocialmedia.com\/leblogmoto\/author\/benoit-rieu\/\"}]}<\/script>\n<!-- \/ Yoast SEO plugin. -->","yoast_head_json":{"title":"Nicky Hayden, retour sur une \"annus horribilis\"... - leblogmoto.com","robots":{"index":"index","follow":"follow","max-snippet":"max-snippet:-1","max-image-preview":"max-image-preview:large","max-video-preview":"max-video-preview:-1"},"canonical":"https:\/\/blogs.thesocialmedia.com\/leblogmoto\/2007\/11\/23\/retour-au-somme\/","twitter_card":"summary_large_image","twitter_title":"Nicky Hayden, retour sur une \"annus horribilis\"... - leblogmoto.com","twitter_description":"Cette fois Nicky Hayden, ici sur sa future Honda de 2008, n&rsquo;est pas dans la configuration de l&rsquo;ann\u00e9e derni\u00e8re o\u00f9 apr\u00e8s un final de feu, il avait d\u00fb rallier l&rsquo;h\u00f4pital pour y \u00eatre op\u00e9r\u00e9 de la clavicule et avait \u00e9t\u00e9 tenu compl\u00e8tement \u00e0 l&rsquo;\u00e9cart du d\u00e9veloppement de la nouvelle 800cc*. Il s&rsquo;est m\u00eame permis de [&hellip;]","twitter_image":"http:\/\/www.leblogmoto.com\/images\/2007\/11\/20\/motogp_nicky_hayden_essais_hivernau.jpg","twitter_misc":{"\u00c9crit par":"benoit rieu","Dur\u00e9e de lecture estim\u00e9e":"4 minutes"},"schema":{"@context":"https:\/\/schema.org","@graph":[{"@type":"WebPage","@id":"https:\/\/blogs.thesocialmedia.com\/leblogmoto\/2007\/11\/23\/retour-au-somme\/","url":"https:\/\/blogs.thesocialmedia.com\/leblogmoto\/2007\/11\/23\/retour-au-somme\/","name":"Nicky Hayden, retour sur une \"annus horribilis\"... - leblogmoto.com","isPartOf":{"@id":"https:\/\/blogs.thesocialmedia.com\/leblogmoto\/#website"},"primaryImageOfPage":{"@id":"https:\/\/blogs.thesocialmedia.com\/leblogmoto\/2007\/11\/23\/retour-au-somme\/#primaryimage"},"image":{"@id":"https:\/\/blogs.thesocialmedia.com\/leblogmoto\/2007\/11\/23\/retour-au-somme\/#primaryimage"},"thumbnailUrl":"http:\/\/www.leblogmoto.com\/images\/2007\/11\/20\/motogp_nicky_hayden_essais_hivernau.jpg","datePublished":"2007-11-23T09:09:04+00:00","dateModified":"2012-07-11T14:56:48+00:00","author":{"@id":"https:\/\/blogs.thesocialmedia.com\/leblogmoto\/#\/schema\/person\/18bfe773e5725ed6d24f743da805362a"},"breadcrumb":{"@id":"https:\/\/blogs.thesocialmedia.com\/leblogmoto\/2007\/11\/23\/retour-au-somme\/#breadcrumb"},"inLanguage":"fr-FR","potentialAction":[{"@type":"ReadAction","target":["https:\/\/blogs.thesocialmedia.com\/leblogmoto\/2007\/11\/23\/retour-au-somme\/"]}]},{"@type":"ImageObject","inLanguage":"fr-FR","@id":"https:\/\/blogs.thesocialmedia.com\/leblogmoto\/2007\/11\/23\/retour-au-somme\/#primaryimage","url":"http:\/\/www.leblogmoto.com\/images\/2007\/11\/20\/motogp_nicky_hayden_essais_hivernau.jpg","contentUrl":"http:\/\/www.leblogmoto.com\/images\/2007\/11\/20\/motogp_nicky_hayden_essais_hivernau.jpg"},{"@type":"BreadcrumbList","@id":"https:\/\/blogs.thesocialmedia.com\/leblogmoto\/2007\/11\/23\/retour-au-somme\/#breadcrumb","itemListElement":[{"@type":"ListItem","position":1,"name":"Accueil","item":"https:\/\/blogs.thesocialmedia.com\/leblogmoto\/"},{"@type":"ListItem","position":2,"name":"Nicky Hayden, retour sur une \u00ab\u00a0annus horribilis\u00a0\u00bb&#8230;"}]},{"@type":"WebSite","@id":"https:\/\/blogs.thesocialmedia.com\/leblogmoto\/#website","url":"https:\/\/blogs.thesocialmedia.com\/leblogmoto\/","name":"leblogmoto","description":"Toute l&#039;actualit\u00e9 des 2 roues","potentialAction":[{"@type":"SearchAction","target":{"@type":"EntryPoint","urlTemplate":"https:\/\/blogs.thesocialmedia.com\/leblogmoto\/?s={search_term_string}"},"query-input":{"@type":"PropertyValueSpecification","valueRequired":true,"valueName":"search_term_string"}}],"inLanguage":"fr-FR"},{"@type":"Person","@id":"https:\/\/blogs.thesocialmedia.com\/leblogmoto\/#\/schema\/person\/18bfe773e5725ed6d24f743da805362a","name":"benoit rieu","image":{"@type":"ImageObject","inLanguage":"fr-FR","@id":"https:\/\/blogs.thesocialmedia.com\/leblogmoto\/#\/schema\/person\/image\/","url":"https:\/\/secure.gravatar.com\/avatar\/?s=96&d=mm&r=g","contentUrl":"https:\/\/secure.gravatar.com\/avatar\/?s=96&d=mm&r=g","caption":"benoit rieu"},"url":"https:\/\/blogs.thesocialmedia.com\/leblogmoto\/author\/benoit-rieu\/"}]}},"_links":{"self":[{"href":"https:\/\/blogs.thesocialmedia.com\/leblogmoto\/wp-json\/wp\/v2\/posts\/1076","targetHints":{"allow":["GET"]}}],"collection":[{"href":"https:\/\/blogs.thesocialmedia.com\/leblogmoto\/wp-json\/wp\/v2\/posts"}],"about":[{"href":"https:\/\/blogs.thesocialmedia.com\/leblogmoto\/wp-json\/wp\/v2\/types\/post"}],"author":[{"embeddable":true,"href":"https:\/\/blogs.thesocialmedia.com\/leblogmoto\/wp-json\/wp\/v2\/users\/324"}],"replies":[{"embeddable":true,"href":"https:\/\/blogs.thesocialmedia.com\/leblogmoto\/wp-json\/wp\/v2\/comments?post=1076"}],"version-history":[{"count":2,"href":"https:\/\/blogs.thesocialmedia.com\/leblogmoto\/wp-json\/wp\/v2\/posts\/1076\/revisions"}],"predecessor-version":[{"id":9196,"href":"https:\/\/blogs.thesocialmedia.com\/leblogmoto\/wp-json\/wp\/v2\/posts\/1076\/revisions\/9196"}],"wp:attachment":[{"href":"https:\/\/blogs.thesocialmedia.com\/leblogmoto\/wp-json\/wp\/v2\/media?parent=1076"}],"wp:term":[{"taxonomy":"category","embeddable":true,"href":"https:\/\/blogs.thesocialmedia.com\/leblogmoto\/wp-json\/wp\/v2\/categories?post=1076"},{"taxonomy":"post_tag","embeddable":true,"href":"https:\/\/blogs.thesocialmedia.com\/leblogmoto\/wp-json\/wp\/v2\/tags?post=1076"}],"curies":[{"name":"wp","href":"https:\/\/api.w.org\/{rel}","templated":true}]}}