{"id":1077,"date":"2007-11-23T09:08:17","date_gmt":"2007-11-23T09:08:17","guid":{"rendered":"http:\/\/blogs.thesocialmedia.com\/leblogmoto\/2007\/11\/23\/gurir-au-volant\/"},"modified":"2012-07-11T14:56:43","modified_gmt":"2012-07-11T14:56:43","slug":"gurir-au-volant","status":"publish","type":"post","link":"https:\/\/blogs.thesocialmedia.com\/leblogmoto\/2007\/11\/23\/gurir-au-volant\/","title":{"rendered":"Gu\u00e9rir au volant d&rsquo;une addiction \u00e0 la mise sur l&rsquo;angle."},"content":{"rendered":"<p><a href=\"http:\/\/blogs.thesocialmedia.com\/leblogmoto\/files\/2012\/07\/moto_insolite_voiture_slider.jpg\"><img loading=\"lazy\" decoding=\"async\" width=\"470\" height=\"312\"  src=\"http:\/\/www.leblogmoto.com\/images\/2007\/11\/22\/moto_insolite_voiture_slider.jpg\" alt=\"Moto_insolite_voiture_slider\" \/><\/a><\/p>\n<p>Une petite photo insolite rep\u00e9r\u00e9e sur le net hier. Tout y est: le balancement du corps, le slider qui vient presque titiller la route, le cuir (visiblement neuf lui aussi), l&rsquo;int\u00e9gral &quot;personnalis\u00e9&quot;, et m\u00eame les suspensions gauches l\u00e9g\u00e8rement plus affaiss\u00e9es que celles de droites, pour ce motard qui s&rsquo;est d\u00e9barrass\u00e9 du plus g\u00eanant: la porti\u00e8re. Ne dit on pas souvent en comp\u00e9tition &quot;fermer la porte (ou l&rsquo;angle)&quot; pour d\u00e9crire l&rsquo;attitude d&rsquo;un concurrent essayant d&#8217;emp\u00eacher son poursuivant de le doubler ?<\/p>\n","protected":false},"excerpt":{"rendered":"<p>Une petite photo insolite rep\u00e9r\u00e9e sur le net hier. Tout y est: le balancement du corps, le slider qui vient presque titiller la route, le cuir (visiblement neuf lui aussi), l&rsquo;int\u00e9gral &quot;personnalis\u00e9&quot;, et m\u00eame les suspensions gauches l\u00e9g\u00e8rement plus affaiss\u00e9es que celles de droites, pour ce motard qui s&rsquo;est d\u00e9barrass\u00e9 du plus g\u00eanant: la porti\u00e8re. [&hellip;]<\/p>\n","protected":false},"author":324,"featured_media":0,"comment_status":"open","ping_status":"open","sticky":false,"template":"","format":"standard","meta":{"footnotes":""},"categories":[8,17,58],"tags":[],"class_list":["post-1077","post","type-post","status-publish","format-standard","hentry","category-chaines-et-cuirs","category-divers","category-insolite"],"yoast_head":"<!-- This site is optimized with the Yoast SEO plugin v26.0 - https:\/\/yoast.com\/wordpress\/plugins\/seo\/ -->\n<title>Gu\u00e9rir au volant d&#039;une addiction \u00e0 la mise sur l&#039;angle. - leblogmoto.com<\/title>\n<meta name=\"robots\" content=\"index, follow, max-snippet:-1, max-image-preview:large, max-video-preview:-1\" \/>\n<link rel=\"canonical\" href=\"https:\/\/blogs.thesocialmedia.com\/leblogmoto\/2007\/11\/23\/gurir-au-volant\/\" \/>\n<meta name=\"twitter:card\" content=\"summary_large_image\" \/>\n<meta name=\"twitter:title\" content=\"Gu\u00e9rir au volant d&#039;une addiction \u00e0 la mise sur l&#039;angle. - leblogmoto.com\" \/>\n<meta name=\"twitter:description\" content=\"Une petite photo insolite rep\u00e9r\u00e9e sur le net hier. Tout y est: le balancement du corps, le slider qui vient presque titiller la route, le cuir (visiblement neuf lui aussi), l&rsquo;int\u00e9gral &quot;personnalis\u00e9&quot;, et m\u00eame les suspensions gauches l\u00e9g\u00e8rement plus affaiss\u00e9es que celles de droites, pour ce motard qui s&rsquo;est d\u00e9barrass\u00e9 du plus g\u00eanant: la porti\u00e8re. [&hellip;]\" \/>\n<meta name=\"twitter:image\" content=\"http:\/\/www.leblogmoto.com\/images\/2007\/11\/22\/moto_insolite_voiture_slider.jpg\" \/>\n<meta name=\"twitter:label1\" content=\"\u00c9crit par\" \/>\n\t<meta name=\"twitter:data1\" content=\"benoit rieu\" \/>\n<script type=\"application\/ld+json\" class=\"yoast-schema-graph\">{\"@context\":\"https:\/\/schema.org\",\"@graph\":[{\"@type\":\"WebPage\",\"@id\":\"https:\/\/blogs.thesocialmedia.com\/leblogmoto\/2007\/11\/23\/gurir-au-volant\/\",\"url\":\"https:\/\/blogs.thesocialmedia.com\/leblogmoto\/2007\/11\/23\/gurir-au-volant\/\",\"name\":\"Gu\u00e9rir au volant d'une addiction \u00e0 la mise sur l'angle. - leblogmoto.com\",\"isPartOf\":{\"@id\":\"https:\/\/blogs.thesocialmedia.com\/leblogmoto\/#website\"},\"primaryImageOfPage\":{\"@id\":\"https:\/\/blogs.thesocialmedia.com\/leblogmoto\/2007\/11\/23\/gurir-au-volant\/#primaryimage\"},\"image\":{\"@id\":\"https:\/\/blogs.thesocialmedia.com\/leblogmoto\/2007\/11\/23\/gurir-au-volant\/#primaryimage\"},\"thumbnailUrl\":\"http:\/\/www.leblogmoto.com\/images\/2007\/11\/22\/moto_insolite_voiture_slider.jpg\",\"datePublished\":\"2007-11-23T09:08:17+00:00\",\"dateModified\":\"2012-07-11T14:56:43+00:00\",\"author\":{\"@id\":\"https:\/\/blogs.thesocialmedia.com\/leblogmoto\/#\/schema\/person\/18bfe773e5725ed6d24f743da805362a\"},\"breadcrumb\":{\"@id\":\"https:\/\/blogs.thesocialmedia.com\/leblogmoto\/2007\/11\/23\/gurir-au-volant\/#breadcrumb\"},\"inLanguage\":\"fr-FR\",\"potentialAction\":[{\"@type\":\"ReadAction\",\"target\":[\"https:\/\/blogs.thesocialmedia.com\/leblogmoto\/2007\/11\/23\/gurir-au-volant\/\"]}]},{\"@type\":\"ImageObject\",\"inLanguage\":\"fr-FR\",\"@id\":\"https:\/\/blogs.thesocialmedia.com\/leblogmoto\/2007\/11\/23\/gurir-au-volant\/#primaryimage\",\"url\":\"http:\/\/www.leblogmoto.com\/images\/2007\/11\/22\/moto_insolite_voiture_slider.jpg\",\"contentUrl\":\"http:\/\/www.leblogmoto.com\/images\/2007\/11\/22\/moto_insolite_voiture_slider.jpg\"},{\"@type\":\"BreadcrumbList\",\"@id\":\"https:\/\/blogs.thesocialmedia.com\/leblogmoto\/2007\/11\/23\/gurir-au-volant\/#breadcrumb\",\"itemListElement\":[{\"@type\":\"ListItem\",\"position\":1,\"name\":\"Accueil\",\"item\":\"https:\/\/blogs.thesocialmedia.com\/leblogmoto\/\"},{\"@type\":\"ListItem\",\"position\":2,\"name\":\"Gu\u00e9rir au volant d&rsquo;une addiction \u00e0 la mise sur l&rsquo;angle.\"}]},{\"@type\":\"WebSite\",\"@id\":\"https:\/\/blogs.thesocialmedia.com\/leblogmoto\/#website\",\"url\":\"https:\/\/blogs.thesocialmedia.com\/leblogmoto\/\",\"name\":\"leblogmoto\",\"description\":\"Toute l&#039;actualit\u00e9 des 2 roues\",\"potentialAction\":[{\"@type\":\"SearchAction\",\"target\":{\"@type\":\"EntryPoint\",\"urlTemplate\":\"https:\/\/blogs.thesocialmedia.com\/leblogmoto\/?s={search_term_string}\"},\"query-input\":{\"@type\":\"PropertyValueSpecification\",\"valueRequired\":true,\"valueName\":\"search_term_string\"}}],\"inLanguage\":\"fr-FR\"},{\"@type\":\"Person\",\"@id\":\"https:\/\/blogs.thesocialmedia.com\/leblogmoto\/#\/schema\/person\/18bfe773e5725ed6d24f743da805362a\",\"name\":\"benoit rieu\",\"image\":{\"@type\":\"ImageObject\",\"inLanguage\":\"fr-FR\",\"@id\":\"https:\/\/blogs.thesocialmedia.com\/leblogmoto\/#\/schema\/person\/image\/\",\"url\":\"https:\/\/secure.gravatar.com\/avatar\/?s=96&d=mm&r=g\",\"contentUrl\":\"https:\/\/secure.gravatar.com\/avatar\/?s=96&d=mm&r=g\",\"caption\":\"benoit rieu\"},\"url\":\"https:\/\/blogs.thesocialmedia.com\/leblogmoto\/author\/benoit-rieu\/\"}]}<\/script>\n<!-- \/ Yoast SEO plugin. -->","yoast_head_json":{"title":"Gu\u00e9rir au volant d'une addiction \u00e0 la mise sur l'angle. - leblogmoto.com","robots":{"index":"index","follow":"follow","max-snippet":"max-snippet:-1","max-image-preview":"max-image-preview:large","max-video-preview":"max-video-preview:-1"},"canonical":"https:\/\/blogs.thesocialmedia.com\/leblogmoto\/2007\/11\/23\/gurir-au-volant\/","twitter_card":"summary_large_image","twitter_title":"Gu\u00e9rir au volant d'une addiction \u00e0 la mise sur l'angle. - leblogmoto.com","twitter_description":"Une petite photo insolite rep\u00e9r\u00e9e sur le net hier. Tout y est: le balancement du corps, le slider qui vient presque titiller la route, le cuir (visiblement neuf lui aussi), l&rsquo;int\u00e9gral &quot;personnalis\u00e9&quot;, et m\u00eame les suspensions gauches l\u00e9g\u00e8rement plus affaiss\u00e9es que celles de droites, pour ce motard qui s&rsquo;est d\u00e9barrass\u00e9 du plus g\u00eanant: la porti\u00e8re. [&hellip;]","twitter_image":"http:\/\/www.leblogmoto.com\/images\/2007\/11\/22\/moto_insolite_voiture_slider.jpg","twitter_misc":{"\u00c9crit par":"benoit rieu"},"schema":{"@context":"https:\/\/schema.org","@graph":[{"@type":"WebPage","@id":"https:\/\/blogs.thesocialmedia.com\/leblogmoto\/2007\/11\/23\/gurir-au-volant\/","url":"https:\/\/blogs.thesocialmedia.com\/leblogmoto\/2007\/11\/23\/gurir-au-volant\/","name":"Gu\u00e9rir au volant d'une addiction \u00e0 la mise sur l'angle. - leblogmoto.com","isPartOf":{"@id":"https:\/\/blogs.thesocialmedia.com\/leblogmoto\/#website"},"primaryImageOfPage":{"@id":"https:\/\/blogs.thesocialmedia.com\/leblogmoto\/2007\/11\/23\/gurir-au-volant\/#primaryimage"},"image":{"@id":"https:\/\/blogs.thesocialmedia.com\/leblogmoto\/2007\/11\/23\/gurir-au-volant\/#primaryimage"},"thumbnailUrl":"http:\/\/www.leblogmoto.com\/images\/2007\/11\/22\/moto_insolite_voiture_slider.jpg","datePublished":"2007-11-23T09:08:17+00:00","dateModified":"2012-07-11T14:56:43+00:00","author":{"@id":"https:\/\/blogs.thesocialmedia.com\/leblogmoto\/#\/schema\/person\/18bfe773e5725ed6d24f743da805362a"},"breadcrumb":{"@id":"https:\/\/blogs.thesocialmedia.com\/leblogmoto\/2007\/11\/23\/gurir-au-volant\/#breadcrumb"},"inLanguage":"fr-FR","potentialAction":[{"@type":"ReadAction","target":["https:\/\/blogs.thesocialmedia.com\/leblogmoto\/2007\/11\/23\/gurir-au-volant\/"]}]},{"@type":"ImageObject","inLanguage":"fr-FR","@id":"https:\/\/blogs.thesocialmedia.com\/leblogmoto\/2007\/11\/23\/gurir-au-volant\/#primaryimage","url":"http:\/\/www.leblogmoto.com\/images\/2007\/11\/22\/moto_insolite_voiture_slider.jpg","contentUrl":"http:\/\/www.leblogmoto.com\/images\/2007\/11\/22\/moto_insolite_voiture_slider.jpg"},{"@type":"BreadcrumbList","@id":"https:\/\/blogs.thesocialmedia.com\/leblogmoto\/2007\/11\/23\/gurir-au-volant\/#breadcrumb","itemListElement":[{"@type":"ListItem","position":1,"name":"Accueil","item":"https:\/\/blogs.thesocialmedia.com\/leblogmoto\/"},{"@type":"ListItem","position":2,"name":"Gu\u00e9rir au volant d&rsquo;une addiction \u00e0 la mise sur l&rsquo;angle."}]},{"@type":"WebSite","@id":"https:\/\/blogs.thesocialmedia.com\/leblogmoto\/#website","url":"https:\/\/blogs.thesocialmedia.com\/leblogmoto\/","name":"leblogmoto","description":"Toute l&#039;actualit\u00e9 des 2 roues","potentialAction":[{"@type":"SearchAction","target":{"@type":"EntryPoint","urlTemplate":"https:\/\/blogs.thesocialmedia.com\/leblogmoto\/?s={search_term_string}"},"query-input":{"@type":"PropertyValueSpecification","valueRequired":true,"valueName":"search_term_string"}}],"inLanguage":"fr-FR"},{"@type":"Person","@id":"https:\/\/blogs.thesocialmedia.com\/leblogmoto\/#\/schema\/person\/18bfe773e5725ed6d24f743da805362a","name":"benoit rieu","image":{"@type":"ImageObject","inLanguage":"fr-FR","@id":"https:\/\/blogs.thesocialmedia.com\/leblogmoto\/#\/schema\/person\/image\/","url":"https:\/\/secure.gravatar.com\/avatar\/?s=96&d=mm&r=g","contentUrl":"https:\/\/secure.gravatar.com\/avatar\/?s=96&d=mm&r=g","caption":"benoit rieu"},"url":"https:\/\/blogs.thesocialmedia.com\/leblogmoto\/author\/benoit-rieu\/"}]}},"_links":{"self":[{"href":"https:\/\/blogs.thesocialmedia.com\/leblogmoto\/wp-json\/wp\/v2\/posts\/1077","targetHints":{"allow":["GET"]}}],"collection":[{"href":"https:\/\/blogs.thesocialmedia.com\/leblogmoto\/wp-json\/wp\/v2\/posts"}],"about":[{"href":"https:\/\/blogs.thesocialmedia.com\/leblogmoto\/wp-json\/wp\/v2\/types\/post"}],"author":[{"embeddable":true,"href":"https:\/\/blogs.thesocialmedia.com\/leblogmoto\/wp-json\/wp\/v2\/users\/324"}],"replies":[{"embeddable":true,"href":"https:\/\/blogs.thesocialmedia.com\/leblogmoto\/wp-json\/wp\/v2\/comments?post=1077"}],"version-history":[{"count":2,"href":"https:\/\/blogs.thesocialmedia.com\/leblogmoto\/wp-json\/wp\/v2\/posts\/1077\/revisions"}],"predecessor-version":[{"id":9193,"href":"https:\/\/blogs.thesocialmedia.com\/leblogmoto\/wp-json\/wp\/v2\/posts\/1077\/revisions\/9193"}],"wp:attachment":[{"href":"https:\/\/blogs.thesocialmedia.com\/leblogmoto\/wp-json\/wp\/v2\/media?parent=1077"}],"wp:term":[{"taxonomy":"category","embeddable":true,"href":"https:\/\/blogs.thesocialmedia.com\/leblogmoto\/wp-json\/wp\/v2\/categories?post=1077"},{"taxonomy":"post_tag","embeddable":true,"href":"https:\/\/blogs.thesocialmedia.com\/leblogmoto\/wp-json\/wp\/v2\/tags?post=1077"}],"curies":[{"name":"wp","href":"https:\/\/api.w.org\/{rel}","templated":true}]}}