{"id":1078,"date":"2007-11-23T05:28:32","date_gmt":"2007-11-23T05:28:32","guid":{"rendered":"http:\/\/blogs.thesocialmedia.com\/leblogmoto\/2007\/11\/23\/album-du-vend-1-17\/"},"modified":"2012-07-11T14:56:40","modified_gmt":"2012-07-11T14:56:40","slug":"album-du-vend-1-17","status":"publish","type":"post","link":"https:\/\/blogs.thesocialmedia.com\/leblogmoto\/2007\/11\/23\/album-du-vend-1-17\/","title":{"rendered":"Album du vendredi, Steve McQueen"},"content":{"rendered":"<p><a href=\"http:\/\/blogs.thesocialmedia.com\/leblogmoto\/files\/2012\/07\/mcqueenmug1.jpg\"><img loading=\"lazy\" decoding=\"async\" width=\"470\" height=\"327\"  src=\"http:\/\/www.leblogmoto.com\/images\/2007\/11\/22\/mcqueenmug1.jpg\" alt=\"Mcqueenmug1\" \/><\/a> <\/p>\n<p>Steve McQueen devait 3 choses \u00e0 la Marine, marchande d&rsquo;abord, puis militaire, soit une exposition \u00e0 la violence, \u00e0 l&rsquo;alcool et \u00e0 l&rsquo;amiante. Ce sera cette derni\u00e8re qui l&#8217;emportera en 1980, victime d&rsquo;une forme de cancer peu connu, mais implacable, le <a href=\"http:\/\/fr.wikipedia.org\/wiki\/M%C3%A9soth%C3%A9liome\">m\u00e9soth\u00e9liome<\/a> ou cancer de l&rsquo;amiante. Foudroyante, cette maladie l&#8217;emporta en six mois, six mois qu&rsquo;il passa \u00e0 lutter, cherchant espoir aupr\u00e8s de charlatans avec leurs cures de vitamines et de lavement au caf\u00e9.<\/p>\n<p><a href=\"http:\/\/clabedan.typepad.com\/.shared\/image.html?\/photos\/uncategorized\/2007\/11\/22\/mcqueen2.jpg\"><img loading=\"lazy\" decoding=\"async\" width=\"470\" height=\"218\"  src=\"http:\/\/www.leblogmoto.com\/images\/2007\/11\/22\/mcqueen2.jpg\" alt=\"Mcqueen2\" \/><\/a> <\/p>\n<p>Il fut de cette g\u00e9n\u00e9ration du \u00ablive fast, die young\u00bb, qu&rsquo;il, \u00e0 son corps d\u00e9fendant, embrassa avec fougue du c\u00f4t\u00e9 clair comme sombre.<\/p>\n<p><a href=\"http:\/\/blogs.thesocialmedia.com\/leblogmoto\/files\/2012\/07\/mcqueen3.jpg\"><img loading=\"lazy\" decoding=\"async\" width=\"470\" height=\"208\"  src=\"http:\/\/www.leblogmoto.com\/images\/2007\/11\/22\/mcqueen3.jpg\" alt=\"Mcqueen3\" \/><\/a> <\/p>\n<p>Je pointe vers cet <a href=\"http:\/\/www.phlbi.org\/mcqueen.asp\">entretien<\/a> avec sa veuve, Barbara McQueen, o\u00f9 elle raconte justement les derniers instants de leur vie de couple. Aussi, de nos confr\u00e8res du Blog Auto (que vous ne lisez pas parce qu&rsquo;ils ont deux roues de trop), une <a href=\"http:\/\/www.leblogauto.com\/2007\/01\/steve-mcqueen.html\">courte bio<\/a> et ce r\u00e9cent article sur la nouvelle <a href=\"http:\/\/www.leblogauto.com\/2007\/11\/ford-mustang-bullitt.html\">Mustang Bullitt<\/a>. Je termine avec cette <a href=\"http:\/\/www.editions-palmier.fr\/librairie\/Tri-par-theme\/Biographies\/Bio-pilotes-pages\/mc-queen.htm\">liste<\/a> d&rsquo;ouvrages sur Steve McQueen, une id\u00e9e de cadeau pour No\u00ebl qui approche s&rsquo;y trouve peut-\u00eatre.<\/p>\n<p><a href=\"http:\/\/clabedan.typepad.com\/.shared\/image.html?\/photos\/uncategorized\/2007\/11\/22\/mcqueen4.jpg\"><img loading=\"lazy\" decoding=\"async\" width=\"470\" height=\"230\"  src=\"http:\/\/www.leblogmoto.com\/images\/2007\/11\/22\/mcqueen4.jpg\" alt=\"Mcqueen4\" \/><\/a> <\/p>\n<p><a href=\"http:\/\/blogs.thesocialmedia.com\/leblogmoto\/files\/2012\/07\/satterwhitemcqueenbike.jpg\"><img loading=\"lazy\" decoding=\"async\" width=\"470\" height=\"265\"  src=\"http:\/\/www.leblogmoto.com\/images\/2007\/11\/22\/satterwhitemcqueenbike.jpg\" alt=\"Satterwhitemcqueenbike\" \/><\/a> <\/p>\n<p><a href=\"http:\/\/blogs.thesocialmedia.com\/leblogmoto\/files\/2012\/07\/mcqueen5.jpg\"><img loading=\"lazy\" decoding=\"async\" width=\"470\" height=\"331\"  src=\"http:\/\/www.leblogmoto.com\/images\/2007\/11\/22\/mcqueen5.jpg\" alt=\"Mcqueen5\" \/><\/a> <\/p>\n","protected":false},"excerpt":{"rendered":"<p>Steve McQueen devait 3 choses \u00e0 la Marine, marchande d&rsquo;abord, puis militaire, soit une exposition \u00e0 la violence, \u00e0 l&rsquo;alcool et \u00e0 l&rsquo;amiante. Ce sera cette derni\u00e8re qui l&#8217;emportera en 1980, victime d&rsquo;une forme de cancer peu connu, mais implacable, le m\u00e9soth\u00e9liome ou cancer de l&rsquo;amiante. Foudroyante, cette maladie l&#8217;emporta en six mois, six mois [&hellip;]<\/p>\n","protected":false},"author":325,"featured_media":0,"comment_status":"open","ping_status":"open","sticky":false,"template":"","format":"standard","meta":{"footnotes":""},"categories":[17,9],"tags":[],"class_list":["post-1078","post","type-post","status-publish","format-standard","hentry","category-divers","category-historique"],"yoast_head":"<!-- This site is optimized with the Yoast SEO plugin v26.0 - https:\/\/yoast.com\/wordpress\/plugins\/seo\/ -->\n<title>Album du vendredi, Steve McQueen - leblogmoto.com<\/title>\n<meta name=\"robots\" content=\"index, follow, max-snippet:-1, max-image-preview:large, max-video-preview:-1\" \/>\n<link rel=\"canonical\" href=\"https:\/\/blogs.thesocialmedia.com\/leblogmoto\/2007\/11\/23\/album-du-vend-1-17\/\" \/>\n<meta name=\"twitter:card\" content=\"summary_large_image\" \/>\n<meta name=\"twitter:title\" content=\"Album du vendredi, Steve McQueen - leblogmoto.com\" \/>\n<meta name=\"twitter:description\" content=\"Steve McQueen devait 3 choses \u00e0 la Marine, marchande d&rsquo;abord, puis militaire, soit une exposition \u00e0 la violence, \u00e0 l&rsquo;alcool et \u00e0 l&rsquo;amiante. Ce sera cette derni\u00e8re qui l&#8217;emportera en 1980, victime d&rsquo;une forme de cancer peu connu, mais implacable, le m\u00e9soth\u00e9liome ou cancer de l&rsquo;amiante. Foudroyante, cette maladie l&#8217;emporta en six mois, six mois [&hellip;]\" \/>\n<meta name=\"twitter:image\" content=\"http:\/\/www.leblogmoto.com\/images\/2007\/11\/22\/mcqueenmug1.jpg\" \/>\n<meta name=\"twitter:label1\" content=\"\u00c9crit par\" \/>\n\t<meta name=\"twitter:data1\" content=\"jacques lesage\" \/>\n\t<meta name=\"twitter:label2\" content=\"Dur\u00e9e de lecture estim\u00e9e\" \/>\n\t<meta name=\"twitter:data2\" content=\"1 minute\" \/>\n<script type=\"application\/ld+json\" class=\"yoast-schema-graph\">{\"@context\":\"https:\/\/schema.org\",\"@graph\":[{\"@type\":\"WebPage\",\"@id\":\"https:\/\/blogs.thesocialmedia.com\/leblogmoto\/2007\/11\/23\/album-du-vend-1-17\/\",\"url\":\"https:\/\/blogs.thesocialmedia.com\/leblogmoto\/2007\/11\/23\/album-du-vend-1-17\/\",\"name\":\"Album du vendredi, Steve McQueen - leblogmoto.com\",\"isPartOf\":{\"@id\":\"https:\/\/blogs.thesocialmedia.com\/leblogmoto\/#website\"},\"primaryImageOfPage\":{\"@id\":\"https:\/\/blogs.thesocialmedia.com\/leblogmoto\/2007\/11\/23\/album-du-vend-1-17\/#primaryimage\"},\"image\":{\"@id\":\"https:\/\/blogs.thesocialmedia.com\/leblogmoto\/2007\/11\/23\/album-du-vend-1-17\/#primaryimage\"},\"thumbnailUrl\":\"http:\/\/www.leblogmoto.com\/images\/2007\/11\/22\/mcqueenmug1.jpg\",\"datePublished\":\"2007-11-23T05:28:32+00:00\",\"dateModified\":\"2012-07-11T14:56:40+00:00\",\"author\":{\"@id\":\"https:\/\/blogs.thesocialmedia.com\/leblogmoto\/#\/schema\/person\/e82a0ca8a9a63d031586097a3ed58526\"},\"breadcrumb\":{\"@id\":\"https:\/\/blogs.thesocialmedia.com\/leblogmoto\/2007\/11\/23\/album-du-vend-1-17\/#breadcrumb\"},\"inLanguage\":\"fr-FR\",\"potentialAction\":[{\"@type\":\"ReadAction\",\"target\":[\"https:\/\/blogs.thesocialmedia.com\/leblogmoto\/2007\/11\/23\/album-du-vend-1-17\/\"]}]},{\"@type\":\"ImageObject\",\"inLanguage\":\"fr-FR\",\"@id\":\"https:\/\/blogs.thesocialmedia.com\/leblogmoto\/2007\/11\/23\/album-du-vend-1-17\/#primaryimage\",\"url\":\"http:\/\/www.leblogmoto.com\/images\/2007\/11\/22\/mcqueenmug1.jpg\",\"contentUrl\":\"http:\/\/www.leblogmoto.com\/images\/2007\/11\/22\/mcqueenmug1.jpg\"},{\"@type\":\"BreadcrumbList\",\"@id\":\"https:\/\/blogs.thesocialmedia.com\/leblogmoto\/2007\/11\/23\/album-du-vend-1-17\/#breadcrumb\",\"itemListElement\":[{\"@type\":\"ListItem\",\"position\":1,\"name\":\"Accueil\",\"item\":\"https:\/\/blogs.thesocialmedia.com\/leblogmoto\/\"},{\"@type\":\"ListItem\",\"position\":2,\"name\":\"Album du vendredi, Steve McQueen\"}]},{\"@type\":\"WebSite\",\"@id\":\"https:\/\/blogs.thesocialmedia.com\/leblogmoto\/#website\",\"url\":\"https:\/\/blogs.thesocialmedia.com\/leblogmoto\/\",\"name\":\"leblogmoto\",\"description\":\"Toute l&#039;actualit\u00e9 des 2 roues\",\"potentialAction\":[{\"@type\":\"SearchAction\",\"target\":{\"@type\":\"EntryPoint\",\"urlTemplate\":\"https:\/\/blogs.thesocialmedia.com\/leblogmoto\/?s={search_term_string}\"},\"query-input\":{\"@type\":\"PropertyValueSpecification\",\"valueRequired\":true,\"valueName\":\"search_term_string\"}}],\"inLanguage\":\"fr-FR\"},{\"@type\":\"Person\",\"@id\":\"https:\/\/blogs.thesocialmedia.com\/leblogmoto\/#\/schema\/person\/e82a0ca8a9a63d031586097a3ed58526\",\"name\":\"jacques lesage\",\"image\":{\"@type\":\"ImageObject\",\"inLanguage\":\"fr-FR\",\"@id\":\"https:\/\/blogs.thesocialmedia.com\/leblogmoto\/#\/schema\/person\/image\/\",\"url\":\"https:\/\/secure.gravatar.com\/avatar\/?s=96&d=mm&r=g\",\"contentUrl\":\"https:\/\/secure.gravatar.com\/avatar\/?s=96&d=mm&r=g\",\"caption\":\"jacques lesage\"},\"url\":\"https:\/\/blogs.thesocialmedia.com\/leblogmoto\/author\/jacques-lesage\/\"}]}<\/script>\n<!-- \/ Yoast SEO plugin. -->","yoast_head_json":{"title":"Album du vendredi, Steve McQueen - leblogmoto.com","robots":{"index":"index","follow":"follow","max-snippet":"max-snippet:-1","max-image-preview":"max-image-preview:large","max-video-preview":"max-video-preview:-1"},"canonical":"https:\/\/blogs.thesocialmedia.com\/leblogmoto\/2007\/11\/23\/album-du-vend-1-17\/","twitter_card":"summary_large_image","twitter_title":"Album du vendredi, Steve McQueen - leblogmoto.com","twitter_description":"Steve McQueen devait 3 choses \u00e0 la Marine, marchande d&rsquo;abord, puis militaire, soit une exposition \u00e0 la violence, \u00e0 l&rsquo;alcool et \u00e0 l&rsquo;amiante. Ce sera cette derni\u00e8re qui l&#8217;emportera en 1980, victime d&rsquo;une forme de cancer peu connu, mais implacable, le m\u00e9soth\u00e9liome ou cancer de l&rsquo;amiante. Foudroyante, cette maladie l&#8217;emporta en six mois, six mois [&hellip;]","twitter_image":"http:\/\/www.leblogmoto.com\/images\/2007\/11\/22\/mcqueenmug1.jpg","twitter_misc":{"\u00c9crit par":"jacques lesage","Dur\u00e9e de lecture estim\u00e9e":"1 minute"},"schema":{"@context":"https:\/\/schema.org","@graph":[{"@type":"WebPage","@id":"https:\/\/blogs.thesocialmedia.com\/leblogmoto\/2007\/11\/23\/album-du-vend-1-17\/","url":"https:\/\/blogs.thesocialmedia.com\/leblogmoto\/2007\/11\/23\/album-du-vend-1-17\/","name":"Album du vendredi, Steve McQueen - leblogmoto.com","isPartOf":{"@id":"https:\/\/blogs.thesocialmedia.com\/leblogmoto\/#website"},"primaryImageOfPage":{"@id":"https:\/\/blogs.thesocialmedia.com\/leblogmoto\/2007\/11\/23\/album-du-vend-1-17\/#primaryimage"},"image":{"@id":"https:\/\/blogs.thesocialmedia.com\/leblogmoto\/2007\/11\/23\/album-du-vend-1-17\/#primaryimage"},"thumbnailUrl":"http:\/\/www.leblogmoto.com\/images\/2007\/11\/22\/mcqueenmug1.jpg","datePublished":"2007-11-23T05:28:32+00:00","dateModified":"2012-07-11T14:56:40+00:00","author":{"@id":"https:\/\/blogs.thesocialmedia.com\/leblogmoto\/#\/schema\/person\/e82a0ca8a9a63d031586097a3ed58526"},"breadcrumb":{"@id":"https:\/\/blogs.thesocialmedia.com\/leblogmoto\/2007\/11\/23\/album-du-vend-1-17\/#breadcrumb"},"inLanguage":"fr-FR","potentialAction":[{"@type":"ReadAction","target":["https:\/\/blogs.thesocialmedia.com\/leblogmoto\/2007\/11\/23\/album-du-vend-1-17\/"]}]},{"@type":"ImageObject","inLanguage":"fr-FR","@id":"https:\/\/blogs.thesocialmedia.com\/leblogmoto\/2007\/11\/23\/album-du-vend-1-17\/#primaryimage","url":"http:\/\/www.leblogmoto.com\/images\/2007\/11\/22\/mcqueenmug1.jpg","contentUrl":"http:\/\/www.leblogmoto.com\/images\/2007\/11\/22\/mcqueenmug1.jpg"},{"@type":"BreadcrumbList","@id":"https:\/\/blogs.thesocialmedia.com\/leblogmoto\/2007\/11\/23\/album-du-vend-1-17\/#breadcrumb","itemListElement":[{"@type":"ListItem","position":1,"name":"Accueil","item":"https:\/\/blogs.thesocialmedia.com\/leblogmoto\/"},{"@type":"ListItem","position":2,"name":"Album du vendredi, Steve McQueen"}]},{"@type":"WebSite","@id":"https:\/\/blogs.thesocialmedia.com\/leblogmoto\/#website","url":"https:\/\/blogs.thesocialmedia.com\/leblogmoto\/","name":"leblogmoto","description":"Toute l&#039;actualit\u00e9 des 2 roues","potentialAction":[{"@type":"SearchAction","target":{"@type":"EntryPoint","urlTemplate":"https:\/\/blogs.thesocialmedia.com\/leblogmoto\/?s={search_term_string}"},"query-input":{"@type":"PropertyValueSpecification","valueRequired":true,"valueName":"search_term_string"}}],"inLanguage":"fr-FR"},{"@type":"Person","@id":"https:\/\/blogs.thesocialmedia.com\/leblogmoto\/#\/schema\/person\/e82a0ca8a9a63d031586097a3ed58526","name":"jacques lesage","image":{"@type":"ImageObject","inLanguage":"fr-FR","@id":"https:\/\/blogs.thesocialmedia.com\/leblogmoto\/#\/schema\/person\/image\/","url":"https:\/\/secure.gravatar.com\/avatar\/?s=96&d=mm&r=g","contentUrl":"https:\/\/secure.gravatar.com\/avatar\/?s=96&d=mm&r=g","caption":"jacques lesage"},"url":"https:\/\/blogs.thesocialmedia.com\/leblogmoto\/author\/jacques-lesage\/"}]}},"_links":{"self":[{"href":"https:\/\/blogs.thesocialmedia.com\/leblogmoto\/wp-json\/wp\/v2\/posts\/1078","targetHints":{"allow":["GET"]}}],"collection":[{"href":"https:\/\/blogs.thesocialmedia.com\/leblogmoto\/wp-json\/wp\/v2\/posts"}],"about":[{"href":"https:\/\/blogs.thesocialmedia.com\/leblogmoto\/wp-json\/wp\/v2\/types\/post"}],"author":[{"embeddable":true,"href":"https:\/\/blogs.thesocialmedia.com\/leblogmoto\/wp-json\/wp\/v2\/users\/325"}],"replies":[{"embeddable":true,"href":"https:\/\/blogs.thesocialmedia.com\/leblogmoto\/wp-json\/wp\/v2\/comments?post=1078"}],"version-history":[{"count":2,"href":"https:\/\/blogs.thesocialmedia.com\/leblogmoto\/wp-json\/wp\/v2\/posts\/1078\/revisions"}],"predecessor-version":[{"id":9191,"href":"https:\/\/blogs.thesocialmedia.com\/leblogmoto\/wp-json\/wp\/v2\/posts\/1078\/revisions\/9191"}],"wp:attachment":[{"href":"https:\/\/blogs.thesocialmedia.com\/leblogmoto\/wp-json\/wp\/v2\/media?parent=1078"}],"wp:term":[{"taxonomy":"category","embeddable":true,"href":"https:\/\/blogs.thesocialmedia.com\/leblogmoto\/wp-json\/wp\/v2\/categories?post=1078"},{"taxonomy":"post_tag","embeddable":true,"href":"https:\/\/blogs.thesocialmedia.com\/leblogmoto\/wp-json\/wp\/v2\/tags?post=1078"}],"curies":[{"name":"wp","href":"https:\/\/api.w.org\/{rel}","templated":true}]}}