{"id":1079,"date":"2007-11-22T18:48:26","date_gmt":"2007-11-22T18:48:26","guid":{"rendered":"http:\/\/blogs.thesocialmedia.com\/leblogmoto\/2007\/11\/22\/photo-de-la-bio\/"},"modified":"2012-07-11T14:56:32","modified_gmt":"2012-07-11T14:56:32","slug":"photo-de-la-bio","status":"publish","type":"post","link":"https:\/\/blogs.thesocialmedia.com\/leblogmoto\/2007\/11\/22\/photo-de-la-bio\/","title":{"rendered":"Les biocarburants et la moto \u00ab\u00a0BioBike\u00a0\u00bb australienne."},"content":{"rendered":"<p><a href=\"http:\/\/blogs.thesocialmedia.com\/leblogmoto\/files\/2012\/07\/moto_bio_diesel_adelaide_2.jpg\"><img loading=\"lazy\" decoding=\"async\" width=\"470\" height=\"329\"  alt=\"Moto_bio_diesel_adelaide_2\" src=\"http:\/\/www.leblogmoto.com\/images\/2007\/11\/22\/moto_bio_diesel_adelaide_2.jpg\" \/><\/a> <\/p>\n<p>Une d\u00e9p\u00eache Reuters nous apprend aujourd&rsquo;hui que l&rsquo;avantage fiscal des biocarburants pourrait \u00eatre diminu\u00e9 de 30% dans le cadre du projet de loi de finance 2008, en d\u00e9pit de l&rsquo;engagement r\u00e9p\u00e9t\u00e9 des pouvoirs publics pour le d\u00e9veloppement de la fili\u00e8re. Au moment o\u00f9 l&rsquo;on craint pour la fiscalit\u00e9 des agrocarburants de premi\u00e8re g\u00e9n\u00e9ration, il est int\u00e9ressant de voir les solutions adopt\u00e9es ailleurs et notamment venant d&rsquo;Australie, o\u00f9 la bien nomm\u00e9e <a href=\"http:\/\/www.biobike.com.au\/\">BioBike<\/a> parcourt les salons moto&#8230; <\/p>\n<p><a href=\"http:\/\/clabedan.typepad.com\/.shared\/image.html?\/photos\/uncategorized\/2007\/11\/20\/moto_bio_bike.jpg\"><img loading=\"lazy\" decoding=\"async\" width=\"470\" height=\"550\"  alt=\"Moto_bio_bike\" src=\"http:\/\/www.leblogmoto.com\/images\/2007\/11\/20\/moto_bio_bike.jpg\" \/><\/a><\/p>\n<p>&#8230;et concourt au <a href=\"http:\/\/www.wsc.org.au\/\">Panasonic World Solar Challenge<\/a> en octobre dernier. Un &quot;solar&quot; challenge qui, signe des temps, est ouvert aux v\u00e9hicules fonctionnant aux carburants verts (avec sa cat\u00e9gorie &quot;Greenfleet technology class&quot;) et ne reste plus seulement cantonn\u00e9 aux engins aliment\u00e9s \u00e0 l&rsquo;\u00e9nergie solaire, fa\u00e7on insectes \u00e9cras\u00e9s et argent\u00e9s, comme \u00e0 l&rsquo;origine.  <\/p>\n<p>Rappelons que les biocarburants (en tout cas pour ceux de premi\u00e8re g\u00e9n\u00e9ration) sont des carburants produits \u00e0 partir de mati\u00e8res premi\u00e8res renouvelables d&rsquo;origine agricole. Ils sont de deux grands types: le bio\u00e9thanol (d\u00e9riv\u00e9s de c\u00e9r\u00e9ales et de betteraves) et, pour le cas qui nous int\u00e9resse ici, le biodiesel (produit \u00e0 partir du colza et du tournesol). <\/p>\n<p>C&rsquo;est ce dernier qui alimente la moto australienne. Un engin n\u00e9 en 2006 de la coop\u00e9ration entre sept \u00e9tudiants en ing\u00e9nierie m\u00e9canique de l&rsquo;Universit\u00e9 d&rsquo;Adela\u00efde. Ils en sont \u00e0 la deuxi\u00e8me version de la BioBike: apr\u00e8s le prototype de 2006, 2007 les a vu r\u00e9aliser une moto beaucoup mieux r\u00e9gl\u00e9e, plus puissante et consommant moins, la quadrature du cercle en m\u00e9ca en somme. <\/p>\n<p><a href=\"http:\/\/clabedan.typepad.com\/.shared\/image.html?\/photos\/uncategorized\/2007\/11\/22\/moto_bio_diesel_adelaide_originale.jpg\"><img loading=\"lazy\" decoding=\"async\" width=\"470\" height=\"352\"  src=\"http:\/\/www.leblogmoto.com\/images\/2007\/11\/22\/moto_bio_diesel_adelaide_originale.jpg\" alt=\"Moto_bio_diesel_adelaide_originale\" \/><\/a> <\/p>\n<p>Le moulbif justement, est un moteur japonais <a href=\"http:\/\/en.wikipedia.org\/wiki\/Yanmar\">Yanmar<\/a> de 400cc dans un cadre de Husaberg (les fans de Monocylindre connaissent et appr\u00e9cieront) command\u00e9 par une bo\u00eete automatique (et une CVT en plus) avec, seule ombre au tableau, deux disgracieux optiques. <\/p>\n<p>Un perfectionnement moteur qui s&rsquo;est accompagn\u00e9 d&rsquo;une autre mutation: d&rsquo;engin purement utilitaire d\u00e9di\u00e9 aux exploitations agricoles (3\u00e8me photo), la BioBike devient une moto r\u00e9pondant aux sp\u00e9cifications des routes ouvertes !<\/p>\n<p>Ah oui, elle consomme du 3,5 au 100 et a gagn\u00e9 un prix parmi d&rsquo;autres v\u00e9hicules pourtant &quot;\u00e9colo&quot; pour sa faiblesse en \u00e9mission carbone.<\/p>\n<p><em>Sources et cr\u00e9dits photos: Reuters, Autobloggreen.com, DieselBike.net et BioBike.com.au <br \/><\/em><\/p>\n","protected":false},"excerpt":{"rendered":"<p>Une d\u00e9p\u00eache Reuters nous apprend aujourd&rsquo;hui que l&rsquo;avantage fiscal des biocarburants pourrait \u00eatre diminu\u00e9 de 30% dans le cadre du projet de loi de finance 2008, en d\u00e9pit de l&rsquo;engagement r\u00e9p\u00e9t\u00e9 des pouvoirs publics pour le d\u00e9veloppement de la fili\u00e8re. Au moment o\u00f9 l&rsquo;on craint pour la fiscalit\u00e9 des agrocarburants de premi\u00e8re g\u00e9n\u00e9ration, il est [&hellip;]<\/p>\n","protected":false},"author":324,"featured_media":0,"comment_status":"open","ping_status":"open","sticky":false,"template":"","format":"standard","meta":{"footnotes":""},"categories":[30,10,36],"tags":[],"class_list":["post-1079","post","type-post","status-publish","format-standard","hentry","category-bio-carburantsvehicules-propres","category-meetings","category-salons"],"yoast_head":"<!-- This site is optimized with the Yoast SEO plugin v26.0 - https:\/\/yoast.com\/wordpress\/plugins\/seo\/ -->\n<title>Les biocarburants et la moto &quot;BioBike&quot; australienne. - leblogmoto.com<\/title>\n<meta name=\"robots\" content=\"index, follow, max-snippet:-1, max-image-preview:large, max-video-preview:-1\" \/>\n<link rel=\"canonical\" href=\"https:\/\/blogs.thesocialmedia.com\/leblogmoto\/2007\/11\/22\/photo-de-la-bio\/\" \/>\n<meta name=\"twitter:card\" content=\"summary_large_image\" \/>\n<meta name=\"twitter:title\" content=\"Les biocarburants et la moto &quot;BioBike&quot; australienne. - leblogmoto.com\" \/>\n<meta name=\"twitter:description\" content=\"Une d\u00e9p\u00eache Reuters nous apprend aujourd&rsquo;hui que l&rsquo;avantage fiscal des biocarburants pourrait \u00eatre diminu\u00e9 de 30% dans le cadre du projet de loi de finance 2008, en d\u00e9pit de l&rsquo;engagement r\u00e9p\u00e9t\u00e9 des pouvoirs publics pour le d\u00e9veloppement de la fili\u00e8re. Au moment o\u00f9 l&rsquo;on craint pour la fiscalit\u00e9 des agrocarburants de premi\u00e8re g\u00e9n\u00e9ration, il est [&hellip;]\" \/>\n<meta name=\"twitter:image\" content=\"http:\/\/www.leblogmoto.com\/images\/2007\/11\/22\/moto_bio_diesel_adelaide_2.jpg\" \/>\n<meta name=\"twitter:label1\" content=\"\u00c9crit par\" \/>\n\t<meta name=\"twitter:data1\" content=\"benoit rieu\" \/>\n\t<meta name=\"twitter:label2\" content=\"Dur\u00e9e de lecture estim\u00e9e\" \/>\n\t<meta name=\"twitter:data2\" content=\"2 minutes\" \/>\n<script type=\"application\/ld+json\" class=\"yoast-schema-graph\">{\"@context\":\"https:\/\/schema.org\",\"@graph\":[{\"@type\":\"WebPage\",\"@id\":\"https:\/\/blogs.thesocialmedia.com\/leblogmoto\/2007\/11\/22\/photo-de-la-bio\/\",\"url\":\"https:\/\/blogs.thesocialmedia.com\/leblogmoto\/2007\/11\/22\/photo-de-la-bio\/\",\"name\":\"Les biocarburants et la moto \\\"BioBike\\\" australienne. - leblogmoto.com\",\"isPartOf\":{\"@id\":\"https:\/\/blogs.thesocialmedia.com\/leblogmoto\/#website\"},\"primaryImageOfPage\":{\"@id\":\"https:\/\/blogs.thesocialmedia.com\/leblogmoto\/2007\/11\/22\/photo-de-la-bio\/#primaryimage\"},\"image\":{\"@id\":\"https:\/\/blogs.thesocialmedia.com\/leblogmoto\/2007\/11\/22\/photo-de-la-bio\/#primaryimage\"},\"thumbnailUrl\":\"http:\/\/www.leblogmoto.com\/images\/2007\/11\/22\/moto_bio_diesel_adelaide_2.jpg\",\"datePublished\":\"2007-11-22T18:48:26+00:00\",\"dateModified\":\"2012-07-11T14:56:32+00:00\",\"author\":{\"@id\":\"https:\/\/blogs.thesocialmedia.com\/leblogmoto\/#\/schema\/person\/18bfe773e5725ed6d24f743da805362a\"},\"breadcrumb\":{\"@id\":\"https:\/\/blogs.thesocialmedia.com\/leblogmoto\/2007\/11\/22\/photo-de-la-bio\/#breadcrumb\"},\"inLanguage\":\"fr-FR\",\"potentialAction\":[{\"@type\":\"ReadAction\",\"target\":[\"https:\/\/blogs.thesocialmedia.com\/leblogmoto\/2007\/11\/22\/photo-de-la-bio\/\"]}]},{\"@type\":\"ImageObject\",\"inLanguage\":\"fr-FR\",\"@id\":\"https:\/\/blogs.thesocialmedia.com\/leblogmoto\/2007\/11\/22\/photo-de-la-bio\/#primaryimage\",\"url\":\"http:\/\/www.leblogmoto.com\/images\/2007\/11\/22\/moto_bio_diesel_adelaide_2.jpg\",\"contentUrl\":\"http:\/\/www.leblogmoto.com\/images\/2007\/11\/22\/moto_bio_diesel_adelaide_2.jpg\"},{\"@type\":\"BreadcrumbList\",\"@id\":\"https:\/\/blogs.thesocialmedia.com\/leblogmoto\/2007\/11\/22\/photo-de-la-bio\/#breadcrumb\",\"itemListElement\":[{\"@type\":\"ListItem\",\"position\":1,\"name\":\"Accueil\",\"item\":\"https:\/\/blogs.thesocialmedia.com\/leblogmoto\/\"},{\"@type\":\"ListItem\",\"position\":2,\"name\":\"Les biocarburants et la moto \u00ab\u00a0BioBike\u00a0\u00bb australienne.\"}]},{\"@type\":\"WebSite\",\"@id\":\"https:\/\/blogs.thesocialmedia.com\/leblogmoto\/#website\",\"url\":\"https:\/\/blogs.thesocialmedia.com\/leblogmoto\/\",\"name\":\"leblogmoto\",\"description\":\"Toute l&#039;actualit\u00e9 des 2 roues\",\"potentialAction\":[{\"@type\":\"SearchAction\",\"target\":{\"@type\":\"EntryPoint\",\"urlTemplate\":\"https:\/\/blogs.thesocialmedia.com\/leblogmoto\/?s={search_term_string}\"},\"query-input\":{\"@type\":\"PropertyValueSpecification\",\"valueRequired\":true,\"valueName\":\"search_term_string\"}}],\"inLanguage\":\"fr-FR\"},{\"@type\":\"Person\",\"@id\":\"https:\/\/blogs.thesocialmedia.com\/leblogmoto\/#\/schema\/person\/18bfe773e5725ed6d24f743da805362a\",\"name\":\"benoit rieu\",\"image\":{\"@type\":\"ImageObject\",\"inLanguage\":\"fr-FR\",\"@id\":\"https:\/\/blogs.thesocialmedia.com\/leblogmoto\/#\/schema\/person\/image\/\",\"url\":\"https:\/\/secure.gravatar.com\/avatar\/?s=96&d=mm&r=g\",\"contentUrl\":\"https:\/\/secure.gravatar.com\/avatar\/?s=96&d=mm&r=g\",\"caption\":\"benoit rieu\"},\"url\":\"https:\/\/blogs.thesocialmedia.com\/leblogmoto\/author\/benoit-rieu\/\"}]}<\/script>\n<!-- \/ Yoast SEO plugin. -->","yoast_head_json":{"title":"Les biocarburants et la moto \"BioBike\" australienne. - leblogmoto.com","robots":{"index":"index","follow":"follow","max-snippet":"max-snippet:-1","max-image-preview":"max-image-preview:large","max-video-preview":"max-video-preview:-1"},"canonical":"https:\/\/blogs.thesocialmedia.com\/leblogmoto\/2007\/11\/22\/photo-de-la-bio\/","twitter_card":"summary_large_image","twitter_title":"Les biocarburants et la moto \"BioBike\" australienne. - leblogmoto.com","twitter_description":"Une d\u00e9p\u00eache Reuters nous apprend aujourd&rsquo;hui que l&rsquo;avantage fiscal des biocarburants pourrait \u00eatre diminu\u00e9 de 30% dans le cadre du projet de loi de finance 2008, en d\u00e9pit de l&rsquo;engagement r\u00e9p\u00e9t\u00e9 des pouvoirs publics pour le d\u00e9veloppement de la fili\u00e8re. Au moment o\u00f9 l&rsquo;on craint pour la fiscalit\u00e9 des agrocarburants de premi\u00e8re g\u00e9n\u00e9ration, il est [&hellip;]","twitter_image":"http:\/\/www.leblogmoto.com\/images\/2007\/11\/22\/moto_bio_diesel_adelaide_2.jpg","twitter_misc":{"\u00c9crit par":"benoit rieu","Dur\u00e9e de lecture estim\u00e9e":"2 minutes"},"schema":{"@context":"https:\/\/schema.org","@graph":[{"@type":"WebPage","@id":"https:\/\/blogs.thesocialmedia.com\/leblogmoto\/2007\/11\/22\/photo-de-la-bio\/","url":"https:\/\/blogs.thesocialmedia.com\/leblogmoto\/2007\/11\/22\/photo-de-la-bio\/","name":"Les biocarburants et la moto \"BioBike\" australienne. - leblogmoto.com","isPartOf":{"@id":"https:\/\/blogs.thesocialmedia.com\/leblogmoto\/#website"},"primaryImageOfPage":{"@id":"https:\/\/blogs.thesocialmedia.com\/leblogmoto\/2007\/11\/22\/photo-de-la-bio\/#primaryimage"},"image":{"@id":"https:\/\/blogs.thesocialmedia.com\/leblogmoto\/2007\/11\/22\/photo-de-la-bio\/#primaryimage"},"thumbnailUrl":"http:\/\/www.leblogmoto.com\/images\/2007\/11\/22\/moto_bio_diesel_adelaide_2.jpg","datePublished":"2007-11-22T18:48:26+00:00","dateModified":"2012-07-11T14:56:32+00:00","author":{"@id":"https:\/\/blogs.thesocialmedia.com\/leblogmoto\/#\/schema\/person\/18bfe773e5725ed6d24f743da805362a"},"breadcrumb":{"@id":"https:\/\/blogs.thesocialmedia.com\/leblogmoto\/2007\/11\/22\/photo-de-la-bio\/#breadcrumb"},"inLanguage":"fr-FR","potentialAction":[{"@type":"ReadAction","target":["https:\/\/blogs.thesocialmedia.com\/leblogmoto\/2007\/11\/22\/photo-de-la-bio\/"]}]},{"@type":"ImageObject","inLanguage":"fr-FR","@id":"https:\/\/blogs.thesocialmedia.com\/leblogmoto\/2007\/11\/22\/photo-de-la-bio\/#primaryimage","url":"http:\/\/www.leblogmoto.com\/images\/2007\/11\/22\/moto_bio_diesel_adelaide_2.jpg","contentUrl":"http:\/\/www.leblogmoto.com\/images\/2007\/11\/22\/moto_bio_diesel_adelaide_2.jpg"},{"@type":"BreadcrumbList","@id":"https:\/\/blogs.thesocialmedia.com\/leblogmoto\/2007\/11\/22\/photo-de-la-bio\/#breadcrumb","itemListElement":[{"@type":"ListItem","position":1,"name":"Accueil","item":"https:\/\/blogs.thesocialmedia.com\/leblogmoto\/"},{"@type":"ListItem","position":2,"name":"Les biocarburants et la moto \u00ab\u00a0BioBike\u00a0\u00bb australienne."}]},{"@type":"WebSite","@id":"https:\/\/blogs.thesocialmedia.com\/leblogmoto\/#website","url":"https:\/\/blogs.thesocialmedia.com\/leblogmoto\/","name":"leblogmoto","description":"Toute l&#039;actualit\u00e9 des 2 roues","potentialAction":[{"@type":"SearchAction","target":{"@type":"EntryPoint","urlTemplate":"https:\/\/blogs.thesocialmedia.com\/leblogmoto\/?s={search_term_string}"},"query-input":{"@type":"PropertyValueSpecification","valueRequired":true,"valueName":"search_term_string"}}],"inLanguage":"fr-FR"},{"@type":"Person","@id":"https:\/\/blogs.thesocialmedia.com\/leblogmoto\/#\/schema\/person\/18bfe773e5725ed6d24f743da805362a","name":"benoit rieu","image":{"@type":"ImageObject","inLanguage":"fr-FR","@id":"https:\/\/blogs.thesocialmedia.com\/leblogmoto\/#\/schema\/person\/image\/","url":"https:\/\/secure.gravatar.com\/avatar\/?s=96&d=mm&r=g","contentUrl":"https:\/\/secure.gravatar.com\/avatar\/?s=96&d=mm&r=g","caption":"benoit rieu"},"url":"https:\/\/blogs.thesocialmedia.com\/leblogmoto\/author\/benoit-rieu\/"}]}},"_links":{"self":[{"href":"https:\/\/blogs.thesocialmedia.com\/leblogmoto\/wp-json\/wp\/v2\/posts\/1079","targetHints":{"allow":["GET"]}}],"collection":[{"href":"https:\/\/blogs.thesocialmedia.com\/leblogmoto\/wp-json\/wp\/v2\/posts"}],"about":[{"href":"https:\/\/blogs.thesocialmedia.com\/leblogmoto\/wp-json\/wp\/v2\/types\/post"}],"author":[{"embeddable":true,"href":"https:\/\/blogs.thesocialmedia.com\/leblogmoto\/wp-json\/wp\/v2\/users\/324"}],"replies":[{"embeddable":true,"href":"https:\/\/blogs.thesocialmedia.com\/leblogmoto\/wp-json\/wp\/v2\/comments?post=1079"}],"version-history":[{"count":2,"href":"https:\/\/blogs.thesocialmedia.com\/leblogmoto\/wp-json\/wp\/v2\/posts\/1079\/revisions"}],"predecessor-version":[{"id":9186,"href":"https:\/\/blogs.thesocialmedia.com\/leblogmoto\/wp-json\/wp\/v2\/posts\/1079\/revisions\/9186"}],"wp:attachment":[{"href":"https:\/\/blogs.thesocialmedia.com\/leblogmoto\/wp-json\/wp\/v2\/media?parent=1079"}],"wp:term":[{"taxonomy":"category","embeddable":true,"href":"https:\/\/blogs.thesocialmedia.com\/leblogmoto\/wp-json\/wp\/v2\/categories?post=1079"},{"taxonomy":"post_tag","embeddable":true,"href":"https:\/\/blogs.thesocialmedia.com\/leblogmoto\/wp-json\/wp\/v2\/tags?post=1079"}],"curies":[{"name":"wp","href":"https:\/\/api.w.org\/{rel}","templated":true}]}}