{"id":108,"date":"2009-06-24T18:38:07","date_gmt":"2009-06-24T18:38:07","guid":{"rendered":"http:\/\/blogs.thesocialmedia.com\/leblogmoto\/2009\/06\/24\/lodeur-du-cambouis-notre-madeleine-de-proust\/"},"modified":"2012-07-11T17:31:24","modified_gmt":"2012-07-11T17:31:24","slug":"lodeur-du-cambouis-notre-madeleine-de-proust","status":"publish","type":"post","link":"https:\/\/blogs.thesocialmedia.com\/leblogmoto\/2009\/06\/24\/lodeur-du-cambouis-notre-madeleine-de-proust\/","title":{"rendered":"L&rsquo;odeur du cambouis, notre madeleine de Proust."},"content":{"rendered":"<p><a href=\"http:\/\/blogs.thesocialmedia.com\/leblogmoto\/files\/2012\/07\/6a00d83451b18369e20115703cbd77970c-popup.png\"><img decoding=\"async\" alt=\"Motos de notre enfance.\" class=\"at-xid-6a00d83451b18369e20115703cbd77970c \" src=\"http:\/\/blogs.thesocialmedia.com\/leblogmoto\/files\/2012\/07\/6a00d83451b18369e20115703cbd77970c-500wi.jpg\" \/><\/a><\/p>\n<p>C&#039;est \u00e0 un voyage&#160;sur les&#160;br\u00eales&#160;ayant jalonn\u00e9 notre vie dans l&#039;Hexagone au si\u00e8cle dernier que nous invite &quot;Motos de notre enfance&quot;,&#160;<a href=\"http:\/\/www.amazon.fr\/Motos-Notre-Enfance-Collectif\/dp\/2355300747\/ref=sr_1_1?ie=UTF8&amp;s=books&amp;qid=1245860293&amp;sr=8-1\">ouvrage collectif<\/a>&#160;publi\u00e9 chez Terres Editions. Apr\u00e8s un bref rappel des origines de la moto dont on nous dit que l&#039;appellation Motocyclette a \u00e9t\u00e9 invent\u00e9e par deux fr\u00e8res fran\u00e7ais Werner, on d\u00e9crit l&#039;histoire florissante d&#039;une industrie. Histoire&#160;qui fit &#8211; jusqu&#039;\u00e0 l&#039;entr\u00e9e en guerre &#8211; de la France, l&#039;un des tout premiers producteurs au monde de deux-roues motoris\u00e9s. Les choses changent au lendemain de la guerre, la moto fran\u00e7aise se retrouvant&#160;concurrenc\u00e9e par&#160;l&#039;automobile devenue comp\u00e9titive et \u00e0 bas prix. C&#039;est par son avatar&#160;en petite cylindr\u00e9e,&#160;que le deux-roues reviendra sur le devant de la sc\u00e8ne,&#160;gr\u00e2ce&#160;aux&#160;cyclomoteurs de Terrot, Peugeot et Motob\u00e9cane. <\/p>\n<\/p>\n<p><em> <\/em><\/p>\n<p>Les proprios de&#160;gros cubes quant \u00e0 eux&#160;restent marginaux et se&#160;rencontrent aux guidons des Anglaises, Triumph, Norton, BSA, plus rarement chez Harley. Avant que ne d\u00e9ferle, \u00e9videmment&#160;la vague japonaise dans les ann\u00e9es soixante dix. L&#039;aspect sportif n&#039;est pas mis de c\u00f4t\u00e9 puisque sont abord\u00e9 dans ce livre, les exploits de Georges Monneret tout d&#039;abord.&#160;L&#039;homme aux 499 victoires et 183* records du monde,&#160;p\u00e8re d&#039;enfant prodiges et prodigues eux aussi: Pierre et les&#160;jumeaux Jean et Philippe, ce dernier est le sponsor de notre blog.&#160;Les Patrick Pons, les Godier-Genoud&#160;et L\u00e9on-Chemarin embo\u00eeteront ensuite&#160;le pas \u00e0 Jojo-la-moto, comme on le surnommait.<\/p>\n<p><em>*personne ne s&#039;entend sur ce chiffre, Wiki parle de 183, j&#039;ai vu ailleurs 187 et m\u00eame&#160;190 sur la page d\u00e9di\u00e9e&#160;\u00e0 ses&#160;exploits.<\/em><\/p>\n","protected":false},"excerpt":{"rendered":"<p>C&#039;est \u00e0 un voyage&#160;sur les&#160;br\u00eales&#160;ayant jalonn\u00e9 notre vie dans l&#039;Hexagone au si\u00e8cle dernier que nous invite &quot;Motos de notre enfance&quot;,&#160;ouvrage collectif&#160;publi\u00e9 chez Terres Editions. Apr\u00e8s un bref rappel des origines de la moto dont on nous dit que l&#039;appellation Motocyclette a \u00e9t\u00e9 invent\u00e9e par deux fr\u00e8res fran\u00e7ais Werner, on d\u00e9crit l&#039;histoire florissante d&#039;une industrie. Histoire&#160;qui [&hellip;]<\/p>\n","protected":false},"author":324,"featured_media":13794,"comment_status":"open","ping_status":"open","sticky":false,"template":"","format":"standard","meta":{"footnotes":""},"categories":[3,9,15],"tags":[],"class_list":["post-108","post","type-post","status-publish","format-standard","has-post-thumbnail","hentry","category-actualite","category-historique","category-livres"],"yoast_head":"<!-- This site is optimized with the Yoast SEO plugin v26.0 - https:\/\/yoast.com\/wordpress\/plugins\/seo\/ -->\n<title>L&#039;odeur du cambouis, notre madeleine de Proust. - leblogmoto.com<\/title>\n<meta name=\"robots\" content=\"index, follow, max-snippet:-1, max-image-preview:large, max-video-preview:-1\" \/>\n<link rel=\"canonical\" href=\"https:\/\/blogs.thesocialmedia.com\/leblogmoto\/2009\/06\/24\/lodeur-du-cambouis-notre-madeleine-de-proust\/\" \/>\n<meta name=\"twitter:card\" content=\"summary_large_image\" \/>\n<meta name=\"twitter:title\" content=\"L&#039;odeur du cambouis, notre madeleine de Proust. - leblogmoto.com\" \/>\n<meta name=\"twitter:description\" content=\"C&#039;est \u00e0 un voyage&#160;sur les&#160;br\u00eales&#160;ayant jalonn\u00e9 notre vie dans l&#039;Hexagone au si\u00e8cle dernier que nous invite &quot;Motos de notre enfance&quot;,&#160;ouvrage collectif&#160;publi\u00e9 chez Terres Editions. Apr\u00e8s un bref rappel des origines de la moto dont on nous dit que l&#039;appellation Motocyclette a \u00e9t\u00e9 invent\u00e9e par deux fr\u00e8res fran\u00e7ais Werner, on d\u00e9crit l&#039;histoire florissante d&#039;une industrie. Histoire&#160;qui [&hellip;]\" \/>\n<meta name=\"twitter:image\" content=\"https:\/\/blogs.thesocialmedia.com\/leblogmoto\/files\/2012\/07\/6a00d83451b18369e20115703cbd77970c-500wi.jpg\" \/>\n<meta name=\"twitter:label1\" content=\"\u00c9crit par\" \/>\n\t<meta name=\"twitter:data1\" content=\"benoit rieu\" \/>\n\t<meta name=\"twitter:label2\" content=\"Dur\u00e9e de lecture estim\u00e9e\" \/>\n\t<meta name=\"twitter:data2\" content=\"1 minute\" \/>\n<script type=\"application\/ld+json\" class=\"yoast-schema-graph\">{\"@context\":\"https:\/\/schema.org\",\"@graph\":[{\"@type\":\"WebPage\",\"@id\":\"https:\/\/blogs.thesocialmedia.com\/leblogmoto\/2009\/06\/24\/lodeur-du-cambouis-notre-madeleine-de-proust\/\",\"url\":\"https:\/\/blogs.thesocialmedia.com\/leblogmoto\/2009\/06\/24\/lodeur-du-cambouis-notre-madeleine-de-proust\/\",\"name\":\"L'odeur du cambouis, notre madeleine de Proust. - leblogmoto.com\",\"isPartOf\":{\"@id\":\"https:\/\/blogs.thesocialmedia.com\/leblogmoto\/#website\"},\"primaryImageOfPage\":{\"@id\":\"https:\/\/blogs.thesocialmedia.com\/leblogmoto\/2009\/06\/24\/lodeur-du-cambouis-notre-madeleine-de-proust\/#primaryimage\"},\"image\":{\"@id\":\"https:\/\/blogs.thesocialmedia.com\/leblogmoto\/2009\/06\/24\/lodeur-du-cambouis-notre-madeleine-de-proust\/#primaryimage\"},\"thumbnailUrl\":\"https:\/\/blogs.thesocialmedia.com\/leblogmoto\/files\/2012\/07\/6a00d83451b18369e20115703cbd77970c-500wi.jpg\",\"datePublished\":\"2009-06-24T18:38:07+00:00\",\"dateModified\":\"2012-07-11T17:31:24+00:00\",\"author\":{\"@id\":\"https:\/\/blogs.thesocialmedia.com\/leblogmoto\/#\/schema\/person\/18bfe773e5725ed6d24f743da805362a\"},\"breadcrumb\":{\"@id\":\"https:\/\/blogs.thesocialmedia.com\/leblogmoto\/2009\/06\/24\/lodeur-du-cambouis-notre-madeleine-de-proust\/#breadcrumb\"},\"inLanguage\":\"fr-FR\",\"potentialAction\":[{\"@type\":\"ReadAction\",\"target\":[\"https:\/\/blogs.thesocialmedia.com\/leblogmoto\/2009\/06\/24\/lodeur-du-cambouis-notre-madeleine-de-proust\/\"]}]},{\"@type\":\"ImageObject\",\"inLanguage\":\"fr-FR\",\"@id\":\"https:\/\/blogs.thesocialmedia.com\/leblogmoto\/2009\/06\/24\/lodeur-du-cambouis-notre-madeleine-de-proust\/#primaryimage\",\"url\":\"https:\/\/blogs.thesocialmedia.com\/leblogmoto\/files\/2012\/07\/6a00d83451b18369e20115703cbd77970c-500wi.jpg\",\"contentUrl\":\"https:\/\/blogs.thesocialmedia.com\/leblogmoto\/files\/2012\/07\/6a00d83451b18369e20115703cbd77970c-500wi.jpg\",\"width\":\"500\",\"height\":\"500\"},{\"@type\":\"BreadcrumbList\",\"@id\":\"https:\/\/blogs.thesocialmedia.com\/leblogmoto\/2009\/06\/24\/lodeur-du-cambouis-notre-madeleine-de-proust\/#breadcrumb\",\"itemListElement\":[{\"@type\":\"ListItem\",\"position\":1,\"name\":\"Accueil\",\"item\":\"https:\/\/blogs.thesocialmedia.com\/leblogmoto\/\"},{\"@type\":\"ListItem\",\"position\":2,\"name\":\"L&rsquo;odeur du cambouis, notre madeleine de Proust.\"}]},{\"@type\":\"WebSite\",\"@id\":\"https:\/\/blogs.thesocialmedia.com\/leblogmoto\/#website\",\"url\":\"https:\/\/blogs.thesocialmedia.com\/leblogmoto\/\",\"name\":\"leblogmoto\",\"description\":\"Toute l&#039;actualit\u00e9 des 2 roues\",\"potentialAction\":[{\"@type\":\"SearchAction\",\"target\":{\"@type\":\"EntryPoint\",\"urlTemplate\":\"https:\/\/blogs.thesocialmedia.com\/leblogmoto\/?s={search_term_string}\"},\"query-input\":{\"@type\":\"PropertyValueSpecification\",\"valueRequired\":true,\"valueName\":\"search_term_string\"}}],\"inLanguage\":\"fr-FR\"},{\"@type\":\"Person\",\"@id\":\"https:\/\/blogs.thesocialmedia.com\/leblogmoto\/#\/schema\/person\/18bfe773e5725ed6d24f743da805362a\",\"name\":\"benoit rieu\",\"image\":{\"@type\":\"ImageObject\",\"inLanguage\":\"fr-FR\",\"@id\":\"https:\/\/blogs.thesocialmedia.com\/leblogmoto\/#\/schema\/person\/image\/\",\"url\":\"https:\/\/secure.gravatar.com\/avatar\/?s=96&d=mm&r=g\",\"contentUrl\":\"https:\/\/secure.gravatar.com\/avatar\/?s=96&d=mm&r=g\",\"caption\":\"benoit rieu\"},\"url\":\"https:\/\/blogs.thesocialmedia.com\/leblogmoto\/author\/benoit-rieu\/\"}]}<\/script>\n<!-- \/ Yoast SEO plugin. -->","yoast_head_json":{"title":"L'odeur du cambouis, notre madeleine de Proust. - leblogmoto.com","robots":{"index":"index","follow":"follow","max-snippet":"max-snippet:-1","max-image-preview":"max-image-preview:large","max-video-preview":"max-video-preview:-1"},"canonical":"https:\/\/blogs.thesocialmedia.com\/leblogmoto\/2009\/06\/24\/lodeur-du-cambouis-notre-madeleine-de-proust\/","twitter_card":"summary_large_image","twitter_title":"L'odeur du cambouis, notre madeleine de Proust. - leblogmoto.com","twitter_description":"C&#039;est \u00e0 un voyage&#160;sur les&#160;br\u00eales&#160;ayant jalonn\u00e9 notre vie dans l&#039;Hexagone au si\u00e8cle dernier que nous invite &quot;Motos de notre enfance&quot;,&#160;ouvrage collectif&#160;publi\u00e9 chez Terres Editions. Apr\u00e8s un bref rappel des origines de la moto dont on nous dit que l&#039;appellation Motocyclette a \u00e9t\u00e9 invent\u00e9e par deux fr\u00e8res fran\u00e7ais Werner, on d\u00e9crit l&#039;histoire florissante d&#039;une industrie. Histoire&#160;qui [&hellip;]","twitter_image":"https:\/\/blogs.thesocialmedia.com\/leblogmoto\/files\/2012\/07\/6a00d83451b18369e20115703cbd77970c-500wi.jpg","twitter_misc":{"\u00c9crit par":"benoit rieu","Dur\u00e9e de lecture estim\u00e9e":"1 minute"},"schema":{"@context":"https:\/\/schema.org","@graph":[{"@type":"WebPage","@id":"https:\/\/blogs.thesocialmedia.com\/leblogmoto\/2009\/06\/24\/lodeur-du-cambouis-notre-madeleine-de-proust\/","url":"https:\/\/blogs.thesocialmedia.com\/leblogmoto\/2009\/06\/24\/lodeur-du-cambouis-notre-madeleine-de-proust\/","name":"L'odeur du cambouis, notre madeleine de Proust. - leblogmoto.com","isPartOf":{"@id":"https:\/\/blogs.thesocialmedia.com\/leblogmoto\/#website"},"primaryImageOfPage":{"@id":"https:\/\/blogs.thesocialmedia.com\/leblogmoto\/2009\/06\/24\/lodeur-du-cambouis-notre-madeleine-de-proust\/#primaryimage"},"image":{"@id":"https:\/\/blogs.thesocialmedia.com\/leblogmoto\/2009\/06\/24\/lodeur-du-cambouis-notre-madeleine-de-proust\/#primaryimage"},"thumbnailUrl":"https:\/\/blogs.thesocialmedia.com\/leblogmoto\/files\/2012\/07\/6a00d83451b18369e20115703cbd77970c-500wi.jpg","datePublished":"2009-06-24T18:38:07+00:00","dateModified":"2012-07-11T17:31:24+00:00","author":{"@id":"https:\/\/blogs.thesocialmedia.com\/leblogmoto\/#\/schema\/person\/18bfe773e5725ed6d24f743da805362a"},"breadcrumb":{"@id":"https:\/\/blogs.thesocialmedia.com\/leblogmoto\/2009\/06\/24\/lodeur-du-cambouis-notre-madeleine-de-proust\/#breadcrumb"},"inLanguage":"fr-FR","potentialAction":[{"@type":"ReadAction","target":["https:\/\/blogs.thesocialmedia.com\/leblogmoto\/2009\/06\/24\/lodeur-du-cambouis-notre-madeleine-de-proust\/"]}]},{"@type":"ImageObject","inLanguage":"fr-FR","@id":"https:\/\/blogs.thesocialmedia.com\/leblogmoto\/2009\/06\/24\/lodeur-du-cambouis-notre-madeleine-de-proust\/#primaryimage","url":"https:\/\/blogs.thesocialmedia.com\/leblogmoto\/files\/2012\/07\/6a00d83451b18369e20115703cbd77970c-500wi.jpg","contentUrl":"https:\/\/blogs.thesocialmedia.com\/leblogmoto\/files\/2012\/07\/6a00d83451b18369e20115703cbd77970c-500wi.jpg","width":"500","height":"500"},{"@type":"BreadcrumbList","@id":"https:\/\/blogs.thesocialmedia.com\/leblogmoto\/2009\/06\/24\/lodeur-du-cambouis-notre-madeleine-de-proust\/#breadcrumb","itemListElement":[{"@type":"ListItem","position":1,"name":"Accueil","item":"https:\/\/blogs.thesocialmedia.com\/leblogmoto\/"},{"@type":"ListItem","position":2,"name":"L&rsquo;odeur du cambouis, notre madeleine de Proust."}]},{"@type":"WebSite","@id":"https:\/\/blogs.thesocialmedia.com\/leblogmoto\/#website","url":"https:\/\/blogs.thesocialmedia.com\/leblogmoto\/","name":"leblogmoto","description":"Toute l&#039;actualit\u00e9 des 2 roues","potentialAction":[{"@type":"SearchAction","target":{"@type":"EntryPoint","urlTemplate":"https:\/\/blogs.thesocialmedia.com\/leblogmoto\/?s={search_term_string}"},"query-input":{"@type":"PropertyValueSpecification","valueRequired":true,"valueName":"search_term_string"}}],"inLanguage":"fr-FR"},{"@type":"Person","@id":"https:\/\/blogs.thesocialmedia.com\/leblogmoto\/#\/schema\/person\/18bfe773e5725ed6d24f743da805362a","name":"benoit rieu","image":{"@type":"ImageObject","inLanguage":"fr-FR","@id":"https:\/\/blogs.thesocialmedia.com\/leblogmoto\/#\/schema\/person\/image\/","url":"https:\/\/secure.gravatar.com\/avatar\/?s=96&d=mm&r=g","contentUrl":"https:\/\/secure.gravatar.com\/avatar\/?s=96&d=mm&r=g","caption":"benoit rieu"},"url":"https:\/\/blogs.thesocialmedia.com\/leblogmoto\/author\/benoit-rieu\/"}]}},"_links":{"self":[{"href":"https:\/\/blogs.thesocialmedia.com\/leblogmoto\/wp-json\/wp\/v2\/posts\/108","targetHints":{"allow":["GET"]}}],"collection":[{"href":"https:\/\/blogs.thesocialmedia.com\/leblogmoto\/wp-json\/wp\/v2\/posts"}],"about":[{"href":"https:\/\/blogs.thesocialmedia.com\/leblogmoto\/wp-json\/wp\/v2\/types\/post"}],"author":[{"embeddable":true,"href":"https:\/\/blogs.thesocialmedia.com\/leblogmoto\/wp-json\/wp\/v2\/users\/324"}],"replies":[{"embeddable":true,"href":"https:\/\/blogs.thesocialmedia.com\/leblogmoto\/wp-json\/wp\/v2\/comments?post=108"}],"version-history":[{"count":2,"href":"https:\/\/blogs.thesocialmedia.com\/leblogmoto\/wp-json\/wp\/v2\/posts\/108\/revisions"}],"predecessor-version":[{"id":13796,"href":"https:\/\/blogs.thesocialmedia.com\/leblogmoto\/wp-json\/wp\/v2\/posts\/108\/revisions\/13796"}],"wp:featuredmedia":[{"embeddable":true,"href":"https:\/\/blogs.thesocialmedia.com\/leblogmoto\/wp-json\/wp\/v2\/media\/13794"}],"wp:attachment":[{"href":"https:\/\/blogs.thesocialmedia.com\/leblogmoto\/wp-json\/wp\/v2\/media?parent=108"}],"wp:term":[{"taxonomy":"category","embeddable":true,"href":"https:\/\/blogs.thesocialmedia.com\/leblogmoto\/wp-json\/wp\/v2\/categories?post=108"},{"taxonomy":"post_tag","embeddable":true,"href":"https:\/\/blogs.thesocialmedia.com\/leblogmoto\/wp-json\/wp\/v2\/tags?post=108"}],"curies":[{"name":"wp","href":"https:\/\/api.w.org\/{rel}","templated":true}]}}