{"id":1081,"date":"2007-11-22T04:03:25","date_gmt":"2007-11-22T04:03:25","guid":{"rendered":"http:\/\/blogs.thesocialmedia.com\/leblogmoto\/2007\/11\/22\/bonneville-2007\/"},"modified":"2012-07-11T14:56:22","modified_gmt":"2012-07-11T14:56:22","slug":"bonneville-2007","status":"publish","type":"post","link":"https:\/\/blogs.thesocialmedia.com\/leblogmoto\/2007\/11\/22\/bonneville-2007\/","title":{"rendered":"Bonneville 2007, la valse des 4 temps"},"content":{"rendered":"<p><a href=\"http:\/\/blogs.thesocialmedia.com\/leblogmoto\/files\/2012\/07\/wraith1.jpg\"><img loading=\"lazy\" decoding=\"async\" width=\"469\" height=\"214\"  src=\"http:\/\/www.leblogmoto.com\/images\/2007\/11\/21\/wraith1.jpg\" alt=\"Wraith1\" \/><\/a> <\/p>\n<p>En d\u00e9but de semaine, la F\u00e9d\u00e9ration internationale de motocyclisme (<a href=\"http:\/\/www.fim.ch\/fr\/default.asp\">FIM<\/a>) rendait publique la liste officielle des temps r\u00e9alis\u00e9s dans les diff\u00e9rentes cat\u00e9gories motos sur le lac sal\u00e9 de Bonneville en septembre dernier. Une flop\u00e9e de records ont \u00e9t\u00e9 \u00e9tablis, certains ont rat\u00e9 leur coup, d&rsquo;autres sont pass\u00e9s bien pr\u00e8s, mais comme on dit, l&rsquo;important est de participer. Et \u00e0 en croire les images qui en parviennent, \u00e7a semble \u00eatre une sacr\u00e9e aventure.<\/p>\n<p><em>photo: <a href=\"http:\/\/www.flickr.com\/photos\/tgray\/1388431310\/\">Travis Gray<\/a> <\/em><br \/><a href=\"http:\/\/clabedan.typepad.com\/.shared\/image.html?\/photos\/uncategorized\/2007\/11\/21\/travis_gray.jpg\"><img loading=\"lazy\" decoding=\"async\" width=\"470\" height=\"162\"  src=\"http:\/\/www.leblogmoto.com\/images\/2007\/11\/21\/travis_gray.jpg\" alt=\"Travis_gray\" \/><\/a> <\/p>\n<p><a href=\"http:\/\/blogs.thesocialmedia.com\/leblogmoto\/files\/2012\/07\/wraith2.jpg\"><img loading=\"lazy\" decoding=\"async\" width=\"470\" height=\"317\"  src=\"http:\/\/www.leblogmoto.com\/images\/2007\/11\/21\/wraith2.jpg\" alt=\"Wraith2\" \/><\/a> <\/p>\n<p>Je racontais en <a href=\"http:\/\/blogs.thesocialmedia.com\/leblogmoto\/files\/2012\/07\/jt-nesbitt-en-n.html_.png\">d\u00e9but de mois<\/a> l&rsquo;aventure de JT Nesbitt et du Wraith, et la vie \u00e0 fait que les deux, chacun de son cot\u00e9, Nesbitt et le Wraith, soit \u00e0 Bonneville cette ann\u00e9e. Je remets le lien vers la <a href=\"http:\/\/www.confederate.com\/confederate2\/c2-links\/multimedia.html\">section multim\u00e9dia<\/a> de Confederate, vous y trouverez les images et vid\u00e9os de leur aventure Bonneville, et sur Flickr, des centaines d&rsquo;images d&rsquo;<a href=\"http:\/\/www.flickr.com\/photos\/jettingaround\/sets\/\">Amy Jett<\/a> sur le \u00abStinkin Linkin\u00bb, dernier projet de JT Nesbitt, le barbu sur les images. Curieusement, son site, Bienville Studios, ne semble plus disponible.<\/p>\n<p><a href=\"http:\/\/clabedan.typepad.com\/.shared\/image.html?\/photos\/uncategorized\/2007\/11\/21\/exhaustman1.jpg\"><img loading=\"lazy\" decoding=\"async\" width=\"470\" height=\"352\"  src=\"http:\/\/www.leblogmoto.com\/images\/2007\/11\/21\/exhaustman1.jpg\" alt=\"Exhaustman1\" \/><\/a> <\/p>\n<p>Autre tentative int\u00e9ressante, celle du <a href=\"http:\/\/www.bikernet.com\/bonneville2007\/\">5 Ball racing team<\/a>, avec une femme au guidon.<br \/>Images par <a href=\"http:\/\/www.flickr.com\/photos\/ddexhaust\/sets\/72157602559790709\/\">Exhaust man<\/a>.<\/p>\n<p><a href=\"http:\/\/clabedan.typepad.com\/.shared\/image.html?\/photos\/uncategorized\/2007\/11\/21\/exhaustman2.jpg\"><img loading=\"lazy\" decoding=\"async\" width=\"470\" height=\"312\"  src=\"http:\/\/www.leblogmoto.com\/images\/2007\/11\/21\/exhaustman2.jpg\" alt=\"Exhaustman2\" \/><\/a> <\/p>\n<p>Pour encore <a href=\"http:\/\/www.saltflats.com\/\">plus d&rsquo;images<\/a>, voir le site du Utah Salt Flats Racing Association.<\/p>\n<p><a href=\"http:\/\/clabedan.typepad.com\/.shared\/image.html?\/photos\/uncategorized\/2007\/11\/21\/exhaustman3.jpg\"><img loading=\"lazy\" decoding=\"async\" width=\"470\" height=\"352\"  src=\"http:\/\/www.leblogmoto.com\/images\/2007\/11\/21\/exhaustman3.jpg\" alt=\"Exhaustman3\" \/><\/a> <\/p>\n","protected":false},"excerpt":{"rendered":"<p>En d\u00e9but de semaine, la F\u00e9d\u00e9ration internationale de motocyclisme (FIM) rendait publique la liste officielle des temps r\u00e9alis\u00e9s dans les diff\u00e9rentes cat\u00e9gories motos sur le lac sal\u00e9 de Bonneville en septembre dernier. Une flop\u00e9e de records ont \u00e9t\u00e9 \u00e9tablis, certains ont rat\u00e9 leur coup, d&rsquo;autres sont pass\u00e9s bien pr\u00e8s, mais comme on dit, l&rsquo;important est [&hellip;]<\/p>\n","protected":false},"author":325,"featured_media":0,"comment_status":"open","ping_status":"open","sticky":false,"template":"","format":"standard","meta":{"footnotes":""},"categories":[3,13],"tags":[],"class_list":["post-1081","post","type-post","status-publish","format-standard","hentry","category-actualite","category-aventure"],"yoast_head":"<!-- This site is optimized with the Yoast SEO plugin v26.0 - https:\/\/yoast.com\/wordpress\/plugins\/seo\/ -->\n<title>Bonneville 2007, la valse des 4 temps - leblogmoto.com<\/title>\n<meta name=\"robots\" content=\"index, follow, max-snippet:-1, max-image-preview:large, max-video-preview:-1\" \/>\n<link rel=\"canonical\" href=\"https:\/\/blogs.thesocialmedia.com\/leblogmoto\/2007\/11\/22\/bonneville-2007\/\" \/>\n<meta name=\"twitter:card\" content=\"summary_large_image\" \/>\n<meta name=\"twitter:title\" content=\"Bonneville 2007, la valse des 4 temps - leblogmoto.com\" \/>\n<meta name=\"twitter:description\" content=\"En d\u00e9but de semaine, la F\u00e9d\u00e9ration internationale de motocyclisme (FIM) rendait publique la liste officielle des temps r\u00e9alis\u00e9s dans les diff\u00e9rentes cat\u00e9gories motos sur le lac sal\u00e9 de Bonneville en septembre dernier. Une flop\u00e9e de records ont \u00e9t\u00e9 \u00e9tablis, certains ont rat\u00e9 leur coup, d&rsquo;autres sont pass\u00e9s bien pr\u00e8s, mais comme on dit, l&rsquo;important est [&hellip;]\" \/>\n<meta name=\"twitter:image\" content=\"http:\/\/www.leblogmoto.com\/images\/2007\/11\/21\/wraith1.jpg\" \/>\n<meta name=\"twitter:label1\" content=\"\u00c9crit par\" \/>\n\t<meta name=\"twitter:data1\" content=\"jacques lesage\" \/>\n\t<meta name=\"twitter:label2\" content=\"Dur\u00e9e de lecture estim\u00e9e\" \/>\n\t<meta name=\"twitter:data2\" content=\"1 minute\" \/>\n<script type=\"application\/ld+json\" class=\"yoast-schema-graph\">{\"@context\":\"https:\/\/schema.org\",\"@graph\":[{\"@type\":\"WebPage\",\"@id\":\"https:\/\/blogs.thesocialmedia.com\/leblogmoto\/2007\/11\/22\/bonneville-2007\/\",\"url\":\"https:\/\/blogs.thesocialmedia.com\/leblogmoto\/2007\/11\/22\/bonneville-2007\/\",\"name\":\"Bonneville 2007, la valse des 4 temps - leblogmoto.com\",\"isPartOf\":{\"@id\":\"https:\/\/blogs.thesocialmedia.com\/leblogmoto\/#website\"},\"primaryImageOfPage\":{\"@id\":\"https:\/\/blogs.thesocialmedia.com\/leblogmoto\/2007\/11\/22\/bonneville-2007\/#primaryimage\"},\"image\":{\"@id\":\"https:\/\/blogs.thesocialmedia.com\/leblogmoto\/2007\/11\/22\/bonneville-2007\/#primaryimage\"},\"thumbnailUrl\":\"http:\/\/www.leblogmoto.com\/images\/2007\/11\/21\/wraith1.jpg\",\"datePublished\":\"2007-11-22T04:03:25+00:00\",\"dateModified\":\"2012-07-11T14:56:22+00:00\",\"author\":{\"@id\":\"https:\/\/blogs.thesocialmedia.com\/leblogmoto\/#\/schema\/person\/e82a0ca8a9a63d031586097a3ed58526\"},\"breadcrumb\":{\"@id\":\"https:\/\/blogs.thesocialmedia.com\/leblogmoto\/2007\/11\/22\/bonneville-2007\/#breadcrumb\"},\"inLanguage\":\"fr-FR\",\"potentialAction\":[{\"@type\":\"ReadAction\",\"target\":[\"https:\/\/blogs.thesocialmedia.com\/leblogmoto\/2007\/11\/22\/bonneville-2007\/\"]}]},{\"@type\":\"ImageObject\",\"inLanguage\":\"fr-FR\",\"@id\":\"https:\/\/blogs.thesocialmedia.com\/leblogmoto\/2007\/11\/22\/bonneville-2007\/#primaryimage\",\"url\":\"http:\/\/www.leblogmoto.com\/images\/2007\/11\/21\/wraith1.jpg\",\"contentUrl\":\"http:\/\/www.leblogmoto.com\/images\/2007\/11\/21\/wraith1.jpg\"},{\"@type\":\"BreadcrumbList\",\"@id\":\"https:\/\/blogs.thesocialmedia.com\/leblogmoto\/2007\/11\/22\/bonneville-2007\/#breadcrumb\",\"itemListElement\":[{\"@type\":\"ListItem\",\"position\":1,\"name\":\"Accueil\",\"item\":\"https:\/\/blogs.thesocialmedia.com\/leblogmoto\/\"},{\"@type\":\"ListItem\",\"position\":2,\"name\":\"Bonneville 2007, la valse des 4 temps\"}]},{\"@type\":\"WebSite\",\"@id\":\"https:\/\/blogs.thesocialmedia.com\/leblogmoto\/#website\",\"url\":\"https:\/\/blogs.thesocialmedia.com\/leblogmoto\/\",\"name\":\"leblogmoto\",\"description\":\"Toute l&#039;actualit\u00e9 des 2 roues\",\"potentialAction\":[{\"@type\":\"SearchAction\",\"target\":{\"@type\":\"EntryPoint\",\"urlTemplate\":\"https:\/\/blogs.thesocialmedia.com\/leblogmoto\/?s={search_term_string}\"},\"query-input\":{\"@type\":\"PropertyValueSpecification\",\"valueRequired\":true,\"valueName\":\"search_term_string\"}}],\"inLanguage\":\"fr-FR\"},{\"@type\":\"Person\",\"@id\":\"https:\/\/blogs.thesocialmedia.com\/leblogmoto\/#\/schema\/person\/e82a0ca8a9a63d031586097a3ed58526\",\"name\":\"jacques lesage\",\"image\":{\"@type\":\"ImageObject\",\"inLanguage\":\"fr-FR\",\"@id\":\"https:\/\/blogs.thesocialmedia.com\/leblogmoto\/#\/schema\/person\/image\/\",\"url\":\"https:\/\/secure.gravatar.com\/avatar\/?s=96&d=mm&r=g\",\"contentUrl\":\"https:\/\/secure.gravatar.com\/avatar\/?s=96&d=mm&r=g\",\"caption\":\"jacques lesage\"},\"url\":\"https:\/\/blogs.thesocialmedia.com\/leblogmoto\/author\/jacques-lesage\/\"}]}<\/script>\n<!-- \/ Yoast SEO plugin. -->","yoast_head_json":{"title":"Bonneville 2007, la valse des 4 temps - leblogmoto.com","robots":{"index":"index","follow":"follow","max-snippet":"max-snippet:-1","max-image-preview":"max-image-preview:large","max-video-preview":"max-video-preview:-1"},"canonical":"https:\/\/blogs.thesocialmedia.com\/leblogmoto\/2007\/11\/22\/bonneville-2007\/","twitter_card":"summary_large_image","twitter_title":"Bonneville 2007, la valse des 4 temps - leblogmoto.com","twitter_description":"En d\u00e9but de semaine, la F\u00e9d\u00e9ration internationale de motocyclisme (FIM) rendait publique la liste officielle des temps r\u00e9alis\u00e9s dans les diff\u00e9rentes cat\u00e9gories motos sur le lac sal\u00e9 de Bonneville en septembre dernier. Une flop\u00e9e de records ont \u00e9t\u00e9 \u00e9tablis, certains ont rat\u00e9 leur coup, d&rsquo;autres sont pass\u00e9s bien pr\u00e8s, mais comme on dit, l&rsquo;important est [&hellip;]","twitter_image":"http:\/\/www.leblogmoto.com\/images\/2007\/11\/21\/wraith1.jpg","twitter_misc":{"\u00c9crit par":"jacques lesage","Dur\u00e9e de lecture estim\u00e9e":"1 minute"},"schema":{"@context":"https:\/\/schema.org","@graph":[{"@type":"WebPage","@id":"https:\/\/blogs.thesocialmedia.com\/leblogmoto\/2007\/11\/22\/bonneville-2007\/","url":"https:\/\/blogs.thesocialmedia.com\/leblogmoto\/2007\/11\/22\/bonneville-2007\/","name":"Bonneville 2007, la valse des 4 temps - leblogmoto.com","isPartOf":{"@id":"https:\/\/blogs.thesocialmedia.com\/leblogmoto\/#website"},"primaryImageOfPage":{"@id":"https:\/\/blogs.thesocialmedia.com\/leblogmoto\/2007\/11\/22\/bonneville-2007\/#primaryimage"},"image":{"@id":"https:\/\/blogs.thesocialmedia.com\/leblogmoto\/2007\/11\/22\/bonneville-2007\/#primaryimage"},"thumbnailUrl":"http:\/\/www.leblogmoto.com\/images\/2007\/11\/21\/wraith1.jpg","datePublished":"2007-11-22T04:03:25+00:00","dateModified":"2012-07-11T14:56:22+00:00","author":{"@id":"https:\/\/blogs.thesocialmedia.com\/leblogmoto\/#\/schema\/person\/e82a0ca8a9a63d031586097a3ed58526"},"breadcrumb":{"@id":"https:\/\/blogs.thesocialmedia.com\/leblogmoto\/2007\/11\/22\/bonneville-2007\/#breadcrumb"},"inLanguage":"fr-FR","potentialAction":[{"@type":"ReadAction","target":["https:\/\/blogs.thesocialmedia.com\/leblogmoto\/2007\/11\/22\/bonneville-2007\/"]}]},{"@type":"ImageObject","inLanguage":"fr-FR","@id":"https:\/\/blogs.thesocialmedia.com\/leblogmoto\/2007\/11\/22\/bonneville-2007\/#primaryimage","url":"http:\/\/www.leblogmoto.com\/images\/2007\/11\/21\/wraith1.jpg","contentUrl":"http:\/\/www.leblogmoto.com\/images\/2007\/11\/21\/wraith1.jpg"},{"@type":"BreadcrumbList","@id":"https:\/\/blogs.thesocialmedia.com\/leblogmoto\/2007\/11\/22\/bonneville-2007\/#breadcrumb","itemListElement":[{"@type":"ListItem","position":1,"name":"Accueil","item":"https:\/\/blogs.thesocialmedia.com\/leblogmoto\/"},{"@type":"ListItem","position":2,"name":"Bonneville 2007, la valse des 4 temps"}]},{"@type":"WebSite","@id":"https:\/\/blogs.thesocialmedia.com\/leblogmoto\/#website","url":"https:\/\/blogs.thesocialmedia.com\/leblogmoto\/","name":"leblogmoto","description":"Toute l&#039;actualit\u00e9 des 2 roues","potentialAction":[{"@type":"SearchAction","target":{"@type":"EntryPoint","urlTemplate":"https:\/\/blogs.thesocialmedia.com\/leblogmoto\/?s={search_term_string}"},"query-input":{"@type":"PropertyValueSpecification","valueRequired":true,"valueName":"search_term_string"}}],"inLanguage":"fr-FR"},{"@type":"Person","@id":"https:\/\/blogs.thesocialmedia.com\/leblogmoto\/#\/schema\/person\/e82a0ca8a9a63d031586097a3ed58526","name":"jacques lesage","image":{"@type":"ImageObject","inLanguage":"fr-FR","@id":"https:\/\/blogs.thesocialmedia.com\/leblogmoto\/#\/schema\/person\/image\/","url":"https:\/\/secure.gravatar.com\/avatar\/?s=96&d=mm&r=g","contentUrl":"https:\/\/secure.gravatar.com\/avatar\/?s=96&d=mm&r=g","caption":"jacques lesage"},"url":"https:\/\/blogs.thesocialmedia.com\/leblogmoto\/author\/jacques-lesage\/"}]}},"_links":{"self":[{"href":"https:\/\/blogs.thesocialmedia.com\/leblogmoto\/wp-json\/wp\/v2\/posts\/1081","targetHints":{"allow":["GET"]}}],"collection":[{"href":"https:\/\/blogs.thesocialmedia.com\/leblogmoto\/wp-json\/wp\/v2\/posts"}],"about":[{"href":"https:\/\/blogs.thesocialmedia.com\/leblogmoto\/wp-json\/wp\/v2\/types\/post"}],"author":[{"embeddable":true,"href":"https:\/\/blogs.thesocialmedia.com\/leblogmoto\/wp-json\/wp\/v2\/users\/325"}],"replies":[{"embeddable":true,"href":"https:\/\/blogs.thesocialmedia.com\/leblogmoto\/wp-json\/wp\/v2\/comments?post=1081"}],"version-history":[{"count":2,"href":"https:\/\/blogs.thesocialmedia.com\/leblogmoto\/wp-json\/wp\/v2\/posts\/1081\/revisions"}],"predecessor-version":[{"id":9181,"href":"https:\/\/blogs.thesocialmedia.com\/leblogmoto\/wp-json\/wp\/v2\/posts\/1081\/revisions\/9181"}],"wp:attachment":[{"href":"https:\/\/blogs.thesocialmedia.com\/leblogmoto\/wp-json\/wp\/v2\/media?parent=1081"}],"wp:term":[{"taxonomy":"category","embeddable":true,"href":"https:\/\/blogs.thesocialmedia.com\/leblogmoto\/wp-json\/wp\/v2\/categories?post=1081"},{"taxonomy":"post_tag","embeddable":true,"href":"https:\/\/blogs.thesocialmedia.com\/leblogmoto\/wp-json\/wp\/v2\/tags?post=1081"}],"curies":[{"name":"wp","href":"https:\/\/api.w.org\/{rel}","templated":true}]}}