{"id":1083,"date":"2007-11-20T17:45:19","date_gmt":"2007-11-20T17:45:19","guid":{"rendered":"http:\/\/blogs.thesocialmedia.com\/leblogmoto\/2007\/11\/20\/nouvelle-infrac\/"},"modified":"2012-07-11T14:56:11","modified_gmt":"2012-07-11T14:56:11","slug":"nouvelle-infrac","status":"publish","type":"post","link":"https:\/\/blogs.thesocialmedia.com\/leblogmoto\/2007\/11\/20\/nouvelle-infrac\/","title":{"rendered":"Nouvelle infraction contre le trafic de points du permis."},"content":{"rendered":"<p><a href=\"http:\/\/blogs.thesocialmedia.com\/leblogmoto\/files\/2012\/07\/moto_contrles_routiers.jpg\"><img loading=\"lazy\" decoding=\"async\" width=\"470\" height=\"310\"  src=\"http:\/\/www.leblogmoto.com\/images\/2007\/11\/20\/moto_contrles_routiers.jpg\" alt=\"Moto_contrles_routiers\" \/><\/a> <\/p>\n<p>Jusqu&rsquo;\u00e0 pr\u00e9sent il \u00e9tait ais\u00e9 pour une personne d\u00e9termin\u00e9e d&rsquo;en trouver une autre qui prendra \u00e0 sa charge un retrait de points, contre r\u00e9mun\u00e9ration. Par la cr\u00e9ation <em>ex nihilo<\/em> avant la fin de l&rsquo;ann\u00e9e d&rsquo;une infraction sp\u00e9cifique, le Minist\u00e8re de l&rsquo;Int\u00e9rieur cherche \u00e0 contrecarrer ce fructueux trafic*. Le manquement \u00e0 cette future qualification l\u00e9gale, punissant la vente ou l&rsquo;achat de points en ligne, sera frapp\u00e9 d&rsquo;une peine de 3 ans de prison. Alors que le panel de sanctions dans l&rsquo;arsenal actuel existe d\u00e9j\u00e0.<\/p>\n<p>En effet, si la r\u00e9pression de ce march\u00e9 ill\u00e9gal est tout \u00e0 fait l\u00e9gitime, c&rsquo;est une v\u00e9ritable &quot;peur \u00e0 l&rsquo;incrimination&quot; qui se pr\u00e9pare: puisqu&rsquo;existent d\u00e9j\u00e0 pour r\u00e9pondre \u00e0 cela les d\u00e9lits de faux t\u00e9moignage, d&rsquo;usage de faux et la d\u00e9nonciation calomnieuse. Pouvant pour certain d&rsquo;entre eux (et en th\u00e9orie) \u00eatre puni d&rsquo;une peine maximale de 3 ans de prison et de 45.000 \u20ac d&rsquo;amende.<\/p>\n<p>Cependant 01net.com pr\u00e9cise que, d\u00e9j\u00e0, au sein m\u00eame de ces forums, tels que Kijiji.fr (une filiale d&rsquo;Ebay), on commence \u00e0 prendre la mesure du ph\u00e9nom\u00e8ne. La responsabilit\u00e9 de l&rsquo;h\u00e9bergeur peut en effet \u00eatre engag\u00e9e, les mod\u00e9rateurs de nombreux de ces sites en question sont ainsi appel\u00e9s \u00e0 la vigilance.<\/p>\n<p>Constatons encore l&rsquo;agitation actuelle et le buzz m\u00e9diatique autour du permis \u00e0 points, qui donne libre cours \u00e0 des annonces s\u00e9rieuses comme ici, ou \u00e0 des <a href=\"http:\/\/www.leblogmoto.com\/2007\/11\/consultation-de.html\">hoaxes<\/a>. Enfin, petit rappel: le site de la S\u00e9curit\u00e9 Routi\u00e8re avec <a href=\"http:\/\/www.securiteroutiere.equipement.gouv.fr\/infos-ref\/regles\/csa\/csa.html\">la carte et la liste des radars fixes<\/a> par r\u00e9gion, r\u00e9guli\u00e8rement mis \u00e0 jour ainsi qu&rsquo;une fiche pratique pour contester une contravention, si vous estimez avoir \u00e9t\u00e9 l\u00e9s\u00e9. Et la meilleure arme en amont: la prudence au guidon, et la poign\u00e9e dans le coin de pr\u00e9f\u00e9rence, sur le circuit.<\/p>\n<p><em>*sur certains forums le point de permis est factur\u00e9 de 150 \u00e0 500 \u20ac (!).<\/em><\/p>\n<p><em>cr\u00e9dit photo: m6info.fr<\/p>\n<p>source: <a href=\"http:\/\/www.01net.com\/editorial\/364869\/le-gouvernement-veut-eradiquer-le-trafic-de-points-du-permis\/\">01net.com<\/a><br \/> <\/em><\/p>\n","protected":false},"excerpt":{"rendered":"<p>Jusqu&rsquo;\u00e0 pr\u00e9sent il \u00e9tait ais\u00e9 pour une personne d\u00e9termin\u00e9e d&rsquo;en trouver une autre qui prendra \u00e0 sa charge un retrait de points, contre r\u00e9mun\u00e9ration. Par la cr\u00e9ation ex nihilo avant la fin de l&rsquo;ann\u00e9e d&rsquo;une infraction sp\u00e9cifique, le Minist\u00e8re de l&rsquo;Int\u00e9rieur cherche \u00e0 contrecarrer ce fructueux trafic*. Le manquement \u00e0 cette future qualification l\u00e9gale, punissant [&hellip;]<\/p>\n","protected":false},"author":324,"featured_media":0,"comment_status":"open","ping_status":"open","sticky":false,"template":"","format":"standard","meta":{"footnotes":""},"categories":[3,27,78],"tags":[],"class_list":["post-1083","post","type-post","status-publish","format-standard","hentry","category-actualite","category-securite","category-tuyaux-et-astuces"],"yoast_head":"<!-- This site is optimized with the Yoast SEO plugin v26.0 - https:\/\/yoast.com\/wordpress\/plugins\/seo\/ -->\n<title>Nouvelle infraction contre le trafic de points du permis. - leblogmoto.com<\/title>\n<meta name=\"robots\" content=\"index, follow, max-snippet:-1, max-image-preview:large, max-video-preview:-1\" \/>\n<link rel=\"canonical\" href=\"https:\/\/blogs.thesocialmedia.com\/leblogmoto\/2007\/11\/20\/nouvelle-infrac\/\" \/>\n<meta name=\"twitter:card\" content=\"summary_large_image\" \/>\n<meta name=\"twitter:title\" content=\"Nouvelle infraction contre le trafic de points du permis. - leblogmoto.com\" \/>\n<meta name=\"twitter:description\" content=\"Jusqu&rsquo;\u00e0 pr\u00e9sent il \u00e9tait ais\u00e9 pour une personne d\u00e9termin\u00e9e d&rsquo;en trouver une autre qui prendra \u00e0 sa charge un retrait de points, contre r\u00e9mun\u00e9ration. Par la cr\u00e9ation ex nihilo avant la fin de l&rsquo;ann\u00e9e d&rsquo;une infraction sp\u00e9cifique, le Minist\u00e8re de l&rsquo;Int\u00e9rieur cherche \u00e0 contrecarrer ce fructueux trafic*. Le manquement \u00e0 cette future qualification l\u00e9gale, punissant [&hellip;]\" \/>\n<meta name=\"twitter:image\" content=\"http:\/\/www.leblogmoto.com\/images\/2007\/11\/20\/moto_contrles_routiers.jpg\" \/>\n<meta name=\"twitter:label1\" content=\"\u00c9crit par\" \/>\n\t<meta name=\"twitter:data1\" content=\"benoit rieu\" \/>\n\t<meta name=\"twitter:label2\" content=\"Dur\u00e9e de lecture estim\u00e9e\" \/>\n\t<meta name=\"twitter:data2\" content=\"2 minutes\" \/>\n<script type=\"application\/ld+json\" class=\"yoast-schema-graph\">{\"@context\":\"https:\/\/schema.org\",\"@graph\":[{\"@type\":\"WebPage\",\"@id\":\"https:\/\/blogs.thesocialmedia.com\/leblogmoto\/2007\/11\/20\/nouvelle-infrac\/\",\"url\":\"https:\/\/blogs.thesocialmedia.com\/leblogmoto\/2007\/11\/20\/nouvelle-infrac\/\",\"name\":\"Nouvelle infraction contre le trafic de points du permis. - leblogmoto.com\",\"isPartOf\":{\"@id\":\"https:\/\/blogs.thesocialmedia.com\/leblogmoto\/#website\"},\"primaryImageOfPage\":{\"@id\":\"https:\/\/blogs.thesocialmedia.com\/leblogmoto\/2007\/11\/20\/nouvelle-infrac\/#primaryimage\"},\"image\":{\"@id\":\"https:\/\/blogs.thesocialmedia.com\/leblogmoto\/2007\/11\/20\/nouvelle-infrac\/#primaryimage\"},\"thumbnailUrl\":\"http:\/\/www.leblogmoto.com\/images\/2007\/11\/20\/moto_contrles_routiers.jpg\",\"datePublished\":\"2007-11-20T17:45:19+00:00\",\"dateModified\":\"2012-07-11T14:56:11+00:00\",\"author\":{\"@id\":\"https:\/\/blogs.thesocialmedia.com\/leblogmoto\/#\/schema\/person\/18bfe773e5725ed6d24f743da805362a\"},\"breadcrumb\":{\"@id\":\"https:\/\/blogs.thesocialmedia.com\/leblogmoto\/2007\/11\/20\/nouvelle-infrac\/#breadcrumb\"},\"inLanguage\":\"fr-FR\",\"potentialAction\":[{\"@type\":\"ReadAction\",\"target\":[\"https:\/\/blogs.thesocialmedia.com\/leblogmoto\/2007\/11\/20\/nouvelle-infrac\/\"]}]},{\"@type\":\"ImageObject\",\"inLanguage\":\"fr-FR\",\"@id\":\"https:\/\/blogs.thesocialmedia.com\/leblogmoto\/2007\/11\/20\/nouvelle-infrac\/#primaryimage\",\"url\":\"http:\/\/www.leblogmoto.com\/images\/2007\/11\/20\/moto_contrles_routiers.jpg\",\"contentUrl\":\"http:\/\/www.leblogmoto.com\/images\/2007\/11\/20\/moto_contrles_routiers.jpg\"},{\"@type\":\"BreadcrumbList\",\"@id\":\"https:\/\/blogs.thesocialmedia.com\/leblogmoto\/2007\/11\/20\/nouvelle-infrac\/#breadcrumb\",\"itemListElement\":[{\"@type\":\"ListItem\",\"position\":1,\"name\":\"Accueil\",\"item\":\"https:\/\/blogs.thesocialmedia.com\/leblogmoto\/\"},{\"@type\":\"ListItem\",\"position\":2,\"name\":\"Nouvelle infraction contre le trafic de points du permis.\"}]},{\"@type\":\"WebSite\",\"@id\":\"https:\/\/blogs.thesocialmedia.com\/leblogmoto\/#website\",\"url\":\"https:\/\/blogs.thesocialmedia.com\/leblogmoto\/\",\"name\":\"leblogmoto\",\"description\":\"Toute l&#039;actualit\u00e9 des 2 roues\",\"potentialAction\":[{\"@type\":\"SearchAction\",\"target\":{\"@type\":\"EntryPoint\",\"urlTemplate\":\"https:\/\/blogs.thesocialmedia.com\/leblogmoto\/?s={search_term_string}\"},\"query-input\":{\"@type\":\"PropertyValueSpecification\",\"valueRequired\":true,\"valueName\":\"search_term_string\"}}],\"inLanguage\":\"fr-FR\"},{\"@type\":\"Person\",\"@id\":\"https:\/\/blogs.thesocialmedia.com\/leblogmoto\/#\/schema\/person\/18bfe773e5725ed6d24f743da805362a\",\"name\":\"benoit rieu\",\"image\":{\"@type\":\"ImageObject\",\"inLanguage\":\"fr-FR\",\"@id\":\"https:\/\/blogs.thesocialmedia.com\/leblogmoto\/#\/schema\/person\/image\/\",\"url\":\"https:\/\/secure.gravatar.com\/avatar\/?s=96&d=mm&r=g\",\"contentUrl\":\"https:\/\/secure.gravatar.com\/avatar\/?s=96&d=mm&r=g\",\"caption\":\"benoit rieu\"},\"url\":\"https:\/\/blogs.thesocialmedia.com\/leblogmoto\/author\/benoit-rieu\/\"}]}<\/script>\n<!-- \/ Yoast SEO plugin. -->","yoast_head_json":{"title":"Nouvelle infraction contre le trafic de points du permis. - leblogmoto.com","robots":{"index":"index","follow":"follow","max-snippet":"max-snippet:-1","max-image-preview":"max-image-preview:large","max-video-preview":"max-video-preview:-1"},"canonical":"https:\/\/blogs.thesocialmedia.com\/leblogmoto\/2007\/11\/20\/nouvelle-infrac\/","twitter_card":"summary_large_image","twitter_title":"Nouvelle infraction contre le trafic de points du permis. - leblogmoto.com","twitter_description":"Jusqu&rsquo;\u00e0 pr\u00e9sent il \u00e9tait ais\u00e9 pour une personne d\u00e9termin\u00e9e d&rsquo;en trouver une autre qui prendra \u00e0 sa charge un retrait de points, contre r\u00e9mun\u00e9ration. Par la cr\u00e9ation ex nihilo avant la fin de l&rsquo;ann\u00e9e d&rsquo;une infraction sp\u00e9cifique, le Minist\u00e8re de l&rsquo;Int\u00e9rieur cherche \u00e0 contrecarrer ce fructueux trafic*. Le manquement \u00e0 cette future qualification l\u00e9gale, punissant [&hellip;]","twitter_image":"http:\/\/www.leblogmoto.com\/images\/2007\/11\/20\/moto_contrles_routiers.jpg","twitter_misc":{"\u00c9crit par":"benoit rieu","Dur\u00e9e de lecture estim\u00e9e":"2 minutes"},"schema":{"@context":"https:\/\/schema.org","@graph":[{"@type":"WebPage","@id":"https:\/\/blogs.thesocialmedia.com\/leblogmoto\/2007\/11\/20\/nouvelle-infrac\/","url":"https:\/\/blogs.thesocialmedia.com\/leblogmoto\/2007\/11\/20\/nouvelle-infrac\/","name":"Nouvelle infraction contre le trafic de points du permis. - leblogmoto.com","isPartOf":{"@id":"https:\/\/blogs.thesocialmedia.com\/leblogmoto\/#website"},"primaryImageOfPage":{"@id":"https:\/\/blogs.thesocialmedia.com\/leblogmoto\/2007\/11\/20\/nouvelle-infrac\/#primaryimage"},"image":{"@id":"https:\/\/blogs.thesocialmedia.com\/leblogmoto\/2007\/11\/20\/nouvelle-infrac\/#primaryimage"},"thumbnailUrl":"http:\/\/www.leblogmoto.com\/images\/2007\/11\/20\/moto_contrles_routiers.jpg","datePublished":"2007-11-20T17:45:19+00:00","dateModified":"2012-07-11T14:56:11+00:00","author":{"@id":"https:\/\/blogs.thesocialmedia.com\/leblogmoto\/#\/schema\/person\/18bfe773e5725ed6d24f743da805362a"},"breadcrumb":{"@id":"https:\/\/blogs.thesocialmedia.com\/leblogmoto\/2007\/11\/20\/nouvelle-infrac\/#breadcrumb"},"inLanguage":"fr-FR","potentialAction":[{"@type":"ReadAction","target":["https:\/\/blogs.thesocialmedia.com\/leblogmoto\/2007\/11\/20\/nouvelle-infrac\/"]}]},{"@type":"ImageObject","inLanguage":"fr-FR","@id":"https:\/\/blogs.thesocialmedia.com\/leblogmoto\/2007\/11\/20\/nouvelle-infrac\/#primaryimage","url":"http:\/\/www.leblogmoto.com\/images\/2007\/11\/20\/moto_contrles_routiers.jpg","contentUrl":"http:\/\/www.leblogmoto.com\/images\/2007\/11\/20\/moto_contrles_routiers.jpg"},{"@type":"BreadcrumbList","@id":"https:\/\/blogs.thesocialmedia.com\/leblogmoto\/2007\/11\/20\/nouvelle-infrac\/#breadcrumb","itemListElement":[{"@type":"ListItem","position":1,"name":"Accueil","item":"https:\/\/blogs.thesocialmedia.com\/leblogmoto\/"},{"@type":"ListItem","position":2,"name":"Nouvelle infraction contre le trafic de points du permis."}]},{"@type":"WebSite","@id":"https:\/\/blogs.thesocialmedia.com\/leblogmoto\/#website","url":"https:\/\/blogs.thesocialmedia.com\/leblogmoto\/","name":"leblogmoto","description":"Toute l&#039;actualit\u00e9 des 2 roues","potentialAction":[{"@type":"SearchAction","target":{"@type":"EntryPoint","urlTemplate":"https:\/\/blogs.thesocialmedia.com\/leblogmoto\/?s={search_term_string}"},"query-input":{"@type":"PropertyValueSpecification","valueRequired":true,"valueName":"search_term_string"}}],"inLanguage":"fr-FR"},{"@type":"Person","@id":"https:\/\/blogs.thesocialmedia.com\/leblogmoto\/#\/schema\/person\/18bfe773e5725ed6d24f743da805362a","name":"benoit rieu","image":{"@type":"ImageObject","inLanguage":"fr-FR","@id":"https:\/\/blogs.thesocialmedia.com\/leblogmoto\/#\/schema\/person\/image\/","url":"https:\/\/secure.gravatar.com\/avatar\/?s=96&d=mm&r=g","contentUrl":"https:\/\/secure.gravatar.com\/avatar\/?s=96&d=mm&r=g","caption":"benoit rieu"},"url":"https:\/\/blogs.thesocialmedia.com\/leblogmoto\/author\/benoit-rieu\/"}]}},"_links":{"self":[{"href":"https:\/\/blogs.thesocialmedia.com\/leblogmoto\/wp-json\/wp\/v2\/posts\/1083","targetHints":{"allow":["GET"]}}],"collection":[{"href":"https:\/\/blogs.thesocialmedia.com\/leblogmoto\/wp-json\/wp\/v2\/posts"}],"about":[{"href":"https:\/\/blogs.thesocialmedia.com\/leblogmoto\/wp-json\/wp\/v2\/types\/post"}],"author":[{"embeddable":true,"href":"https:\/\/blogs.thesocialmedia.com\/leblogmoto\/wp-json\/wp\/v2\/users\/324"}],"replies":[{"embeddable":true,"href":"https:\/\/blogs.thesocialmedia.com\/leblogmoto\/wp-json\/wp\/v2\/comments?post=1083"}],"version-history":[{"count":2,"href":"https:\/\/blogs.thesocialmedia.com\/leblogmoto\/wp-json\/wp\/v2\/posts\/1083\/revisions"}],"predecessor-version":[{"id":9173,"href":"https:\/\/blogs.thesocialmedia.com\/leblogmoto\/wp-json\/wp\/v2\/posts\/1083\/revisions\/9173"}],"wp:attachment":[{"href":"https:\/\/blogs.thesocialmedia.com\/leblogmoto\/wp-json\/wp\/v2\/media?parent=1083"}],"wp:term":[{"taxonomy":"category","embeddable":true,"href":"https:\/\/blogs.thesocialmedia.com\/leblogmoto\/wp-json\/wp\/v2\/categories?post=1083"},{"taxonomy":"post_tag","embeddable":true,"href":"https:\/\/blogs.thesocialmedia.com\/leblogmoto\/wp-json\/wp\/v2\/tags?post=1083"}],"curies":[{"name":"wp","href":"https:\/\/api.w.org\/{rel}","templated":true}]}}