{"id":1086,"date":"2007-11-18T21:49:56","date_gmt":"2007-11-18T21:49:56","guid":{"rendered":"http:\/\/blogs.thesocialmedia.com\/leblogmoto\/2007\/11\/18\/jay-leno-ouvre\/"},"modified":"2012-07-11T14:56:00","modified_gmt":"2012-07-11T14:56:00","slug":"jay-leno-ouvre","status":"publish","type":"post","link":"https:\/\/blogs.thesocialmedia.com\/leblogmoto\/2007\/11\/18\/jay-leno-ouvre\/","title":{"rendered":"Jay Leno ouvre les portes de son garage"},"content":{"rendered":"<p><a href=\"http:\/\/blogs.thesocialmedia.com\/leblogmoto\/files\/2012\/07\/lenoj1.jpg\"><img loading=\"lazy\" decoding=\"async\" width=\"470\" height=\"131\"  src=\"http:\/\/www.leblogmoto.com\/images\/2007\/11\/18\/lenoj1.jpg\" alt=\"Lenoj1\" \/><\/a> <\/p>\n<p><a href=\"http:\/\/en.wikipedia.org\/wiki\/Jay_leno\">Jay Leno<\/a>, pour qui ne le conna\u00eetrait pas, est une figure importante du monde de la t\u00e9l\u00e9 am\u00e9ricaine. Il rempla\u00e7ait en 1992 Johnny Carson \u00e0 la barre du <a href=\"http:\/\/www.nbc.com\/The_Tonight_Show_with_Jay_Leno\/\">The Tonight Show<\/a>, une \u00e9mission de fin de soir\u00e9e recevant les vedettes de l&rsquo;heure.<\/p>\n<p><a href=\"http:\/\/clabedan.typepad.com\/.shared\/image.html?\/photos\/uncategorized\/2007\/11\/18\/lenoocc.jpg\"><img loading=\"lazy\" decoding=\"async\" width=\"470\" height=\"352\"  src=\"http:\/\/www.leblogmoto.com\/images\/2007\/11\/18\/lenoocc.jpg\" alt=\"Lenoocc\" \/><\/a> <\/p>\n<p>Mais ce qui nous int\u00e9resse ici, est plut\u00f4t son passe-temps. Passionn\u00e9 de voitures et motos anciennes, il aurait une collection de plus de 3000 v\u00e9hicules. Rien de surprenant alors que <a href=\"http:\/\/www.discoverychannel.co.uk\/best_of\/americanchopper\/leno\/index.shtml\">certains<\/a> cherchent \u00e0 tirer profit de sa popularit\u00e9. Ainsi, <a href=\"http:\/\/www.jaylenosgarage.com\/cars\/Can-Am_shell.shtml\">le premier Spyder<\/a> \u00e0 sortir de la cha\u00eene de montage a \u00e9t\u00e9 destin\u00e9 \u00e0 Jay leno. Beau coup de pub, car le march\u00e9 californien est un des plus importants pour un v\u00e9hicule comme le Spyder. Pas \u00e9tonnant non plus qu&rsquo;une bonne partie des images publicitaires de l&rsquo;engin aient \u00e9t\u00e9 prises en Californie.<\/p>\n<p>Mais retournons dans le garage de monsieur Leno. Sur son site, car il a \u00e9videmment un <a href=\"http:\/\/www.jaylenosgarage.com\/index.shtml\">site web<\/a> bien touffu, il met de l&rsquo;avant certains v\u00e9hicules, des vid\u00e9os et galeries d&rsquo;images sont aussi disponibles pour le plus grand b\u00e9n\u00e9fice de ses admirateurs. V\u00e9ritable petite entreprise en elle-m\u00eame, <a href=\"http:\/\/www.latimes.com\/classified\/automotive\/highway1\/la-hy-throttle7nov07,0,3256566.story?coll=la-highway1-reviews-motorcycle\">son garage<\/a> avec ses employ\u00e9s permanent et sa technologie de pointe semble \u00eatre un r\u00eave d&rsquo;enfant devenu r\u00e9alit\u00e9.<\/p>\n<p><a href=\"http:\/\/clabedan.typepad.com\/.shared\/image.html?\/photos\/uncategorized\/2007\/11\/18\/lenobis1.jpg\"><img loading=\"lazy\" decoding=\"async\" width=\"470\" height=\"211\"  src=\"http:\/\/www.leblogmoto.com\/images\/2007\/11\/18\/lenobis1.jpg\" alt=\"Lenobis1\" \/><\/a> <br \/><a href=\"http:\/\/americanhistory.si.edu\/onthemove\/themes\/story_54_2.html\"><em>Pope Motorcycle 1918<\/em><\/a><\/p>\n<p><em><a href=\"http:\/\/clabedan.typepad.com\/.shared\/image.html?\/photos\/uncategorized\/2007\/11\/18\/lenobis2.jpg\"><img loading=\"lazy\" decoding=\"async\" width=\"470\" height=\"181\"  src=\"http:\/\/www.leblogmoto.com\/images\/2007\/11\/18\/lenobis2.jpg\" alt=\"Lenobis2\" \/><\/a> <br \/><a href=\"http:\/\/www.chromeclassics.com\/1927_Harley_Davidson_JD_CA.html\">Harley-Davidson JD 1927<\/a> <\/em><\/p>\n<p><a href=\"http:\/\/clabedan.typepad.com\/.shared\/image.html?\/photos\/uncategorized\/2007\/11\/18\/lenobis3.jpg\"><img loading=\"lazy\" decoding=\"async\" width=\"470\" height=\"212\"  src=\"http:\/\/www.leblogmoto.com\/images\/2007\/11\/18\/lenobis3.jpg\" alt=\"Lenobis3\" \/><\/a> <br \/><a href=\"http:\/\/zamm.home.att.net\/Bike.htm\"><em>Honda 305 SuperHawk<\/em><\/a><\/p>\n<p><a href=\"http:\/\/clabedan.typepad.com\/.shared\/image.html?\/photos\/uncategorized\/2007\/11\/18\/lenobis4.jpg\"><img loading=\"lazy\" decoding=\"async\" width=\"470\" height=\"211\"  src=\"http:\/\/www.leblogmoto.com\/images\/2007\/11\/18\/lenobis4.jpg\" alt=\"Lenobis4\" \/><\/a> <br \/><a href=\"http:\/\/www.vincentmotors.com\/\"><em>Vincent Black Shadow<\/em><\/a><\/p>\n","protected":false},"excerpt":{"rendered":"<p>Jay Leno, pour qui ne le conna\u00eetrait pas, est une figure importante du monde de la t\u00e9l\u00e9 am\u00e9ricaine. Il rempla\u00e7ait en 1992 Johnny Carson \u00e0 la barre du The Tonight Show, une \u00e9mission de fin de soir\u00e9e recevant les vedettes de l&rsquo;heure. Mais ce qui nous int\u00e9resse ici, est plut\u00f4t son passe-temps. Passionn\u00e9 de voitures [&hellip;]<\/p>\n","protected":false},"author":325,"featured_media":0,"comment_status":"open","ping_status":"open","sticky":false,"template":"","format":"standard","meta":{"footnotes":""},"categories":[38,9,12],"tags":[],"class_list":["post-1086","post","type-post","status-publish","format-standard","hentry","category-atelier","category-historique","category-videos"],"yoast_head":"<!-- This site is optimized with the Yoast SEO plugin v26.0 - https:\/\/yoast.com\/wordpress\/plugins\/seo\/ -->\n<title>Jay Leno ouvre les portes de son garage - leblogmoto.com<\/title>\n<meta name=\"robots\" content=\"index, follow, max-snippet:-1, max-image-preview:large, max-video-preview:-1\" \/>\n<link rel=\"canonical\" href=\"https:\/\/blogs.thesocialmedia.com\/leblogmoto\/2007\/11\/18\/jay-leno-ouvre\/\" \/>\n<meta name=\"twitter:card\" content=\"summary_large_image\" \/>\n<meta name=\"twitter:title\" content=\"Jay Leno ouvre les portes de son garage - leblogmoto.com\" \/>\n<meta name=\"twitter:description\" content=\"Jay Leno, pour qui ne le conna\u00eetrait pas, est une figure importante du monde de la t\u00e9l\u00e9 am\u00e9ricaine. Il rempla\u00e7ait en 1992 Johnny Carson \u00e0 la barre du The Tonight Show, une \u00e9mission de fin de soir\u00e9e recevant les vedettes de l&rsquo;heure. Mais ce qui nous int\u00e9resse ici, est plut\u00f4t son passe-temps. Passionn\u00e9 de voitures [&hellip;]\" \/>\n<meta name=\"twitter:image\" content=\"http:\/\/www.leblogmoto.com\/images\/2007\/11\/18\/lenoj1.jpg\" \/>\n<meta name=\"twitter:label1\" content=\"\u00c9crit par\" \/>\n\t<meta name=\"twitter:data1\" content=\"jacques lesage\" \/>\n\t<meta name=\"twitter:label2\" content=\"Dur\u00e9e de lecture estim\u00e9e\" \/>\n\t<meta name=\"twitter:data2\" content=\"1 minute\" \/>\n<script type=\"application\/ld+json\" class=\"yoast-schema-graph\">{\"@context\":\"https:\/\/schema.org\",\"@graph\":[{\"@type\":\"WebPage\",\"@id\":\"https:\/\/blogs.thesocialmedia.com\/leblogmoto\/2007\/11\/18\/jay-leno-ouvre\/\",\"url\":\"https:\/\/blogs.thesocialmedia.com\/leblogmoto\/2007\/11\/18\/jay-leno-ouvre\/\",\"name\":\"Jay Leno ouvre les portes de son garage - leblogmoto.com\",\"isPartOf\":{\"@id\":\"https:\/\/blogs.thesocialmedia.com\/leblogmoto\/#website\"},\"primaryImageOfPage\":{\"@id\":\"https:\/\/blogs.thesocialmedia.com\/leblogmoto\/2007\/11\/18\/jay-leno-ouvre\/#primaryimage\"},\"image\":{\"@id\":\"https:\/\/blogs.thesocialmedia.com\/leblogmoto\/2007\/11\/18\/jay-leno-ouvre\/#primaryimage\"},\"thumbnailUrl\":\"http:\/\/www.leblogmoto.com\/images\/2007\/11\/18\/lenoj1.jpg\",\"datePublished\":\"2007-11-18T21:49:56+00:00\",\"dateModified\":\"2012-07-11T14:56:00+00:00\",\"author\":{\"@id\":\"https:\/\/blogs.thesocialmedia.com\/leblogmoto\/#\/schema\/person\/e82a0ca8a9a63d031586097a3ed58526\"},\"breadcrumb\":{\"@id\":\"https:\/\/blogs.thesocialmedia.com\/leblogmoto\/2007\/11\/18\/jay-leno-ouvre\/#breadcrumb\"},\"inLanguage\":\"fr-FR\",\"potentialAction\":[{\"@type\":\"ReadAction\",\"target\":[\"https:\/\/blogs.thesocialmedia.com\/leblogmoto\/2007\/11\/18\/jay-leno-ouvre\/\"]}]},{\"@type\":\"ImageObject\",\"inLanguage\":\"fr-FR\",\"@id\":\"https:\/\/blogs.thesocialmedia.com\/leblogmoto\/2007\/11\/18\/jay-leno-ouvre\/#primaryimage\",\"url\":\"http:\/\/www.leblogmoto.com\/images\/2007\/11\/18\/lenoj1.jpg\",\"contentUrl\":\"http:\/\/www.leblogmoto.com\/images\/2007\/11\/18\/lenoj1.jpg\"},{\"@type\":\"BreadcrumbList\",\"@id\":\"https:\/\/blogs.thesocialmedia.com\/leblogmoto\/2007\/11\/18\/jay-leno-ouvre\/#breadcrumb\",\"itemListElement\":[{\"@type\":\"ListItem\",\"position\":1,\"name\":\"Accueil\",\"item\":\"https:\/\/blogs.thesocialmedia.com\/leblogmoto\/\"},{\"@type\":\"ListItem\",\"position\":2,\"name\":\"Jay Leno ouvre les portes de son garage\"}]},{\"@type\":\"WebSite\",\"@id\":\"https:\/\/blogs.thesocialmedia.com\/leblogmoto\/#website\",\"url\":\"https:\/\/blogs.thesocialmedia.com\/leblogmoto\/\",\"name\":\"leblogmoto\",\"description\":\"Toute l&#039;actualit\u00e9 des 2 roues\",\"potentialAction\":[{\"@type\":\"SearchAction\",\"target\":{\"@type\":\"EntryPoint\",\"urlTemplate\":\"https:\/\/blogs.thesocialmedia.com\/leblogmoto\/?s={search_term_string}\"},\"query-input\":{\"@type\":\"PropertyValueSpecification\",\"valueRequired\":true,\"valueName\":\"search_term_string\"}}],\"inLanguage\":\"fr-FR\"},{\"@type\":\"Person\",\"@id\":\"https:\/\/blogs.thesocialmedia.com\/leblogmoto\/#\/schema\/person\/e82a0ca8a9a63d031586097a3ed58526\",\"name\":\"jacques lesage\",\"image\":{\"@type\":\"ImageObject\",\"inLanguage\":\"fr-FR\",\"@id\":\"https:\/\/blogs.thesocialmedia.com\/leblogmoto\/#\/schema\/person\/image\/\",\"url\":\"https:\/\/secure.gravatar.com\/avatar\/?s=96&d=mm&r=g\",\"contentUrl\":\"https:\/\/secure.gravatar.com\/avatar\/?s=96&d=mm&r=g\",\"caption\":\"jacques lesage\"},\"url\":\"https:\/\/blogs.thesocialmedia.com\/leblogmoto\/author\/jacques-lesage\/\"}]}<\/script>\n<!-- \/ Yoast SEO plugin. -->","yoast_head_json":{"title":"Jay Leno ouvre les portes de son garage - leblogmoto.com","robots":{"index":"index","follow":"follow","max-snippet":"max-snippet:-1","max-image-preview":"max-image-preview:large","max-video-preview":"max-video-preview:-1"},"canonical":"https:\/\/blogs.thesocialmedia.com\/leblogmoto\/2007\/11\/18\/jay-leno-ouvre\/","twitter_card":"summary_large_image","twitter_title":"Jay Leno ouvre les portes de son garage - leblogmoto.com","twitter_description":"Jay Leno, pour qui ne le conna\u00eetrait pas, est une figure importante du monde de la t\u00e9l\u00e9 am\u00e9ricaine. Il rempla\u00e7ait en 1992 Johnny Carson \u00e0 la barre du The Tonight Show, une \u00e9mission de fin de soir\u00e9e recevant les vedettes de l&rsquo;heure. Mais ce qui nous int\u00e9resse ici, est plut\u00f4t son passe-temps. Passionn\u00e9 de voitures [&hellip;]","twitter_image":"http:\/\/www.leblogmoto.com\/images\/2007\/11\/18\/lenoj1.jpg","twitter_misc":{"\u00c9crit par":"jacques lesage","Dur\u00e9e de lecture estim\u00e9e":"1 minute"},"schema":{"@context":"https:\/\/schema.org","@graph":[{"@type":"WebPage","@id":"https:\/\/blogs.thesocialmedia.com\/leblogmoto\/2007\/11\/18\/jay-leno-ouvre\/","url":"https:\/\/blogs.thesocialmedia.com\/leblogmoto\/2007\/11\/18\/jay-leno-ouvre\/","name":"Jay Leno ouvre les portes de son garage - leblogmoto.com","isPartOf":{"@id":"https:\/\/blogs.thesocialmedia.com\/leblogmoto\/#website"},"primaryImageOfPage":{"@id":"https:\/\/blogs.thesocialmedia.com\/leblogmoto\/2007\/11\/18\/jay-leno-ouvre\/#primaryimage"},"image":{"@id":"https:\/\/blogs.thesocialmedia.com\/leblogmoto\/2007\/11\/18\/jay-leno-ouvre\/#primaryimage"},"thumbnailUrl":"http:\/\/www.leblogmoto.com\/images\/2007\/11\/18\/lenoj1.jpg","datePublished":"2007-11-18T21:49:56+00:00","dateModified":"2012-07-11T14:56:00+00:00","author":{"@id":"https:\/\/blogs.thesocialmedia.com\/leblogmoto\/#\/schema\/person\/e82a0ca8a9a63d031586097a3ed58526"},"breadcrumb":{"@id":"https:\/\/blogs.thesocialmedia.com\/leblogmoto\/2007\/11\/18\/jay-leno-ouvre\/#breadcrumb"},"inLanguage":"fr-FR","potentialAction":[{"@type":"ReadAction","target":["https:\/\/blogs.thesocialmedia.com\/leblogmoto\/2007\/11\/18\/jay-leno-ouvre\/"]}]},{"@type":"ImageObject","inLanguage":"fr-FR","@id":"https:\/\/blogs.thesocialmedia.com\/leblogmoto\/2007\/11\/18\/jay-leno-ouvre\/#primaryimage","url":"http:\/\/www.leblogmoto.com\/images\/2007\/11\/18\/lenoj1.jpg","contentUrl":"http:\/\/www.leblogmoto.com\/images\/2007\/11\/18\/lenoj1.jpg"},{"@type":"BreadcrumbList","@id":"https:\/\/blogs.thesocialmedia.com\/leblogmoto\/2007\/11\/18\/jay-leno-ouvre\/#breadcrumb","itemListElement":[{"@type":"ListItem","position":1,"name":"Accueil","item":"https:\/\/blogs.thesocialmedia.com\/leblogmoto\/"},{"@type":"ListItem","position":2,"name":"Jay Leno ouvre les portes de son garage"}]},{"@type":"WebSite","@id":"https:\/\/blogs.thesocialmedia.com\/leblogmoto\/#website","url":"https:\/\/blogs.thesocialmedia.com\/leblogmoto\/","name":"leblogmoto","description":"Toute l&#039;actualit\u00e9 des 2 roues","potentialAction":[{"@type":"SearchAction","target":{"@type":"EntryPoint","urlTemplate":"https:\/\/blogs.thesocialmedia.com\/leblogmoto\/?s={search_term_string}"},"query-input":{"@type":"PropertyValueSpecification","valueRequired":true,"valueName":"search_term_string"}}],"inLanguage":"fr-FR"},{"@type":"Person","@id":"https:\/\/blogs.thesocialmedia.com\/leblogmoto\/#\/schema\/person\/e82a0ca8a9a63d031586097a3ed58526","name":"jacques lesage","image":{"@type":"ImageObject","inLanguage":"fr-FR","@id":"https:\/\/blogs.thesocialmedia.com\/leblogmoto\/#\/schema\/person\/image\/","url":"https:\/\/secure.gravatar.com\/avatar\/?s=96&d=mm&r=g","contentUrl":"https:\/\/secure.gravatar.com\/avatar\/?s=96&d=mm&r=g","caption":"jacques lesage"},"url":"https:\/\/blogs.thesocialmedia.com\/leblogmoto\/author\/jacques-lesage\/"}]}},"_links":{"self":[{"href":"https:\/\/blogs.thesocialmedia.com\/leblogmoto\/wp-json\/wp\/v2\/posts\/1086","targetHints":{"allow":["GET"]}}],"collection":[{"href":"https:\/\/blogs.thesocialmedia.com\/leblogmoto\/wp-json\/wp\/v2\/posts"}],"about":[{"href":"https:\/\/blogs.thesocialmedia.com\/leblogmoto\/wp-json\/wp\/v2\/types\/post"}],"author":[{"embeddable":true,"href":"https:\/\/blogs.thesocialmedia.com\/leblogmoto\/wp-json\/wp\/v2\/users\/325"}],"replies":[{"embeddable":true,"href":"https:\/\/blogs.thesocialmedia.com\/leblogmoto\/wp-json\/wp\/v2\/comments?post=1086"}],"version-history":[{"count":2,"href":"https:\/\/blogs.thesocialmedia.com\/leblogmoto\/wp-json\/wp\/v2\/posts\/1086\/revisions"}],"predecessor-version":[{"id":9163,"href":"https:\/\/blogs.thesocialmedia.com\/leblogmoto\/wp-json\/wp\/v2\/posts\/1086\/revisions\/9163"}],"wp:attachment":[{"href":"https:\/\/blogs.thesocialmedia.com\/leblogmoto\/wp-json\/wp\/v2\/media?parent=1086"}],"wp:term":[{"taxonomy":"category","embeddable":true,"href":"https:\/\/blogs.thesocialmedia.com\/leblogmoto\/wp-json\/wp\/v2\/categories?post=1086"},{"taxonomy":"post_tag","embeddable":true,"href":"https:\/\/blogs.thesocialmedia.com\/leblogmoto\/wp-json\/wp\/v2\/tags?post=1086"}],"curies":[{"name":"wp","href":"https:\/\/api.w.org\/{rel}","templated":true}]}}