{"id":1087,"date":"2007-11-18T12:48:17","date_gmt":"2007-11-18T12:48:17","guid":{"rendered":"http:\/\/blogs.thesocialmedia.com\/leblogmoto\/2007\/11\/18\/une-affiche-de\/"},"modified":"2012-07-11T14:55:58","modified_gmt":"2012-07-11T14:55:58","slug":"une-affiche-de","status":"publish","type":"post","link":"https:\/\/blogs.thesocialmedia.com\/leblogmoto\/2007\/11\/18\/une-affiche-de\/","title":{"rendered":"Une affiche de sensibilisation (tr\u00e8s) originale."},"content":{"rendered":"<p><a href=\"http:\/\/blogs.thesocialmedia.com\/leblogmoto\/files\/2012\/07\/moto_responsible_young_drivers.jpg\"><img loading=\"lazy\" decoding=\"async\" width=\"470\" height=\"308\"  src=\"http:\/\/www.leblogmoto.com\/images\/2007\/11\/18\/moto_responsible_young_drivers.jpg\" alt=\"Moto_responsible_young_drivers\" \/><\/a> <\/p>\n<p><a href=\"http:\/\/www.ryd.be\/fr\/\">Responsible Young Drivers<\/a> est une association pour une conduite responsable oeuvrant dans les pays du Benelux. Si je l&rsquo;avais vue hier, j&rsquo;aurais volontiers post\u00e9 cette photo en pr\u00e9lude de la sacro-sainte sortie du samedi soir. Mais personnellement, je doute de l&rsquo;efficacit\u00e9 d&rsquo;une telle campagne, et aussi de sa r\u00e9alit\u00e9*, \u00e0 vous de juger. Cette affiche contre l&rsquo;alcool est d&rsquo;ailleurs plus humoristique, et surtout moins subtile que les messages de pr\u00e9vention traditionnels. L&rsquo;affiche dans la suite.<\/p>\n<p><em><a href=\"http:\/\/clabedan.typepad.com\/.shared\/image.html?\/photos\/uncategorized\/2007\/11\/18\/moto_dont_drink_drive.jpg\"><img loading=\"lazy\" decoding=\"async\" width=\"470\" height=\"608\"  src=\"http:\/\/www.leblogmoto.com\/images\/2007\/11\/18\/moto_dont_drink_drive.jpg\" alt=\"Moto_dont_drink_drive\" \/><\/a> <\/p>\n<p>*pour tout vous dire je pense \u00e0 un &quot;fake&quot;, compar\u00e9 aux autres th\u00e8mes de leurs diff\u00e9rentes campagnes.<\/p>\n<p>source: scoopeo.com<\/em><\/p>\n","protected":false},"excerpt":{"rendered":"<p>Responsible Young Drivers est une association pour une conduite responsable oeuvrant dans les pays du Benelux. Si je l&rsquo;avais vue hier, j&rsquo;aurais volontiers post\u00e9 cette photo en pr\u00e9lude de la sacro-sainte sortie du samedi soir. Mais personnellement, je doute de l&rsquo;efficacit\u00e9 d&rsquo;une telle campagne, et aussi de sa r\u00e9alit\u00e9*, \u00e0 vous de juger. Cette affiche [&hellip;]<\/p>\n","protected":false},"author":324,"featured_media":0,"comment_status":"open","ping_status":"open","sticky":false,"template":"","format":"standard","meta":{"footnotes":""},"categories":[17,58,27],"tags":[],"class_list":["post-1087","post","type-post","status-publish","format-standard","hentry","category-divers","category-insolite","category-securite"],"yoast_head":"<!-- This site is optimized with the Yoast SEO plugin v26.0 - https:\/\/yoast.com\/wordpress\/plugins\/seo\/ -->\n<title>Une affiche de sensibilisation (tr\u00e8s) originale. - leblogmoto.com<\/title>\n<meta name=\"robots\" content=\"index, follow, max-snippet:-1, max-image-preview:large, max-video-preview:-1\" \/>\n<link rel=\"canonical\" href=\"https:\/\/blogs.thesocialmedia.com\/leblogmoto\/2007\/11\/18\/une-affiche-de\/\" \/>\n<meta name=\"twitter:card\" content=\"summary_large_image\" \/>\n<meta name=\"twitter:title\" content=\"Une affiche de sensibilisation (tr\u00e8s) originale. - leblogmoto.com\" \/>\n<meta name=\"twitter:description\" content=\"Responsible Young Drivers est une association pour une conduite responsable oeuvrant dans les pays du Benelux. Si je l&rsquo;avais vue hier, j&rsquo;aurais volontiers post\u00e9 cette photo en pr\u00e9lude de la sacro-sainte sortie du samedi soir. Mais personnellement, je doute de l&rsquo;efficacit\u00e9 d&rsquo;une telle campagne, et aussi de sa r\u00e9alit\u00e9*, \u00e0 vous de juger. Cette affiche [&hellip;]\" \/>\n<meta name=\"twitter:image\" content=\"http:\/\/www.leblogmoto.com\/images\/2007\/11\/18\/moto_responsible_young_drivers.jpg\" \/>\n<meta name=\"twitter:label1\" content=\"\u00c9crit par\" \/>\n\t<meta name=\"twitter:data1\" content=\"benoit rieu\" \/>\n\t<meta name=\"twitter:label2\" content=\"Dur\u00e9e de lecture estim\u00e9e\" \/>\n\t<meta name=\"twitter:data2\" content=\"1 minute\" \/>\n<script type=\"application\/ld+json\" class=\"yoast-schema-graph\">{\"@context\":\"https:\/\/schema.org\",\"@graph\":[{\"@type\":\"WebPage\",\"@id\":\"https:\/\/blogs.thesocialmedia.com\/leblogmoto\/2007\/11\/18\/une-affiche-de\/\",\"url\":\"https:\/\/blogs.thesocialmedia.com\/leblogmoto\/2007\/11\/18\/une-affiche-de\/\",\"name\":\"Une affiche de sensibilisation (tr\u00e8s) originale. - leblogmoto.com\",\"isPartOf\":{\"@id\":\"https:\/\/blogs.thesocialmedia.com\/leblogmoto\/#website\"},\"primaryImageOfPage\":{\"@id\":\"https:\/\/blogs.thesocialmedia.com\/leblogmoto\/2007\/11\/18\/une-affiche-de\/#primaryimage\"},\"image\":{\"@id\":\"https:\/\/blogs.thesocialmedia.com\/leblogmoto\/2007\/11\/18\/une-affiche-de\/#primaryimage\"},\"thumbnailUrl\":\"http:\/\/www.leblogmoto.com\/images\/2007\/11\/18\/moto_responsible_young_drivers.jpg\",\"datePublished\":\"2007-11-18T12:48:17+00:00\",\"dateModified\":\"2012-07-11T14:55:58+00:00\",\"author\":{\"@id\":\"https:\/\/blogs.thesocialmedia.com\/leblogmoto\/#\/schema\/person\/18bfe773e5725ed6d24f743da805362a\"},\"breadcrumb\":{\"@id\":\"https:\/\/blogs.thesocialmedia.com\/leblogmoto\/2007\/11\/18\/une-affiche-de\/#breadcrumb\"},\"inLanguage\":\"fr-FR\",\"potentialAction\":[{\"@type\":\"ReadAction\",\"target\":[\"https:\/\/blogs.thesocialmedia.com\/leblogmoto\/2007\/11\/18\/une-affiche-de\/\"]}]},{\"@type\":\"ImageObject\",\"inLanguage\":\"fr-FR\",\"@id\":\"https:\/\/blogs.thesocialmedia.com\/leblogmoto\/2007\/11\/18\/une-affiche-de\/#primaryimage\",\"url\":\"http:\/\/www.leblogmoto.com\/images\/2007\/11\/18\/moto_responsible_young_drivers.jpg\",\"contentUrl\":\"http:\/\/www.leblogmoto.com\/images\/2007\/11\/18\/moto_responsible_young_drivers.jpg\"},{\"@type\":\"BreadcrumbList\",\"@id\":\"https:\/\/blogs.thesocialmedia.com\/leblogmoto\/2007\/11\/18\/une-affiche-de\/#breadcrumb\",\"itemListElement\":[{\"@type\":\"ListItem\",\"position\":1,\"name\":\"Accueil\",\"item\":\"https:\/\/blogs.thesocialmedia.com\/leblogmoto\/\"},{\"@type\":\"ListItem\",\"position\":2,\"name\":\"Une affiche de sensibilisation (tr\u00e8s) originale.\"}]},{\"@type\":\"WebSite\",\"@id\":\"https:\/\/blogs.thesocialmedia.com\/leblogmoto\/#website\",\"url\":\"https:\/\/blogs.thesocialmedia.com\/leblogmoto\/\",\"name\":\"leblogmoto\",\"description\":\"Toute l&#039;actualit\u00e9 des 2 roues\",\"potentialAction\":[{\"@type\":\"SearchAction\",\"target\":{\"@type\":\"EntryPoint\",\"urlTemplate\":\"https:\/\/blogs.thesocialmedia.com\/leblogmoto\/?s={search_term_string}\"},\"query-input\":{\"@type\":\"PropertyValueSpecification\",\"valueRequired\":true,\"valueName\":\"search_term_string\"}}],\"inLanguage\":\"fr-FR\"},{\"@type\":\"Person\",\"@id\":\"https:\/\/blogs.thesocialmedia.com\/leblogmoto\/#\/schema\/person\/18bfe773e5725ed6d24f743da805362a\",\"name\":\"benoit rieu\",\"image\":{\"@type\":\"ImageObject\",\"inLanguage\":\"fr-FR\",\"@id\":\"https:\/\/blogs.thesocialmedia.com\/leblogmoto\/#\/schema\/person\/image\/\",\"url\":\"https:\/\/secure.gravatar.com\/avatar\/?s=96&d=mm&r=g\",\"contentUrl\":\"https:\/\/secure.gravatar.com\/avatar\/?s=96&d=mm&r=g\",\"caption\":\"benoit rieu\"},\"url\":\"https:\/\/blogs.thesocialmedia.com\/leblogmoto\/author\/benoit-rieu\/\"}]}<\/script>\n<!-- \/ Yoast SEO plugin. -->","yoast_head_json":{"title":"Une affiche de sensibilisation (tr\u00e8s) originale. - leblogmoto.com","robots":{"index":"index","follow":"follow","max-snippet":"max-snippet:-1","max-image-preview":"max-image-preview:large","max-video-preview":"max-video-preview:-1"},"canonical":"https:\/\/blogs.thesocialmedia.com\/leblogmoto\/2007\/11\/18\/une-affiche-de\/","twitter_card":"summary_large_image","twitter_title":"Une affiche de sensibilisation (tr\u00e8s) originale. - leblogmoto.com","twitter_description":"Responsible Young Drivers est une association pour une conduite responsable oeuvrant dans les pays du Benelux. Si je l&rsquo;avais vue hier, j&rsquo;aurais volontiers post\u00e9 cette photo en pr\u00e9lude de la sacro-sainte sortie du samedi soir. Mais personnellement, je doute de l&rsquo;efficacit\u00e9 d&rsquo;une telle campagne, et aussi de sa r\u00e9alit\u00e9*, \u00e0 vous de juger. Cette affiche [&hellip;]","twitter_image":"http:\/\/www.leblogmoto.com\/images\/2007\/11\/18\/moto_responsible_young_drivers.jpg","twitter_misc":{"\u00c9crit par":"benoit rieu","Dur\u00e9e de lecture estim\u00e9e":"1 minute"},"schema":{"@context":"https:\/\/schema.org","@graph":[{"@type":"WebPage","@id":"https:\/\/blogs.thesocialmedia.com\/leblogmoto\/2007\/11\/18\/une-affiche-de\/","url":"https:\/\/blogs.thesocialmedia.com\/leblogmoto\/2007\/11\/18\/une-affiche-de\/","name":"Une affiche de sensibilisation (tr\u00e8s) originale. - leblogmoto.com","isPartOf":{"@id":"https:\/\/blogs.thesocialmedia.com\/leblogmoto\/#website"},"primaryImageOfPage":{"@id":"https:\/\/blogs.thesocialmedia.com\/leblogmoto\/2007\/11\/18\/une-affiche-de\/#primaryimage"},"image":{"@id":"https:\/\/blogs.thesocialmedia.com\/leblogmoto\/2007\/11\/18\/une-affiche-de\/#primaryimage"},"thumbnailUrl":"http:\/\/www.leblogmoto.com\/images\/2007\/11\/18\/moto_responsible_young_drivers.jpg","datePublished":"2007-11-18T12:48:17+00:00","dateModified":"2012-07-11T14:55:58+00:00","author":{"@id":"https:\/\/blogs.thesocialmedia.com\/leblogmoto\/#\/schema\/person\/18bfe773e5725ed6d24f743da805362a"},"breadcrumb":{"@id":"https:\/\/blogs.thesocialmedia.com\/leblogmoto\/2007\/11\/18\/une-affiche-de\/#breadcrumb"},"inLanguage":"fr-FR","potentialAction":[{"@type":"ReadAction","target":["https:\/\/blogs.thesocialmedia.com\/leblogmoto\/2007\/11\/18\/une-affiche-de\/"]}]},{"@type":"ImageObject","inLanguage":"fr-FR","@id":"https:\/\/blogs.thesocialmedia.com\/leblogmoto\/2007\/11\/18\/une-affiche-de\/#primaryimage","url":"http:\/\/www.leblogmoto.com\/images\/2007\/11\/18\/moto_responsible_young_drivers.jpg","contentUrl":"http:\/\/www.leblogmoto.com\/images\/2007\/11\/18\/moto_responsible_young_drivers.jpg"},{"@type":"BreadcrumbList","@id":"https:\/\/blogs.thesocialmedia.com\/leblogmoto\/2007\/11\/18\/une-affiche-de\/#breadcrumb","itemListElement":[{"@type":"ListItem","position":1,"name":"Accueil","item":"https:\/\/blogs.thesocialmedia.com\/leblogmoto\/"},{"@type":"ListItem","position":2,"name":"Une affiche de sensibilisation (tr\u00e8s) originale."}]},{"@type":"WebSite","@id":"https:\/\/blogs.thesocialmedia.com\/leblogmoto\/#website","url":"https:\/\/blogs.thesocialmedia.com\/leblogmoto\/","name":"leblogmoto","description":"Toute l&#039;actualit\u00e9 des 2 roues","potentialAction":[{"@type":"SearchAction","target":{"@type":"EntryPoint","urlTemplate":"https:\/\/blogs.thesocialmedia.com\/leblogmoto\/?s={search_term_string}"},"query-input":{"@type":"PropertyValueSpecification","valueRequired":true,"valueName":"search_term_string"}}],"inLanguage":"fr-FR"},{"@type":"Person","@id":"https:\/\/blogs.thesocialmedia.com\/leblogmoto\/#\/schema\/person\/18bfe773e5725ed6d24f743da805362a","name":"benoit rieu","image":{"@type":"ImageObject","inLanguage":"fr-FR","@id":"https:\/\/blogs.thesocialmedia.com\/leblogmoto\/#\/schema\/person\/image\/","url":"https:\/\/secure.gravatar.com\/avatar\/?s=96&d=mm&r=g","contentUrl":"https:\/\/secure.gravatar.com\/avatar\/?s=96&d=mm&r=g","caption":"benoit rieu"},"url":"https:\/\/blogs.thesocialmedia.com\/leblogmoto\/author\/benoit-rieu\/"}]}},"_links":{"self":[{"href":"https:\/\/blogs.thesocialmedia.com\/leblogmoto\/wp-json\/wp\/v2\/posts\/1087","targetHints":{"allow":["GET"]}}],"collection":[{"href":"https:\/\/blogs.thesocialmedia.com\/leblogmoto\/wp-json\/wp\/v2\/posts"}],"about":[{"href":"https:\/\/blogs.thesocialmedia.com\/leblogmoto\/wp-json\/wp\/v2\/types\/post"}],"author":[{"embeddable":true,"href":"https:\/\/blogs.thesocialmedia.com\/leblogmoto\/wp-json\/wp\/v2\/users\/324"}],"replies":[{"embeddable":true,"href":"https:\/\/blogs.thesocialmedia.com\/leblogmoto\/wp-json\/wp\/v2\/comments?post=1087"}],"version-history":[{"count":2,"href":"https:\/\/blogs.thesocialmedia.com\/leblogmoto\/wp-json\/wp\/v2\/posts\/1087\/revisions"}],"predecessor-version":[{"id":9161,"href":"https:\/\/blogs.thesocialmedia.com\/leblogmoto\/wp-json\/wp\/v2\/posts\/1087\/revisions\/9161"}],"wp:attachment":[{"href":"https:\/\/blogs.thesocialmedia.com\/leblogmoto\/wp-json\/wp\/v2\/media?parent=1087"}],"wp:term":[{"taxonomy":"category","embeddable":true,"href":"https:\/\/blogs.thesocialmedia.com\/leblogmoto\/wp-json\/wp\/v2\/categories?post=1087"},{"taxonomy":"post_tag","embeddable":true,"href":"https:\/\/blogs.thesocialmedia.com\/leblogmoto\/wp-json\/wp\/v2\/tags?post=1087"}],"curies":[{"name":"wp","href":"https:\/\/api.w.org\/{rel}","templated":true}]}}