{"id":1089,"date":"2007-11-16T06:26:17","date_gmt":"2007-11-16T06:26:17","guid":{"rendered":"http:\/\/blogs.thesocialmedia.com\/leblogmoto\/2007\/11\/16\/laprilia-fv2-ne\/"},"modified":"2012-07-11T14:55:53","modified_gmt":"2012-07-11T14:55:53","slug":"laprilia-fv2-ne","status":"publish","type":"post","link":"https:\/\/blogs.thesocialmedia.com\/leblogmoto\/2007\/11\/16\/laprilia-fv2-ne\/","title":{"rendered":"La FV2 d&rsquo;Aprilia n&rsquo;est pas si \u00ab\u00a0conceptuelle\u00a0\u00bb que cela."},"content":{"rendered":"<p><a href=\"http:\/\/blogs.thesocialmedia.com\/leblogmoto\/files\/2012\/07\/moto_concept_aprilia_fv2_1200_a.jpg\"><img loading=\"lazy\" decoding=\"async\" width=\"470\" height=\"309\"  alt=\"Moto_concept_aprilia_fv2_1200_a\" src=\"http:\/\/www.leblogmoto.com\/images\/2007\/11\/15\/moto_concept_aprilia_fv2_1200_a.jpg\" \/><\/a><\/p>\n<p>Premier constat: le ch\u00e2ssis tout en carbone, semble sorti du bureau d&rsquo;\u00e9tude de Kiska, designer attitr\u00e9 de KTM. Sa livr\u00e9e orange sans doute. Et puis il faut se rendre \u00e0 l&rsquo;\u00e9vidence, c&rsquo;est bien une Aprilia. Certains seront d\u00e9\u00e7us d&rsquo;apprendre que ce n&rsquo;est que le moyen pour la marque de montrer son futur (et superbe) moteur 1200cc*, pas nous. D&rsquo;autres photos dans la suite, o\u00f9 l&rsquo;on se rend compte que le blond mannequin de l&rsquo;Eicma milanais est mieux de pr\u00e8s, la <em>naked bike<\/em> moins. <\/p>\n<p><a href=\"http:\/\/blogs.thesocialmedia.com\/leblogmoto\/files\/2012\/07\/moto_concept_aprilia_fv2_1200_b.jpg\"><img loading=\"lazy\" decoding=\"async\" width=\"470\" height=\"470\"  src=\"http:\/\/www.leblogmoto.com\/images\/2007\/11\/15\/moto_concept_aprilia_fv2_1200_b.jpg\" alt=\"Moto_concept_aprilia_fv2_1200_b\" \/><\/a> <\/p>\n<p>Je me suis permis de vous \u00e9pargner dans l&rsquo;histoire les dessins originaux de cette Italienne, que vous pourrez de toute fa\u00e7on consulter sur l&rsquo;<a href=\"http:\/\/www.autoblog.com\/2007\/11\/13\/milan-2007-aprilia-fv2-1200-concept-bike\/\">autoblog<\/a>. A partir de maintenant, ce sera le cas chaque fois que l&rsquo;on tiendra un concept bike en 3D, pourquoi se casser les yeux sur un dessin&#8230;<\/p>\n<p><a href=\"http:\/\/clabedan.typepad.com\/.shared\/image.html?\/photos\/uncategorized\/2007\/11\/15\/moto_concept_aprilia_fv2_1200_c.jpg\"><img loading=\"lazy\" decoding=\"async\" width=\"470\" height=\"352\"  src=\"http:\/\/www.leblogmoto.com\/images\/2007\/11\/15\/moto_concept_aprilia_fv2_1200_c.jpg\" alt=\"Moto_concept_aprilia_fv2_1200_c\" \/><\/a><\/p>\n<p>Notez cette nouvelle tendance lourde: la fourche avant fa\u00e7on charrue (voir aussi la Suzuki Biplane). Pourvu que les &quot;designeux&quot; mettent du temps \u00e0 les faire d\u00e9barquer dans les concessions, le seul int\u00e9r\u00eat que je vois ici est d&rsquo;int\u00e9grer les cliquos \u00e0 la fourche. Mais ils sont plac\u00e9s tellement bas: ils croient vraiment chez Aprilia que le caisseux va sortir de son 4&#215;4, de son SUV, ou de son monospace pour voir o\u00f9 vous allez tourner ? Encore une aberration. <\/p>\n<p>Par contre on se r\u00e9jouira de l&rsquo;absence de petit pot sous la selle (photo ci-dessous sur sa b\u00e9quille d&rsquo;atelier), avec cet \u00e9chappement sous le moteur, fa\u00e7on Buell. Tr\u00e8s, tr\u00e8s sympa. On parlait de charrue, mais l&rsquo;absence totale de sabot-moteur vous permettra peut-\u00eatre de transformer la grille du radiateur et le moteur en socle de celle-ci, pour mieux labourer les dos d&rsquo;\u00e2ne et les cassis&#8230; Comment \u00e7a je suis encore m\u00e9chant ? <\/p>\n<p><a href=\"http:\/\/blogs.thesocialmedia.com\/leblogmoto\/files\/2012\/07\/moto_concept_aprilia_fv2_1200_d.jpg\"><img loading=\"lazy\" decoding=\"async\" width=\"470\" height=\"293\"  src=\"http:\/\/www.leblogmoto.com\/images\/2007\/11\/15\/moto_concept_aprilia_fv2_1200_d.jpg\" alt=\"Moto_concept_aprilia_fv2_1200_d\" \/><\/a><\/p>\n<p>Subtile rotation de la FV2 autour de son axe, qui nous permet d&rsquo;appr\u00e9cier l&rsquo;allure tr\u00e8s MotoGP de la selle, effil\u00e9e comme une lame. On est surtout loin des r\u00e9f\u00e9rences actuelles en mati\u00e8re de gueule de naked bike (sauf peut-\u00eatre sur la <u>Street<\/u> Triple de Triumph). Mais avec une partie arri\u00e8re qui semble perdre son caract\u00e8re autoporteur. Un beau bras oscillant.<\/p>\n<p><a href=\"http:\/\/blogs.thesocialmedia.com\/leblogmoto\/files\/2012\/07\/moto_concept_aprilia_fv2_1200_e.jpg\"><img loading=\"lazy\" decoding=\"async\" width=\"470\" height=\"293\"  src=\"http:\/\/www.leblogmoto.com\/images\/2007\/11\/15\/moto_concept_aprilia_fv2_1200_e.jpg\" alt=\"Moto_concept_aprilia_fv2_1200_e\" \/><\/a><\/p>\n<p>Il ne faut pas se leurrer malgr\u00e9 son look tripes-\u00e0-l&rsquo;air, on est bien face \u00e0 une sportive qui ne s&rsquo;assume pas. On en veut pour preuve le guidon bracelet associ\u00e9 \u00e0 un ridicule saute-vent qui devrait \u00e0 peine vous prot\u00e9ger jusqu&rsquo;\u00e0 90 km\/h, et encore&#8230; Manque juste la m\u00e9lodie du moteur, je suis s\u00fbr que ce serait beau \u00e0 entendre, alors l\u00e0 oui je suis pr\u00e8s \u00e0 r\u00e9viser mon opinion sur la b\u00e9cane. <\/p>\n<p><em>*destin\u00e9 \u00e0 la production lui, contrairement \u00e0 la FV2.<\/em><\/p>\n<p><em>source: <a href=\"http:\/\/www.autoblog.com\/2007\/11\/13\/milan-2007-aprilia-fv2-1200-concept-bike\/\">www.autoblog.com<\/a><\/em><\/p>\n","protected":false},"excerpt":{"rendered":"<p>Premier constat: le ch\u00e2ssis tout en carbone, semble sorti du bureau d&rsquo;\u00e9tude de Kiska, designer attitr\u00e9 de KTM. Sa livr\u00e9e orange sans doute. Et puis il faut se rendre \u00e0 l&rsquo;\u00e9vidence, c&rsquo;est bien une Aprilia. Certains seront d\u00e9\u00e7us d&rsquo;apprendre que ce n&rsquo;est que le moyen pour la marque de montrer son futur (et superbe) moteur [&hellip;]<\/p>\n","protected":false},"author":324,"featured_media":0,"comment_status":"open","ping_status":"open","sticky":false,"template":"","format":"standard","meta":{"footnotes":""},"categories":[3,31,33,36],"tags":[],"class_list":["post-1089","post","type-post","status-publish","format-standard","hentry","category-actualite","category-aprilia","category-concept-bike","category-salons"],"yoast_head":"<!-- This site is optimized with the Yoast SEO plugin v26.0 - https:\/\/yoast.com\/wordpress\/plugins\/seo\/ -->\n<title>La FV2 d&#039;Aprilia n&#039;est pas si &quot;conceptuelle&quot; que cela. - leblogmoto.com<\/title>\n<meta name=\"robots\" content=\"index, follow, max-snippet:-1, max-image-preview:large, max-video-preview:-1\" \/>\n<link rel=\"canonical\" href=\"https:\/\/blogs.thesocialmedia.com\/leblogmoto\/2007\/11\/16\/laprilia-fv2-ne\/\" \/>\n<meta name=\"twitter:card\" content=\"summary_large_image\" \/>\n<meta name=\"twitter:title\" content=\"La FV2 d&#039;Aprilia n&#039;est pas si &quot;conceptuelle&quot; que cela. - leblogmoto.com\" \/>\n<meta name=\"twitter:description\" content=\"Premier constat: le ch\u00e2ssis tout en carbone, semble sorti du bureau d&rsquo;\u00e9tude de Kiska, designer attitr\u00e9 de KTM. Sa livr\u00e9e orange sans doute. Et puis il faut se rendre \u00e0 l&rsquo;\u00e9vidence, c&rsquo;est bien une Aprilia. Certains seront d\u00e9\u00e7us d&rsquo;apprendre que ce n&rsquo;est que le moyen pour la marque de montrer son futur (et superbe) moteur [&hellip;]\" \/>\n<meta name=\"twitter:image\" content=\"http:\/\/www.leblogmoto.com\/images\/2007\/11\/15\/moto_concept_aprilia_fv2_1200_a.jpg\" \/>\n<meta name=\"twitter:label1\" content=\"\u00c9crit par\" \/>\n\t<meta name=\"twitter:data1\" content=\"benoit rieu\" \/>\n\t<meta name=\"twitter:label2\" content=\"Dur\u00e9e de lecture estim\u00e9e\" \/>\n\t<meta name=\"twitter:data2\" content=\"2 minutes\" \/>\n<script type=\"application\/ld+json\" class=\"yoast-schema-graph\">{\"@context\":\"https:\/\/schema.org\",\"@graph\":[{\"@type\":\"WebPage\",\"@id\":\"https:\/\/blogs.thesocialmedia.com\/leblogmoto\/2007\/11\/16\/laprilia-fv2-ne\/\",\"url\":\"https:\/\/blogs.thesocialmedia.com\/leblogmoto\/2007\/11\/16\/laprilia-fv2-ne\/\",\"name\":\"La FV2 d'Aprilia n'est pas si \\\"conceptuelle\\\" que cela. - leblogmoto.com\",\"isPartOf\":{\"@id\":\"https:\/\/blogs.thesocialmedia.com\/leblogmoto\/#website\"},\"primaryImageOfPage\":{\"@id\":\"https:\/\/blogs.thesocialmedia.com\/leblogmoto\/2007\/11\/16\/laprilia-fv2-ne\/#primaryimage\"},\"image\":{\"@id\":\"https:\/\/blogs.thesocialmedia.com\/leblogmoto\/2007\/11\/16\/laprilia-fv2-ne\/#primaryimage\"},\"thumbnailUrl\":\"http:\/\/www.leblogmoto.com\/images\/2007\/11\/15\/moto_concept_aprilia_fv2_1200_a.jpg\",\"datePublished\":\"2007-11-16T06:26:17+00:00\",\"dateModified\":\"2012-07-11T14:55:53+00:00\",\"author\":{\"@id\":\"https:\/\/blogs.thesocialmedia.com\/leblogmoto\/#\/schema\/person\/18bfe773e5725ed6d24f743da805362a\"},\"breadcrumb\":{\"@id\":\"https:\/\/blogs.thesocialmedia.com\/leblogmoto\/2007\/11\/16\/laprilia-fv2-ne\/#breadcrumb\"},\"inLanguage\":\"fr-FR\",\"potentialAction\":[{\"@type\":\"ReadAction\",\"target\":[\"https:\/\/blogs.thesocialmedia.com\/leblogmoto\/2007\/11\/16\/laprilia-fv2-ne\/\"]}]},{\"@type\":\"ImageObject\",\"inLanguage\":\"fr-FR\",\"@id\":\"https:\/\/blogs.thesocialmedia.com\/leblogmoto\/2007\/11\/16\/laprilia-fv2-ne\/#primaryimage\",\"url\":\"http:\/\/www.leblogmoto.com\/images\/2007\/11\/15\/moto_concept_aprilia_fv2_1200_a.jpg\",\"contentUrl\":\"http:\/\/www.leblogmoto.com\/images\/2007\/11\/15\/moto_concept_aprilia_fv2_1200_a.jpg\"},{\"@type\":\"BreadcrumbList\",\"@id\":\"https:\/\/blogs.thesocialmedia.com\/leblogmoto\/2007\/11\/16\/laprilia-fv2-ne\/#breadcrumb\",\"itemListElement\":[{\"@type\":\"ListItem\",\"position\":1,\"name\":\"Accueil\",\"item\":\"https:\/\/blogs.thesocialmedia.com\/leblogmoto\/\"},{\"@type\":\"ListItem\",\"position\":2,\"name\":\"La FV2 d&rsquo;Aprilia n&rsquo;est pas si \u00ab\u00a0conceptuelle\u00a0\u00bb que cela.\"}]},{\"@type\":\"WebSite\",\"@id\":\"https:\/\/blogs.thesocialmedia.com\/leblogmoto\/#website\",\"url\":\"https:\/\/blogs.thesocialmedia.com\/leblogmoto\/\",\"name\":\"leblogmoto\",\"description\":\"Toute l&#039;actualit\u00e9 des 2 roues\",\"potentialAction\":[{\"@type\":\"SearchAction\",\"target\":{\"@type\":\"EntryPoint\",\"urlTemplate\":\"https:\/\/blogs.thesocialmedia.com\/leblogmoto\/?s={search_term_string}\"},\"query-input\":{\"@type\":\"PropertyValueSpecification\",\"valueRequired\":true,\"valueName\":\"search_term_string\"}}],\"inLanguage\":\"fr-FR\"},{\"@type\":\"Person\",\"@id\":\"https:\/\/blogs.thesocialmedia.com\/leblogmoto\/#\/schema\/person\/18bfe773e5725ed6d24f743da805362a\",\"name\":\"benoit rieu\",\"image\":{\"@type\":\"ImageObject\",\"inLanguage\":\"fr-FR\",\"@id\":\"https:\/\/blogs.thesocialmedia.com\/leblogmoto\/#\/schema\/person\/image\/\",\"url\":\"https:\/\/secure.gravatar.com\/avatar\/?s=96&d=mm&r=g\",\"contentUrl\":\"https:\/\/secure.gravatar.com\/avatar\/?s=96&d=mm&r=g\",\"caption\":\"benoit rieu\"},\"url\":\"https:\/\/blogs.thesocialmedia.com\/leblogmoto\/author\/benoit-rieu\/\"}]}<\/script>\n<!-- \/ Yoast SEO plugin. -->","yoast_head_json":{"title":"La FV2 d'Aprilia n'est pas si \"conceptuelle\" que cela. - leblogmoto.com","robots":{"index":"index","follow":"follow","max-snippet":"max-snippet:-1","max-image-preview":"max-image-preview:large","max-video-preview":"max-video-preview:-1"},"canonical":"https:\/\/blogs.thesocialmedia.com\/leblogmoto\/2007\/11\/16\/laprilia-fv2-ne\/","twitter_card":"summary_large_image","twitter_title":"La FV2 d'Aprilia n'est pas si \"conceptuelle\" que cela. - leblogmoto.com","twitter_description":"Premier constat: le ch\u00e2ssis tout en carbone, semble sorti du bureau d&rsquo;\u00e9tude de Kiska, designer attitr\u00e9 de KTM. Sa livr\u00e9e orange sans doute. Et puis il faut se rendre \u00e0 l&rsquo;\u00e9vidence, c&rsquo;est bien une Aprilia. Certains seront d\u00e9\u00e7us d&rsquo;apprendre que ce n&rsquo;est que le moyen pour la marque de montrer son futur (et superbe) moteur [&hellip;]","twitter_image":"http:\/\/www.leblogmoto.com\/images\/2007\/11\/15\/moto_concept_aprilia_fv2_1200_a.jpg","twitter_misc":{"\u00c9crit par":"benoit rieu","Dur\u00e9e de lecture estim\u00e9e":"2 minutes"},"schema":{"@context":"https:\/\/schema.org","@graph":[{"@type":"WebPage","@id":"https:\/\/blogs.thesocialmedia.com\/leblogmoto\/2007\/11\/16\/laprilia-fv2-ne\/","url":"https:\/\/blogs.thesocialmedia.com\/leblogmoto\/2007\/11\/16\/laprilia-fv2-ne\/","name":"La FV2 d'Aprilia n'est pas si \"conceptuelle\" que cela. - leblogmoto.com","isPartOf":{"@id":"https:\/\/blogs.thesocialmedia.com\/leblogmoto\/#website"},"primaryImageOfPage":{"@id":"https:\/\/blogs.thesocialmedia.com\/leblogmoto\/2007\/11\/16\/laprilia-fv2-ne\/#primaryimage"},"image":{"@id":"https:\/\/blogs.thesocialmedia.com\/leblogmoto\/2007\/11\/16\/laprilia-fv2-ne\/#primaryimage"},"thumbnailUrl":"http:\/\/www.leblogmoto.com\/images\/2007\/11\/15\/moto_concept_aprilia_fv2_1200_a.jpg","datePublished":"2007-11-16T06:26:17+00:00","dateModified":"2012-07-11T14:55:53+00:00","author":{"@id":"https:\/\/blogs.thesocialmedia.com\/leblogmoto\/#\/schema\/person\/18bfe773e5725ed6d24f743da805362a"},"breadcrumb":{"@id":"https:\/\/blogs.thesocialmedia.com\/leblogmoto\/2007\/11\/16\/laprilia-fv2-ne\/#breadcrumb"},"inLanguage":"fr-FR","potentialAction":[{"@type":"ReadAction","target":["https:\/\/blogs.thesocialmedia.com\/leblogmoto\/2007\/11\/16\/laprilia-fv2-ne\/"]}]},{"@type":"ImageObject","inLanguage":"fr-FR","@id":"https:\/\/blogs.thesocialmedia.com\/leblogmoto\/2007\/11\/16\/laprilia-fv2-ne\/#primaryimage","url":"http:\/\/www.leblogmoto.com\/images\/2007\/11\/15\/moto_concept_aprilia_fv2_1200_a.jpg","contentUrl":"http:\/\/www.leblogmoto.com\/images\/2007\/11\/15\/moto_concept_aprilia_fv2_1200_a.jpg"},{"@type":"BreadcrumbList","@id":"https:\/\/blogs.thesocialmedia.com\/leblogmoto\/2007\/11\/16\/laprilia-fv2-ne\/#breadcrumb","itemListElement":[{"@type":"ListItem","position":1,"name":"Accueil","item":"https:\/\/blogs.thesocialmedia.com\/leblogmoto\/"},{"@type":"ListItem","position":2,"name":"La FV2 d&rsquo;Aprilia n&rsquo;est pas si \u00ab\u00a0conceptuelle\u00a0\u00bb que cela."}]},{"@type":"WebSite","@id":"https:\/\/blogs.thesocialmedia.com\/leblogmoto\/#website","url":"https:\/\/blogs.thesocialmedia.com\/leblogmoto\/","name":"leblogmoto","description":"Toute l&#039;actualit\u00e9 des 2 roues","potentialAction":[{"@type":"SearchAction","target":{"@type":"EntryPoint","urlTemplate":"https:\/\/blogs.thesocialmedia.com\/leblogmoto\/?s={search_term_string}"},"query-input":{"@type":"PropertyValueSpecification","valueRequired":true,"valueName":"search_term_string"}}],"inLanguage":"fr-FR"},{"@type":"Person","@id":"https:\/\/blogs.thesocialmedia.com\/leblogmoto\/#\/schema\/person\/18bfe773e5725ed6d24f743da805362a","name":"benoit rieu","image":{"@type":"ImageObject","inLanguage":"fr-FR","@id":"https:\/\/blogs.thesocialmedia.com\/leblogmoto\/#\/schema\/person\/image\/","url":"https:\/\/secure.gravatar.com\/avatar\/?s=96&d=mm&r=g","contentUrl":"https:\/\/secure.gravatar.com\/avatar\/?s=96&d=mm&r=g","caption":"benoit rieu"},"url":"https:\/\/blogs.thesocialmedia.com\/leblogmoto\/author\/benoit-rieu\/"}]}},"_links":{"self":[{"href":"https:\/\/blogs.thesocialmedia.com\/leblogmoto\/wp-json\/wp\/v2\/posts\/1089","targetHints":{"allow":["GET"]}}],"collection":[{"href":"https:\/\/blogs.thesocialmedia.com\/leblogmoto\/wp-json\/wp\/v2\/posts"}],"about":[{"href":"https:\/\/blogs.thesocialmedia.com\/leblogmoto\/wp-json\/wp\/v2\/types\/post"}],"author":[{"embeddable":true,"href":"https:\/\/blogs.thesocialmedia.com\/leblogmoto\/wp-json\/wp\/v2\/users\/324"}],"replies":[{"embeddable":true,"href":"https:\/\/blogs.thesocialmedia.com\/leblogmoto\/wp-json\/wp\/v2\/comments?post=1089"}],"version-history":[{"count":2,"href":"https:\/\/blogs.thesocialmedia.com\/leblogmoto\/wp-json\/wp\/v2\/posts\/1089\/revisions"}],"predecessor-version":[{"id":9157,"href":"https:\/\/blogs.thesocialmedia.com\/leblogmoto\/wp-json\/wp\/v2\/posts\/1089\/revisions\/9157"}],"wp:attachment":[{"href":"https:\/\/blogs.thesocialmedia.com\/leblogmoto\/wp-json\/wp\/v2\/media?parent=1089"}],"wp:term":[{"taxonomy":"category","embeddable":true,"href":"https:\/\/blogs.thesocialmedia.com\/leblogmoto\/wp-json\/wp\/v2\/categories?post=1089"},{"taxonomy":"post_tag","embeddable":true,"href":"https:\/\/blogs.thesocialmedia.com\/leblogmoto\/wp-json\/wp\/v2\/tags?post=1089"}],"curies":[{"name":"wp","href":"https:\/\/api.w.org\/{rel}","templated":true}]}}