{"id":1093,"date":"2007-11-15T07:26:40","date_gmt":"2007-11-15T07:26:40","guid":{"rendered":"http:\/\/blogs.thesocialmedia.com\/leblogmoto\/2007\/11\/15\/campagne-asiati\/"},"modified":"2012-07-11T14:55:31","modified_gmt":"2012-07-11T14:55:31","slug":"campagne-asiati","status":"publish","type":"post","link":"https:\/\/blogs.thesocialmedia.com\/leblogmoto\/2007\/11\/15\/campagne-asiati\/","title":{"rendered":"Campagne asiatique choc en faveur du port du casque."},"content":{"rendered":"<p><a href=\"http:\/\/blogs.thesocialmedia.com\/leblogmoto\/files\/2012\/07\/big_helmet_stupid_01.jpg\"><img loading=\"lazy\" decoding=\"async\" width=\"470\" height=\"303\"  src=\"http:\/\/www.leblogmoto.com\/images\/2007\/11\/14\/big_helmet_stupid_01.jpg\" alt=\"Big_helmet_stupid_01\" \/><\/a><\/p>\n<p>Cette campagne en Anglais de l&rsquo;<em>Asian Injury Prevention Foundation<\/em>* comprend trois visuels montrant des traumas et intitul\u00e9s tour \u00e0 tour, ironiquement: &quot;Je ne porterai pas de casque, j&rsquo;ai l&rsquo;air idiot avec&quot;, &quot;Je n&rsquo;aime pas porter un casque, \u00e7a fout mes cheveux en l&rsquo;air&quot;, &quot;Je ne porte jamais de casque, ils sont moches\/pas terribles&quot; (traduction matinale approximative, d\u00e9sol\u00e9). Attention: pr\u00e9vention efficace et images difficiles. Z&rsquo;\u00eates pr\u00e9venus, surtout les plus jeunes d&rsquo;entre vous. <\/p>\n<p><a href=\"http:\/\/blogs.thesocialmedia.com\/leblogmoto\/files\/2012\/07\/big_helmet_stupid_02.jpg\"><img loading=\"lazy\" decoding=\"async\" width=\"470\" height=\"303\"  alt=\"Big_helmet_stupid_02\" src=\"http:\/\/www.leblogmoto.com\/images\/2007\/11\/14\/big_helmet_stupid_02.jpg\" \/><\/a><\/p>\n<p>La lecture des panonceaux nous en apprend plus sur le nombre (effarant) de d\u00e9c\u00e8s sur ces routes, 11.000 morts annuellement, et 30.000 sont s\u00e9rieusement bless\u00e9(e)s. Certes, il est vrai que ces pays comptent parmi les plus peupl\u00e9s au monde et les deux-roues y sont foison, avec un r\u00f4le tr\u00e8s souvent utilitaire. <\/p>\n<p>&quot;La triste v\u00e9rit\u00e9 est que 40% de ces cas auraient pu \u00eatre \u00e9vit\u00e9s en portant un casque&quot;, continue le r\u00e9sum\u00e9. &quot;Quand vous pensez \u00e0 cela, il n&rsquo;y a plus d&rsquo;excuses&quot;.<\/p>\n<p><a href=\"http:\/\/blogs.thesocialmedia.com\/leblogmoto\/files\/2012\/07\/big_helmet_stupid_03.jpg\"><img loading=\"lazy\" decoding=\"async\" width=\"470\" height=\"303\"  alt=\"Big_helmet_stupid_03\" src=\"http:\/\/www.leblogmoto.com\/images\/2007\/11\/14\/big_helmet_stupid_03.jpg\" \/><\/a><\/p>\n<p>P.S: Inutile de dire que cette campagne aurait tr\u00e8s bien pu \u00eatre destin\u00e9e \u00e0 nos pays francophones, mais vous \u00eates assez grands. Sortez couverts, roulez prudemment, V \u00e0 toutes et tous.<em><\/p>\n<p>source: <a href=\"http:\/\/thescooterscoop.blogspot.com\/\">thescooterscoop.blogspot.com<\/a><\/p>\n<p>*je n&rsquo;ai pas mis le lien vers cette fondation, car je ne sais pour quelle raison, mon Antivirus Avast a d\u00e9tect\u00e9 un malware quand je m&rsquo;y connecte (logiciel &quot;malfaisant&quot; type Trojan), mais libre \u00e0 vous d&rsquo;y aller.<br \/><\/em> <\/p>\n","protected":false},"excerpt":{"rendered":"<p>Cette campagne en Anglais de l&rsquo;Asian Injury Prevention Foundation* comprend trois visuels montrant des traumas et intitul\u00e9s tour \u00e0 tour, ironiquement: &quot;Je ne porterai pas de casque, j&rsquo;ai l&rsquo;air idiot avec&quot;, &quot;Je n&rsquo;aime pas porter un casque, \u00e7a fout mes cheveux en l&rsquo;air&quot;, &quot;Je ne porte jamais de casque, ils sont moches\/pas terribles&quot; (traduction matinale [&hellip;]<\/p>\n","protected":false},"author":324,"featured_media":0,"comment_status":"open","ping_status":"open","sticky":false,"template":"","format":"standard","meta":{"footnotes":""},"categories":[3,17,27],"tags":[],"class_list":["post-1093","post","type-post","status-publish","format-standard","hentry","category-actualite","category-divers","category-securite"],"yoast_head":"<!-- This site is optimized with the Yoast SEO plugin v26.0 - https:\/\/yoast.com\/wordpress\/plugins\/seo\/ -->\n<title>Campagne asiatique choc en faveur du port du casque. - leblogmoto.com<\/title>\n<meta name=\"robots\" content=\"index, follow, max-snippet:-1, max-image-preview:large, max-video-preview:-1\" \/>\n<link rel=\"canonical\" href=\"https:\/\/blogs.thesocialmedia.com\/leblogmoto\/2007\/11\/15\/campagne-asiati\/\" \/>\n<meta name=\"twitter:card\" content=\"summary_large_image\" \/>\n<meta name=\"twitter:title\" content=\"Campagne asiatique choc en faveur du port du casque. - leblogmoto.com\" \/>\n<meta name=\"twitter:description\" content=\"Cette campagne en Anglais de l&rsquo;Asian Injury Prevention Foundation* comprend trois visuels montrant des traumas et intitul\u00e9s tour \u00e0 tour, ironiquement: &quot;Je ne porterai pas de casque, j&rsquo;ai l&rsquo;air idiot avec&quot;, &quot;Je n&rsquo;aime pas porter un casque, \u00e7a fout mes cheveux en l&rsquo;air&quot;, &quot;Je ne porte jamais de casque, ils sont moches\/pas terribles&quot; (traduction matinale [&hellip;]\" \/>\n<meta name=\"twitter:image\" content=\"http:\/\/www.leblogmoto.com\/images\/2007\/11\/14\/big_helmet_stupid_01.jpg\" \/>\n<meta name=\"twitter:label1\" content=\"\u00c9crit par\" \/>\n\t<meta name=\"twitter:data1\" content=\"benoit rieu\" \/>\n\t<meta name=\"twitter:label2\" content=\"Dur\u00e9e de lecture estim\u00e9e\" \/>\n\t<meta name=\"twitter:data2\" content=\"1 minute\" \/>\n<script type=\"application\/ld+json\" class=\"yoast-schema-graph\">{\"@context\":\"https:\/\/schema.org\",\"@graph\":[{\"@type\":\"WebPage\",\"@id\":\"https:\/\/blogs.thesocialmedia.com\/leblogmoto\/2007\/11\/15\/campagne-asiati\/\",\"url\":\"https:\/\/blogs.thesocialmedia.com\/leblogmoto\/2007\/11\/15\/campagne-asiati\/\",\"name\":\"Campagne asiatique choc en faveur du port du casque. - leblogmoto.com\",\"isPartOf\":{\"@id\":\"https:\/\/blogs.thesocialmedia.com\/leblogmoto\/#website\"},\"primaryImageOfPage\":{\"@id\":\"https:\/\/blogs.thesocialmedia.com\/leblogmoto\/2007\/11\/15\/campagne-asiati\/#primaryimage\"},\"image\":{\"@id\":\"https:\/\/blogs.thesocialmedia.com\/leblogmoto\/2007\/11\/15\/campagne-asiati\/#primaryimage\"},\"thumbnailUrl\":\"http:\/\/www.leblogmoto.com\/images\/2007\/11\/14\/big_helmet_stupid_01.jpg\",\"datePublished\":\"2007-11-15T07:26:40+00:00\",\"dateModified\":\"2012-07-11T14:55:31+00:00\",\"author\":{\"@id\":\"https:\/\/blogs.thesocialmedia.com\/leblogmoto\/#\/schema\/person\/18bfe773e5725ed6d24f743da805362a\"},\"breadcrumb\":{\"@id\":\"https:\/\/blogs.thesocialmedia.com\/leblogmoto\/2007\/11\/15\/campagne-asiati\/#breadcrumb\"},\"inLanguage\":\"fr-FR\",\"potentialAction\":[{\"@type\":\"ReadAction\",\"target\":[\"https:\/\/blogs.thesocialmedia.com\/leblogmoto\/2007\/11\/15\/campagne-asiati\/\"]}]},{\"@type\":\"ImageObject\",\"inLanguage\":\"fr-FR\",\"@id\":\"https:\/\/blogs.thesocialmedia.com\/leblogmoto\/2007\/11\/15\/campagne-asiati\/#primaryimage\",\"url\":\"http:\/\/www.leblogmoto.com\/images\/2007\/11\/14\/big_helmet_stupid_01.jpg\",\"contentUrl\":\"http:\/\/www.leblogmoto.com\/images\/2007\/11\/14\/big_helmet_stupid_01.jpg\"},{\"@type\":\"BreadcrumbList\",\"@id\":\"https:\/\/blogs.thesocialmedia.com\/leblogmoto\/2007\/11\/15\/campagne-asiati\/#breadcrumb\",\"itemListElement\":[{\"@type\":\"ListItem\",\"position\":1,\"name\":\"Accueil\",\"item\":\"https:\/\/blogs.thesocialmedia.com\/leblogmoto\/\"},{\"@type\":\"ListItem\",\"position\":2,\"name\":\"Campagne asiatique choc en faveur du port du casque.\"}]},{\"@type\":\"WebSite\",\"@id\":\"https:\/\/blogs.thesocialmedia.com\/leblogmoto\/#website\",\"url\":\"https:\/\/blogs.thesocialmedia.com\/leblogmoto\/\",\"name\":\"leblogmoto\",\"description\":\"Toute l&#039;actualit\u00e9 des 2 roues\",\"potentialAction\":[{\"@type\":\"SearchAction\",\"target\":{\"@type\":\"EntryPoint\",\"urlTemplate\":\"https:\/\/blogs.thesocialmedia.com\/leblogmoto\/?s={search_term_string}\"},\"query-input\":{\"@type\":\"PropertyValueSpecification\",\"valueRequired\":true,\"valueName\":\"search_term_string\"}}],\"inLanguage\":\"fr-FR\"},{\"@type\":\"Person\",\"@id\":\"https:\/\/blogs.thesocialmedia.com\/leblogmoto\/#\/schema\/person\/18bfe773e5725ed6d24f743da805362a\",\"name\":\"benoit rieu\",\"image\":{\"@type\":\"ImageObject\",\"inLanguage\":\"fr-FR\",\"@id\":\"https:\/\/blogs.thesocialmedia.com\/leblogmoto\/#\/schema\/person\/image\/\",\"url\":\"https:\/\/secure.gravatar.com\/avatar\/?s=96&d=mm&r=g\",\"contentUrl\":\"https:\/\/secure.gravatar.com\/avatar\/?s=96&d=mm&r=g\",\"caption\":\"benoit rieu\"},\"url\":\"https:\/\/blogs.thesocialmedia.com\/leblogmoto\/author\/benoit-rieu\/\"}]}<\/script>\n<!-- \/ Yoast SEO plugin. -->","yoast_head_json":{"title":"Campagne asiatique choc en faveur du port du casque. - leblogmoto.com","robots":{"index":"index","follow":"follow","max-snippet":"max-snippet:-1","max-image-preview":"max-image-preview:large","max-video-preview":"max-video-preview:-1"},"canonical":"https:\/\/blogs.thesocialmedia.com\/leblogmoto\/2007\/11\/15\/campagne-asiati\/","twitter_card":"summary_large_image","twitter_title":"Campagne asiatique choc en faveur du port du casque. - leblogmoto.com","twitter_description":"Cette campagne en Anglais de l&rsquo;Asian Injury Prevention Foundation* comprend trois visuels montrant des traumas et intitul\u00e9s tour \u00e0 tour, ironiquement: &quot;Je ne porterai pas de casque, j&rsquo;ai l&rsquo;air idiot avec&quot;, &quot;Je n&rsquo;aime pas porter un casque, \u00e7a fout mes cheveux en l&rsquo;air&quot;, &quot;Je ne porte jamais de casque, ils sont moches\/pas terribles&quot; (traduction matinale [&hellip;]","twitter_image":"http:\/\/www.leblogmoto.com\/images\/2007\/11\/14\/big_helmet_stupid_01.jpg","twitter_misc":{"\u00c9crit par":"benoit rieu","Dur\u00e9e de lecture estim\u00e9e":"1 minute"},"schema":{"@context":"https:\/\/schema.org","@graph":[{"@type":"WebPage","@id":"https:\/\/blogs.thesocialmedia.com\/leblogmoto\/2007\/11\/15\/campagne-asiati\/","url":"https:\/\/blogs.thesocialmedia.com\/leblogmoto\/2007\/11\/15\/campagne-asiati\/","name":"Campagne asiatique choc en faveur du port du casque. - leblogmoto.com","isPartOf":{"@id":"https:\/\/blogs.thesocialmedia.com\/leblogmoto\/#website"},"primaryImageOfPage":{"@id":"https:\/\/blogs.thesocialmedia.com\/leblogmoto\/2007\/11\/15\/campagne-asiati\/#primaryimage"},"image":{"@id":"https:\/\/blogs.thesocialmedia.com\/leblogmoto\/2007\/11\/15\/campagne-asiati\/#primaryimage"},"thumbnailUrl":"http:\/\/www.leblogmoto.com\/images\/2007\/11\/14\/big_helmet_stupid_01.jpg","datePublished":"2007-11-15T07:26:40+00:00","dateModified":"2012-07-11T14:55:31+00:00","author":{"@id":"https:\/\/blogs.thesocialmedia.com\/leblogmoto\/#\/schema\/person\/18bfe773e5725ed6d24f743da805362a"},"breadcrumb":{"@id":"https:\/\/blogs.thesocialmedia.com\/leblogmoto\/2007\/11\/15\/campagne-asiati\/#breadcrumb"},"inLanguage":"fr-FR","potentialAction":[{"@type":"ReadAction","target":["https:\/\/blogs.thesocialmedia.com\/leblogmoto\/2007\/11\/15\/campagne-asiati\/"]}]},{"@type":"ImageObject","inLanguage":"fr-FR","@id":"https:\/\/blogs.thesocialmedia.com\/leblogmoto\/2007\/11\/15\/campagne-asiati\/#primaryimage","url":"http:\/\/www.leblogmoto.com\/images\/2007\/11\/14\/big_helmet_stupid_01.jpg","contentUrl":"http:\/\/www.leblogmoto.com\/images\/2007\/11\/14\/big_helmet_stupid_01.jpg"},{"@type":"BreadcrumbList","@id":"https:\/\/blogs.thesocialmedia.com\/leblogmoto\/2007\/11\/15\/campagne-asiati\/#breadcrumb","itemListElement":[{"@type":"ListItem","position":1,"name":"Accueil","item":"https:\/\/blogs.thesocialmedia.com\/leblogmoto\/"},{"@type":"ListItem","position":2,"name":"Campagne asiatique choc en faveur du port du casque."}]},{"@type":"WebSite","@id":"https:\/\/blogs.thesocialmedia.com\/leblogmoto\/#website","url":"https:\/\/blogs.thesocialmedia.com\/leblogmoto\/","name":"leblogmoto","description":"Toute l&#039;actualit\u00e9 des 2 roues","potentialAction":[{"@type":"SearchAction","target":{"@type":"EntryPoint","urlTemplate":"https:\/\/blogs.thesocialmedia.com\/leblogmoto\/?s={search_term_string}"},"query-input":{"@type":"PropertyValueSpecification","valueRequired":true,"valueName":"search_term_string"}}],"inLanguage":"fr-FR"},{"@type":"Person","@id":"https:\/\/blogs.thesocialmedia.com\/leblogmoto\/#\/schema\/person\/18bfe773e5725ed6d24f743da805362a","name":"benoit rieu","image":{"@type":"ImageObject","inLanguage":"fr-FR","@id":"https:\/\/blogs.thesocialmedia.com\/leblogmoto\/#\/schema\/person\/image\/","url":"https:\/\/secure.gravatar.com\/avatar\/?s=96&d=mm&r=g","contentUrl":"https:\/\/secure.gravatar.com\/avatar\/?s=96&d=mm&r=g","caption":"benoit rieu"},"url":"https:\/\/blogs.thesocialmedia.com\/leblogmoto\/author\/benoit-rieu\/"}]}},"_links":{"self":[{"href":"https:\/\/blogs.thesocialmedia.com\/leblogmoto\/wp-json\/wp\/v2\/posts\/1093","targetHints":{"allow":["GET"]}}],"collection":[{"href":"https:\/\/blogs.thesocialmedia.com\/leblogmoto\/wp-json\/wp\/v2\/posts"}],"about":[{"href":"https:\/\/blogs.thesocialmedia.com\/leblogmoto\/wp-json\/wp\/v2\/types\/post"}],"author":[{"embeddable":true,"href":"https:\/\/blogs.thesocialmedia.com\/leblogmoto\/wp-json\/wp\/v2\/users\/324"}],"replies":[{"embeddable":true,"href":"https:\/\/blogs.thesocialmedia.com\/leblogmoto\/wp-json\/wp\/v2\/comments?post=1093"}],"version-history":[{"count":2,"href":"https:\/\/blogs.thesocialmedia.com\/leblogmoto\/wp-json\/wp\/v2\/posts\/1093\/revisions"}],"predecessor-version":[{"id":9147,"href":"https:\/\/blogs.thesocialmedia.com\/leblogmoto\/wp-json\/wp\/v2\/posts\/1093\/revisions\/9147"}],"wp:attachment":[{"href":"https:\/\/blogs.thesocialmedia.com\/leblogmoto\/wp-json\/wp\/v2\/media?parent=1093"}],"wp:term":[{"taxonomy":"category","embeddable":true,"href":"https:\/\/blogs.thesocialmedia.com\/leblogmoto\/wp-json\/wp\/v2\/categories?post=1093"},{"taxonomy":"post_tag","embeddable":true,"href":"https:\/\/blogs.thesocialmedia.com\/leblogmoto\/wp-json\/wp\/v2\/tags?post=1093"}],"curies":[{"name":"wp","href":"https:\/\/api.w.org\/{rel}","templated":true}]}}