{"id":1095,"date":"2007-11-14T03:53:50","date_gmt":"2007-11-14T03:53:50","guid":{"rendered":"http:\/\/blogs.thesocialmedia.com\/leblogmoto\/2007\/11\/14\/de-bruit-et-de-2\/"},"modified":"2012-07-11T14:55:23","modified_gmt":"2012-07-11T14:55:23","slug":"de-bruit-et-de-2","status":"publish","type":"post","link":"https:\/\/blogs.thesocialmedia.com\/leblogmoto\/2007\/11\/14\/de-bruit-et-de-2\/","title":{"rendered":"De bruit et de fureur"},"content":{"rendered":"<p><a href=\"http:\/\/blogs.thesocialmedia.com\/leblogmoto\/files\/2012\/07\/600.jpg\"><img loading=\"lazy\" decoding=\"async\" width=\"470\" height=\"246\"  src=\"http:\/\/www.leblogmoto.com\/images\/2007\/11\/13\/600.jpg\" alt=\"600\" \/><\/a> <\/p>\n<p>Au Qu\u00e9bec, on appelle \u00e7a un \u00abshow de boucane\u00bb, mais l&rsquo;artiste am\u00e9ricain Aaron Young pr\u00e9f\u00e8re Action Painting. Il r\u00e9unissait, il y a quelques semaines, une dizaine de motards dans un man\u00e8ge militaire pour cr\u00e9er une immense toile. Des panneaux de bois pos\u00e9 au sol et recouvert de plusieurs couches de peinture ont \u00e9t\u00e9 pris d&rsquo;assaut par les motos en mode burnout. Le r\u00e9sultat, est un hommage \u00e0 <a href=\"http:\/\/fr.wikipedia.org\/wiki\/Jackson_Pollock\">Jackson Pollock<\/a> et sa <a href=\"http:\/\/www.youtube.com\/watch?v=CrVE-WQBcYQ\">peinture<\/a> \u00abGreeting Card\u00bb, par le d\u00e9capage de la couche superficielle de peinture pour laisser appara\u00eetre des teintes fluo de jaune et d&rsquo;orange.<\/p>\n<p><a href=\"http:\/\/clabedan.typepad.com\/.shared\/image.html?\/photos\/uncategorized\/2007\/11\/13\/youngslide12.jpg\"><img loading=\"lazy\" decoding=\"async\" width=\"470\" height=\"313\"  src=\"http:\/\/www.leblogmoto.com\/images\/2007\/11\/13\/youngslide12.jpg\" alt=\"Youngslide12\" \/><\/a> <\/p>\n<p>Le spectacle, car c&rsquo;\u00e9tait aussi \u00e7a, fut r\u00e9p\u00e9t\u00e9, chronom\u00e9tr\u00e9, planifi\u00e9 dans ses moindres d\u00e9tails, pr\u00e9voyant m\u00eame des bouchons pour les oreilles sensibles et des masques pour les poumons fragiles, malgr\u00e9 une ventilation survitamin\u00e9e.<\/p>\n<p><a href=\"http:\/\/blogs.thesocialmedia.com\/leblogmoto\/files\/2012\/07\/youngslide6.jpg\"><img loading=\"lazy\" decoding=\"async\" width=\"470\" height=\"313\"  src=\"http:\/\/www.leblogmoto.com\/images\/2007\/11\/13\/youngslide6.jpg\" alt=\"Youngslide6\" \/><\/a> <\/p>\n<p>Les <a href=\"http:\/\/uk.youtube.com\/watch?v=OV0Rvqi9mvw\">7 minutes<\/a> d&rsquo;actions sont bien \u00e9videmment sur YouTube, mais ce sont les <a href=\"http:\/\/www.nytimes.com\/2007\/09\/17\/arts\/design\/17armo.html?partner=rssnyt&amp;emc=rss\">deux<\/a> <a href=\"http:\/\/www.nytimes.com\/2007\/09\/21\/arts\/design\/21gall.html?_r=1&amp;ex=1349150400&amp;en=50646a3b8e10a28a&amp;ei=5088&amp;partner=rssnyt&amp;emc=rss&amp;oref=slogin\">articles<\/a>, plus un vid\u00e9o, de la part du New York Times, qui ont d\u00fb r\u00e9jouir l&rsquo;artiste.<\/p>\n<p><a href=\"http:\/\/clabedan.typepad.com\/.shared\/image.html?\/photos\/uncategorized\/2007\/11\/13\/140974.jpg\"><img loading=\"lazy\" decoding=\"async\" width=\"470\" height=\"312\"  src=\"http:\/\/www.leblogmoto.com\/images\/2007\/11\/13\/140974.jpg\" alt=\"140974\" \/><\/a> <\/p>\n<p><a href=\"http:\/\/blogs.thesocialmedia.com\/leblogmoto\/files\/2012\/07\/4515.jpg\"><img loading=\"lazy\" decoding=\"async\" width=\"470\" height=\"312\"  src=\"http:\/\/www.leblogmoto.com\/images\/2007\/11\/13\/4515.jpg\" alt=\"4515\" \/><\/a> <\/p>\n<p><em>Images, Robert Stolarik, The New York Times<\/em><\/p>\n","protected":false},"excerpt":{"rendered":"<p>Au Qu\u00e9bec, on appelle \u00e7a un \u00abshow de boucane\u00bb, mais l&rsquo;artiste am\u00e9ricain Aaron Young pr\u00e9f\u00e8re Action Painting. Il r\u00e9unissait, il y a quelques semaines, une dizaine de motards dans un man\u00e8ge militaire pour cr\u00e9er une immense toile. Des panneaux de bois pos\u00e9 au sol et recouvert de plusieurs couches de peinture ont \u00e9t\u00e9 pris d&rsquo;assaut [&hellip;]<\/p>\n","protected":false},"author":325,"featured_media":0,"comment_status":"open","ping_status":"open","sticky":false,"template":"","format":"standard","meta":{"footnotes":""},"categories":[16,12],"tags":[],"class_list":["post-1095","post","type-post","status-publish","format-standard","hentry","category-art-moto","category-videos"],"yoast_head":"<!-- This site is optimized with the Yoast SEO plugin v26.0 - https:\/\/yoast.com\/wordpress\/plugins\/seo\/ -->\n<title>De bruit et de fureur - leblogmoto.com<\/title>\n<meta name=\"robots\" content=\"index, follow, max-snippet:-1, max-image-preview:large, max-video-preview:-1\" \/>\n<link rel=\"canonical\" href=\"https:\/\/blogs.thesocialmedia.com\/leblogmoto\/2007\/11\/14\/de-bruit-et-de-2\/\" \/>\n<meta name=\"twitter:card\" content=\"summary_large_image\" \/>\n<meta name=\"twitter:title\" content=\"De bruit et de fureur - leblogmoto.com\" \/>\n<meta name=\"twitter:description\" content=\"Au Qu\u00e9bec, on appelle \u00e7a un \u00abshow de boucane\u00bb, mais l&rsquo;artiste am\u00e9ricain Aaron Young pr\u00e9f\u00e8re Action Painting. Il r\u00e9unissait, il y a quelques semaines, une dizaine de motards dans un man\u00e8ge militaire pour cr\u00e9er une immense toile. Des panneaux de bois pos\u00e9 au sol et recouvert de plusieurs couches de peinture ont \u00e9t\u00e9 pris d&rsquo;assaut [&hellip;]\" \/>\n<meta name=\"twitter:image\" content=\"http:\/\/www.leblogmoto.com\/images\/2007\/11\/13\/600.jpg\" \/>\n<meta name=\"twitter:label1\" content=\"\u00c9crit par\" \/>\n\t<meta name=\"twitter:data1\" content=\"jacques lesage\" \/>\n\t<meta name=\"twitter:label2\" content=\"Dur\u00e9e de lecture estim\u00e9e\" \/>\n\t<meta name=\"twitter:data2\" content=\"1 minute\" \/>\n<script type=\"application\/ld+json\" class=\"yoast-schema-graph\">{\"@context\":\"https:\/\/schema.org\",\"@graph\":[{\"@type\":\"WebPage\",\"@id\":\"https:\/\/blogs.thesocialmedia.com\/leblogmoto\/2007\/11\/14\/de-bruit-et-de-2\/\",\"url\":\"https:\/\/blogs.thesocialmedia.com\/leblogmoto\/2007\/11\/14\/de-bruit-et-de-2\/\",\"name\":\"De bruit et de fureur - leblogmoto.com\",\"isPartOf\":{\"@id\":\"https:\/\/blogs.thesocialmedia.com\/leblogmoto\/#website\"},\"primaryImageOfPage\":{\"@id\":\"https:\/\/blogs.thesocialmedia.com\/leblogmoto\/2007\/11\/14\/de-bruit-et-de-2\/#primaryimage\"},\"image\":{\"@id\":\"https:\/\/blogs.thesocialmedia.com\/leblogmoto\/2007\/11\/14\/de-bruit-et-de-2\/#primaryimage\"},\"thumbnailUrl\":\"http:\/\/www.leblogmoto.com\/images\/2007\/11\/13\/600.jpg\",\"datePublished\":\"2007-11-14T03:53:50+00:00\",\"dateModified\":\"2012-07-11T14:55:23+00:00\",\"author\":{\"@id\":\"https:\/\/blogs.thesocialmedia.com\/leblogmoto\/#\/schema\/person\/e82a0ca8a9a63d031586097a3ed58526\"},\"breadcrumb\":{\"@id\":\"https:\/\/blogs.thesocialmedia.com\/leblogmoto\/2007\/11\/14\/de-bruit-et-de-2\/#breadcrumb\"},\"inLanguage\":\"fr-FR\",\"potentialAction\":[{\"@type\":\"ReadAction\",\"target\":[\"https:\/\/blogs.thesocialmedia.com\/leblogmoto\/2007\/11\/14\/de-bruit-et-de-2\/\"]}]},{\"@type\":\"ImageObject\",\"inLanguage\":\"fr-FR\",\"@id\":\"https:\/\/blogs.thesocialmedia.com\/leblogmoto\/2007\/11\/14\/de-bruit-et-de-2\/#primaryimage\",\"url\":\"http:\/\/www.leblogmoto.com\/images\/2007\/11\/13\/600.jpg\",\"contentUrl\":\"http:\/\/www.leblogmoto.com\/images\/2007\/11\/13\/600.jpg\"},{\"@type\":\"BreadcrumbList\",\"@id\":\"https:\/\/blogs.thesocialmedia.com\/leblogmoto\/2007\/11\/14\/de-bruit-et-de-2\/#breadcrumb\",\"itemListElement\":[{\"@type\":\"ListItem\",\"position\":1,\"name\":\"Accueil\",\"item\":\"https:\/\/blogs.thesocialmedia.com\/leblogmoto\/\"},{\"@type\":\"ListItem\",\"position\":2,\"name\":\"De bruit et de fureur\"}]},{\"@type\":\"WebSite\",\"@id\":\"https:\/\/blogs.thesocialmedia.com\/leblogmoto\/#website\",\"url\":\"https:\/\/blogs.thesocialmedia.com\/leblogmoto\/\",\"name\":\"leblogmoto\",\"description\":\"Toute l&#039;actualit\u00e9 des 2 roues\",\"potentialAction\":[{\"@type\":\"SearchAction\",\"target\":{\"@type\":\"EntryPoint\",\"urlTemplate\":\"https:\/\/blogs.thesocialmedia.com\/leblogmoto\/?s={search_term_string}\"},\"query-input\":{\"@type\":\"PropertyValueSpecification\",\"valueRequired\":true,\"valueName\":\"search_term_string\"}}],\"inLanguage\":\"fr-FR\"},{\"@type\":\"Person\",\"@id\":\"https:\/\/blogs.thesocialmedia.com\/leblogmoto\/#\/schema\/person\/e82a0ca8a9a63d031586097a3ed58526\",\"name\":\"jacques lesage\",\"image\":{\"@type\":\"ImageObject\",\"inLanguage\":\"fr-FR\",\"@id\":\"https:\/\/blogs.thesocialmedia.com\/leblogmoto\/#\/schema\/person\/image\/\",\"url\":\"https:\/\/secure.gravatar.com\/avatar\/?s=96&d=mm&r=g\",\"contentUrl\":\"https:\/\/secure.gravatar.com\/avatar\/?s=96&d=mm&r=g\",\"caption\":\"jacques lesage\"},\"url\":\"https:\/\/blogs.thesocialmedia.com\/leblogmoto\/author\/jacques-lesage\/\"}]}<\/script>\n<!-- \/ Yoast SEO plugin. -->","yoast_head_json":{"title":"De bruit et de fureur - leblogmoto.com","robots":{"index":"index","follow":"follow","max-snippet":"max-snippet:-1","max-image-preview":"max-image-preview:large","max-video-preview":"max-video-preview:-1"},"canonical":"https:\/\/blogs.thesocialmedia.com\/leblogmoto\/2007\/11\/14\/de-bruit-et-de-2\/","twitter_card":"summary_large_image","twitter_title":"De bruit et de fureur - leblogmoto.com","twitter_description":"Au Qu\u00e9bec, on appelle \u00e7a un \u00abshow de boucane\u00bb, mais l&rsquo;artiste am\u00e9ricain Aaron Young pr\u00e9f\u00e8re Action Painting. Il r\u00e9unissait, il y a quelques semaines, une dizaine de motards dans un man\u00e8ge militaire pour cr\u00e9er une immense toile. Des panneaux de bois pos\u00e9 au sol et recouvert de plusieurs couches de peinture ont \u00e9t\u00e9 pris d&rsquo;assaut [&hellip;]","twitter_image":"http:\/\/www.leblogmoto.com\/images\/2007\/11\/13\/600.jpg","twitter_misc":{"\u00c9crit par":"jacques lesage","Dur\u00e9e de lecture estim\u00e9e":"1 minute"},"schema":{"@context":"https:\/\/schema.org","@graph":[{"@type":"WebPage","@id":"https:\/\/blogs.thesocialmedia.com\/leblogmoto\/2007\/11\/14\/de-bruit-et-de-2\/","url":"https:\/\/blogs.thesocialmedia.com\/leblogmoto\/2007\/11\/14\/de-bruit-et-de-2\/","name":"De bruit et de fureur - leblogmoto.com","isPartOf":{"@id":"https:\/\/blogs.thesocialmedia.com\/leblogmoto\/#website"},"primaryImageOfPage":{"@id":"https:\/\/blogs.thesocialmedia.com\/leblogmoto\/2007\/11\/14\/de-bruit-et-de-2\/#primaryimage"},"image":{"@id":"https:\/\/blogs.thesocialmedia.com\/leblogmoto\/2007\/11\/14\/de-bruit-et-de-2\/#primaryimage"},"thumbnailUrl":"http:\/\/www.leblogmoto.com\/images\/2007\/11\/13\/600.jpg","datePublished":"2007-11-14T03:53:50+00:00","dateModified":"2012-07-11T14:55:23+00:00","author":{"@id":"https:\/\/blogs.thesocialmedia.com\/leblogmoto\/#\/schema\/person\/e82a0ca8a9a63d031586097a3ed58526"},"breadcrumb":{"@id":"https:\/\/blogs.thesocialmedia.com\/leblogmoto\/2007\/11\/14\/de-bruit-et-de-2\/#breadcrumb"},"inLanguage":"fr-FR","potentialAction":[{"@type":"ReadAction","target":["https:\/\/blogs.thesocialmedia.com\/leblogmoto\/2007\/11\/14\/de-bruit-et-de-2\/"]}]},{"@type":"ImageObject","inLanguage":"fr-FR","@id":"https:\/\/blogs.thesocialmedia.com\/leblogmoto\/2007\/11\/14\/de-bruit-et-de-2\/#primaryimage","url":"http:\/\/www.leblogmoto.com\/images\/2007\/11\/13\/600.jpg","contentUrl":"http:\/\/www.leblogmoto.com\/images\/2007\/11\/13\/600.jpg"},{"@type":"BreadcrumbList","@id":"https:\/\/blogs.thesocialmedia.com\/leblogmoto\/2007\/11\/14\/de-bruit-et-de-2\/#breadcrumb","itemListElement":[{"@type":"ListItem","position":1,"name":"Accueil","item":"https:\/\/blogs.thesocialmedia.com\/leblogmoto\/"},{"@type":"ListItem","position":2,"name":"De bruit et de fureur"}]},{"@type":"WebSite","@id":"https:\/\/blogs.thesocialmedia.com\/leblogmoto\/#website","url":"https:\/\/blogs.thesocialmedia.com\/leblogmoto\/","name":"leblogmoto","description":"Toute l&#039;actualit\u00e9 des 2 roues","potentialAction":[{"@type":"SearchAction","target":{"@type":"EntryPoint","urlTemplate":"https:\/\/blogs.thesocialmedia.com\/leblogmoto\/?s={search_term_string}"},"query-input":{"@type":"PropertyValueSpecification","valueRequired":true,"valueName":"search_term_string"}}],"inLanguage":"fr-FR"},{"@type":"Person","@id":"https:\/\/blogs.thesocialmedia.com\/leblogmoto\/#\/schema\/person\/e82a0ca8a9a63d031586097a3ed58526","name":"jacques lesage","image":{"@type":"ImageObject","inLanguage":"fr-FR","@id":"https:\/\/blogs.thesocialmedia.com\/leblogmoto\/#\/schema\/person\/image\/","url":"https:\/\/secure.gravatar.com\/avatar\/?s=96&d=mm&r=g","contentUrl":"https:\/\/secure.gravatar.com\/avatar\/?s=96&d=mm&r=g","caption":"jacques lesage"},"url":"https:\/\/blogs.thesocialmedia.com\/leblogmoto\/author\/jacques-lesage\/"}]}},"_links":{"self":[{"href":"https:\/\/blogs.thesocialmedia.com\/leblogmoto\/wp-json\/wp\/v2\/posts\/1095","targetHints":{"allow":["GET"]}}],"collection":[{"href":"https:\/\/blogs.thesocialmedia.com\/leblogmoto\/wp-json\/wp\/v2\/posts"}],"about":[{"href":"https:\/\/blogs.thesocialmedia.com\/leblogmoto\/wp-json\/wp\/v2\/types\/post"}],"author":[{"embeddable":true,"href":"https:\/\/blogs.thesocialmedia.com\/leblogmoto\/wp-json\/wp\/v2\/users\/325"}],"replies":[{"embeddable":true,"href":"https:\/\/blogs.thesocialmedia.com\/leblogmoto\/wp-json\/wp\/v2\/comments?post=1095"}],"version-history":[{"count":2,"href":"https:\/\/blogs.thesocialmedia.com\/leblogmoto\/wp-json\/wp\/v2\/posts\/1095\/revisions"}],"predecessor-version":[{"id":9141,"href":"https:\/\/blogs.thesocialmedia.com\/leblogmoto\/wp-json\/wp\/v2\/posts\/1095\/revisions\/9141"}],"wp:attachment":[{"href":"https:\/\/blogs.thesocialmedia.com\/leblogmoto\/wp-json\/wp\/v2\/media?parent=1095"}],"wp:term":[{"taxonomy":"category","embeddable":true,"href":"https:\/\/blogs.thesocialmedia.com\/leblogmoto\/wp-json\/wp\/v2\/categories?post=1095"},{"taxonomy":"post_tag","embeddable":true,"href":"https:\/\/blogs.thesocialmedia.com\/leblogmoto\/wp-json\/wp\/v2\/tags?post=1095"}],"curies":[{"name":"wp","href":"https:\/\/api.w.org\/{rel}","templated":true}]}}