{"id":1096,"date":"2007-11-12T19:12:03","date_gmt":"2007-11-12T19:12:03","guid":{"rendered":"http:\/\/blogs.thesocialmedia.com\/leblogmoto\/2007\/11\/12\/quad-ravag-par\/"},"modified":"2012-07-11T14:55:15","modified_gmt":"2012-07-11T14:55:15","slug":"quad-ravag-par","status":"publish","type":"post","link":"https:\/\/blogs.thesocialmedia.com\/leblogmoto\/2007\/11\/12\/quad-ravag-par\/","title":{"rendered":"Quad ravag\u00e9 par les flammes, Californie, octobre 2007."},"content":{"rendered":"<p><a href=\"http:\/\/blogs.thesocialmedia.com\/leblogmoto\/files\/2012\/07\/quad_burnt_quad_atv_san_diego.jpg\"><img loading=\"lazy\" decoding=\"async\" width=\"470\" height=\"316\"  src=\"http:\/\/www.leblogmoto.com\/images\/2007\/11\/12\/quad_burnt_quad_atv_san_diego.jpg\" alt=\"Quad_burnt_quad_atv_san_diego\" \/><\/a><\/p>\n<p>Je me suis demand\u00e9 quel titre choisir, je ne voulais pas d&rsquo;un intitul\u00e9 racoleur en raison de l&rsquo;aspect du v\u00e9hicule et surtout de la trag\u00e9die derri\u00e8re tout cela, en esp\u00e9rant que vous trouverez celui-ci assez sobre. Mais un ATV (All-Terrain Vehicle), expression la plus utilis\u00e9e en Anglais pour d\u00e9signer un quad*, ne ressemble pas toujours \u00e0 <a href=\"http:\/\/www.leblogmoto.com\/2007\/10\/michelin-challe.html\">ceci<\/a>, encore moins \u00e0 <a href=\"http:\/\/www.leblogmoto.com\/2007\/10\/le-polaris-revo.html\">cela<\/a>, surtout apr\u00e8s les <a href=\"http:\/\/www.lemonde.fr\/web\/article\/0,1-0@2-3222,36-970404,0.html?xtor=RSS-3208\">conditions dantesques<\/a> que la Californie a connues r\u00e9cemment. Pour un bref r\u00e9sum\u00e9 des faits&#8230;<\/p>\n<p>&#8230;une d\u00e9faillance du quad serait \u00e0 l&rsquo;origine de cet accident pr\u00e8s de San Diego, obligeant le pilote \u00e0 stopper ainsi que le v\u00e9hicule des pompiers qui le pr\u00e9c\u00e9dait \u00e0 s&rsquo;arr\u00eater, pour lui pr\u00eater assistance. Le pire arriva quand le feu gagna assez de terrain pour entourer les protagonistes: le conducteur d\u00e9c\u00e9da dans les flammes. Son fils ainsi que les quatre pompiers furent gravement bless\u00e9s. <\/p>\n<p>L&rsquo;<a href=\"http:\/\/www.undermyhelmet.com\/50226711\/atv_failure_cause_death_injury_during_san_diego_fire.php\">histoire<\/a> pour les anglophiles est <a href=\"http:\/\/www.undermyhelmet.com\/50226711\/atv_failure_cause_death_injury_during_san_diego_fire.php\">ici<\/a>, racont\u00e9e sans pathos par Matt, alors que l&rsquo;\u00e9v\u00e9nement s&rsquo;est d\u00e9roul\u00e9 pr\u00e8s de chez lui et qu&rsquo;il est indirectement concern\u00e9 par le drame. Le tout dans le tr\u00e8s bon blog &quot;Under My Helmet&quot;, consacr\u00e9 principalement aux ATV et (un peu) aux motos.<\/p>\n<p><em>*m\u00eame si le mot \u00e0 l&rsquo;origine englobe les v\u00e9hicules \u00e0 trois et quatre roues, mais les trois roues &#8211; type trikes &#8211; se sont ensuite sp\u00e9cialis\u00e9s dans l&rsquo;asphalte et pas le tout-terrain.<\/em><\/p>\n","protected":false},"excerpt":{"rendered":"<p>Je me suis demand\u00e9 quel titre choisir, je ne voulais pas d&rsquo;un intitul\u00e9 racoleur en raison de l&rsquo;aspect du v\u00e9hicule et surtout de la trag\u00e9die derri\u00e8re tout cela, en esp\u00e9rant que vous trouverez celui-ci assez sobre. Mais un ATV (All-Terrain Vehicle), expression la plus utilis\u00e9e en Anglais pour d\u00e9signer un quad*, ne ressemble pas toujours [&hellip;]<\/p>\n","protected":false},"author":324,"featured_media":0,"comment_status":"open","ping_status":"open","sticky":false,"template":"","format":"standard","meta":{"footnotes":""},"categories":[3,17,70,27],"tags":[],"class_list":["post-1096","post","type-post","status-publish","format-standard","hentry","category-actualite","category-divers","category-quad","category-securite"],"yoast_head":"<!-- This site is optimized with the Yoast SEO plugin v26.0 - https:\/\/yoast.com\/wordpress\/plugins\/seo\/ -->\n<title>Quad ravag\u00e9 par les flammes, Californie, octobre 2007. - leblogmoto.com<\/title>\n<meta name=\"robots\" content=\"index, follow, max-snippet:-1, max-image-preview:large, max-video-preview:-1\" \/>\n<link rel=\"canonical\" href=\"https:\/\/blogs.thesocialmedia.com\/leblogmoto\/2007\/11\/12\/quad-ravag-par\/\" \/>\n<meta name=\"twitter:card\" content=\"summary_large_image\" \/>\n<meta name=\"twitter:title\" content=\"Quad ravag\u00e9 par les flammes, Californie, octobre 2007. - leblogmoto.com\" \/>\n<meta name=\"twitter:description\" content=\"Je me suis demand\u00e9 quel titre choisir, je ne voulais pas d&rsquo;un intitul\u00e9 racoleur en raison de l&rsquo;aspect du v\u00e9hicule et surtout de la trag\u00e9die derri\u00e8re tout cela, en esp\u00e9rant que vous trouverez celui-ci assez sobre. Mais un ATV (All-Terrain Vehicle), expression la plus utilis\u00e9e en Anglais pour d\u00e9signer un quad*, ne ressemble pas toujours [&hellip;]\" \/>\n<meta name=\"twitter:image\" content=\"http:\/\/www.leblogmoto.com\/images\/2007\/11\/12\/quad_burnt_quad_atv_san_diego.jpg\" \/>\n<meta name=\"twitter:label1\" content=\"\u00c9crit par\" \/>\n\t<meta name=\"twitter:data1\" content=\"benoit rieu\" \/>\n\t<meta name=\"twitter:label2\" content=\"Dur\u00e9e de lecture estim\u00e9e\" \/>\n\t<meta name=\"twitter:data2\" content=\"1 minute\" \/>\n<script type=\"application\/ld+json\" class=\"yoast-schema-graph\">{\"@context\":\"https:\/\/schema.org\",\"@graph\":[{\"@type\":\"WebPage\",\"@id\":\"https:\/\/blogs.thesocialmedia.com\/leblogmoto\/2007\/11\/12\/quad-ravag-par\/\",\"url\":\"https:\/\/blogs.thesocialmedia.com\/leblogmoto\/2007\/11\/12\/quad-ravag-par\/\",\"name\":\"Quad ravag\u00e9 par les flammes, Californie, octobre 2007. - leblogmoto.com\",\"isPartOf\":{\"@id\":\"https:\/\/blogs.thesocialmedia.com\/leblogmoto\/#website\"},\"primaryImageOfPage\":{\"@id\":\"https:\/\/blogs.thesocialmedia.com\/leblogmoto\/2007\/11\/12\/quad-ravag-par\/#primaryimage\"},\"image\":{\"@id\":\"https:\/\/blogs.thesocialmedia.com\/leblogmoto\/2007\/11\/12\/quad-ravag-par\/#primaryimage\"},\"thumbnailUrl\":\"http:\/\/www.leblogmoto.com\/images\/2007\/11\/12\/quad_burnt_quad_atv_san_diego.jpg\",\"datePublished\":\"2007-11-12T19:12:03+00:00\",\"dateModified\":\"2012-07-11T14:55:15+00:00\",\"author\":{\"@id\":\"https:\/\/blogs.thesocialmedia.com\/leblogmoto\/#\/schema\/person\/18bfe773e5725ed6d24f743da805362a\"},\"breadcrumb\":{\"@id\":\"https:\/\/blogs.thesocialmedia.com\/leblogmoto\/2007\/11\/12\/quad-ravag-par\/#breadcrumb\"},\"inLanguage\":\"fr-FR\",\"potentialAction\":[{\"@type\":\"ReadAction\",\"target\":[\"https:\/\/blogs.thesocialmedia.com\/leblogmoto\/2007\/11\/12\/quad-ravag-par\/\"]}]},{\"@type\":\"ImageObject\",\"inLanguage\":\"fr-FR\",\"@id\":\"https:\/\/blogs.thesocialmedia.com\/leblogmoto\/2007\/11\/12\/quad-ravag-par\/#primaryimage\",\"url\":\"http:\/\/www.leblogmoto.com\/images\/2007\/11\/12\/quad_burnt_quad_atv_san_diego.jpg\",\"contentUrl\":\"http:\/\/www.leblogmoto.com\/images\/2007\/11\/12\/quad_burnt_quad_atv_san_diego.jpg\"},{\"@type\":\"BreadcrumbList\",\"@id\":\"https:\/\/blogs.thesocialmedia.com\/leblogmoto\/2007\/11\/12\/quad-ravag-par\/#breadcrumb\",\"itemListElement\":[{\"@type\":\"ListItem\",\"position\":1,\"name\":\"Accueil\",\"item\":\"https:\/\/blogs.thesocialmedia.com\/leblogmoto\/\"},{\"@type\":\"ListItem\",\"position\":2,\"name\":\"Quad ravag\u00e9 par les flammes, Californie, octobre 2007.\"}]},{\"@type\":\"WebSite\",\"@id\":\"https:\/\/blogs.thesocialmedia.com\/leblogmoto\/#website\",\"url\":\"https:\/\/blogs.thesocialmedia.com\/leblogmoto\/\",\"name\":\"leblogmoto\",\"description\":\"Toute l&#039;actualit\u00e9 des 2 roues\",\"potentialAction\":[{\"@type\":\"SearchAction\",\"target\":{\"@type\":\"EntryPoint\",\"urlTemplate\":\"https:\/\/blogs.thesocialmedia.com\/leblogmoto\/?s={search_term_string}\"},\"query-input\":{\"@type\":\"PropertyValueSpecification\",\"valueRequired\":true,\"valueName\":\"search_term_string\"}}],\"inLanguage\":\"fr-FR\"},{\"@type\":\"Person\",\"@id\":\"https:\/\/blogs.thesocialmedia.com\/leblogmoto\/#\/schema\/person\/18bfe773e5725ed6d24f743da805362a\",\"name\":\"benoit rieu\",\"image\":{\"@type\":\"ImageObject\",\"inLanguage\":\"fr-FR\",\"@id\":\"https:\/\/blogs.thesocialmedia.com\/leblogmoto\/#\/schema\/person\/image\/\",\"url\":\"https:\/\/secure.gravatar.com\/avatar\/?s=96&d=mm&r=g\",\"contentUrl\":\"https:\/\/secure.gravatar.com\/avatar\/?s=96&d=mm&r=g\",\"caption\":\"benoit rieu\"},\"url\":\"https:\/\/blogs.thesocialmedia.com\/leblogmoto\/author\/benoit-rieu\/\"}]}<\/script>\n<!-- \/ Yoast SEO plugin. -->","yoast_head_json":{"title":"Quad ravag\u00e9 par les flammes, Californie, octobre 2007. - leblogmoto.com","robots":{"index":"index","follow":"follow","max-snippet":"max-snippet:-1","max-image-preview":"max-image-preview:large","max-video-preview":"max-video-preview:-1"},"canonical":"https:\/\/blogs.thesocialmedia.com\/leblogmoto\/2007\/11\/12\/quad-ravag-par\/","twitter_card":"summary_large_image","twitter_title":"Quad ravag\u00e9 par les flammes, Californie, octobre 2007. - leblogmoto.com","twitter_description":"Je me suis demand\u00e9 quel titre choisir, je ne voulais pas d&rsquo;un intitul\u00e9 racoleur en raison de l&rsquo;aspect du v\u00e9hicule et surtout de la trag\u00e9die derri\u00e8re tout cela, en esp\u00e9rant que vous trouverez celui-ci assez sobre. Mais un ATV (All-Terrain Vehicle), expression la plus utilis\u00e9e en Anglais pour d\u00e9signer un quad*, ne ressemble pas toujours [&hellip;]","twitter_image":"http:\/\/www.leblogmoto.com\/images\/2007\/11\/12\/quad_burnt_quad_atv_san_diego.jpg","twitter_misc":{"\u00c9crit par":"benoit rieu","Dur\u00e9e de lecture estim\u00e9e":"1 minute"},"schema":{"@context":"https:\/\/schema.org","@graph":[{"@type":"WebPage","@id":"https:\/\/blogs.thesocialmedia.com\/leblogmoto\/2007\/11\/12\/quad-ravag-par\/","url":"https:\/\/blogs.thesocialmedia.com\/leblogmoto\/2007\/11\/12\/quad-ravag-par\/","name":"Quad ravag\u00e9 par les flammes, Californie, octobre 2007. - leblogmoto.com","isPartOf":{"@id":"https:\/\/blogs.thesocialmedia.com\/leblogmoto\/#website"},"primaryImageOfPage":{"@id":"https:\/\/blogs.thesocialmedia.com\/leblogmoto\/2007\/11\/12\/quad-ravag-par\/#primaryimage"},"image":{"@id":"https:\/\/blogs.thesocialmedia.com\/leblogmoto\/2007\/11\/12\/quad-ravag-par\/#primaryimage"},"thumbnailUrl":"http:\/\/www.leblogmoto.com\/images\/2007\/11\/12\/quad_burnt_quad_atv_san_diego.jpg","datePublished":"2007-11-12T19:12:03+00:00","dateModified":"2012-07-11T14:55:15+00:00","author":{"@id":"https:\/\/blogs.thesocialmedia.com\/leblogmoto\/#\/schema\/person\/18bfe773e5725ed6d24f743da805362a"},"breadcrumb":{"@id":"https:\/\/blogs.thesocialmedia.com\/leblogmoto\/2007\/11\/12\/quad-ravag-par\/#breadcrumb"},"inLanguage":"fr-FR","potentialAction":[{"@type":"ReadAction","target":["https:\/\/blogs.thesocialmedia.com\/leblogmoto\/2007\/11\/12\/quad-ravag-par\/"]}]},{"@type":"ImageObject","inLanguage":"fr-FR","@id":"https:\/\/blogs.thesocialmedia.com\/leblogmoto\/2007\/11\/12\/quad-ravag-par\/#primaryimage","url":"http:\/\/www.leblogmoto.com\/images\/2007\/11\/12\/quad_burnt_quad_atv_san_diego.jpg","contentUrl":"http:\/\/www.leblogmoto.com\/images\/2007\/11\/12\/quad_burnt_quad_atv_san_diego.jpg"},{"@type":"BreadcrumbList","@id":"https:\/\/blogs.thesocialmedia.com\/leblogmoto\/2007\/11\/12\/quad-ravag-par\/#breadcrumb","itemListElement":[{"@type":"ListItem","position":1,"name":"Accueil","item":"https:\/\/blogs.thesocialmedia.com\/leblogmoto\/"},{"@type":"ListItem","position":2,"name":"Quad ravag\u00e9 par les flammes, Californie, octobre 2007."}]},{"@type":"WebSite","@id":"https:\/\/blogs.thesocialmedia.com\/leblogmoto\/#website","url":"https:\/\/blogs.thesocialmedia.com\/leblogmoto\/","name":"leblogmoto","description":"Toute l&#039;actualit\u00e9 des 2 roues","potentialAction":[{"@type":"SearchAction","target":{"@type":"EntryPoint","urlTemplate":"https:\/\/blogs.thesocialmedia.com\/leblogmoto\/?s={search_term_string}"},"query-input":{"@type":"PropertyValueSpecification","valueRequired":true,"valueName":"search_term_string"}}],"inLanguage":"fr-FR"},{"@type":"Person","@id":"https:\/\/blogs.thesocialmedia.com\/leblogmoto\/#\/schema\/person\/18bfe773e5725ed6d24f743da805362a","name":"benoit rieu","image":{"@type":"ImageObject","inLanguage":"fr-FR","@id":"https:\/\/blogs.thesocialmedia.com\/leblogmoto\/#\/schema\/person\/image\/","url":"https:\/\/secure.gravatar.com\/avatar\/?s=96&d=mm&r=g","contentUrl":"https:\/\/secure.gravatar.com\/avatar\/?s=96&d=mm&r=g","caption":"benoit rieu"},"url":"https:\/\/blogs.thesocialmedia.com\/leblogmoto\/author\/benoit-rieu\/"}]}},"_links":{"self":[{"href":"https:\/\/blogs.thesocialmedia.com\/leblogmoto\/wp-json\/wp\/v2\/posts\/1096","targetHints":{"allow":["GET"]}}],"collection":[{"href":"https:\/\/blogs.thesocialmedia.com\/leblogmoto\/wp-json\/wp\/v2\/posts"}],"about":[{"href":"https:\/\/blogs.thesocialmedia.com\/leblogmoto\/wp-json\/wp\/v2\/types\/post"}],"author":[{"embeddable":true,"href":"https:\/\/blogs.thesocialmedia.com\/leblogmoto\/wp-json\/wp\/v2\/users\/324"}],"replies":[{"embeddable":true,"href":"https:\/\/blogs.thesocialmedia.com\/leblogmoto\/wp-json\/wp\/v2\/comments?post=1096"}],"version-history":[{"count":2,"href":"https:\/\/blogs.thesocialmedia.com\/leblogmoto\/wp-json\/wp\/v2\/posts\/1096\/revisions"}],"predecessor-version":[{"id":9137,"href":"https:\/\/blogs.thesocialmedia.com\/leblogmoto\/wp-json\/wp\/v2\/posts\/1096\/revisions\/9137"}],"wp:attachment":[{"href":"https:\/\/blogs.thesocialmedia.com\/leblogmoto\/wp-json\/wp\/v2\/media?parent=1096"}],"wp:term":[{"taxonomy":"category","embeddable":true,"href":"https:\/\/blogs.thesocialmedia.com\/leblogmoto\/wp-json\/wp\/v2\/categories?post=1096"},{"taxonomy":"post_tag","embeddable":true,"href":"https:\/\/blogs.thesocialmedia.com\/leblogmoto\/wp-json\/wp\/v2\/tags?post=1096"}],"curies":[{"name":"wp","href":"https:\/\/api.w.org\/{rel}","templated":true}]}}