{"id":1097,"date":"2007-11-12T12:52:23","date_gmt":"2007-11-12T12:52:23","guid":{"rendered":"http:\/\/blogs.thesocialmedia.com\/leblogmoto\/2007\/11\/12\/chad-reed-a-cla\/"},"modified":"2012-07-11T14:55:13","modified_gmt":"2012-07-11T14:55:13","slug":"chad-reed-a-cla","status":"publish","type":"post","link":"https:\/\/blogs.thesocialmedia.com\/leblogmoto\/2007\/11\/12\/chad-reed-a-cla\/","title":{"rendered":"Chad Reed a \u00e9clabouss\u00e9 de sa classe le SX de Bercy."},"content":{"rendered":"<p><a href=\"http:\/\/blogs.thesocialmedia.com\/leblogmoto\/files\/2012\/07\/chad_reed_houston_closeup.jpg\"><img loading=\"lazy\" decoding=\"async\" width=\"470\" height=\"310\"  src=\"http:\/\/www.leblogmoto.com\/images\/2007\/11\/12\/chad_reed_houston_closeup.jpg\" alt=\"Chad_reed_houston_closeup\" \/><\/a><\/p>\n<p>Wheelie une fois sur deux dans les whoops, holeshots sortis de nulle part, ma\u00eetrise et parfois petit salut \u00e0 la foule <em>en pleine<\/em> course (j&rsquo;en ai compt\u00e9 3, en 8\u00e8me et en 1\/4), avec souvent une tr\u00e8s confortable avance \u00e0 l&rsquo;arriv\u00e9e, l&rsquo;Australien a \u00e9t\u00e9 <em>le<\/em> crossman de Bercy. C&rsquo;est vrai, <a href=\"http:\/\/blogs.thesocialmedia.com\/leblogmoto\/files\/2012\/07\/les-masques-oak.html_.png\">on l&rsquo;a dit<\/a>, on aurait aim\u00e9 un plateau plus relev\u00e9 avec &quot;Bubba&quot; Stewart et Carmichael, mais au vu de leur fra\u00eecheur actuelle, le r\u00e9sultat aurait-il \u00e9t\u00e9 si diff\u00e9rent ? R\u00e9sultats mitig\u00e9s de <a href=\"http:\/\/www.leblogmoto.com\/2007\/10\/benjamin-coisy-.html\">Benji Coisy<\/a> et surtout Seb Pourcel, tous deux bless\u00e9s.<\/p>\n<p>Le palmar\u00e8s du bonhomme a de quoi impressionner, il est en effet le seul pilote non am\u00e9ricain avec &quot;Dja\u00efEmBi&quot; alias Jean-Michel Bayle (voir photo, plus bas de JMB perdu dans l&rsquo;immensit\u00e9 de Simi-Valley, en 1990 je crois) \u00e0 remporter un titre de champion de Supercross. Il a bien m\u00e9rit\u00e9 de gagner &#8211; sur sa Yamaha 450 portant le n\u00b022 &#8211; le titre ronflant de &quot;King of Bercy&quot; et sans faillir: il finit premier trois soir\u00e9es d&rsquo;affil\u00e9e.&nbsp; <\/p>\n<p>M\u00eame si dans les phases finales, Grant Langston (AfSud, second sur la m\u00eame Yamaha et vainqueur du MX des USA) et Andrew Short (USA, troisi\u00e8me) lui ont men\u00e9 la vie dure. C&rsquo;est gr\u00e2ce en partie \u00e0 celui-ci, associ\u00e9 \u00e0 Grant et Brayton, qu&rsquo;au classement par \u00e9quipes les Etats-Unis font mieux que sauver l&rsquo;honneur en terminant largement premiers devant la France, puis le &quot;Reste du monde&quot;, selon la formule utilis\u00e9e par les organisateurs.<\/p>\n<p><a href=\"http:\/\/clabedan.typepad.com\/.shared\/image.html?\/photos\/uncategorized\/2007\/11\/12\/motocross_supercross_jmb_circuit_ou.jpg\"><img loading=\"lazy\" decoding=\"async\" width=\"470\" height=\"320\"  alt=\"Motocross_supercross_jmb_circuit_ou\" src=\"http:\/\/www.leblogmoto.com\/images\/2007\/11\/12\/motocross_supercross_jmb_circuit_ou.jpg\" \/><\/a> <\/p>\n<p>Ces derniers d&rsquo;ailleurs peuvent s&rsquo;estimer largement heureux du succ\u00e8s de l&rsquo;\u00e9preuve parisienne avec 12.000 spectateurs chaque soir depuis vendredi et une foule tr\u00e8s color\u00e9e. Pour son retour, le joker de (tr\u00e8s grand) luxe, Jeremy MacGrath, a fini 5\u00e8me vendredi puis 6\u00e8me le jour suivant, avant de s&rsquo;absenter pour un autre rendez-vous dimanche, remplac\u00e9 par Mike Brown.<\/p>\n<p>C\u00f4t\u00e9 fran\u00e7ais excellente premi\u00e8re journ\u00e9e du vainqueur du Supercross de Marseille, Benjamin Coisy qui finit sur le podium vendredi, puis 9\u00e8me et 16\u00e8me, pour les raisons invoqu\u00e9es plus haut. Musquin sur Kawa termine deux fois 7\u00e8me puis 9\u00e8me.&nbsp; &nbsp;<\/p>\n<p>A noter un tr\u00e8s bon show de Freestyle avec des comp\u00e9titeurs (parfois torse nu !) qui arrivent \u00e0 s&rsquo;impressionner les uns les autres. A part \u00e7a, quelqu&rsquo;un peut me dire quelle est la superbe pr\u00e9sentatrice de W9 qui r\u00e9alisait les interviews pour la cha\u00eene ? C&rsquo;est juste par curiosit\u00e9 hein&#8230;<\/p>\n<p><em>cr\u00e9dit photo: Steve Bruhn pour <a href=\"http:\/\/www.motorcycleusa.com\">MotorcycleUSA<\/a> lors du SX de Houston, et <a href=\"http:\/\/www.jmb111.com\/JMB%20111.html\">site perso de Jean-Michel Bayle<\/a>.<\/em><\/p>\n","protected":false},"excerpt":{"rendered":"<p>Wheelie une fois sur deux dans les whoops, holeshots sortis de nulle part, ma\u00eetrise et parfois petit salut \u00e0 la foule en pleine course (j&rsquo;en ai compt\u00e9 3, en 8\u00e8me et en 1\/4), avec souvent une tr\u00e8s confortable avance \u00e0 l&rsquo;arriv\u00e9e, l&rsquo;Australien a \u00e9t\u00e9 le crossman de Bercy. C&rsquo;est vrai, on l&rsquo;a dit, on aurait [&hellip;]<\/p>\n","protected":false},"author":324,"featured_media":0,"comment_status":"open","ping_status":"open","sticky":false,"template":"","format":"standard","meta":{"footnotes":""},"categories":[3,66,32,44],"tags":[],"class_list":["post-1097","post","type-post","status-publish","format-standard","hentry","category-actualite","category-moto-cross","category-sport-moto","category-yamaha"],"yoast_head":"<!-- This site is optimized with the Yoast SEO plugin v26.0 - https:\/\/yoast.com\/wordpress\/plugins\/seo\/ -->\n<title>Chad Reed a \u00e9clabouss\u00e9 de sa classe le SX de Bercy. - leblogmoto.com<\/title>\n<meta name=\"robots\" content=\"index, follow, max-snippet:-1, max-image-preview:large, max-video-preview:-1\" \/>\n<link rel=\"canonical\" href=\"https:\/\/blogs.thesocialmedia.com\/leblogmoto\/2007\/11\/12\/chad-reed-a-cla\/\" \/>\n<meta name=\"twitter:card\" content=\"summary_large_image\" \/>\n<meta name=\"twitter:title\" content=\"Chad Reed a \u00e9clabouss\u00e9 de sa classe le SX de Bercy. - leblogmoto.com\" \/>\n<meta name=\"twitter:description\" content=\"Wheelie une fois sur deux dans les whoops, holeshots sortis de nulle part, ma\u00eetrise et parfois petit salut \u00e0 la foule en pleine course (j&rsquo;en ai compt\u00e9 3, en 8\u00e8me et en 1\/4), avec souvent une tr\u00e8s confortable avance \u00e0 l&rsquo;arriv\u00e9e, l&rsquo;Australien a \u00e9t\u00e9 le crossman de Bercy. C&rsquo;est vrai, on l&rsquo;a dit, on aurait [&hellip;]\" \/>\n<meta name=\"twitter:image\" content=\"http:\/\/www.leblogmoto.com\/images\/2007\/11\/12\/chad_reed_houston_closeup.jpg\" \/>\n<meta name=\"twitter:label1\" content=\"\u00c9crit par\" \/>\n\t<meta name=\"twitter:data1\" content=\"benoit rieu\" \/>\n\t<meta name=\"twitter:label2\" content=\"Dur\u00e9e de lecture estim\u00e9e\" \/>\n\t<meta name=\"twitter:data2\" content=\"2 minutes\" \/>\n<script type=\"application\/ld+json\" class=\"yoast-schema-graph\">{\"@context\":\"https:\/\/schema.org\",\"@graph\":[{\"@type\":\"WebPage\",\"@id\":\"https:\/\/blogs.thesocialmedia.com\/leblogmoto\/2007\/11\/12\/chad-reed-a-cla\/\",\"url\":\"https:\/\/blogs.thesocialmedia.com\/leblogmoto\/2007\/11\/12\/chad-reed-a-cla\/\",\"name\":\"Chad Reed a \u00e9clabouss\u00e9 de sa classe le SX de Bercy. - leblogmoto.com\",\"isPartOf\":{\"@id\":\"https:\/\/blogs.thesocialmedia.com\/leblogmoto\/#website\"},\"primaryImageOfPage\":{\"@id\":\"https:\/\/blogs.thesocialmedia.com\/leblogmoto\/2007\/11\/12\/chad-reed-a-cla\/#primaryimage\"},\"image\":{\"@id\":\"https:\/\/blogs.thesocialmedia.com\/leblogmoto\/2007\/11\/12\/chad-reed-a-cla\/#primaryimage\"},\"thumbnailUrl\":\"http:\/\/www.leblogmoto.com\/images\/2007\/11\/12\/chad_reed_houston_closeup.jpg\",\"datePublished\":\"2007-11-12T12:52:23+00:00\",\"dateModified\":\"2012-07-11T14:55:13+00:00\",\"author\":{\"@id\":\"https:\/\/blogs.thesocialmedia.com\/leblogmoto\/#\/schema\/person\/18bfe773e5725ed6d24f743da805362a\"},\"breadcrumb\":{\"@id\":\"https:\/\/blogs.thesocialmedia.com\/leblogmoto\/2007\/11\/12\/chad-reed-a-cla\/#breadcrumb\"},\"inLanguage\":\"fr-FR\",\"potentialAction\":[{\"@type\":\"ReadAction\",\"target\":[\"https:\/\/blogs.thesocialmedia.com\/leblogmoto\/2007\/11\/12\/chad-reed-a-cla\/\"]}]},{\"@type\":\"ImageObject\",\"inLanguage\":\"fr-FR\",\"@id\":\"https:\/\/blogs.thesocialmedia.com\/leblogmoto\/2007\/11\/12\/chad-reed-a-cla\/#primaryimage\",\"url\":\"http:\/\/www.leblogmoto.com\/images\/2007\/11\/12\/chad_reed_houston_closeup.jpg\",\"contentUrl\":\"http:\/\/www.leblogmoto.com\/images\/2007\/11\/12\/chad_reed_houston_closeup.jpg\"},{\"@type\":\"BreadcrumbList\",\"@id\":\"https:\/\/blogs.thesocialmedia.com\/leblogmoto\/2007\/11\/12\/chad-reed-a-cla\/#breadcrumb\",\"itemListElement\":[{\"@type\":\"ListItem\",\"position\":1,\"name\":\"Accueil\",\"item\":\"https:\/\/blogs.thesocialmedia.com\/leblogmoto\/\"},{\"@type\":\"ListItem\",\"position\":2,\"name\":\"Chad Reed a \u00e9clabouss\u00e9 de sa classe le SX de Bercy.\"}]},{\"@type\":\"WebSite\",\"@id\":\"https:\/\/blogs.thesocialmedia.com\/leblogmoto\/#website\",\"url\":\"https:\/\/blogs.thesocialmedia.com\/leblogmoto\/\",\"name\":\"leblogmoto\",\"description\":\"Toute l&#039;actualit\u00e9 des 2 roues\",\"potentialAction\":[{\"@type\":\"SearchAction\",\"target\":{\"@type\":\"EntryPoint\",\"urlTemplate\":\"https:\/\/blogs.thesocialmedia.com\/leblogmoto\/?s={search_term_string}\"},\"query-input\":{\"@type\":\"PropertyValueSpecification\",\"valueRequired\":true,\"valueName\":\"search_term_string\"}}],\"inLanguage\":\"fr-FR\"},{\"@type\":\"Person\",\"@id\":\"https:\/\/blogs.thesocialmedia.com\/leblogmoto\/#\/schema\/person\/18bfe773e5725ed6d24f743da805362a\",\"name\":\"benoit rieu\",\"image\":{\"@type\":\"ImageObject\",\"inLanguage\":\"fr-FR\",\"@id\":\"https:\/\/blogs.thesocialmedia.com\/leblogmoto\/#\/schema\/person\/image\/\",\"url\":\"https:\/\/secure.gravatar.com\/avatar\/?s=96&d=mm&r=g\",\"contentUrl\":\"https:\/\/secure.gravatar.com\/avatar\/?s=96&d=mm&r=g\",\"caption\":\"benoit rieu\"},\"url\":\"https:\/\/blogs.thesocialmedia.com\/leblogmoto\/author\/benoit-rieu\/\"}]}<\/script>\n<!-- \/ Yoast SEO plugin. -->","yoast_head_json":{"title":"Chad Reed a \u00e9clabouss\u00e9 de sa classe le SX de Bercy. - leblogmoto.com","robots":{"index":"index","follow":"follow","max-snippet":"max-snippet:-1","max-image-preview":"max-image-preview:large","max-video-preview":"max-video-preview:-1"},"canonical":"https:\/\/blogs.thesocialmedia.com\/leblogmoto\/2007\/11\/12\/chad-reed-a-cla\/","twitter_card":"summary_large_image","twitter_title":"Chad Reed a \u00e9clabouss\u00e9 de sa classe le SX de Bercy. - leblogmoto.com","twitter_description":"Wheelie une fois sur deux dans les whoops, holeshots sortis de nulle part, ma\u00eetrise et parfois petit salut \u00e0 la foule en pleine course (j&rsquo;en ai compt\u00e9 3, en 8\u00e8me et en 1\/4), avec souvent une tr\u00e8s confortable avance \u00e0 l&rsquo;arriv\u00e9e, l&rsquo;Australien a \u00e9t\u00e9 le crossman de Bercy. C&rsquo;est vrai, on l&rsquo;a dit, on aurait [&hellip;]","twitter_image":"http:\/\/www.leblogmoto.com\/images\/2007\/11\/12\/chad_reed_houston_closeup.jpg","twitter_misc":{"\u00c9crit par":"benoit rieu","Dur\u00e9e de lecture estim\u00e9e":"2 minutes"},"schema":{"@context":"https:\/\/schema.org","@graph":[{"@type":"WebPage","@id":"https:\/\/blogs.thesocialmedia.com\/leblogmoto\/2007\/11\/12\/chad-reed-a-cla\/","url":"https:\/\/blogs.thesocialmedia.com\/leblogmoto\/2007\/11\/12\/chad-reed-a-cla\/","name":"Chad Reed a \u00e9clabouss\u00e9 de sa classe le SX de Bercy. - leblogmoto.com","isPartOf":{"@id":"https:\/\/blogs.thesocialmedia.com\/leblogmoto\/#website"},"primaryImageOfPage":{"@id":"https:\/\/blogs.thesocialmedia.com\/leblogmoto\/2007\/11\/12\/chad-reed-a-cla\/#primaryimage"},"image":{"@id":"https:\/\/blogs.thesocialmedia.com\/leblogmoto\/2007\/11\/12\/chad-reed-a-cla\/#primaryimage"},"thumbnailUrl":"http:\/\/www.leblogmoto.com\/images\/2007\/11\/12\/chad_reed_houston_closeup.jpg","datePublished":"2007-11-12T12:52:23+00:00","dateModified":"2012-07-11T14:55:13+00:00","author":{"@id":"https:\/\/blogs.thesocialmedia.com\/leblogmoto\/#\/schema\/person\/18bfe773e5725ed6d24f743da805362a"},"breadcrumb":{"@id":"https:\/\/blogs.thesocialmedia.com\/leblogmoto\/2007\/11\/12\/chad-reed-a-cla\/#breadcrumb"},"inLanguage":"fr-FR","potentialAction":[{"@type":"ReadAction","target":["https:\/\/blogs.thesocialmedia.com\/leblogmoto\/2007\/11\/12\/chad-reed-a-cla\/"]}]},{"@type":"ImageObject","inLanguage":"fr-FR","@id":"https:\/\/blogs.thesocialmedia.com\/leblogmoto\/2007\/11\/12\/chad-reed-a-cla\/#primaryimage","url":"http:\/\/www.leblogmoto.com\/images\/2007\/11\/12\/chad_reed_houston_closeup.jpg","contentUrl":"http:\/\/www.leblogmoto.com\/images\/2007\/11\/12\/chad_reed_houston_closeup.jpg"},{"@type":"BreadcrumbList","@id":"https:\/\/blogs.thesocialmedia.com\/leblogmoto\/2007\/11\/12\/chad-reed-a-cla\/#breadcrumb","itemListElement":[{"@type":"ListItem","position":1,"name":"Accueil","item":"https:\/\/blogs.thesocialmedia.com\/leblogmoto\/"},{"@type":"ListItem","position":2,"name":"Chad Reed a \u00e9clabouss\u00e9 de sa classe le SX de Bercy."}]},{"@type":"WebSite","@id":"https:\/\/blogs.thesocialmedia.com\/leblogmoto\/#website","url":"https:\/\/blogs.thesocialmedia.com\/leblogmoto\/","name":"leblogmoto","description":"Toute l&#039;actualit\u00e9 des 2 roues","potentialAction":[{"@type":"SearchAction","target":{"@type":"EntryPoint","urlTemplate":"https:\/\/blogs.thesocialmedia.com\/leblogmoto\/?s={search_term_string}"},"query-input":{"@type":"PropertyValueSpecification","valueRequired":true,"valueName":"search_term_string"}}],"inLanguage":"fr-FR"},{"@type":"Person","@id":"https:\/\/blogs.thesocialmedia.com\/leblogmoto\/#\/schema\/person\/18bfe773e5725ed6d24f743da805362a","name":"benoit rieu","image":{"@type":"ImageObject","inLanguage":"fr-FR","@id":"https:\/\/blogs.thesocialmedia.com\/leblogmoto\/#\/schema\/person\/image\/","url":"https:\/\/secure.gravatar.com\/avatar\/?s=96&d=mm&r=g","contentUrl":"https:\/\/secure.gravatar.com\/avatar\/?s=96&d=mm&r=g","caption":"benoit rieu"},"url":"https:\/\/blogs.thesocialmedia.com\/leblogmoto\/author\/benoit-rieu\/"}]}},"_links":{"self":[{"href":"https:\/\/blogs.thesocialmedia.com\/leblogmoto\/wp-json\/wp\/v2\/posts\/1097","targetHints":{"allow":["GET"]}}],"collection":[{"href":"https:\/\/blogs.thesocialmedia.com\/leblogmoto\/wp-json\/wp\/v2\/posts"}],"about":[{"href":"https:\/\/blogs.thesocialmedia.com\/leblogmoto\/wp-json\/wp\/v2\/types\/post"}],"author":[{"embeddable":true,"href":"https:\/\/blogs.thesocialmedia.com\/leblogmoto\/wp-json\/wp\/v2\/users\/324"}],"replies":[{"embeddable":true,"href":"https:\/\/blogs.thesocialmedia.com\/leblogmoto\/wp-json\/wp\/v2\/comments?post=1097"}],"version-history":[{"count":2,"href":"https:\/\/blogs.thesocialmedia.com\/leblogmoto\/wp-json\/wp\/v2\/posts\/1097\/revisions"}],"predecessor-version":[{"id":9135,"href":"https:\/\/blogs.thesocialmedia.com\/leblogmoto\/wp-json\/wp\/v2\/posts\/1097\/revisions\/9135"}],"wp:attachment":[{"href":"https:\/\/blogs.thesocialmedia.com\/leblogmoto\/wp-json\/wp\/v2\/media?parent=1097"}],"wp:term":[{"taxonomy":"category","embeddable":true,"href":"https:\/\/blogs.thesocialmedia.com\/leblogmoto\/wp-json\/wp\/v2\/categories?post=1097"},{"taxonomy":"post_tag","embeddable":true,"href":"https:\/\/blogs.thesocialmedia.com\/leblogmoto\/wp-json\/wp\/v2\/tags?post=1097"}],"curies":[{"name":"wp","href":"https:\/\/api.w.org\/{rel}","templated":true}]}}