{"id":1098,"date":"2007-11-12T08:09:41","date_gmt":"2007-11-12T08:09:41","guid":{"rendered":"http:\/\/blogs.thesocialmedia.com\/leblogmoto\/2007\/11\/12\/le-x7-et-un-mp3\/"},"modified":"2012-07-11T14:55:10","modified_gmt":"2012-07-11T14:55:10","slug":"le-x7-et-un-mp3","status":"publish","type":"post","link":"https:\/\/blogs.thesocialmedia.com\/leblogmoto\/2007\/11\/12\/le-x7-et-un-mp3\/","title":{"rendered":"Le x7, et un mp3 hybride pour Piaggio en 2008."},"content":{"rendered":"<p><a href=\"http:\/\/blogs.thesocialmedia.com\/leblogmoto\/files\/2012\/07\/scooter_piaggio_x7_a.jpg\"><img loading=\"lazy\" decoding=\"async\" width=\"470\" height=\"313\"  alt=\"Scooter_piaggio_x7_a\" src=\"http:\/\/www.leblogmoto.com\/images\/2007\/11\/09\/scooter_piaggio_x7_a.jpg\" \/><\/a><\/p>\n<p>Piaggio sera le premier \u00e0 proposer et vendre un scooter hybride (dont la motorisation associe un moteur \u00e9lectrique et un moteur thermique), et pour couronner le tout ce sera sur la machine la plus \u00e9volu\u00e9e de sa gamme (\u00e0 moins que ce ne soit le Fuoco 500), fa\u00e7on de r\u00e9unir tout son savoir-faire sur un seule et m\u00eame scooter: un beau produit d&rsquo;appel. En attendant, le groupe italien sortira le X 7, ressemblant beaucoup \u00e0 un c\u00e9l\u00e8bre deux-roues nippon, peut-\u00eatre m\u00eame avant la fin de cette ann\u00e9e. <\/p>\n<p><a href=\"http:\/\/blogs.thesocialmedia.com\/leblogmoto\/files\/2012\/07\/scooter_yamaha_xmax.jpg\"><img loading=\"lazy\" decoding=\"async\" width=\"470\" height=\"264\"  alt=\"Scooter_yamaha_xmax\" src=\"http:\/\/www.leblogmoto.com\/images\/2007\/11\/11\/scooter_yamaha_xmax.jpg\" \/><\/a> <\/p>\n<p>Et dire que les Japonais furent longtemps accus\u00e9s &#8211; souvent \u00e0 raison &#8211; de copier les Europ\u00e9ens et Am\u00e9ricains en moto (et pas seulement l\u00e0). Ici nous avons une machine qui emprunte beaucoup d&rsquo;\u00e9l\u00e9ments \u00e0 un best-seller du march\u00e9, le Yamaha Xmax (en photo juste au-dessus), avec l&rsquo;apparition d&rsquo;une b\u00e9quille &quot;centrale&quot;, \u00e0 l&rsquo;inverse de la b\u00e9quille lat\u00e9rale du X8, qu&rsquo;il est sens\u00e9 remplacer.<\/p>\n<p><a href=\"http:\/\/blogs.thesocialmedia.com\/leblogmoto\/files\/2012\/07\/scooter_piaggio_x7_b.jpg\"><img decoding=\"async\"  src=\"http:\/\/www.leblogmoto.com\/images\/2007\/11\/11\/scooter_piaggio_x7_b.jpg\" alt=\"Scooter_piaggio_x7_b\" style=\"width: 470px;height: 313px\" \/><\/a><\/p>\n<p>Contrairement \u00e0 ce que semble indiquer l&rsquo;uniformit\u00e9 de ces photos, il sera propos\u00e9 dans les concessions en 4 coloris diff\u00e9rents: rouge, bleu, noir et donc gris.<\/p>\n<p>Personnellement je n&rsquo;appr\u00e9cie pas du tout son garde-boue haut. pour un motard classique \u00e7a lui donne un faux air off-road incongru (alors que accroch\u00e9s au bas de la fourche sur les sportives, routi\u00e8res et autres), autant dire un air de perruche presque.<\/p>\n<p>Vous devez vous dire &quot;qu&rsquo;est ce que \u00e7a peut lui faire vu qu&rsquo;<a href=\"http:\/\/blogs.thesocialmedia.com\/leblogmoto\/files\/2012\/07\/le-yamaha-giggl.html_.png\">il ne loupe jamais les scooters<\/a> sur le Blog Moto&quot;. Et bien non, j&rsquo;aime que les avant-postes aux feu rouge soient agr\u00e9ables \u00e0 l&rsquo;oeil. Concernant sa motorisation il sera propuls\u00e9 par un 125 ou un 250cc, les deux avec pot catalytique.<\/p>\n<p><a href=\"http:\/\/clabedan.typepad.com\/.shared\/image.html?\/photos\/uncategorized\/2007\/11\/11\/scooter_piaggio_x7_c_2.jpg\"><img loading=\"lazy\" decoding=\"async\" width=\"470\" height=\"550\"  src=\"http:\/\/www.leblogmoto.com\/images\/2007\/11\/11\/scooter_piaggio_x7_c_2.jpg\" alt=\"Scooter_piaggio_x7_c_2\" \/><\/a><\/p>\n<p>Admirez ce mannequin-h\u00f4tesse, Piaggio sait y faire en pr\u00e9sentation de ses v\u00e9hicules, y&rsquo;a pas \u00e0 dire. Une belle machine qui a du coffre (je parle du scooter, ne vous y perdez pas), qui sera d&rsquo;une grande contenance. Pour ce que j&rsquo;en ai lu sur le net, il pourrait m\u00eame contenir deux casques.<\/p>\n<p>On pardonnera presque au groupe Piaggio (quatri\u00e8me constructeur mondial et surtout constructeur des motos Gilera, Guzi, Derbi, Laverda) son <a href=\"http:\/\/www.leblogmoto.com\/2007\/09\/le-salon-de-la-.html\">son absence totale du salon des deux-roues \u00e0 Paris<\/a> cette ann\u00e9e, que ce soit en scooters comme en motos, ces annonces ayant \u00e9t\u00e9 faites \u00e0 l&rsquo;Eicma de Milan, doit-on le rappeler.<\/p>\n<p><em>source: Piaggio.it<\/em> <\/p>\n","protected":false},"excerpt":{"rendered":"<p>Piaggio sera le premier \u00e0 proposer et vendre un scooter hybride (dont la motorisation associe un moteur \u00e9lectrique et un moteur thermique), et pour couronner le tout ce sera sur la machine la plus \u00e9volu\u00e9e de sa gamme (\u00e0 moins que ce ne soit le Fuoco 500), fa\u00e7on de r\u00e9unir tout son savoir-faire sur un [&hellip;]<\/p>\n","protected":false},"author":324,"featured_media":0,"comment_status":"open","ping_status":"open","sticky":false,"template":"","format":"standard","meta":{"footnotes":""},"categories":[30,18,19],"tags":[],"class_list":["post-1098","post","type-post","status-publish","format-standard","hentry","category-bio-carburantsvehicules-propres","category-piaggio","category-scooter"],"yoast_head":"<!-- This site is optimized with the Yoast SEO plugin v26.0 - https:\/\/yoast.com\/wordpress\/plugins\/seo\/ -->\n<title>Le x7, et un mp3 hybride pour Piaggio en 2008. - leblogmoto.com<\/title>\n<meta name=\"robots\" content=\"index, follow, max-snippet:-1, max-image-preview:large, max-video-preview:-1\" \/>\n<link rel=\"canonical\" href=\"https:\/\/blogs.thesocialmedia.com\/leblogmoto\/2007\/11\/12\/le-x7-et-un-mp3\/\" \/>\n<meta name=\"twitter:card\" content=\"summary_large_image\" \/>\n<meta name=\"twitter:title\" content=\"Le x7, et un mp3 hybride pour Piaggio en 2008. - leblogmoto.com\" \/>\n<meta name=\"twitter:description\" content=\"Piaggio sera le premier \u00e0 proposer et vendre un scooter hybride (dont la motorisation associe un moteur \u00e9lectrique et un moteur thermique), et pour couronner le tout ce sera sur la machine la plus \u00e9volu\u00e9e de sa gamme (\u00e0 moins que ce ne soit le Fuoco 500), fa\u00e7on de r\u00e9unir tout son savoir-faire sur un [&hellip;]\" \/>\n<meta name=\"twitter:image\" content=\"http:\/\/www.leblogmoto.com\/images\/2007\/11\/09\/scooter_piaggio_x7_a.jpg\" \/>\n<meta name=\"twitter:label1\" content=\"\u00c9crit par\" \/>\n\t<meta name=\"twitter:data1\" content=\"benoit rieu\" \/>\n\t<meta name=\"twitter:label2\" content=\"Dur\u00e9e de lecture estim\u00e9e\" \/>\n\t<meta name=\"twitter:data2\" content=\"2 minutes\" \/>\n<script type=\"application\/ld+json\" class=\"yoast-schema-graph\">{\"@context\":\"https:\/\/schema.org\",\"@graph\":[{\"@type\":\"WebPage\",\"@id\":\"https:\/\/blogs.thesocialmedia.com\/leblogmoto\/2007\/11\/12\/le-x7-et-un-mp3\/\",\"url\":\"https:\/\/blogs.thesocialmedia.com\/leblogmoto\/2007\/11\/12\/le-x7-et-un-mp3\/\",\"name\":\"Le x7, et un mp3 hybride pour Piaggio en 2008. - leblogmoto.com\",\"isPartOf\":{\"@id\":\"https:\/\/blogs.thesocialmedia.com\/leblogmoto\/#website\"},\"primaryImageOfPage\":{\"@id\":\"https:\/\/blogs.thesocialmedia.com\/leblogmoto\/2007\/11\/12\/le-x7-et-un-mp3\/#primaryimage\"},\"image\":{\"@id\":\"https:\/\/blogs.thesocialmedia.com\/leblogmoto\/2007\/11\/12\/le-x7-et-un-mp3\/#primaryimage\"},\"thumbnailUrl\":\"http:\/\/www.leblogmoto.com\/images\/2007\/11\/09\/scooter_piaggio_x7_a.jpg\",\"datePublished\":\"2007-11-12T08:09:41+00:00\",\"dateModified\":\"2012-07-11T14:55:10+00:00\",\"author\":{\"@id\":\"https:\/\/blogs.thesocialmedia.com\/leblogmoto\/#\/schema\/person\/18bfe773e5725ed6d24f743da805362a\"},\"breadcrumb\":{\"@id\":\"https:\/\/blogs.thesocialmedia.com\/leblogmoto\/2007\/11\/12\/le-x7-et-un-mp3\/#breadcrumb\"},\"inLanguage\":\"fr-FR\",\"potentialAction\":[{\"@type\":\"ReadAction\",\"target\":[\"https:\/\/blogs.thesocialmedia.com\/leblogmoto\/2007\/11\/12\/le-x7-et-un-mp3\/\"]}]},{\"@type\":\"ImageObject\",\"inLanguage\":\"fr-FR\",\"@id\":\"https:\/\/blogs.thesocialmedia.com\/leblogmoto\/2007\/11\/12\/le-x7-et-un-mp3\/#primaryimage\",\"url\":\"http:\/\/www.leblogmoto.com\/images\/2007\/11\/09\/scooter_piaggio_x7_a.jpg\",\"contentUrl\":\"http:\/\/www.leblogmoto.com\/images\/2007\/11\/09\/scooter_piaggio_x7_a.jpg\"},{\"@type\":\"BreadcrumbList\",\"@id\":\"https:\/\/blogs.thesocialmedia.com\/leblogmoto\/2007\/11\/12\/le-x7-et-un-mp3\/#breadcrumb\",\"itemListElement\":[{\"@type\":\"ListItem\",\"position\":1,\"name\":\"Accueil\",\"item\":\"https:\/\/blogs.thesocialmedia.com\/leblogmoto\/\"},{\"@type\":\"ListItem\",\"position\":2,\"name\":\"Le x7, et un mp3 hybride pour Piaggio en 2008.\"}]},{\"@type\":\"WebSite\",\"@id\":\"https:\/\/blogs.thesocialmedia.com\/leblogmoto\/#website\",\"url\":\"https:\/\/blogs.thesocialmedia.com\/leblogmoto\/\",\"name\":\"leblogmoto\",\"description\":\"Toute l&#039;actualit\u00e9 des 2 roues\",\"potentialAction\":[{\"@type\":\"SearchAction\",\"target\":{\"@type\":\"EntryPoint\",\"urlTemplate\":\"https:\/\/blogs.thesocialmedia.com\/leblogmoto\/?s={search_term_string}\"},\"query-input\":{\"@type\":\"PropertyValueSpecification\",\"valueRequired\":true,\"valueName\":\"search_term_string\"}}],\"inLanguage\":\"fr-FR\"},{\"@type\":\"Person\",\"@id\":\"https:\/\/blogs.thesocialmedia.com\/leblogmoto\/#\/schema\/person\/18bfe773e5725ed6d24f743da805362a\",\"name\":\"benoit rieu\",\"image\":{\"@type\":\"ImageObject\",\"inLanguage\":\"fr-FR\",\"@id\":\"https:\/\/blogs.thesocialmedia.com\/leblogmoto\/#\/schema\/person\/image\/\",\"url\":\"https:\/\/secure.gravatar.com\/avatar\/?s=96&d=mm&r=g\",\"contentUrl\":\"https:\/\/secure.gravatar.com\/avatar\/?s=96&d=mm&r=g\",\"caption\":\"benoit rieu\"},\"url\":\"https:\/\/blogs.thesocialmedia.com\/leblogmoto\/author\/benoit-rieu\/\"}]}<\/script>\n<!-- \/ Yoast SEO plugin. -->","yoast_head_json":{"title":"Le x7, et un mp3 hybride pour Piaggio en 2008. - leblogmoto.com","robots":{"index":"index","follow":"follow","max-snippet":"max-snippet:-1","max-image-preview":"max-image-preview:large","max-video-preview":"max-video-preview:-1"},"canonical":"https:\/\/blogs.thesocialmedia.com\/leblogmoto\/2007\/11\/12\/le-x7-et-un-mp3\/","twitter_card":"summary_large_image","twitter_title":"Le x7, et un mp3 hybride pour Piaggio en 2008. - leblogmoto.com","twitter_description":"Piaggio sera le premier \u00e0 proposer et vendre un scooter hybride (dont la motorisation associe un moteur \u00e9lectrique et un moteur thermique), et pour couronner le tout ce sera sur la machine la plus \u00e9volu\u00e9e de sa gamme (\u00e0 moins que ce ne soit le Fuoco 500), fa\u00e7on de r\u00e9unir tout son savoir-faire sur un [&hellip;]","twitter_image":"http:\/\/www.leblogmoto.com\/images\/2007\/11\/09\/scooter_piaggio_x7_a.jpg","twitter_misc":{"\u00c9crit par":"benoit rieu","Dur\u00e9e de lecture estim\u00e9e":"2 minutes"},"schema":{"@context":"https:\/\/schema.org","@graph":[{"@type":"WebPage","@id":"https:\/\/blogs.thesocialmedia.com\/leblogmoto\/2007\/11\/12\/le-x7-et-un-mp3\/","url":"https:\/\/blogs.thesocialmedia.com\/leblogmoto\/2007\/11\/12\/le-x7-et-un-mp3\/","name":"Le x7, et un mp3 hybride pour Piaggio en 2008. - leblogmoto.com","isPartOf":{"@id":"https:\/\/blogs.thesocialmedia.com\/leblogmoto\/#website"},"primaryImageOfPage":{"@id":"https:\/\/blogs.thesocialmedia.com\/leblogmoto\/2007\/11\/12\/le-x7-et-un-mp3\/#primaryimage"},"image":{"@id":"https:\/\/blogs.thesocialmedia.com\/leblogmoto\/2007\/11\/12\/le-x7-et-un-mp3\/#primaryimage"},"thumbnailUrl":"http:\/\/www.leblogmoto.com\/images\/2007\/11\/09\/scooter_piaggio_x7_a.jpg","datePublished":"2007-11-12T08:09:41+00:00","dateModified":"2012-07-11T14:55:10+00:00","author":{"@id":"https:\/\/blogs.thesocialmedia.com\/leblogmoto\/#\/schema\/person\/18bfe773e5725ed6d24f743da805362a"},"breadcrumb":{"@id":"https:\/\/blogs.thesocialmedia.com\/leblogmoto\/2007\/11\/12\/le-x7-et-un-mp3\/#breadcrumb"},"inLanguage":"fr-FR","potentialAction":[{"@type":"ReadAction","target":["https:\/\/blogs.thesocialmedia.com\/leblogmoto\/2007\/11\/12\/le-x7-et-un-mp3\/"]}]},{"@type":"ImageObject","inLanguage":"fr-FR","@id":"https:\/\/blogs.thesocialmedia.com\/leblogmoto\/2007\/11\/12\/le-x7-et-un-mp3\/#primaryimage","url":"http:\/\/www.leblogmoto.com\/images\/2007\/11\/09\/scooter_piaggio_x7_a.jpg","contentUrl":"http:\/\/www.leblogmoto.com\/images\/2007\/11\/09\/scooter_piaggio_x7_a.jpg"},{"@type":"BreadcrumbList","@id":"https:\/\/blogs.thesocialmedia.com\/leblogmoto\/2007\/11\/12\/le-x7-et-un-mp3\/#breadcrumb","itemListElement":[{"@type":"ListItem","position":1,"name":"Accueil","item":"https:\/\/blogs.thesocialmedia.com\/leblogmoto\/"},{"@type":"ListItem","position":2,"name":"Le x7, et un mp3 hybride pour Piaggio en 2008."}]},{"@type":"WebSite","@id":"https:\/\/blogs.thesocialmedia.com\/leblogmoto\/#website","url":"https:\/\/blogs.thesocialmedia.com\/leblogmoto\/","name":"leblogmoto","description":"Toute l&#039;actualit\u00e9 des 2 roues","potentialAction":[{"@type":"SearchAction","target":{"@type":"EntryPoint","urlTemplate":"https:\/\/blogs.thesocialmedia.com\/leblogmoto\/?s={search_term_string}"},"query-input":{"@type":"PropertyValueSpecification","valueRequired":true,"valueName":"search_term_string"}}],"inLanguage":"fr-FR"},{"@type":"Person","@id":"https:\/\/blogs.thesocialmedia.com\/leblogmoto\/#\/schema\/person\/18bfe773e5725ed6d24f743da805362a","name":"benoit rieu","image":{"@type":"ImageObject","inLanguage":"fr-FR","@id":"https:\/\/blogs.thesocialmedia.com\/leblogmoto\/#\/schema\/person\/image\/","url":"https:\/\/secure.gravatar.com\/avatar\/?s=96&d=mm&r=g","contentUrl":"https:\/\/secure.gravatar.com\/avatar\/?s=96&d=mm&r=g","caption":"benoit rieu"},"url":"https:\/\/blogs.thesocialmedia.com\/leblogmoto\/author\/benoit-rieu\/"}]}},"_links":{"self":[{"href":"https:\/\/blogs.thesocialmedia.com\/leblogmoto\/wp-json\/wp\/v2\/posts\/1098","targetHints":{"allow":["GET"]}}],"collection":[{"href":"https:\/\/blogs.thesocialmedia.com\/leblogmoto\/wp-json\/wp\/v2\/posts"}],"about":[{"href":"https:\/\/blogs.thesocialmedia.com\/leblogmoto\/wp-json\/wp\/v2\/types\/post"}],"author":[{"embeddable":true,"href":"https:\/\/blogs.thesocialmedia.com\/leblogmoto\/wp-json\/wp\/v2\/users\/324"}],"replies":[{"embeddable":true,"href":"https:\/\/blogs.thesocialmedia.com\/leblogmoto\/wp-json\/wp\/v2\/comments?post=1098"}],"version-history":[{"count":2,"href":"https:\/\/blogs.thesocialmedia.com\/leblogmoto\/wp-json\/wp\/v2\/posts\/1098\/revisions"}],"predecessor-version":[{"id":9133,"href":"https:\/\/blogs.thesocialmedia.com\/leblogmoto\/wp-json\/wp\/v2\/posts\/1098\/revisions\/9133"}],"wp:attachment":[{"href":"https:\/\/blogs.thesocialmedia.com\/leblogmoto\/wp-json\/wp\/v2\/media?parent=1098"}],"wp:term":[{"taxonomy":"category","embeddable":true,"href":"https:\/\/blogs.thesocialmedia.com\/leblogmoto\/wp-json\/wp\/v2\/categories?post=1098"},{"taxonomy":"post_tag","embeddable":true,"href":"https:\/\/blogs.thesocialmedia.com\/leblogmoto\/wp-json\/wp\/v2\/tags?post=1098"}],"curies":[{"name":"wp","href":"https:\/\/api.w.org\/{rel}","templated":true}]}}