{"id":1100,"date":"2007-11-10T04:50:10","date_gmt":"2007-11-10T04:50:10","guid":{"rendered":"http:\/\/blogs.thesocialmedia.com\/leblogmoto\/2007\/11\/10\/les-masques-oak\/"},"modified":"2012-07-11T14:54:59","modified_gmt":"2012-07-11T14:54:59","slug":"les-masques-oak","status":"publish","type":"post","link":"https:\/\/blogs.thesocialmedia.com\/leblogmoto\/2007\/11\/10\/les-masques-oak\/","title":{"rendered":"Les masques Oakley des grands absents du SX Bercy."},"content":{"rendered":"<p><a href=\"http:\/\/blogs.thesocialmedia.com\/leblogmoto\/files\/2012\/07\/ricky_carmichael.jpg\"><img loading=\"lazy\" decoding=\"async\" width=\"470\" height=\"305\"  alt=\"Ricky_carmichael\" src=\"http:\/\/www.leblogmoto.com\/images\/2007\/11\/09\/ricky_carmichael.jpg\" \/><\/a><\/p>\n<p>Fid\u00e8le \u00e0 l&rsquo;habitude de commenter l&rsquo;actualit\u00e9 de fa\u00e7on d\u00e9cal\u00e9e (et aussi parce que j&rsquo;ai vu sur la cha\u00eene W9 mon pr\u00e9f\u00e9r\u00e9 Jeremy McGrath rater son retour \u00e0 Bercy, mais chut), abordons les protections optiques des grands du Supercross et Motocross que sont le convalescent James Stewart et le pr\u00e9retrait\u00e9 Ricky Carmichael (photo). Mais, ne vous inqui\u00e9tez pas nous ferons un r\u00e9sum\u00e9 du Supercross. Une remarque: les prix cit\u00e9s ici sont exig\u00e9s par Oakley \u00e0 ses revendeurs agr\u00e9\u00e9s en France.<\/p>\n<p><a href=\"http:\/\/blogs.thesocialmedia.com\/leblogmoto\/files\/2012\/07\/goggle_oakley_frame_carmichael.jpg\"><img loading=\"lazy\" decoding=\"async\" width=\"470\" height=\"257\"  alt=\"Goggle_oakley_frame_carmichael\" src=\"http:\/\/www.leblogmoto.com\/images\/2007\/11\/09\/goggle_oakley_frame_carmichael.jpg\" \/><\/a><\/p>\n<p>A tout seigneur tout honneur, le masque de Carmichael ci-dessus, est antibu\u00e9e, en lexan (lentille) pour une meilleure r\u00e9sistance aux chocs et aux impacts, vendu 45 \u20ac<\/p>\n<p><a href=\"http:\/\/blogs.thesocialmedia.com\/leblogmoto\/files\/2012\/07\/goggle_oakley_frame_stewart.jpg\"><img loading=\"lazy\" decoding=\"async\" width=\"470\" height=\"257\"  alt=\"Goggle_oakley_frame_stewart\" src=\"http:\/\/www.leblogmoto.com\/images\/2007\/11\/09\/goggle_oakley_frame_stewart.jpg\" \/><\/a> <br \/>Le Crowbar MX de James Stewart, en version Tribal Gold, toujours avec son renfort triple-mousse, mais avec un prot\u00e8ge-nez, lui, et un \u00e9chantillon de tear-off vendu avec. Disponible \u00e0 60 \u20ac.<\/p>\n<p><a href=\"http:\/\/blogs.thesocialmedia.com\/leblogmoto\/files\/2012\/07\/systme_tear_off_2.jpg\"><img loading=\"lazy\" decoding=\"async\" width=\"470\" height=\"235\"  alt=\"Systme_tear_off_2\" src=\"http:\/\/www.leblogmoto.com\/images\/2007\/11\/09\/systme_tear_off_2.jpg\" \/><\/a> <br \/>Les tear-off, fix\u00e9s sur la lentille du masque que l&rsquo;on retrouve dans la plupart des sports m\u00e9cas et qui permettent de se d\u00e9barrasser de la poussi\u00e8re-boue-pluie facilement en les enlevant, retirant (d&rsquo;o\u00f9 le nom) en course. Ce set de deux est actuellement vendu 16 \u20ac.<\/p>\n","protected":false},"excerpt":{"rendered":"<p>Fid\u00e8le \u00e0 l&rsquo;habitude de commenter l&rsquo;actualit\u00e9 de fa\u00e7on d\u00e9cal\u00e9e (et aussi parce que j&rsquo;ai vu sur la cha\u00eene W9 mon pr\u00e9f\u00e9r\u00e9 Jeremy McGrath rater son retour \u00e0 Bercy, mais chut), abordons les protections optiques des grands du Supercross et Motocross que sont le convalescent James Stewart et le pr\u00e9retrait\u00e9 Ricky Carmichael (photo). Mais, ne vous [&hellip;]<\/p>\n","protected":false},"author":324,"featured_media":0,"comment_status":"open","ping_status":"open","sticky":false,"template":"","format":"standard","meta":{"footnotes":""},"categories":[49,8,66],"tags":[],"class_list":["post-1100","post","type-post","status-publish","format-standard","hentry","category-actualites-entreprise","category-chaines-et-cuirs","category-moto-cross"],"yoast_head":"<!-- This site is optimized with the Yoast SEO plugin v26.0 - https:\/\/yoast.com\/wordpress\/plugins\/seo\/ -->\n<title>Les masques Oakley des grands absents du SX Bercy. - leblogmoto.com<\/title>\n<meta name=\"robots\" content=\"index, follow, max-snippet:-1, max-image-preview:large, max-video-preview:-1\" \/>\n<link rel=\"canonical\" href=\"https:\/\/blogs.thesocialmedia.com\/leblogmoto\/2007\/11\/10\/les-masques-oak\/\" \/>\n<meta name=\"twitter:card\" content=\"summary_large_image\" \/>\n<meta name=\"twitter:title\" content=\"Les masques Oakley des grands absents du SX Bercy. - leblogmoto.com\" \/>\n<meta name=\"twitter:description\" content=\"Fid\u00e8le \u00e0 l&rsquo;habitude de commenter l&rsquo;actualit\u00e9 de fa\u00e7on d\u00e9cal\u00e9e (et aussi parce que j&rsquo;ai vu sur la cha\u00eene W9 mon pr\u00e9f\u00e9r\u00e9 Jeremy McGrath rater son retour \u00e0 Bercy, mais chut), abordons les protections optiques des grands du Supercross et Motocross que sont le convalescent James Stewart et le pr\u00e9retrait\u00e9 Ricky Carmichael (photo). Mais, ne vous [&hellip;]\" \/>\n<meta name=\"twitter:image\" content=\"http:\/\/www.leblogmoto.com\/images\/2007\/11\/09\/ricky_carmichael.jpg\" \/>\n<meta name=\"twitter:label1\" content=\"\u00c9crit par\" \/>\n\t<meta name=\"twitter:data1\" content=\"benoit rieu\" \/>\n\t<meta name=\"twitter:label2\" content=\"Dur\u00e9e de lecture estim\u00e9e\" \/>\n\t<meta name=\"twitter:data2\" content=\"1 minute\" \/>\n<script type=\"application\/ld+json\" class=\"yoast-schema-graph\">{\"@context\":\"https:\/\/schema.org\",\"@graph\":[{\"@type\":\"WebPage\",\"@id\":\"https:\/\/blogs.thesocialmedia.com\/leblogmoto\/2007\/11\/10\/les-masques-oak\/\",\"url\":\"https:\/\/blogs.thesocialmedia.com\/leblogmoto\/2007\/11\/10\/les-masques-oak\/\",\"name\":\"Les masques Oakley des grands absents du SX Bercy. - leblogmoto.com\",\"isPartOf\":{\"@id\":\"https:\/\/blogs.thesocialmedia.com\/leblogmoto\/#website\"},\"primaryImageOfPage\":{\"@id\":\"https:\/\/blogs.thesocialmedia.com\/leblogmoto\/2007\/11\/10\/les-masques-oak\/#primaryimage\"},\"image\":{\"@id\":\"https:\/\/blogs.thesocialmedia.com\/leblogmoto\/2007\/11\/10\/les-masques-oak\/#primaryimage\"},\"thumbnailUrl\":\"http:\/\/www.leblogmoto.com\/images\/2007\/11\/09\/ricky_carmichael.jpg\",\"datePublished\":\"2007-11-10T04:50:10+00:00\",\"dateModified\":\"2012-07-11T14:54:59+00:00\",\"author\":{\"@id\":\"https:\/\/blogs.thesocialmedia.com\/leblogmoto\/#\/schema\/person\/18bfe773e5725ed6d24f743da805362a\"},\"breadcrumb\":{\"@id\":\"https:\/\/blogs.thesocialmedia.com\/leblogmoto\/2007\/11\/10\/les-masques-oak\/#breadcrumb\"},\"inLanguage\":\"fr-FR\",\"potentialAction\":[{\"@type\":\"ReadAction\",\"target\":[\"https:\/\/blogs.thesocialmedia.com\/leblogmoto\/2007\/11\/10\/les-masques-oak\/\"]}]},{\"@type\":\"ImageObject\",\"inLanguage\":\"fr-FR\",\"@id\":\"https:\/\/blogs.thesocialmedia.com\/leblogmoto\/2007\/11\/10\/les-masques-oak\/#primaryimage\",\"url\":\"http:\/\/www.leblogmoto.com\/images\/2007\/11\/09\/ricky_carmichael.jpg\",\"contentUrl\":\"http:\/\/www.leblogmoto.com\/images\/2007\/11\/09\/ricky_carmichael.jpg\"},{\"@type\":\"BreadcrumbList\",\"@id\":\"https:\/\/blogs.thesocialmedia.com\/leblogmoto\/2007\/11\/10\/les-masques-oak\/#breadcrumb\",\"itemListElement\":[{\"@type\":\"ListItem\",\"position\":1,\"name\":\"Accueil\",\"item\":\"https:\/\/blogs.thesocialmedia.com\/leblogmoto\/\"},{\"@type\":\"ListItem\",\"position\":2,\"name\":\"Les masques Oakley des grands absents du SX Bercy.\"}]},{\"@type\":\"WebSite\",\"@id\":\"https:\/\/blogs.thesocialmedia.com\/leblogmoto\/#website\",\"url\":\"https:\/\/blogs.thesocialmedia.com\/leblogmoto\/\",\"name\":\"leblogmoto\",\"description\":\"Toute l&#039;actualit\u00e9 des 2 roues\",\"potentialAction\":[{\"@type\":\"SearchAction\",\"target\":{\"@type\":\"EntryPoint\",\"urlTemplate\":\"https:\/\/blogs.thesocialmedia.com\/leblogmoto\/?s={search_term_string}\"},\"query-input\":{\"@type\":\"PropertyValueSpecification\",\"valueRequired\":true,\"valueName\":\"search_term_string\"}}],\"inLanguage\":\"fr-FR\"},{\"@type\":\"Person\",\"@id\":\"https:\/\/blogs.thesocialmedia.com\/leblogmoto\/#\/schema\/person\/18bfe773e5725ed6d24f743da805362a\",\"name\":\"benoit rieu\",\"image\":{\"@type\":\"ImageObject\",\"inLanguage\":\"fr-FR\",\"@id\":\"https:\/\/blogs.thesocialmedia.com\/leblogmoto\/#\/schema\/person\/image\/\",\"url\":\"https:\/\/secure.gravatar.com\/avatar\/?s=96&d=mm&r=g\",\"contentUrl\":\"https:\/\/secure.gravatar.com\/avatar\/?s=96&d=mm&r=g\",\"caption\":\"benoit rieu\"},\"url\":\"https:\/\/blogs.thesocialmedia.com\/leblogmoto\/author\/benoit-rieu\/\"}]}<\/script>\n<!-- \/ Yoast SEO plugin. -->","yoast_head_json":{"title":"Les masques Oakley des grands absents du SX Bercy. - leblogmoto.com","robots":{"index":"index","follow":"follow","max-snippet":"max-snippet:-1","max-image-preview":"max-image-preview:large","max-video-preview":"max-video-preview:-1"},"canonical":"https:\/\/blogs.thesocialmedia.com\/leblogmoto\/2007\/11\/10\/les-masques-oak\/","twitter_card":"summary_large_image","twitter_title":"Les masques Oakley des grands absents du SX Bercy. - leblogmoto.com","twitter_description":"Fid\u00e8le \u00e0 l&rsquo;habitude de commenter l&rsquo;actualit\u00e9 de fa\u00e7on d\u00e9cal\u00e9e (et aussi parce que j&rsquo;ai vu sur la cha\u00eene W9 mon pr\u00e9f\u00e9r\u00e9 Jeremy McGrath rater son retour \u00e0 Bercy, mais chut), abordons les protections optiques des grands du Supercross et Motocross que sont le convalescent James Stewart et le pr\u00e9retrait\u00e9 Ricky Carmichael (photo). Mais, ne vous [&hellip;]","twitter_image":"http:\/\/www.leblogmoto.com\/images\/2007\/11\/09\/ricky_carmichael.jpg","twitter_misc":{"\u00c9crit par":"benoit rieu","Dur\u00e9e de lecture estim\u00e9e":"1 minute"},"schema":{"@context":"https:\/\/schema.org","@graph":[{"@type":"WebPage","@id":"https:\/\/blogs.thesocialmedia.com\/leblogmoto\/2007\/11\/10\/les-masques-oak\/","url":"https:\/\/blogs.thesocialmedia.com\/leblogmoto\/2007\/11\/10\/les-masques-oak\/","name":"Les masques Oakley des grands absents du SX Bercy. - leblogmoto.com","isPartOf":{"@id":"https:\/\/blogs.thesocialmedia.com\/leblogmoto\/#website"},"primaryImageOfPage":{"@id":"https:\/\/blogs.thesocialmedia.com\/leblogmoto\/2007\/11\/10\/les-masques-oak\/#primaryimage"},"image":{"@id":"https:\/\/blogs.thesocialmedia.com\/leblogmoto\/2007\/11\/10\/les-masques-oak\/#primaryimage"},"thumbnailUrl":"http:\/\/www.leblogmoto.com\/images\/2007\/11\/09\/ricky_carmichael.jpg","datePublished":"2007-11-10T04:50:10+00:00","dateModified":"2012-07-11T14:54:59+00:00","author":{"@id":"https:\/\/blogs.thesocialmedia.com\/leblogmoto\/#\/schema\/person\/18bfe773e5725ed6d24f743da805362a"},"breadcrumb":{"@id":"https:\/\/blogs.thesocialmedia.com\/leblogmoto\/2007\/11\/10\/les-masques-oak\/#breadcrumb"},"inLanguage":"fr-FR","potentialAction":[{"@type":"ReadAction","target":["https:\/\/blogs.thesocialmedia.com\/leblogmoto\/2007\/11\/10\/les-masques-oak\/"]}]},{"@type":"ImageObject","inLanguage":"fr-FR","@id":"https:\/\/blogs.thesocialmedia.com\/leblogmoto\/2007\/11\/10\/les-masques-oak\/#primaryimage","url":"http:\/\/www.leblogmoto.com\/images\/2007\/11\/09\/ricky_carmichael.jpg","contentUrl":"http:\/\/www.leblogmoto.com\/images\/2007\/11\/09\/ricky_carmichael.jpg"},{"@type":"BreadcrumbList","@id":"https:\/\/blogs.thesocialmedia.com\/leblogmoto\/2007\/11\/10\/les-masques-oak\/#breadcrumb","itemListElement":[{"@type":"ListItem","position":1,"name":"Accueil","item":"https:\/\/blogs.thesocialmedia.com\/leblogmoto\/"},{"@type":"ListItem","position":2,"name":"Les masques Oakley des grands absents du SX Bercy."}]},{"@type":"WebSite","@id":"https:\/\/blogs.thesocialmedia.com\/leblogmoto\/#website","url":"https:\/\/blogs.thesocialmedia.com\/leblogmoto\/","name":"leblogmoto","description":"Toute l&#039;actualit\u00e9 des 2 roues","potentialAction":[{"@type":"SearchAction","target":{"@type":"EntryPoint","urlTemplate":"https:\/\/blogs.thesocialmedia.com\/leblogmoto\/?s={search_term_string}"},"query-input":{"@type":"PropertyValueSpecification","valueRequired":true,"valueName":"search_term_string"}}],"inLanguage":"fr-FR"},{"@type":"Person","@id":"https:\/\/blogs.thesocialmedia.com\/leblogmoto\/#\/schema\/person\/18bfe773e5725ed6d24f743da805362a","name":"benoit rieu","image":{"@type":"ImageObject","inLanguage":"fr-FR","@id":"https:\/\/blogs.thesocialmedia.com\/leblogmoto\/#\/schema\/person\/image\/","url":"https:\/\/secure.gravatar.com\/avatar\/?s=96&d=mm&r=g","contentUrl":"https:\/\/secure.gravatar.com\/avatar\/?s=96&d=mm&r=g","caption":"benoit rieu"},"url":"https:\/\/blogs.thesocialmedia.com\/leblogmoto\/author\/benoit-rieu\/"}]}},"_links":{"self":[{"href":"https:\/\/blogs.thesocialmedia.com\/leblogmoto\/wp-json\/wp\/v2\/posts\/1100","targetHints":{"allow":["GET"]}}],"collection":[{"href":"https:\/\/blogs.thesocialmedia.com\/leblogmoto\/wp-json\/wp\/v2\/posts"}],"about":[{"href":"https:\/\/blogs.thesocialmedia.com\/leblogmoto\/wp-json\/wp\/v2\/types\/post"}],"author":[{"embeddable":true,"href":"https:\/\/blogs.thesocialmedia.com\/leblogmoto\/wp-json\/wp\/v2\/users\/324"}],"replies":[{"embeddable":true,"href":"https:\/\/blogs.thesocialmedia.com\/leblogmoto\/wp-json\/wp\/v2\/comments?post=1100"}],"version-history":[{"count":2,"href":"https:\/\/blogs.thesocialmedia.com\/leblogmoto\/wp-json\/wp\/v2\/posts\/1100\/revisions"}],"predecessor-version":[{"id":9125,"href":"https:\/\/blogs.thesocialmedia.com\/leblogmoto\/wp-json\/wp\/v2\/posts\/1100\/revisions\/9125"}],"wp:attachment":[{"href":"https:\/\/blogs.thesocialmedia.com\/leblogmoto\/wp-json\/wp\/v2\/media?parent=1100"}],"wp:term":[{"taxonomy":"category","embeddable":true,"href":"https:\/\/blogs.thesocialmedia.com\/leblogmoto\/wp-json\/wp\/v2\/categories?post=1100"},{"taxonomy":"post_tag","embeddable":true,"href":"https:\/\/blogs.thesocialmedia.com\/leblogmoto\/wp-json\/wp\/v2\/tags?post=1100"}],"curies":[{"name":"wp","href":"https:\/\/api.w.org\/{rel}","templated":true}]}}