{"id":1102,"date":"2007-11-10T01:16:17","date_gmt":"2007-11-10T01:16:17","guid":{"rendered":"http:\/\/blogs.thesocialmedia.com\/leblogmoto\/2007\/11\/10\/voici-limage-qu\/"},"modified":"2012-07-11T14:54:48","modified_gmt":"2012-07-11T14:54:48","slug":"voici-limage-qu","status":"publish","type":"post","link":"https:\/\/blogs.thesocialmedia.com\/leblogmoto\/2007\/11\/10\/voici-limage-qu\/","title":{"rendered":"Voici l&rsquo;image que l&rsquo;on ne reverra donc plus en MotoGP."},"content":{"rendered":"<p><a href=\"http:\/\/blogs.thesocialmedia.com\/leblogmoto\/files\/2012\/07\/valentino_rossi_cap.jpg\"><img loading=\"lazy\" decoding=\"async\" width=\"470\" height=\"313\"  alt=\"Valentino_rossi_cap\" src=\"http:\/\/www.leblogmoto.com\/images\/2007\/11\/05\/valentino_rossi_cap.jpg\" \/><\/a><\/p>\n<p>Le quintuple champion du monde de MotoGP a donc d\u00e9cid\u00e9 de tirer, de son propre chef, un trait sur la <em>success story<\/em> avec Michelin. Ce qui n&#8217;emp\u00eache pas Bibendum de faire contre mauvaise fortune bon coeur, avec raison. Et le divorce du couple sera bien visible d\u00e8s d\u00e9but 2008, puisque Valentino Rossi et son co\u00e9quipier Jorge Lorenzo occuperont des <em>pit boxes<\/em> s\u00e9par\u00e9es. Choix ubuesque pour un Yamaha schizophr\u00e8ne, et qui s&rsquo;est publiquement excus\u00e9e (!) aupr\u00e8s du Doctor de sa mauvaise ann\u00e9e. <\/p>\n<p>Tout cela par la voix du team manager de Fiat-Yamaha Davide Brivio. Fiat-Yamaha, une association qui s&rsquo;est plus faite remarquer en 2007 par ses livr\u00e9es originales que par le respect de ses engagements de remporter le titre. C&rsquo;est dur de ma part comme jugement, je sais, mais \u00e0 la d\u00e9charge de Brivio, qui attendait Ducati cette ann\u00e9e, alors que les Japonais avaient tant demand\u00e9 ce passage dans la cylindr\u00e9e inf\u00e9rieure des 800cc ?*<\/p>\n<p>Un manager qui n&rsquo;a qu&rsquo;une crainte, celle de voir partir un Rossi devenu tr\u00e8s direct et franc dans ses interviews, \u00e9voquant publiquement son souhait de voir ailleurs (chez Ducati notamment) si Yamaha ne redoublait pas d&rsquo;effort dans la saison qui s&rsquo;annonce. Et demandant que le boss de Yamaha Masao Furosawa soit plus pr\u00e9sent lors des grand-prix.<\/p>\n<p>Jean-Philippe Weber, le directeur de Michelin comp\u00e9tition, se d\u00e9clare quant \u00e0 lui, tr\u00e8s satisfait de la victoire r\u00e9cente de Titanium Pedrosa, prouvant que ses pneumatiques si performant en qualification (on en veut pour preuve les quatre poles de rang de Mini Dani) pouvaient aussi tenir la distance sur un grand prix en entier. Comme le GP Australien et les tr\u00e8s bonnes impressions de l&rsquo;Espagnol en conf\u00e9rence de presse apr\u00e8s course le laissait pr\u00e9sager.<\/p>\n<p>Tout en dissimulant son amertume de voir l&rsquo;Italien troquer sur son garde-boues avant, le replet personnage blanc, ic\u00f4ne de Michelin, pour le &quot;B&quot; noir et rouge du japonais, apr\u00e8s tant de victoires avec Vale. <\/p>\n<p>Et en esp\u00e9rant secr\u00e8tement peut-\u00eatre, que le futur le fasse mentir. Pour cela il suffirait que le surdou\u00e9 (deux titres de champion en 250cc) mais simple <em>rookie<\/em> &quot;Lorenshow&quot;, comme il se surnomme, tienne t\u00eate \u00e0 Vale au sein de Yamaha. <\/p>\n<p>Le manufacturier de Clermont-Ferrand a d&rsquo;ailleurs accueilli tr\u00e8s favorablement les nouvelles r\u00e8gles annonc\u00e9e \u00e0 Valence, sur lesquelles nous reviendront d&rsquo;ici peu, ainsi que sur le d\u00e9part, bien malgr\u00e9 lui, de Dunlop.<br \/><em><br \/>*il est amusant de constater que le pi\u00e8ge s&rsquo;est referm\u00e9 sur les japonais alors qu&rsquo;ils avaient initi\u00e9 ce changement des 990 au 800cc. Dans le m\u00eame temps, Ducati a fait le forcing en Superbike pour passer \u00e0 la cylindr\u00e9e sup\u00e9rieure en 2008, avec succ\u00e8s, ceci contre l&rsquo;avis des teams japonais. Alors, la m\u00eame m\u00e9saventure pour Ducati en SBK que Honda\/Yamaha en MotoGP pour tous ces teams qui essaient de dicter les orientations de leurs discilplines favorites ?<\/em><\/p>\n<p><em>cr\u00e9dit photo: <a href=\"http:\/\/www.michelinsport.com\/sport\/home\/fr\/home.jsp\">Michelin Sport<\/a><\/em><\/p>\n","protected":false},"excerpt":{"rendered":"<p>Le quintuple champion du monde de MotoGP a donc d\u00e9cid\u00e9 de tirer, de son propre chef, un trait sur la success story avec Michelin. Ce qui n&#8217;emp\u00eache pas Bibendum de faire contre mauvaise fortune bon coeur, avec raison. Et le divorce du couple sera bien visible d\u00e8s d\u00e9but 2008, puisque Valentino Rossi et son co\u00e9quipier [&hellip;]<\/p>\n","protected":false},"author":324,"featured_media":0,"comment_status":"open","ping_status":"open","sticky":false,"template":"","format":"standard","meta":{"footnotes":""},"categories":[3,22,32,46],"tags":[],"class_list":["post-1102","post","type-post","status-publish","format-standard","hentry","category-actualite","category-motogp","category-sport-moto","category-superbike"],"yoast_head":"<!-- This site is optimized with the Yoast SEO plugin v26.0 - https:\/\/yoast.com\/wordpress\/plugins\/seo\/ -->\n<title>Voici l&#039;image que l&#039;on ne reverra donc plus en MotoGP. - leblogmoto.com<\/title>\n<meta name=\"robots\" content=\"index, follow, max-snippet:-1, max-image-preview:large, max-video-preview:-1\" \/>\n<link rel=\"canonical\" href=\"https:\/\/blogs.thesocialmedia.com\/leblogmoto\/2007\/11\/10\/voici-limage-qu\/\" \/>\n<meta name=\"twitter:card\" content=\"summary_large_image\" \/>\n<meta name=\"twitter:title\" content=\"Voici l&#039;image que l&#039;on ne reverra donc plus en MotoGP. - leblogmoto.com\" \/>\n<meta name=\"twitter:description\" content=\"Le quintuple champion du monde de MotoGP a donc d\u00e9cid\u00e9 de tirer, de son propre chef, un trait sur la success story avec Michelin. Ce qui n&#8217;emp\u00eache pas Bibendum de faire contre mauvaise fortune bon coeur, avec raison. Et le divorce du couple sera bien visible d\u00e8s d\u00e9but 2008, puisque Valentino Rossi et son co\u00e9quipier [&hellip;]\" \/>\n<meta name=\"twitter:image\" content=\"http:\/\/www.leblogmoto.com\/images\/2007\/11\/05\/valentino_rossi_cap.jpg\" \/>\n<meta name=\"twitter:label1\" content=\"\u00c9crit par\" \/>\n\t<meta name=\"twitter:data1\" content=\"benoit rieu\" \/>\n\t<meta name=\"twitter:label2\" content=\"Dur\u00e9e de lecture estim\u00e9e\" \/>\n\t<meta name=\"twitter:data2\" content=\"3 minutes\" \/>\n<script type=\"application\/ld+json\" class=\"yoast-schema-graph\">{\"@context\":\"https:\/\/schema.org\",\"@graph\":[{\"@type\":\"WebPage\",\"@id\":\"https:\/\/blogs.thesocialmedia.com\/leblogmoto\/2007\/11\/10\/voici-limage-qu\/\",\"url\":\"https:\/\/blogs.thesocialmedia.com\/leblogmoto\/2007\/11\/10\/voici-limage-qu\/\",\"name\":\"Voici l'image que l'on ne reverra donc plus en MotoGP. - leblogmoto.com\",\"isPartOf\":{\"@id\":\"https:\/\/blogs.thesocialmedia.com\/leblogmoto\/#website\"},\"primaryImageOfPage\":{\"@id\":\"https:\/\/blogs.thesocialmedia.com\/leblogmoto\/2007\/11\/10\/voici-limage-qu\/#primaryimage\"},\"image\":{\"@id\":\"https:\/\/blogs.thesocialmedia.com\/leblogmoto\/2007\/11\/10\/voici-limage-qu\/#primaryimage\"},\"thumbnailUrl\":\"http:\/\/www.leblogmoto.com\/images\/2007\/11\/05\/valentino_rossi_cap.jpg\",\"datePublished\":\"2007-11-10T01:16:17+00:00\",\"dateModified\":\"2012-07-11T14:54:48+00:00\",\"author\":{\"@id\":\"https:\/\/blogs.thesocialmedia.com\/leblogmoto\/#\/schema\/person\/18bfe773e5725ed6d24f743da805362a\"},\"breadcrumb\":{\"@id\":\"https:\/\/blogs.thesocialmedia.com\/leblogmoto\/2007\/11\/10\/voici-limage-qu\/#breadcrumb\"},\"inLanguage\":\"fr-FR\",\"potentialAction\":[{\"@type\":\"ReadAction\",\"target\":[\"https:\/\/blogs.thesocialmedia.com\/leblogmoto\/2007\/11\/10\/voici-limage-qu\/\"]}]},{\"@type\":\"ImageObject\",\"inLanguage\":\"fr-FR\",\"@id\":\"https:\/\/blogs.thesocialmedia.com\/leblogmoto\/2007\/11\/10\/voici-limage-qu\/#primaryimage\",\"url\":\"http:\/\/www.leblogmoto.com\/images\/2007\/11\/05\/valentino_rossi_cap.jpg\",\"contentUrl\":\"http:\/\/www.leblogmoto.com\/images\/2007\/11\/05\/valentino_rossi_cap.jpg\"},{\"@type\":\"BreadcrumbList\",\"@id\":\"https:\/\/blogs.thesocialmedia.com\/leblogmoto\/2007\/11\/10\/voici-limage-qu\/#breadcrumb\",\"itemListElement\":[{\"@type\":\"ListItem\",\"position\":1,\"name\":\"Accueil\",\"item\":\"https:\/\/blogs.thesocialmedia.com\/leblogmoto\/\"},{\"@type\":\"ListItem\",\"position\":2,\"name\":\"Voici l&rsquo;image que l&rsquo;on ne reverra donc plus en MotoGP.\"}]},{\"@type\":\"WebSite\",\"@id\":\"https:\/\/blogs.thesocialmedia.com\/leblogmoto\/#website\",\"url\":\"https:\/\/blogs.thesocialmedia.com\/leblogmoto\/\",\"name\":\"leblogmoto\",\"description\":\"Toute l&#039;actualit\u00e9 des 2 roues\",\"potentialAction\":[{\"@type\":\"SearchAction\",\"target\":{\"@type\":\"EntryPoint\",\"urlTemplate\":\"https:\/\/blogs.thesocialmedia.com\/leblogmoto\/?s={search_term_string}\"},\"query-input\":{\"@type\":\"PropertyValueSpecification\",\"valueRequired\":true,\"valueName\":\"search_term_string\"}}],\"inLanguage\":\"fr-FR\"},{\"@type\":\"Person\",\"@id\":\"https:\/\/blogs.thesocialmedia.com\/leblogmoto\/#\/schema\/person\/18bfe773e5725ed6d24f743da805362a\",\"name\":\"benoit rieu\",\"image\":{\"@type\":\"ImageObject\",\"inLanguage\":\"fr-FR\",\"@id\":\"https:\/\/blogs.thesocialmedia.com\/leblogmoto\/#\/schema\/person\/image\/\",\"url\":\"https:\/\/secure.gravatar.com\/avatar\/?s=96&d=mm&r=g\",\"contentUrl\":\"https:\/\/secure.gravatar.com\/avatar\/?s=96&d=mm&r=g\",\"caption\":\"benoit rieu\"},\"url\":\"https:\/\/blogs.thesocialmedia.com\/leblogmoto\/author\/benoit-rieu\/\"}]}<\/script>\n<!-- \/ Yoast SEO plugin. -->","yoast_head_json":{"title":"Voici l'image que l'on ne reverra donc plus en MotoGP. - leblogmoto.com","robots":{"index":"index","follow":"follow","max-snippet":"max-snippet:-1","max-image-preview":"max-image-preview:large","max-video-preview":"max-video-preview:-1"},"canonical":"https:\/\/blogs.thesocialmedia.com\/leblogmoto\/2007\/11\/10\/voici-limage-qu\/","twitter_card":"summary_large_image","twitter_title":"Voici l'image que l'on ne reverra donc plus en MotoGP. - leblogmoto.com","twitter_description":"Le quintuple champion du monde de MotoGP a donc d\u00e9cid\u00e9 de tirer, de son propre chef, un trait sur la success story avec Michelin. Ce qui n&#8217;emp\u00eache pas Bibendum de faire contre mauvaise fortune bon coeur, avec raison. Et le divorce du couple sera bien visible d\u00e8s d\u00e9but 2008, puisque Valentino Rossi et son co\u00e9quipier [&hellip;]","twitter_image":"http:\/\/www.leblogmoto.com\/images\/2007\/11\/05\/valentino_rossi_cap.jpg","twitter_misc":{"\u00c9crit par":"benoit rieu","Dur\u00e9e de lecture estim\u00e9e":"3 minutes"},"schema":{"@context":"https:\/\/schema.org","@graph":[{"@type":"WebPage","@id":"https:\/\/blogs.thesocialmedia.com\/leblogmoto\/2007\/11\/10\/voici-limage-qu\/","url":"https:\/\/blogs.thesocialmedia.com\/leblogmoto\/2007\/11\/10\/voici-limage-qu\/","name":"Voici l'image que l'on ne reverra donc plus en MotoGP. - leblogmoto.com","isPartOf":{"@id":"https:\/\/blogs.thesocialmedia.com\/leblogmoto\/#website"},"primaryImageOfPage":{"@id":"https:\/\/blogs.thesocialmedia.com\/leblogmoto\/2007\/11\/10\/voici-limage-qu\/#primaryimage"},"image":{"@id":"https:\/\/blogs.thesocialmedia.com\/leblogmoto\/2007\/11\/10\/voici-limage-qu\/#primaryimage"},"thumbnailUrl":"http:\/\/www.leblogmoto.com\/images\/2007\/11\/05\/valentino_rossi_cap.jpg","datePublished":"2007-11-10T01:16:17+00:00","dateModified":"2012-07-11T14:54:48+00:00","author":{"@id":"https:\/\/blogs.thesocialmedia.com\/leblogmoto\/#\/schema\/person\/18bfe773e5725ed6d24f743da805362a"},"breadcrumb":{"@id":"https:\/\/blogs.thesocialmedia.com\/leblogmoto\/2007\/11\/10\/voici-limage-qu\/#breadcrumb"},"inLanguage":"fr-FR","potentialAction":[{"@type":"ReadAction","target":["https:\/\/blogs.thesocialmedia.com\/leblogmoto\/2007\/11\/10\/voici-limage-qu\/"]}]},{"@type":"ImageObject","inLanguage":"fr-FR","@id":"https:\/\/blogs.thesocialmedia.com\/leblogmoto\/2007\/11\/10\/voici-limage-qu\/#primaryimage","url":"http:\/\/www.leblogmoto.com\/images\/2007\/11\/05\/valentino_rossi_cap.jpg","contentUrl":"http:\/\/www.leblogmoto.com\/images\/2007\/11\/05\/valentino_rossi_cap.jpg"},{"@type":"BreadcrumbList","@id":"https:\/\/blogs.thesocialmedia.com\/leblogmoto\/2007\/11\/10\/voici-limage-qu\/#breadcrumb","itemListElement":[{"@type":"ListItem","position":1,"name":"Accueil","item":"https:\/\/blogs.thesocialmedia.com\/leblogmoto\/"},{"@type":"ListItem","position":2,"name":"Voici l&rsquo;image que l&rsquo;on ne reverra donc plus en MotoGP."}]},{"@type":"WebSite","@id":"https:\/\/blogs.thesocialmedia.com\/leblogmoto\/#website","url":"https:\/\/blogs.thesocialmedia.com\/leblogmoto\/","name":"leblogmoto","description":"Toute l&#039;actualit\u00e9 des 2 roues","potentialAction":[{"@type":"SearchAction","target":{"@type":"EntryPoint","urlTemplate":"https:\/\/blogs.thesocialmedia.com\/leblogmoto\/?s={search_term_string}"},"query-input":{"@type":"PropertyValueSpecification","valueRequired":true,"valueName":"search_term_string"}}],"inLanguage":"fr-FR"},{"@type":"Person","@id":"https:\/\/blogs.thesocialmedia.com\/leblogmoto\/#\/schema\/person\/18bfe773e5725ed6d24f743da805362a","name":"benoit rieu","image":{"@type":"ImageObject","inLanguage":"fr-FR","@id":"https:\/\/blogs.thesocialmedia.com\/leblogmoto\/#\/schema\/person\/image\/","url":"https:\/\/secure.gravatar.com\/avatar\/?s=96&d=mm&r=g","contentUrl":"https:\/\/secure.gravatar.com\/avatar\/?s=96&d=mm&r=g","caption":"benoit rieu"},"url":"https:\/\/blogs.thesocialmedia.com\/leblogmoto\/author\/benoit-rieu\/"}]}},"_links":{"self":[{"href":"https:\/\/blogs.thesocialmedia.com\/leblogmoto\/wp-json\/wp\/v2\/posts\/1102","targetHints":{"allow":["GET"]}}],"collection":[{"href":"https:\/\/blogs.thesocialmedia.com\/leblogmoto\/wp-json\/wp\/v2\/posts"}],"about":[{"href":"https:\/\/blogs.thesocialmedia.com\/leblogmoto\/wp-json\/wp\/v2\/types\/post"}],"author":[{"embeddable":true,"href":"https:\/\/blogs.thesocialmedia.com\/leblogmoto\/wp-json\/wp\/v2\/users\/324"}],"replies":[{"embeddable":true,"href":"https:\/\/blogs.thesocialmedia.com\/leblogmoto\/wp-json\/wp\/v2\/comments?post=1102"}],"version-history":[{"count":2,"href":"https:\/\/blogs.thesocialmedia.com\/leblogmoto\/wp-json\/wp\/v2\/posts\/1102\/revisions"}],"predecessor-version":[{"id":9118,"href":"https:\/\/blogs.thesocialmedia.com\/leblogmoto\/wp-json\/wp\/v2\/posts\/1102\/revisions\/9118"}],"wp:attachment":[{"href":"https:\/\/blogs.thesocialmedia.com\/leblogmoto\/wp-json\/wp\/v2\/media?parent=1102"}],"wp:term":[{"taxonomy":"category","embeddable":true,"href":"https:\/\/blogs.thesocialmedia.com\/leblogmoto\/wp-json\/wp\/v2\/categories?post=1102"},{"taxonomy":"post_tag","embeddable":true,"href":"https:\/\/blogs.thesocialmedia.com\/leblogmoto\/wp-json\/wp\/v2\/tags?post=1102"}],"curies":[{"name":"wp","href":"https:\/\/api.w.org\/{rel}","templated":true}]}}