{"id":1103,"date":"2007-11-10T00:50:05","date_gmt":"2007-11-10T00:50:05","guid":{"rendered":"http:\/\/blogs.thesocialmedia.com\/leblogmoto\/2007\/11\/10\/salon-moto-lgen\/"},"modified":"2012-07-11T14:54:47","modified_gmt":"2012-07-11T14:54:47","slug":"salon-moto-lgen","status":"publish","type":"post","link":"https:\/\/blogs.thesocialmedia.com\/leblogmoto\/2007\/11\/10\/salon-moto-lgen\/","title":{"rendered":"Salon Moto L\u00e9gende"},"content":{"rendered":"<p><a href=\"http:\/\/blogs.thesocialmedia.com\/leblogmoto\/files\/2012\/07\/sml07affichehautedef.jpg\"><img loading=\"lazy\" decoding=\"async\" width=\"250\" height=\"348\"  alt=\"Sml07affichehautedef\" src=\"http:\/\/www.leblogmoto.com\/images\/2007\/11\/09\/sml07affichehautedef.jpg\" style=\"margin: 0px 5px 5px 0px;float: left\" \/><\/a>Du 23 au 25 novembre se d\u00e9roulera au Parc Floral de Paris (Porte de Vincennes) le Salon Moto L\u00e9gende. Organis\u00e9 par l\u2019\u00e9quipe qui r\u00e9alise d\u00e9j\u00e0 les <a href=\"http:\/\/www.coupes-moto-legende.fr\/\">Coupes Moto L\u00e9gende<\/a> \u00e0 Dijon, le Salon Moto L\u00e9gende ouvrira ses portes pour la dixi\u00e8me ann\u00e9e cons\u00e9cutive. Cette ann\u00e9e, l\u2019exposition principale pr\u00e9sentera les plus belles pi\u00e8ces de l\u2019exceptionnelle collection de Renzo BATTILANI, un des plus grands collectionneurs italiens de motos, soit 18 motos dont la plus grande partie n\u2019a jamais \u00e9t\u00e9 expos\u00e9e en France. Plus d\u2019une centaine d\u2019exposants regroup\u00e9s dans un village marchand proposeront, outre des conseils avis\u00e9s, de nombreuses pi\u00e8ces et accessoires. Des clubs participent \u00e0 la mise en sc\u00e8ne et partagent avec le public des moments chaleureux autours de la m\u00eame passion, ainsi que quelques mus\u00e9es. <\/p>\n<p>Enfin, une \u00e9norme bourse d\u2019\u00e9changes, qui, cette ann\u00e9e, s\u2019\u00e9tendra m\u00eame \u00e0 l\u2019ext\u00e9rieur, autours du hall, devrait permettre \u00e0 chacun de trouver la pi\u00e8ce rare, voire de repartir avec la moto de ses r\u00eaves\u2026 dans son jus bien sur\u2026 !<br \/>Bref, si vous \u00eates libres ce week-end l\u00e0 et que vous souhaitez d\u00e9couvrir ou red\u00e9couvrir des motos anciennes, je vous incite \u00e0 vous rendre \u00e0 ce salon.<\/p>\n<p><strong>Informations pratiques :<\/strong><br \/><strong> Date :<\/strong> du 23 au 25 novembre 2007<br \/><strong> Lieu :<\/strong> Parc Floral de Paris (Porte de Vincennes)<br \/><strong> Horaires :<\/strong> vendredi 23 de 17 \u00e0 22 h \u2013 samedi 24 de 10 \u00e0 19 h \u2013 dimanche 25 de 10 \u00e0 18 h.<br \/><strong> Tarifs :<\/strong> billet 1 jour \u00e0 12 \u20ac en vente sur place ou dans les magasins FNAC, CARREFOUR et GEANT. <br \/><strong>Gratuit<\/strong> pour les moins de 12 ans<br \/><strong> Site Internet :<\/strong> <a href=\"http:\/\/www.salon-moto-legende.fr\">www.salon-moto-legende.fr<\/a><\/p>\n<p>Source : <a href=\"http:\/\/www.salon-moto-legende.fr\">Moto L\u00e9gende<\/a><\/p>\n","protected":false},"excerpt":{"rendered":"<p>Du 23 au 25 novembre se d\u00e9roulera au Parc Floral de Paris (Porte de Vincennes) le Salon Moto L\u00e9gende. Organis\u00e9 par l\u2019\u00e9quipe qui r\u00e9alise d\u00e9j\u00e0 les Coupes Moto L\u00e9gende \u00e0 Dijon, le Salon Moto L\u00e9gende ouvrira ses portes pour la dixi\u00e8me ann\u00e9e cons\u00e9cutive. Cette ann\u00e9e, l\u2019exposition principale pr\u00e9sentera les plus belles pi\u00e8ces de l\u2019exceptionnelle collection [&hellip;]<\/p>\n","protected":false},"author":329,"featured_media":0,"comment_status":"open","ping_status":"open","sticky":false,"template":"","format":"standard","meta":{"footnotes":""},"categories":[36],"tags":[],"class_list":["post-1103","post","type-post","status-publish","format-standard","hentry","category-salons"],"yoast_head":"<!-- This site is optimized with the Yoast SEO plugin v26.0 - https:\/\/yoast.com\/wordpress\/plugins\/seo\/ -->\n<title>Salon Moto L\u00e9gende - leblogmoto.com<\/title>\n<meta name=\"robots\" content=\"index, follow, max-snippet:-1, max-image-preview:large, max-video-preview:-1\" \/>\n<link rel=\"canonical\" href=\"https:\/\/blogs.thesocialmedia.com\/leblogmoto\/2007\/11\/10\/salon-moto-lgen\/\" \/>\n<meta name=\"twitter:card\" content=\"summary_large_image\" \/>\n<meta name=\"twitter:title\" content=\"Salon Moto L\u00e9gende - leblogmoto.com\" \/>\n<meta name=\"twitter:description\" content=\"Du 23 au 25 novembre se d\u00e9roulera au Parc Floral de Paris (Porte de Vincennes) le Salon Moto L\u00e9gende. Organis\u00e9 par l\u2019\u00e9quipe qui r\u00e9alise d\u00e9j\u00e0 les Coupes Moto L\u00e9gende \u00e0 Dijon, le Salon Moto L\u00e9gende ouvrira ses portes pour la dixi\u00e8me ann\u00e9e cons\u00e9cutive. Cette ann\u00e9e, l\u2019exposition principale pr\u00e9sentera les plus belles pi\u00e8ces de l\u2019exceptionnelle collection [&hellip;]\" \/>\n<meta name=\"twitter:image\" content=\"http:\/\/www.leblogmoto.com\/images\/2007\/11\/09\/sml07affichehautedef.jpg\" \/>\n<meta name=\"twitter:label1\" content=\"\u00c9crit par\" \/>\n\t<meta name=\"twitter:data1\" content=\"gregory boucaud\" \/>\n\t<meta name=\"twitter:label2\" content=\"Dur\u00e9e de lecture estim\u00e9e\" \/>\n\t<meta name=\"twitter:data2\" content=\"1 minute\" \/>\n<script type=\"application\/ld+json\" class=\"yoast-schema-graph\">{\"@context\":\"https:\/\/schema.org\",\"@graph\":[{\"@type\":\"WebPage\",\"@id\":\"https:\/\/blogs.thesocialmedia.com\/leblogmoto\/2007\/11\/10\/salon-moto-lgen\/\",\"url\":\"https:\/\/blogs.thesocialmedia.com\/leblogmoto\/2007\/11\/10\/salon-moto-lgen\/\",\"name\":\"Salon Moto L\u00e9gende - leblogmoto.com\",\"isPartOf\":{\"@id\":\"https:\/\/blogs.thesocialmedia.com\/leblogmoto\/#website\"},\"primaryImageOfPage\":{\"@id\":\"https:\/\/blogs.thesocialmedia.com\/leblogmoto\/2007\/11\/10\/salon-moto-lgen\/#primaryimage\"},\"image\":{\"@id\":\"https:\/\/blogs.thesocialmedia.com\/leblogmoto\/2007\/11\/10\/salon-moto-lgen\/#primaryimage\"},\"thumbnailUrl\":\"http:\/\/www.leblogmoto.com\/images\/2007\/11\/09\/sml07affichehautedef.jpg\",\"datePublished\":\"2007-11-10T00:50:05+00:00\",\"dateModified\":\"2012-07-11T14:54:47+00:00\",\"author\":{\"@id\":\"https:\/\/blogs.thesocialmedia.com\/leblogmoto\/#\/schema\/person\/769623f89741cc3381675029a37764f8\"},\"breadcrumb\":{\"@id\":\"https:\/\/blogs.thesocialmedia.com\/leblogmoto\/2007\/11\/10\/salon-moto-lgen\/#breadcrumb\"},\"inLanguage\":\"fr-FR\",\"potentialAction\":[{\"@type\":\"ReadAction\",\"target\":[\"https:\/\/blogs.thesocialmedia.com\/leblogmoto\/2007\/11\/10\/salon-moto-lgen\/\"]}]},{\"@type\":\"ImageObject\",\"inLanguage\":\"fr-FR\",\"@id\":\"https:\/\/blogs.thesocialmedia.com\/leblogmoto\/2007\/11\/10\/salon-moto-lgen\/#primaryimage\",\"url\":\"http:\/\/www.leblogmoto.com\/images\/2007\/11\/09\/sml07affichehautedef.jpg\",\"contentUrl\":\"http:\/\/www.leblogmoto.com\/images\/2007\/11\/09\/sml07affichehautedef.jpg\"},{\"@type\":\"BreadcrumbList\",\"@id\":\"https:\/\/blogs.thesocialmedia.com\/leblogmoto\/2007\/11\/10\/salon-moto-lgen\/#breadcrumb\",\"itemListElement\":[{\"@type\":\"ListItem\",\"position\":1,\"name\":\"Accueil\",\"item\":\"https:\/\/blogs.thesocialmedia.com\/leblogmoto\/\"},{\"@type\":\"ListItem\",\"position\":2,\"name\":\"Salon Moto L\u00e9gende\"}]},{\"@type\":\"WebSite\",\"@id\":\"https:\/\/blogs.thesocialmedia.com\/leblogmoto\/#website\",\"url\":\"https:\/\/blogs.thesocialmedia.com\/leblogmoto\/\",\"name\":\"leblogmoto\",\"description\":\"Toute l&#039;actualit\u00e9 des 2 roues\",\"potentialAction\":[{\"@type\":\"SearchAction\",\"target\":{\"@type\":\"EntryPoint\",\"urlTemplate\":\"https:\/\/blogs.thesocialmedia.com\/leblogmoto\/?s={search_term_string}\"},\"query-input\":{\"@type\":\"PropertyValueSpecification\",\"valueRequired\":true,\"valueName\":\"search_term_string\"}}],\"inLanguage\":\"fr-FR\"},{\"@type\":\"Person\",\"@id\":\"https:\/\/blogs.thesocialmedia.com\/leblogmoto\/#\/schema\/person\/769623f89741cc3381675029a37764f8\",\"name\":\"gregory boucaud\",\"image\":{\"@type\":\"ImageObject\",\"inLanguage\":\"fr-FR\",\"@id\":\"https:\/\/blogs.thesocialmedia.com\/leblogmoto\/#\/schema\/person\/image\/\",\"url\":\"https:\/\/secure.gravatar.com\/avatar\/?s=96&d=mm&r=g\",\"contentUrl\":\"https:\/\/secure.gravatar.com\/avatar\/?s=96&d=mm&r=g\",\"caption\":\"gregory boucaud\"},\"url\":\"https:\/\/blogs.thesocialmedia.com\/leblogmoto\/author\/gregory-boucaud\/\"}]}<\/script>\n<!-- \/ Yoast SEO plugin. -->","yoast_head_json":{"title":"Salon Moto L\u00e9gende - leblogmoto.com","robots":{"index":"index","follow":"follow","max-snippet":"max-snippet:-1","max-image-preview":"max-image-preview:large","max-video-preview":"max-video-preview:-1"},"canonical":"https:\/\/blogs.thesocialmedia.com\/leblogmoto\/2007\/11\/10\/salon-moto-lgen\/","twitter_card":"summary_large_image","twitter_title":"Salon Moto L\u00e9gende - leblogmoto.com","twitter_description":"Du 23 au 25 novembre se d\u00e9roulera au Parc Floral de Paris (Porte de Vincennes) le Salon Moto L\u00e9gende. Organis\u00e9 par l\u2019\u00e9quipe qui r\u00e9alise d\u00e9j\u00e0 les Coupes Moto L\u00e9gende \u00e0 Dijon, le Salon Moto L\u00e9gende ouvrira ses portes pour la dixi\u00e8me ann\u00e9e cons\u00e9cutive. Cette ann\u00e9e, l\u2019exposition principale pr\u00e9sentera les plus belles pi\u00e8ces de l\u2019exceptionnelle collection [&hellip;]","twitter_image":"http:\/\/www.leblogmoto.com\/images\/2007\/11\/09\/sml07affichehautedef.jpg","twitter_misc":{"\u00c9crit par":"gregory boucaud","Dur\u00e9e de lecture estim\u00e9e":"1 minute"},"schema":{"@context":"https:\/\/schema.org","@graph":[{"@type":"WebPage","@id":"https:\/\/blogs.thesocialmedia.com\/leblogmoto\/2007\/11\/10\/salon-moto-lgen\/","url":"https:\/\/blogs.thesocialmedia.com\/leblogmoto\/2007\/11\/10\/salon-moto-lgen\/","name":"Salon Moto L\u00e9gende - leblogmoto.com","isPartOf":{"@id":"https:\/\/blogs.thesocialmedia.com\/leblogmoto\/#website"},"primaryImageOfPage":{"@id":"https:\/\/blogs.thesocialmedia.com\/leblogmoto\/2007\/11\/10\/salon-moto-lgen\/#primaryimage"},"image":{"@id":"https:\/\/blogs.thesocialmedia.com\/leblogmoto\/2007\/11\/10\/salon-moto-lgen\/#primaryimage"},"thumbnailUrl":"http:\/\/www.leblogmoto.com\/images\/2007\/11\/09\/sml07affichehautedef.jpg","datePublished":"2007-11-10T00:50:05+00:00","dateModified":"2012-07-11T14:54:47+00:00","author":{"@id":"https:\/\/blogs.thesocialmedia.com\/leblogmoto\/#\/schema\/person\/769623f89741cc3381675029a37764f8"},"breadcrumb":{"@id":"https:\/\/blogs.thesocialmedia.com\/leblogmoto\/2007\/11\/10\/salon-moto-lgen\/#breadcrumb"},"inLanguage":"fr-FR","potentialAction":[{"@type":"ReadAction","target":["https:\/\/blogs.thesocialmedia.com\/leblogmoto\/2007\/11\/10\/salon-moto-lgen\/"]}]},{"@type":"ImageObject","inLanguage":"fr-FR","@id":"https:\/\/blogs.thesocialmedia.com\/leblogmoto\/2007\/11\/10\/salon-moto-lgen\/#primaryimage","url":"http:\/\/www.leblogmoto.com\/images\/2007\/11\/09\/sml07affichehautedef.jpg","contentUrl":"http:\/\/www.leblogmoto.com\/images\/2007\/11\/09\/sml07affichehautedef.jpg"},{"@type":"BreadcrumbList","@id":"https:\/\/blogs.thesocialmedia.com\/leblogmoto\/2007\/11\/10\/salon-moto-lgen\/#breadcrumb","itemListElement":[{"@type":"ListItem","position":1,"name":"Accueil","item":"https:\/\/blogs.thesocialmedia.com\/leblogmoto\/"},{"@type":"ListItem","position":2,"name":"Salon Moto L\u00e9gende"}]},{"@type":"WebSite","@id":"https:\/\/blogs.thesocialmedia.com\/leblogmoto\/#website","url":"https:\/\/blogs.thesocialmedia.com\/leblogmoto\/","name":"leblogmoto","description":"Toute l&#039;actualit\u00e9 des 2 roues","potentialAction":[{"@type":"SearchAction","target":{"@type":"EntryPoint","urlTemplate":"https:\/\/blogs.thesocialmedia.com\/leblogmoto\/?s={search_term_string}"},"query-input":{"@type":"PropertyValueSpecification","valueRequired":true,"valueName":"search_term_string"}}],"inLanguage":"fr-FR"},{"@type":"Person","@id":"https:\/\/blogs.thesocialmedia.com\/leblogmoto\/#\/schema\/person\/769623f89741cc3381675029a37764f8","name":"gregory boucaud","image":{"@type":"ImageObject","inLanguage":"fr-FR","@id":"https:\/\/blogs.thesocialmedia.com\/leblogmoto\/#\/schema\/person\/image\/","url":"https:\/\/secure.gravatar.com\/avatar\/?s=96&d=mm&r=g","contentUrl":"https:\/\/secure.gravatar.com\/avatar\/?s=96&d=mm&r=g","caption":"gregory boucaud"},"url":"https:\/\/blogs.thesocialmedia.com\/leblogmoto\/author\/gregory-boucaud\/"}]}},"_links":{"self":[{"href":"https:\/\/blogs.thesocialmedia.com\/leblogmoto\/wp-json\/wp\/v2\/posts\/1103","targetHints":{"allow":["GET"]}}],"collection":[{"href":"https:\/\/blogs.thesocialmedia.com\/leblogmoto\/wp-json\/wp\/v2\/posts"}],"about":[{"href":"https:\/\/blogs.thesocialmedia.com\/leblogmoto\/wp-json\/wp\/v2\/types\/post"}],"author":[{"embeddable":true,"href":"https:\/\/blogs.thesocialmedia.com\/leblogmoto\/wp-json\/wp\/v2\/users\/329"}],"replies":[{"embeddable":true,"href":"https:\/\/blogs.thesocialmedia.com\/leblogmoto\/wp-json\/wp\/v2\/comments?post=1103"}],"version-history":[{"count":2,"href":"https:\/\/blogs.thesocialmedia.com\/leblogmoto\/wp-json\/wp\/v2\/posts\/1103\/revisions"}],"predecessor-version":[{"id":9116,"href":"https:\/\/blogs.thesocialmedia.com\/leblogmoto\/wp-json\/wp\/v2\/posts\/1103\/revisions\/9116"}],"wp:attachment":[{"href":"https:\/\/blogs.thesocialmedia.com\/leblogmoto\/wp-json\/wp\/v2\/media?parent=1103"}],"wp:term":[{"taxonomy":"category","embeddable":true,"href":"https:\/\/blogs.thesocialmedia.com\/leblogmoto\/wp-json\/wp\/v2\/categories?post=1103"},{"taxonomy":"post_tag","embeddable":true,"href":"https:\/\/blogs.thesocialmedia.com\/leblogmoto\/wp-json\/wp\/v2\/tags?post=1103"}],"curies":[{"name":"wp","href":"https:\/\/api.w.org\/{rel}","templated":true}]}}