{"id":1104,"date":"2007-11-10T00:18:00","date_gmt":"2007-11-10T00:18:00","guid":{"rendered":"http:\/\/blogs.thesocialmedia.com\/leblogmoto\/2007\/11\/10\/les-filles-auss\/"},"modified":"2012-07-11T14:54:42","modified_gmt":"2012-07-11T14:54:42","slug":"les-filles-auss","status":"publish","type":"post","link":"https:\/\/blogs.thesocialmedia.com\/leblogmoto\/2007\/11\/10\/les-filles-auss\/","title":{"rendered":"Les filles aussi ont droit \u00e0 leur moto club"},"content":{"rendered":"<p><a href=\"http:\/\/blogs.thesocialmedia.com\/leblogmoto\/files\/2012\/07\/photo_mc.jpg\"><img loading=\"lazy\" decoding=\"async\" width=\"250\" height=\"187\"  src=\"http:\/\/www.leblogmoto.com\/images\/2007\/11\/09\/photo_mc.jpg\" alt=\"Photo_mc\" style=\"margin: 0px 5px 5px 0px;float: left\" \/><\/a>Mesdames qui habitez la r\u00e9gion parisienne et qui en avez assez de rouler seules, sachez qu&rsquo;un <a href=\"www.darkangels.fr\">moto club<\/a> sp\u00e9cialement f\u00e9minin vous ouvre ses portes. Sous le signe de la bonne humeur, ce moto-club encha\u00eene balades, sorties sur circuit et repas, mais tout cela sans oublier les oeuvres humanitaires puisqu&rsquo;elles ont \u00e9t\u00e9 marraines du <a href=\"http:\/\/www.telethon.fr\/\">T\u00e9l\u00e9thon 2007<\/a>.<\/p>\n<p>Je vous invite donc \u00e0 visiter leur site <a href=\"www.darkangels.fr\">www.darkangels.fr<\/a> afin de prendre contact avec elles si vous voulez les rejoindre.<\/p>\n<p>Source photo : <a href=\"http:\/\/www.telethon.fr\/\">DarkAngels<\/a><\/p>\n","protected":false},"excerpt":{"rendered":"<p>Mesdames qui habitez la r\u00e9gion parisienne et qui en avez assez de rouler seules, sachez qu&rsquo;un moto club sp\u00e9cialement f\u00e9minin vous ouvre ses portes. Sous le signe de la bonne humeur, ce moto-club encha\u00eene balades, sorties sur circuit et repas, mais tout cela sans oublier les oeuvres humanitaires puisqu&rsquo;elles ont \u00e9t\u00e9 marraines du T\u00e9l\u00e9thon 2007. [&hellip;]<\/p>\n","protected":false},"author":329,"featured_media":0,"comment_status":"open","ping_status":"open","sticky":false,"template":"","format":"standard","meta":{"footnotes":""},"categories":[3],"tags":[],"class_list":["post-1104","post","type-post","status-publish","format-standard","hentry","category-actualite"],"yoast_head":"<!-- This site is optimized with the Yoast SEO plugin v26.0 - https:\/\/yoast.com\/wordpress\/plugins\/seo\/ -->\n<title>Les filles aussi ont droit \u00e0 leur moto club - leblogmoto.com<\/title>\n<meta name=\"robots\" content=\"index, follow, max-snippet:-1, max-image-preview:large, max-video-preview:-1\" \/>\n<link rel=\"canonical\" href=\"https:\/\/blogs.thesocialmedia.com\/leblogmoto\/2007\/11\/10\/les-filles-auss\/\" \/>\n<meta name=\"twitter:card\" content=\"summary_large_image\" \/>\n<meta name=\"twitter:title\" content=\"Les filles aussi ont droit \u00e0 leur moto club - leblogmoto.com\" \/>\n<meta name=\"twitter:description\" content=\"Mesdames qui habitez la r\u00e9gion parisienne et qui en avez assez de rouler seules, sachez qu&rsquo;un moto club sp\u00e9cialement f\u00e9minin vous ouvre ses portes. Sous le signe de la bonne humeur, ce moto-club encha\u00eene balades, sorties sur circuit et repas, mais tout cela sans oublier les oeuvres humanitaires puisqu&rsquo;elles ont \u00e9t\u00e9 marraines du T\u00e9l\u00e9thon 2007. [&hellip;]\" \/>\n<meta name=\"twitter:image\" content=\"http:\/\/www.leblogmoto.com\/images\/2007\/11\/09\/photo_mc.jpg\" \/>\n<meta name=\"twitter:label1\" content=\"\u00c9crit par\" \/>\n\t<meta name=\"twitter:data1\" content=\"gregory boucaud\" \/>\n<script type=\"application\/ld+json\" class=\"yoast-schema-graph\">{\"@context\":\"https:\/\/schema.org\",\"@graph\":[{\"@type\":\"WebPage\",\"@id\":\"https:\/\/blogs.thesocialmedia.com\/leblogmoto\/2007\/11\/10\/les-filles-auss\/\",\"url\":\"https:\/\/blogs.thesocialmedia.com\/leblogmoto\/2007\/11\/10\/les-filles-auss\/\",\"name\":\"Les filles aussi ont droit \u00e0 leur moto club - leblogmoto.com\",\"isPartOf\":{\"@id\":\"https:\/\/blogs.thesocialmedia.com\/leblogmoto\/#website\"},\"primaryImageOfPage\":{\"@id\":\"https:\/\/blogs.thesocialmedia.com\/leblogmoto\/2007\/11\/10\/les-filles-auss\/#primaryimage\"},\"image\":{\"@id\":\"https:\/\/blogs.thesocialmedia.com\/leblogmoto\/2007\/11\/10\/les-filles-auss\/#primaryimage\"},\"thumbnailUrl\":\"http:\/\/www.leblogmoto.com\/images\/2007\/11\/09\/photo_mc.jpg\",\"datePublished\":\"2007-11-10T00:18:00+00:00\",\"dateModified\":\"2012-07-11T14:54:42+00:00\",\"author\":{\"@id\":\"https:\/\/blogs.thesocialmedia.com\/leblogmoto\/#\/schema\/person\/769623f89741cc3381675029a37764f8\"},\"breadcrumb\":{\"@id\":\"https:\/\/blogs.thesocialmedia.com\/leblogmoto\/2007\/11\/10\/les-filles-auss\/#breadcrumb\"},\"inLanguage\":\"fr-FR\",\"potentialAction\":[{\"@type\":\"ReadAction\",\"target\":[\"https:\/\/blogs.thesocialmedia.com\/leblogmoto\/2007\/11\/10\/les-filles-auss\/\"]}]},{\"@type\":\"ImageObject\",\"inLanguage\":\"fr-FR\",\"@id\":\"https:\/\/blogs.thesocialmedia.com\/leblogmoto\/2007\/11\/10\/les-filles-auss\/#primaryimage\",\"url\":\"http:\/\/www.leblogmoto.com\/images\/2007\/11\/09\/photo_mc.jpg\",\"contentUrl\":\"http:\/\/www.leblogmoto.com\/images\/2007\/11\/09\/photo_mc.jpg\"},{\"@type\":\"BreadcrumbList\",\"@id\":\"https:\/\/blogs.thesocialmedia.com\/leblogmoto\/2007\/11\/10\/les-filles-auss\/#breadcrumb\",\"itemListElement\":[{\"@type\":\"ListItem\",\"position\":1,\"name\":\"Accueil\",\"item\":\"https:\/\/blogs.thesocialmedia.com\/leblogmoto\/\"},{\"@type\":\"ListItem\",\"position\":2,\"name\":\"Les filles aussi ont droit \u00e0 leur moto club\"}]},{\"@type\":\"WebSite\",\"@id\":\"https:\/\/blogs.thesocialmedia.com\/leblogmoto\/#website\",\"url\":\"https:\/\/blogs.thesocialmedia.com\/leblogmoto\/\",\"name\":\"leblogmoto\",\"description\":\"Toute l&#039;actualit\u00e9 des 2 roues\",\"potentialAction\":[{\"@type\":\"SearchAction\",\"target\":{\"@type\":\"EntryPoint\",\"urlTemplate\":\"https:\/\/blogs.thesocialmedia.com\/leblogmoto\/?s={search_term_string}\"},\"query-input\":{\"@type\":\"PropertyValueSpecification\",\"valueRequired\":true,\"valueName\":\"search_term_string\"}}],\"inLanguage\":\"fr-FR\"},{\"@type\":\"Person\",\"@id\":\"https:\/\/blogs.thesocialmedia.com\/leblogmoto\/#\/schema\/person\/769623f89741cc3381675029a37764f8\",\"name\":\"gregory boucaud\",\"image\":{\"@type\":\"ImageObject\",\"inLanguage\":\"fr-FR\",\"@id\":\"https:\/\/blogs.thesocialmedia.com\/leblogmoto\/#\/schema\/person\/image\/\",\"url\":\"https:\/\/secure.gravatar.com\/avatar\/?s=96&d=mm&r=g\",\"contentUrl\":\"https:\/\/secure.gravatar.com\/avatar\/?s=96&d=mm&r=g\",\"caption\":\"gregory boucaud\"},\"url\":\"https:\/\/blogs.thesocialmedia.com\/leblogmoto\/author\/gregory-boucaud\/\"}]}<\/script>\n<!-- \/ Yoast SEO plugin. -->","yoast_head_json":{"title":"Les filles aussi ont droit \u00e0 leur moto club - leblogmoto.com","robots":{"index":"index","follow":"follow","max-snippet":"max-snippet:-1","max-image-preview":"max-image-preview:large","max-video-preview":"max-video-preview:-1"},"canonical":"https:\/\/blogs.thesocialmedia.com\/leblogmoto\/2007\/11\/10\/les-filles-auss\/","twitter_card":"summary_large_image","twitter_title":"Les filles aussi ont droit \u00e0 leur moto club - leblogmoto.com","twitter_description":"Mesdames qui habitez la r\u00e9gion parisienne et qui en avez assez de rouler seules, sachez qu&rsquo;un moto club sp\u00e9cialement f\u00e9minin vous ouvre ses portes. Sous le signe de la bonne humeur, ce moto-club encha\u00eene balades, sorties sur circuit et repas, mais tout cela sans oublier les oeuvres humanitaires puisqu&rsquo;elles ont \u00e9t\u00e9 marraines du T\u00e9l\u00e9thon 2007. [&hellip;]","twitter_image":"http:\/\/www.leblogmoto.com\/images\/2007\/11\/09\/photo_mc.jpg","twitter_misc":{"\u00c9crit par":"gregory boucaud"},"schema":{"@context":"https:\/\/schema.org","@graph":[{"@type":"WebPage","@id":"https:\/\/blogs.thesocialmedia.com\/leblogmoto\/2007\/11\/10\/les-filles-auss\/","url":"https:\/\/blogs.thesocialmedia.com\/leblogmoto\/2007\/11\/10\/les-filles-auss\/","name":"Les filles aussi ont droit \u00e0 leur moto club - leblogmoto.com","isPartOf":{"@id":"https:\/\/blogs.thesocialmedia.com\/leblogmoto\/#website"},"primaryImageOfPage":{"@id":"https:\/\/blogs.thesocialmedia.com\/leblogmoto\/2007\/11\/10\/les-filles-auss\/#primaryimage"},"image":{"@id":"https:\/\/blogs.thesocialmedia.com\/leblogmoto\/2007\/11\/10\/les-filles-auss\/#primaryimage"},"thumbnailUrl":"http:\/\/www.leblogmoto.com\/images\/2007\/11\/09\/photo_mc.jpg","datePublished":"2007-11-10T00:18:00+00:00","dateModified":"2012-07-11T14:54:42+00:00","author":{"@id":"https:\/\/blogs.thesocialmedia.com\/leblogmoto\/#\/schema\/person\/769623f89741cc3381675029a37764f8"},"breadcrumb":{"@id":"https:\/\/blogs.thesocialmedia.com\/leblogmoto\/2007\/11\/10\/les-filles-auss\/#breadcrumb"},"inLanguage":"fr-FR","potentialAction":[{"@type":"ReadAction","target":["https:\/\/blogs.thesocialmedia.com\/leblogmoto\/2007\/11\/10\/les-filles-auss\/"]}]},{"@type":"ImageObject","inLanguage":"fr-FR","@id":"https:\/\/blogs.thesocialmedia.com\/leblogmoto\/2007\/11\/10\/les-filles-auss\/#primaryimage","url":"http:\/\/www.leblogmoto.com\/images\/2007\/11\/09\/photo_mc.jpg","contentUrl":"http:\/\/www.leblogmoto.com\/images\/2007\/11\/09\/photo_mc.jpg"},{"@type":"BreadcrumbList","@id":"https:\/\/blogs.thesocialmedia.com\/leblogmoto\/2007\/11\/10\/les-filles-auss\/#breadcrumb","itemListElement":[{"@type":"ListItem","position":1,"name":"Accueil","item":"https:\/\/blogs.thesocialmedia.com\/leblogmoto\/"},{"@type":"ListItem","position":2,"name":"Les filles aussi ont droit \u00e0 leur moto club"}]},{"@type":"WebSite","@id":"https:\/\/blogs.thesocialmedia.com\/leblogmoto\/#website","url":"https:\/\/blogs.thesocialmedia.com\/leblogmoto\/","name":"leblogmoto","description":"Toute l&#039;actualit\u00e9 des 2 roues","potentialAction":[{"@type":"SearchAction","target":{"@type":"EntryPoint","urlTemplate":"https:\/\/blogs.thesocialmedia.com\/leblogmoto\/?s={search_term_string}"},"query-input":{"@type":"PropertyValueSpecification","valueRequired":true,"valueName":"search_term_string"}}],"inLanguage":"fr-FR"},{"@type":"Person","@id":"https:\/\/blogs.thesocialmedia.com\/leblogmoto\/#\/schema\/person\/769623f89741cc3381675029a37764f8","name":"gregory boucaud","image":{"@type":"ImageObject","inLanguage":"fr-FR","@id":"https:\/\/blogs.thesocialmedia.com\/leblogmoto\/#\/schema\/person\/image\/","url":"https:\/\/secure.gravatar.com\/avatar\/?s=96&d=mm&r=g","contentUrl":"https:\/\/secure.gravatar.com\/avatar\/?s=96&d=mm&r=g","caption":"gregory boucaud"},"url":"https:\/\/blogs.thesocialmedia.com\/leblogmoto\/author\/gregory-boucaud\/"}]}},"_links":{"self":[{"href":"https:\/\/blogs.thesocialmedia.com\/leblogmoto\/wp-json\/wp\/v2\/posts\/1104","targetHints":{"allow":["GET"]}}],"collection":[{"href":"https:\/\/blogs.thesocialmedia.com\/leblogmoto\/wp-json\/wp\/v2\/posts"}],"about":[{"href":"https:\/\/blogs.thesocialmedia.com\/leblogmoto\/wp-json\/wp\/v2\/types\/post"}],"author":[{"embeddable":true,"href":"https:\/\/blogs.thesocialmedia.com\/leblogmoto\/wp-json\/wp\/v2\/users\/329"}],"replies":[{"embeddable":true,"href":"https:\/\/blogs.thesocialmedia.com\/leblogmoto\/wp-json\/wp\/v2\/comments?post=1104"}],"version-history":[{"count":2,"href":"https:\/\/blogs.thesocialmedia.com\/leblogmoto\/wp-json\/wp\/v2\/posts\/1104\/revisions"}],"predecessor-version":[{"id":9114,"href":"https:\/\/blogs.thesocialmedia.com\/leblogmoto\/wp-json\/wp\/v2\/posts\/1104\/revisions\/9114"}],"wp:attachment":[{"href":"https:\/\/blogs.thesocialmedia.com\/leblogmoto\/wp-json\/wp\/v2\/media?parent=1104"}],"wp:term":[{"taxonomy":"category","embeddable":true,"href":"https:\/\/blogs.thesocialmedia.com\/leblogmoto\/wp-json\/wp\/v2\/categories?post=1104"},{"taxonomy":"post_tag","embeddable":true,"href":"https:\/\/blogs.thesocialmedia.com\/leblogmoto\/wp-json\/wp\/v2\/tags?post=1104"}],"curies":[{"name":"wp","href":"https:\/\/api.w.org\/{rel}","templated":true}]}}