{"id":1106,"date":"2007-11-09T22:55:22","date_gmt":"2007-11-09T22:55:22","guid":{"rendered":"http:\/\/blogs.thesocialmedia.com\/leblogmoto\/2007\/11\/09\/honda-dn-01\/"},"modified":"2012-07-11T14:54:37","modified_gmt":"2012-07-11T14:54:37","slug":"honda-dn-01","status":"publish","type":"post","link":"https:\/\/blogs.thesocialmedia.com\/leblogmoto\/2007\/11\/09\/honda-dn-01\/","title":{"rendered":"Honda : DN-01"},"content":{"rendered":"<p><a href=\"http:\/\/blogs.thesocialmedia.com\/leblogmoto\/files\/2012\/07\/hondadn011.jpg\"><img loading=\"lazy\" decoding=\"async\" width=\"470\" height=\"292\"  src=\"http:\/\/www.leblogmoto.com\/images\/2007\/11\/09\/hondadn011.jpg\" alt=\"Hondadn011\" style=\"margin: 0px 5px 5px 0px;float: left\" \/><\/a>Apr\u00e8s la <a href=\"http:\/\/blogs.thesocialmedia.com\/leblogmoto\/files\/2012\/07\/honda-cb1000r-l.htmlmore.png\">CB1000R<\/a> que vous a pr\u00e9sent\u00e9 Jacques voici que <a href=\"http:\/\/moto.honda.fr\/\">Honda <\/a>nous d\u00e9voile au salon <a href=\"http:\/\/www.eicma.it\/\">EICMA<\/a> de Mila son nouveau concept de moto GT, la DN01.<\/p>\n<p><a href=\"http:\/\/clabedan.typepad.com\/.shared\/image.html?\/photos\/uncategorized\/2007\/11\/09\/hondadn012.jpg\"><img loading=\"lazy\" decoding=\"async\" width=\"470\" height=\"313\"  src=\"http:\/\/www.leblogmoto.com\/images\/2007\/11\/09\/hondadn012.jpg\" alt=\"Hondadn012\" style=\"margin: 0px 5px 5px 0px;float: left\" \/><\/a>Un look futuriste, une position de conduite qui rappelle celle des customs, cette moto devrait d\u00e9barquer dans l&rsquo;Hexagone d\u00e9but 2008.<a href=\"http:\/\/blogs.thesocialmedia.com\/leblogmoto\/files\/2012\/07\/hondadn013.jpg\"><img loading=\"lazy\" decoding=\"async\" width=\"470\" height=\"352\"  src=\"http:\/\/www.leblogmoto.com\/images\/2007\/11\/09\/hondadn013.jpg\" alt=\"Hondadn013\" style=\"margin: 0px 5px 5px 0px;float: left\" \/><\/a> Moteur en V de 680 cm3 et mono-bras Pro Arm \u00e0 l&rsquo;arri\u00e8re seront les atouts de cette japonaise. Bien s\u00fbr vous trouverez le freinage ABS CBS (coupl\u00e9) si cher \u00e0 Honda, ainsi qu&rsquo;une transmission automatique HFT (Human Friendly Transmission). Attendons de voir ce que cela vaut sur la route<a href=\"http:\/\/blogs.thesocialmedia.com\/leblogmoto\/files\/2012\/07\/hondadn014.jpg\"><img loading=\"lazy\" decoding=\"async\" width=\"470\" height=\"352\"  src=\"http:\/\/www.leblogmoto.com\/images\/2007\/11\/09\/hondadn014.jpg\" alt=\"Hondadn014\" style=\"margin: 0px 5px 5px 0px;float: left\" \/><\/a>&#8230;<\/p>\n","protected":false},"excerpt":{"rendered":"<p>Apr\u00e8s la CB1000R que vous a pr\u00e9sent\u00e9 Jacques voici que Honda nous d\u00e9voile au salon EICMA de Mila son nouveau concept de moto GT, la DN01. Un look futuriste, une position de conduite qui rappelle celle des customs, cette moto devrait d\u00e9barquer dans l&rsquo;Hexagone d\u00e9but 2008. Moteur en V de 680 cm3 et mono-bras Pro [&hellip;]<\/p>\n","protected":false},"author":329,"featured_media":0,"comment_status":"open","ping_status":"open","sticky":false,"template":"","format":"standard","meta":{"footnotes":""},"categories":[3,14,36],"tags":[],"class_list":["post-1106","post","type-post","status-publish","format-standard","hentry","category-actualite","category-honda","category-salons"],"yoast_head":"<!-- This site is optimized with the Yoast SEO plugin v26.0 - https:\/\/yoast.com\/wordpress\/plugins\/seo\/ -->\n<title>Honda : DN-01 - leblogmoto.com<\/title>\n<meta name=\"robots\" content=\"index, follow, max-snippet:-1, max-image-preview:large, max-video-preview:-1\" \/>\n<link rel=\"canonical\" href=\"https:\/\/blogs.thesocialmedia.com\/leblogmoto\/2007\/11\/09\/honda-dn-01\/\" \/>\n<meta name=\"twitter:card\" content=\"summary_large_image\" \/>\n<meta name=\"twitter:title\" content=\"Honda : DN-01 - leblogmoto.com\" \/>\n<meta name=\"twitter:description\" content=\"Apr\u00e8s la CB1000R que vous a pr\u00e9sent\u00e9 Jacques voici que Honda nous d\u00e9voile au salon EICMA de Mila son nouveau concept de moto GT, la DN01. Un look futuriste, une position de conduite qui rappelle celle des customs, cette moto devrait d\u00e9barquer dans l&rsquo;Hexagone d\u00e9but 2008. Moteur en V de 680 cm3 et mono-bras Pro [&hellip;]\" \/>\n<meta name=\"twitter:image\" content=\"http:\/\/www.leblogmoto.com\/images\/2007\/11\/09\/hondadn011.jpg\" \/>\n<meta name=\"twitter:label1\" content=\"\u00c9crit par\" \/>\n\t<meta name=\"twitter:data1\" content=\"gregory boucaud\" \/>\n<script type=\"application\/ld+json\" class=\"yoast-schema-graph\">{\"@context\":\"https:\/\/schema.org\",\"@graph\":[{\"@type\":\"WebPage\",\"@id\":\"https:\/\/blogs.thesocialmedia.com\/leblogmoto\/2007\/11\/09\/honda-dn-01\/\",\"url\":\"https:\/\/blogs.thesocialmedia.com\/leblogmoto\/2007\/11\/09\/honda-dn-01\/\",\"name\":\"Honda : DN-01 - leblogmoto.com\",\"isPartOf\":{\"@id\":\"https:\/\/blogs.thesocialmedia.com\/leblogmoto\/#website\"},\"primaryImageOfPage\":{\"@id\":\"https:\/\/blogs.thesocialmedia.com\/leblogmoto\/2007\/11\/09\/honda-dn-01\/#primaryimage\"},\"image\":{\"@id\":\"https:\/\/blogs.thesocialmedia.com\/leblogmoto\/2007\/11\/09\/honda-dn-01\/#primaryimage\"},\"thumbnailUrl\":\"http:\/\/www.leblogmoto.com\/images\/2007\/11\/09\/hondadn011.jpg\",\"datePublished\":\"2007-11-09T22:55:22+00:00\",\"dateModified\":\"2012-07-11T14:54:37+00:00\",\"author\":{\"@id\":\"https:\/\/blogs.thesocialmedia.com\/leblogmoto\/#\/schema\/person\/769623f89741cc3381675029a37764f8\"},\"breadcrumb\":{\"@id\":\"https:\/\/blogs.thesocialmedia.com\/leblogmoto\/2007\/11\/09\/honda-dn-01\/#breadcrumb\"},\"inLanguage\":\"fr-FR\",\"potentialAction\":[{\"@type\":\"ReadAction\",\"target\":[\"https:\/\/blogs.thesocialmedia.com\/leblogmoto\/2007\/11\/09\/honda-dn-01\/\"]}]},{\"@type\":\"ImageObject\",\"inLanguage\":\"fr-FR\",\"@id\":\"https:\/\/blogs.thesocialmedia.com\/leblogmoto\/2007\/11\/09\/honda-dn-01\/#primaryimage\",\"url\":\"http:\/\/www.leblogmoto.com\/images\/2007\/11\/09\/hondadn011.jpg\",\"contentUrl\":\"http:\/\/www.leblogmoto.com\/images\/2007\/11\/09\/hondadn011.jpg\"},{\"@type\":\"BreadcrumbList\",\"@id\":\"https:\/\/blogs.thesocialmedia.com\/leblogmoto\/2007\/11\/09\/honda-dn-01\/#breadcrumb\",\"itemListElement\":[{\"@type\":\"ListItem\",\"position\":1,\"name\":\"Accueil\",\"item\":\"https:\/\/blogs.thesocialmedia.com\/leblogmoto\/\"},{\"@type\":\"ListItem\",\"position\":2,\"name\":\"Honda : DN-01\"}]},{\"@type\":\"WebSite\",\"@id\":\"https:\/\/blogs.thesocialmedia.com\/leblogmoto\/#website\",\"url\":\"https:\/\/blogs.thesocialmedia.com\/leblogmoto\/\",\"name\":\"leblogmoto\",\"description\":\"Toute l&#039;actualit\u00e9 des 2 roues\",\"potentialAction\":[{\"@type\":\"SearchAction\",\"target\":{\"@type\":\"EntryPoint\",\"urlTemplate\":\"https:\/\/blogs.thesocialmedia.com\/leblogmoto\/?s={search_term_string}\"},\"query-input\":{\"@type\":\"PropertyValueSpecification\",\"valueRequired\":true,\"valueName\":\"search_term_string\"}}],\"inLanguage\":\"fr-FR\"},{\"@type\":\"Person\",\"@id\":\"https:\/\/blogs.thesocialmedia.com\/leblogmoto\/#\/schema\/person\/769623f89741cc3381675029a37764f8\",\"name\":\"gregory boucaud\",\"image\":{\"@type\":\"ImageObject\",\"inLanguage\":\"fr-FR\",\"@id\":\"https:\/\/blogs.thesocialmedia.com\/leblogmoto\/#\/schema\/person\/image\/\",\"url\":\"https:\/\/secure.gravatar.com\/avatar\/?s=96&d=mm&r=g\",\"contentUrl\":\"https:\/\/secure.gravatar.com\/avatar\/?s=96&d=mm&r=g\",\"caption\":\"gregory boucaud\"},\"url\":\"https:\/\/blogs.thesocialmedia.com\/leblogmoto\/author\/gregory-boucaud\/\"}]}<\/script>\n<!-- \/ Yoast SEO plugin. -->","yoast_head_json":{"title":"Honda : DN-01 - leblogmoto.com","robots":{"index":"index","follow":"follow","max-snippet":"max-snippet:-1","max-image-preview":"max-image-preview:large","max-video-preview":"max-video-preview:-1"},"canonical":"https:\/\/blogs.thesocialmedia.com\/leblogmoto\/2007\/11\/09\/honda-dn-01\/","twitter_card":"summary_large_image","twitter_title":"Honda : DN-01 - leblogmoto.com","twitter_description":"Apr\u00e8s la CB1000R que vous a pr\u00e9sent\u00e9 Jacques voici que Honda nous d\u00e9voile au salon EICMA de Mila son nouveau concept de moto GT, la DN01. Un look futuriste, une position de conduite qui rappelle celle des customs, cette moto devrait d\u00e9barquer dans l&rsquo;Hexagone d\u00e9but 2008. Moteur en V de 680 cm3 et mono-bras Pro [&hellip;]","twitter_image":"http:\/\/www.leblogmoto.com\/images\/2007\/11\/09\/hondadn011.jpg","twitter_misc":{"\u00c9crit par":"gregory boucaud"},"schema":{"@context":"https:\/\/schema.org","@graph":[{"@type":"WebPage","@id":"https:\/\/blogs.thesocialmedia.com\/leblogmoto\/2007\/11\/09\/honda-dn-01\/","url":"https:\/\/blogs.thesocialmedia.com\/leblogmoto\/2007\/11\/09\/honda-dn-01\/","name":"Honda : DN-01 - leblogmoto.com","isPartOf":{"@id":"https:\/\/blogs.thesocialmedia.com\/leblogmoto\/#website"},"primaryImageOfPage":{"@id":"https:\/\/blogs.thesocialmedia.com\/leblogmoto\/2007\/11\/09\/honda-dn-01\/#primaryimage"},"image":{"@id":"https:\/\/blogs.thesocialmedia.com\/leblogmoto\/2007\/11\/09\/honda-dn-01\/#primaryimage"},"thumbnailUrl":"http:\/\/www.leblogmoto.com\/images\/2007\/11\/09\/hondadn011.jpg","datePublished":"2007-11-09T22:55:22+00:00","dateModified":"2012-07-11T14:54:37+00:00","author":{"@id":"https:\/\/blogs.thesocialmedia.com\/leblogmoto\/#\/schema\/person\/769623f89741cc3381675029a37764f8"},"breadcrumb":{"@id":"https:\/\/blogs.thesocialmedia.com\/leblogmoto\/2007\/11\/09\/honda-dn-01\/#breadcrumb"},"inLanguage":"fr-FR","potentialAction":[{"@type":"ReadAction","target":["https:\/\/blogs.thesocialmedia.com\/leblogmoto\/2007\/11\/09\/honda-dn-01\/"]}]},{"@type":"ImageObject","inLanguage":"fr-FR","@id":"https:\/\/blogs.thesocialmedia.com\/leblogmoto\/2007\/11\/09\/honda-dn-01\/#primaryimage","url":"http:\/\/www.leblogmoto.com\/images\/2007\/11\/09\/hondadn011.jpg","contentUrl":"http:\/\/www.leblogmoto.com\/images\/2007\/11\/09\/hondadn011.jpg"},{"@type":"BreadcrumbList","@id":"https:\/\/blogs.thesocialmedia.com\/leblogmoto\/2007\/11\/09\/honda-dn-01\/#breadcrumb","itemListElement":[{"@type":"ListItem","position":1,"name":"Accueil","item":"https:\/\/blogs.thesocialmedia.com\/leblogmoto\/"},{"@type":"ListItem","position":2,"name":"Honda : DN-01"}]},{"@type":"WebSite","@id":"https:\/\/blogs.thesocialmedia.com\/leblogmoto\/#website","url":"https:\/\/blogs.thesocialmedia.com\/leblogmoto\/","name":"leblogmoto","description":"Toute l&#039;actualit\u00e9 des 2 roues","potentialAction":[{"@type":"SearchAction","target":{"@type":"EntryPoint","urlTemplate":"https:\/\/blogs.thesocialmedia.com\/leblogmoto\/?s={search_term_string}"},"query-input":{"@type":"PropertyValueSpecification","valueRequired":true,"valueName":"search_term_string"}}],"inLanguage":"fr-FR"},{"@type":"Person","@id":"https:\/\/blogs.thesocialmedia.com\/leblogmoto\/#\/schema\/person\/769623f89741cc3381675029a37764f8","name":"gregory boucaud","image":{"@type":"ImageObject","inLanguage":"fr-FR","@id":"https:\/\/blogs.thesocialmedia.com\/leblogmoto\/#\/schema\/person\/image\/","url":"https:\/\/secure.gravatar.com\/avatar\/?s=96&d=mm&r=g","contentUrl":"https:\/\/secure.gravatar.com\/avatar\/?s=96&d=mm&r=g","caption":"gregory boucaud"},"url":"https:\/\/blogs.thesocialmedia.com\/leblogmoto\/author\/gregory-boucaud\/"}]}},"_links":{"self":[{"href":"https:\/\/blogs.thesocialmedia.com\/leblogmoto\/wp-json\/wp\/v2\/posts\/1106","targetHints":{"allow":["GET"]}}],"collection":[{"href":"https:\/\/blogs.thesocialmedia.com\/leblogmoto\/wp-json\/wp\/v2\/posts"}],"about":[{"href":"https:\/\/blogs.thesocialmedia.com\/leblogmoto\/wp-json\/wp\/v2\/types\/post"}],"author":[{"embeddable":true,"href":"https:\/\/blogs.thesocialmedia.com\/leblogmoto\/wp-json\/wp\/v2\/users\/329"}],"replies":[{"embeddable":true,"href":"https:\/\/blogs.thesocialmedia.com\/leblogmoto\/wp-json\/wp\/v2\/comments?post=1106"}],"version-history":[{"count":2,"href":"https:\/\/blogs.thesocialmedia.com\/leblogmoto\/wp-json\/wp\/v2\/posts\/1106\/revisions"}],"predecessor-version":[{"id":9110,"href":"https:\/\/blogs.thesocialmedia.com\/leblogmoto\/wp-json\/wp\/v2\/posts\/1106\/revisions\/9110"}],"wp:attachment":[{"href":"https:\/\/blogs.thesocialmedia.com\/leblogmoto\/wp-json\/wp\/v2\/media?parent=1106"}],"wp:term":[{"taxonomy":"category","embeddable":true,"href":"https:\/\/blogs.thesocialmedia.com\/leblogmoto\/wp-json\/wp\/v2\/categories?post=1106"},{"taxonomy":"post_tag","embeddable":true,"href":"https:\/\/blogs.thesocialmedia.com\/leblogmoto\/wp-json\/wp\/v2\/tags?post=1106"}],"curies":[{"name":"wp","href":"https:\/\/api.w.org\/{rel}","templated":true}]}}