{"id":111,"date":"2009-06-19T23:09:01","date_gmt":"2009-06-19T23:09:01","guid":{"rendered":"http:\/\/blogs.thesocialmedia.com\/leblogmoto\/2009\/06\/19\/moto-et-revolte-de-lopposition-en-iran\/"},"modified":"2012-07-11T17:31:22","modified_gmt":"2012-07-11T17:31:22","slug":"moto-et-revolte-de-lopposition-en-iran","status":"publish","type":"post","link":"https:\/\/blogs.thesocialmedia.com\/leblogmoto\/2009\/06\/19\/moto-et-revolte-de-lopposition-en-iran\/","title":{"rendered":"La moto en Iran, moyen de r\u00e9volte mais aussi de r\u00e9pression."},"content":{"rendered":"<p><a href=\"http:\/\/blogs.thesocialmedia.com\/leblogmoto\/files\/2012\/07\/6a00d83451b18369e20115703ad975970c-popup.png\"><img decoding=\"async\" alt=\"I24_19370655\" class=\"at-xid-6a00d83451b18369e20115703ad975970c \" src=\"http:\/\/blogs.thesocialmedia.com\/leblogmoto\/files\/2012\/07\/6a00d83451b18369e20115703ad975970c-500wi.jpg\" \/><\/a><\/p>\n<p><a href=\"http:\/\/blogs.thesocialmedia.com\/leblogmoto\/files\/2012\/07\/6a00d83451b18369e20115703ada52970c-popup.png\"><img decoding=\"async\" alt=\"I19_19370025\" class=\"at-xid-6a00d83451b18369e20115703ada52970c \" src=\"http:\/\/blogs.thesocialmedia.com\/leblogmoto\/files\/2012\/07\/6a00d83451b18369e20115703ada52970c-500wi.jpg\" \/><\/a><\/p>\n<p>Je ne vais pas vous faire un topo sur les pr\u00e9sents \u00e9v\u00e9nements&#160;en Iran, ce n&#039;est ni le lieu, ni l&#039;objet de notre blog. D&#039;autant qu&#039;avec le traitement m\u00e9diatique qui lui est r\u00e9serv\u00e9 dans l&#039;actualit\u00e9, et l&#039;importance&#160;croissante du&#160;service de microblogging Twitter dans le <a href=\"http:\/\/www.cbc.ca\/technology\/story\/2009\/06\/15\/iran-twitter-election-protest.html\">relais<\/a> des informations, vous n&#039;avez pas pu passer \u00e0 c\u00f4t\u00e9 en tant qu&#039;internaute. Mais en tant que motard ?&#160;J&#039;avais tendu l&#039;oreille il y a&#160;trois &#8211; quatre jours,&#160;lorsque France-Info&#160;annon\u00e7ait que des manifestants&#160;avaient sciemment mis le feu \u00e0 des motos de miliciens. Puis, gr\u00e2ce \u00e0 <a href=\"http:\/\/www.scoopeo.com\/politique\/iran-de-violentes-manifestations\">Scoopeo<\/a>, je suis tomb\u00e9 sur ces deux sets de <a href=\"http:\/\/www.boston.com\/bigpicture\/2009\/06\/irans_continued_election_turmo.html\">photos<\/a> dans le <a href=\"http:\/\/www.boston.com\/bigpicture\/2009\/06\/irans_disputed_election.html\">Boston Globe<\/a>, journal de Nouvelle Angleterre r\u00e9put\u00e9 pour ses portfolios sur le web, et j&#039;ai \u00e9t\u00e9 \u00e9tonn\u00e9 du nombre cons\u00e9quent d&#039;images mettant en sc\u00e8ne des deux-roues.&#160;<\/p>\n<\/p>\n<p>Notez que&#160;le r\u00e9gime des mollahs s&#039;est appropri\u00e9 les&#160;bons vieux voltigeurs motocyclistes (un conducteur et un&#160;matraqueur sur un tout-terrain), en vigueur chez nous jusqu&#039;au drame de Malik Oussekine.&#160;Sauf qu&#039;ici, cela ne semble pas \u00eatre une bavure, mais bien \u00e0 une tr\u00e8s violente chasse aux opposants que se livre la police.&#160;Cependant la versatilit\u00e9 des deux-roues&#160;a \u00e9t\u00e9 mise aussi \u00e0 profit&#160;par les supporters de Moussavi lors des rassemblements. Avec parfois (tr\u00e8s rarement en fait)&#160;de beaux mod\u00e8les exhib\u00e9s dans les rues, comme cette B-King, sur le cinqui\u00e8me clich\u00e9.<\/p>\n<p><a href=\"http:\/\/clabedan.typepad.com\/.a\/6a00d83451b18369e201157130374c970b-popup\"><img decoding=\"async\" alt=\"I12_19370059\" class=\"at-xid-6a00d83451b18369e201157130374c970b \" src=\"http:\/\/blogs.thesocialmedia.com\/leblogmoto\/files\/2012\/07\/6a00d83451b18369e201157130374c970b-500wi.jpg\" \/><\/a><\/p>\n<p><a href=\"http:\/\/blogs.thesocialmedia.com\/leblogmoto\/files\/2012\/07\/6a00d83451b18369e20115713037ec970b-popup.png\"><img decoding=\"async\" alt=\"I25_19360547\" class=\"at-xid-6a00d83451b18369e20115713037ec970b \" src=\"http:\/\/blogs.thesocialmedia.com\/leblogmoto\/files\/2012\/07\/6a00d83451b18369e20115713037ec970b-500wi.jpg\" \/><\/a><\/p>\n<p><span><\/span><a href=\"http:\/\/blogs.thesocialmedia.com\/leblogmoto\/files\/2012\/07\/6a00d83451b18369e20115703af385970c-popup.png\"><img decoding=\"async\" alt=\"I32_19369363\" class=\"at-xid-6a00d83451b18369e20115703af385970c \" src=\"http:\/\/blogs.thesocialmedia.com\/leblogmoto\/files\/2012\/07\/6a00d83451b18369e20115703af385970c-500wi.jpg\" \/><\/a><\/p>\n<p><a href=\"http:\/\/blogs.thesocialmedia.com\/leblogmoto\/files\/2012\/07\/6a00d83451b18369e201157130390e970b-popup.png\"><img decoding=\"async\" alt=\"I05_19370133\" class=\"at-xid-6a00d83451b18369e201157130390e970b \" src=\"http:\/\/blogs.thesocialmedia.com\/leblogmoto\/files\/2012\/07\/6a00d83451b18369e201157130390e970b-500wi.jpg\" \/><\/a><\/p>\n<p><a href=\"http:\/\/blogs.thesocialmedia.com\/leblogmoto\/files\/2012\/07\/6a00d83451b18369e20115703afb47970c-popup.png\"><img decoding=\"async\" alt=\"I27_19392523\" class=\"at-xid-6a00d83451b18369e20115703afb47970c \" src=\"http:\/\/blogs.thesocialmedia.com\/leblogmoto\/files\/2012\/07\/6a00d83451b18369e20115703afb47970c-500wi.jpg\" \/><\/a><\/p>\n<p><a href=\"http:\/\/blogs.thesocialmedia.com\/leblogmoto\/files\/2012\/07\/6a00d83451b18369e20115703af486970c-popup.png\"><img decoding=\"async\" alt=\"I27_19360543\" class=\"at-xid-6a00d83451b18369e20115703af486970c \" src=\"http:\/\/blogs.thesocialmedia.com\/leblogmoto\/files\/2012\/07\/6a00d83451b18369e20115703af486970c-500wi.jpg\" \/><\/a><\/p>\n<p><a href=\"http:\/\/blogs.thesocialmedia.com\/leblogmoto\/files\/2012\/07\/6a00d83451b18369e2011571303a9f970b-popup.png\"><img decoding=\"async\" alt=\"I15_19366963\" class=\"at-xid-6a00d83451b18369e2011571303a9f970b \" src=\"http:\/\/blogs.thesocialmedia.com\/leblogmoto\/files\/2012\/07\/6a00d83451b18369e2011571303a9f970b-500wi.jpg\" \/><\/a><\/p>\n<p><a href=\"http:\/\/blogs.thesocialmedia.com\/leblogmoto\/files\/2012\/07\/6a00d83451b18369e20115703af62a970c-popup.png\"><img decoding=\"async\" alt=\"I13_19370197\" class=\"at-xid-6a00d83451b18369e20115703af62a970c \" src=\"http:\/\/blogs.thesocialmedia.com\/leblogmoto\/files\/2012\/07\/6a00d83451b18369e20115703af62a970c-500wi.jpg\" \/><\/a><\/p>\n<p><a href=\"http:\/\/blogs.thesocialmedia.com\/leblogmoto\/files\/2012\/07\/6a00d83451b18369e2011571303bb5970b-popup.png\"><img decoding=\"async\" alt=\"I26_19367745\" class=\"at-xid-6a00d83451b18369e2011571303bb5970b \" src=\"http:\/\/blogs.thesocialmedia.com\/leblogmoto\/files\/2012\/07\/6a00d83451b18369e2011571303bb5970b-500wi.jpg\" \/><\/a><\/p>\n<p><a href=\"http:\/\/blogs.thesocialmedia.com\/leblogmoto\/files\/2012\/07\/6a00d83451b18369e20115713040f6970b-popup.png\"><img decoding=\"async\" alt=\"I26_19392521\" class=\"at-xid-6a00d83451b18369e20115713040f6970b \" src=\"http:\/\/blogs.thesocialmedia.com\/leblogmoto\/files\/2012\/07\/6a00d83451b18369e20115713040f6970b-500wi.jpg\" \/><\/a><\/p>\n<p><a href=\"http:\/\/blogs.thesocialmedia.com\/leblogmoto\/files\/2012\/07\/6a00d83451b18369e20115703af717970c-popup.png\"><img decoding=\"async\" alt=\"I01_19361479\" class=\"at-xid-6a00d83451b18369e20115703af717970c \" src=\"http:\/\/blogs.thesocialmedia.com\/leblogmoto\/files\/2012\/07\/6a00d83451b18369e20115703af717970c-500wi.jpg\" \/><\/a><\/p>\n","protected":false},"excerpt":{"rendered":"<p>Je ne vais pas vous faire un topo sur les pr\u00e9sents \u00e9v\u00e9nements&#160;en Iran, ce n&#039;est ni le lieu, ni l&#039;objet de notre blog. D&#039;autant qu&#039;avec le traitement m\u00e9diatique qui lui est r\u00e9serv\u00e9 dans l&#039;actualit\u00e9, et l&#039;importance&#160;croissante du&#160;service de microblogging Twitter dans le relais des informations, vous n&#039;avez pas pu passer \u00e0 c\u00f4t\u00e9 en tant qu&#039;internaute. [&hellip;]<\/p>\n","protected":false},"author":324,"featured_media":13768,"comment_status":"open","ping_status":"open","sticky":false,"template":"","format":"standard","meta":{"footnotes":""},"categories":[3,17],"tags":[],"class_list":["post-111","post","type-post","status-publish","format-standard","has-post-thumbnail","hentry","category-actualite","category-divers"],"yoast_head":"<!-- This site is optimized with the Yoast SEO plugin v26.0 - https:\/\/yoast.com\/wordpress\/plugins\/seo\/ -->\n<title>La moto en Iran, moyen de r\u00e9volte mais aussi de r\u00e9pression. - leblogmoto.com<\/title>\n<meta name=\"robots\" content=\"index, follow, max-snippet:-1, max-image-preview:large, max-video-preview:-1\" \/>\n<link rel=\"canonical\" href=\"https:\/\/blogs.thesocialmedia.com\/leblogmoto\/2009\/06\/19\/moto-et-revolte-de-lopposition-en-iran\/\" \/>\n<meta name=\"twitter:card\" content=\"summary_large_image\" \/>\n<meta name=\"twitter:title\" content=\"La moto en Iran, moyen de r\u00e9volte mais aussi de r\u00e9pression. - leblogmoto.com\" \/>\n<meta name=\"twitter:description\" content=\"Je ne vais pas vous faire un topo sur les pr\u00e9sents \u00e9v\u00e9nements&#160;en Iran, ce n&#039;est ni le lieu, ni l&#039;objet de notre blog. D&#039;autant qu&#039;avec le traitement m\u00e9diatique qui lui est r\u00e9serv\u00e9 dans l&#039;actualit\u00e9, et l&#039;importance&#160;croissante du&#160;service de microblogging Twitter dans le relais des informations, vous n&#039;avez pas pu passer \u00e0 c\u00f4t\u00e9 en tant qu&#039;internaute. [&hellip;]\" \/>\n<meta name=\"twitter:image\" content=\"https:\/\/blogs.thesocialmedia.com\/leblogmoto\/files\/2012\/07\/6a00d83451b18369e20115703ad975970c-500wi.jpg\" \/>\n<meta name=\"twitter:label1\" content=\"\u00c9crit par\" \/>\n\t<meta name=\"twitter:data1\" content=\"benoit rieu\" \/>\n\t<meta name=\"twitter:label2\" content=\"Dur\u00e9e de lecture estim\u00e9e\" \/>\n\t<meta name=\"twitter:data2\" content=\"1 minute\" \/>\n<script type=\"application\/ld+json\" class=\"yoast-schema-graph\">{\"@context\":\"https:\/\/schema.org\",\"@graph\":[{\"@type\":\"WebPage\",\"@id\":\"https:\/\/blogs.thesocialmedia.com\/leblogmoto\/2009\/06\/19\/moto-et-revolte-de-lopposition-en-iran\/\",\"url\":\"https:\/\/blogs.thesocialmedia.com\/leblogmoto\/2009\/06\/19\/moto-et-revolte-de-lopposition-en-iran\/\",\"name\":\"La moto en Iran, moyen de r\u00e9volte mais aussi de r\u00e9pression. - leblogmoto.com\",\"isPartOf\":{\"@id\":\"https:\/\/blogs.thesocialmedia.com\/leblogmoto\/#website\"},\"primaryImageOfPage\":{\"@id\":\"https:\/\/blogs.thesocialmedia.com\/leblogmoto\/2009\/06\/19\/moto-et-revolte-de-lopposition-en-iran\/#primaryimage\"},\"image\":{\"@id\":\"https:\/\/blogs.thesocialmedia.com\/leblogmoto\/2009\/06\/19\/moto-et-revolte-de-lopposition-en-iran\/#primaryimage\"},\"thumbnailUrl\":\"https:\/\/blogs.thesocialmedia.com\/leblogmoto\/files\/2012\/07\/6a00d83451b18369e20115703ad975970c-500wi.jpg\",\"datePublished\":\"2009-06-19T23:09:01+00:00\",\"dateModified\":\"2012-07-11T17:31:22+00:00\",\"author\":{\"@id\":\"https:\/\/blogs.thesocialmedia.com\/leblogmoto\/#\/schema\/person\/18bfe773e5725ed6d24f743da805362a\"},\"breadcrumb\":{\"@id\":\"https:\/\/blogs.thesocialmedia.com\/leblogmoto\/2009\/06\/19\/moto-et-revolte-de-lopposition-en-iran\/#breadcrumb\"},\"inLanguage\":\"fr-FR\",\"potentialAction\":[{\"@type\":\"ReadAction\",\"target\":[\"https:\/\/blogs.thesocialmedia.com\/leblogmoto\/2009\/06\/19\/moto-et-revolte-de-lopposition-en-iran\/\"]}]},{\"@type\":\"ImageObject\",\"inLanguage\":\"fr-FR\",\"@id\":\"https:\/\/blogs.thesocialmedia.com\/leblogmoto\/2009\/06\/19\/moto-et-revolte-de-lopposition-en-iran\/#primaryimage\",\"url\":\"https:\/\/blogs.thesocialmedia.com\/leblogmoto\/files\/2012\/07\/6a00d83451b18369e20115703ad975970c-500wi.jpg\",\"contentUrl\":\"https:\/\/blogs.thesocialmedia.com\/leblogmoto\/files\/2012\/07\/6a00d83451b18369e20115703ad975970c-500wi.jpg\",\"width\":\"500\",\"height\":\"324\"},{\"@type\":\"BreadcrumbList\",\"@id\":\"https:\/\/blogs.thesocialmedia.com\/leblogmoto\/2009\/06\/19\/moto-et-revolte-de-lopposition-en-iran\/#breadcrumb\",\"itemListElement\":[{\"@type\":\"ListItem\",\"position\":1,\"name\":\"Accueil\",\"item\":\"https:\/\/blogs.thesocialmedia.com\/leblogmoto\/\"},{\"@type\":\"ListItem\",\"position\":2,\"name\":\"La moto en Iran, moyen de r\u00e9volte mais aussi de r\u00e9pression.\"}]},{\"@type\":\"WebSite\",\"@id\":\"https:\/\/blogs.thesocialmedia.com\/leblogmoto\/#website\",\"url\":\"https:\/\/blogs.thesocialmedia.com\/leblogmoto\/\",\"name\":\"leblogmoto\",\"description\":\"Toute l&#039;actualit\u00e9 des 2 roues\",\"potentialAction\":[{\"@type\":\"SearchAction\",\"target\":{\"@type\":\"EntryPoint\",\"urlTemplate\":\"https:\/\/blogs.thesocialmedia.com\/leblogmoto\/?s={search_term_string}\"},\"query-input\":{\"@type\":\"PropertyValueSpecification\",\"valueRequired\":true,\"valueName\":\"search_term_string\"}}],\"inLanguage\":\"fr-FR\"},{\"@type\":\"Person\",\"@id\":\"https:\/\/blogs.thesocialmedia.com\/leblogmoto\/#\/schema\/person\/18bfe773e5725ed6d24f743da805362a\",\"name\":\"benoit rieu\",\"image\":{\"@type\":\"ImageObject\",\"inLanguage\":\"fr-FR\",\"@id\":\"https:\/\/blogs.thesocialmedia.com\/leblogmoto\/#\/schema\/person\/image\/\",\"url\":\"https:\/\/secure.gravatar.com\/avatar\/?s=96&d=mm&r=g\",\"contentUrl\":\"https:\/\/secure.gravatar.com\/avatar\/?s=96&d=mm&r=g\",\"caption\":\"benoit rieu\"},\"url\":\"https:\/\/blogs.thesocialmedia.com\/leblogmoto\/author\/benoit-rieu\/\"}]}<\/script>\n<!-- \/ Yoast SEO plugin. -->","yoast_head_json":{"title":"La moto en Iran, moyen de r\u00e9volte mais aussi de r\u00e9pression. - leblogmoto.com","robots":{"index":"index","follow":"follow","max-snippet":"max-snippet:-1","max-image-preview":"max-image-preview:large","max-video-preview":"max-video-preview:-1"},"canonical":"https:\/\/blogs.thesocialmedia.com\/leblogmoto\/2009\/06\/19\/moto-et-revolte-de-lopposition-en-iran\/","twitter_card":"summary_large_image","twitter_title":"La moto en Iran, moyen de r\u00e9volte mais aussi de r\u00e9pression. - leblogmoto.com","twitter_description":"Je ne vais pas vous faire un topo sur les pr\u00e9sents \u00e9v\u00e9nements&#160;en Iran, ce n&#039;est ni le lieu, ni l&#039;objet de notre blog. D&#039;autant qu&#039;avec le traitement m\u00e9diatique qui lui est r\u00e9serv\u00e9 dans l&#039;actualit\u00e9, et l&#039;importance&#160;croissante du&#160;service de microblogging Twitter dans le relais des informations, vous n&#039;avez pas pu passer \u00e0 c\u00f4t\u00e9 en tant qu&#039;internaute. [&hellip;]","twitter_image":"https:\/\/blogs.thesocialmedia.com\/leblogmoto\/files\/2012\/07\/6a00d83451b18369e20115703ad975970c-500wi.jpg","twitter_misc":{"\u00c9crit par":"benoit rieu","Dur\u00e9e de lecture estim\u00e9e":"1 minute"},"schema":{"@context":"https:\/\/schema.org","@graph":[{"@type":"WebPage","@id":"https:\/\/blogs.thesocialmedia.com\/leblogmoto\/2009\/06\/19\/moto-et-revolte-de-lopposition-en-iran\/","url":"https:\/\/blogs.thesocialmedia.com\/leblogmoto\/2009\/06\/19\/moto-et-revolte-de-lopposition-en-iran\/","name":"La moto en Iran, moyen de r\u00e9volte mais aussi de r\u00e9pression. - leblogmoto.com","isPartOf":{"@id":"https:\/\/blogs.thesocialmedia.com\/leblogmoto\/#website"},"primaryImageOfPage":{"@id":"https:\/\/blogs.thesocialmedia.com\/leblogmoto\/2009\/06\/19\/moto-et-revolte-de-lopposition-en-iran\/#primaryimage"},"image":{"@id":"https:\/\/blogs.thesocialmedia.com\/leblogmoto\/2009\/06\/19\/moto-et-revolte-de-lopposition-en-iran\/#primaryimage"},"thumbnailUrl":"https:\/\/blogs.thesocialmedia.com\/leblogmoto\/files\/2012\/07\/6a00d83451b18369e20115703ad975970c-500wi.jpg","datePublished":"2009-06-19T23:09:01+00:00","dateModified":"2012-07-11T17:31:22+00:00","author":{"@id":"https:\/\/blogs.thesocialmedia.com\/leblogmoto\/#\/schema\/person\/18bfe773e5725ed6d24f743da805362a"},"breadcrumb":{"@id":"https:\/\/blogs.thesocialmedia.com\/leblogmoto\/2009\/06\/19\/moto-et-revolte-de-lopposition-en-iran\/#breadcrumb"},"inLanguage":"fr-FR","potentialAction":[{"@type":"ReadAction","target":["https:\/\/blogs.thesocialmedia.com\/leblogmoto\/2009\/06\/19\/moto-et-revolte-de-lopposition-en-iran\/"]}]},{"@type":"ImageObject","inLanguage":"fr-FR","@id":"https:\/\/blogs.thesocialmedia.com\/leblogmoto\/2009\/06\/19\/moto-et-revolte-de-lopposition-en-iran\/#primaryimage","url":"https:\/\/blogs.thesocialmedia.com\/leblogmoto\/files\/2012\/07\/6a00d83451b18369e20115703ad975970c-500wi.jpg","contentUrl":"https:\/\/blogs.thesocialmedia.com\/leblogmoto\/files\/2012\/07\/6a00d83451b18369e20115703ad975970c-500wi.jpg","width":"500","height":"324"},{"@type":"BreadcrumbList","@id":"https:\/\/blogs.thesocialmedia.com\/leblogmoto\/2009\/06\/19\/moto-et-revolte-de-lopposition-en-iran\/#breadcrumb","itemListElement":[{"@type":"ListItem","position":1,"name":"Accueil","item":"https:\/\/blogs.thesocialmedia.com\/leblogmoto\/"},{"@type":"ListItem","position":2,"name":"La moto en Iran, moyen de r\u00e9volte mais aussi de r\u00e9pression."}]},{"@type":"WebSite","@id":"https:\/\/blogs.thesocialmedia.com\/leblogmoto\/#website","url":"https:\/\/blogs.thesocialmedia.com\/leblogmoto\/","name":"leblogmoto","description":"Toute l&#039;actualit\u00e9 des 2 roues","potentialAction":[{"@type":"SearchAction","target":{"@type":"EntryPoint","urlTemplate":"https:\/\/blogs.thesocialmedia.com\/leblogmoto\/?s={search_term_string}"},"query-input":{"@type":"PropertyValueSpecification","valueRequired":true,"valueName":"search_term_string"}}],"inLanguage":"fr-FR"},{"@type":"Person","@id":"https:\/\/blogs.thesocialmedia.com\/leblogmoto\/#\/schema\/person\/18bfe773e5725ed6d24f743da805362a","name":"benoit rieu","image":{"@type":"ImageObject","inLanguage":"fr-FR","@id":"https:\/\/blogs.thesocialmedia.com\/leblogmoto\/#\/schema\/person\/image\/","url":"https:\/\/secure.gravatar.com\/avatar\/?s=96&d=mm&r=g","contentUrl":"https:\/\/secure.gravatar.com\/avatar\/?s=96&d=mm&r=g","caption":"benoit rieu"},"url":"https:\/\/blogs.thesocialmedia.com\/leblogmoto\/author\/benoit-rieu\/"}]}},"_links":{"self":[{"href":"https:\/\/blogs.thesocialmedia.com\/leblogmoto\/wp-json\/wp\/v2\/posts\/111","targetHints":{"allow":["GET"]}}],"collection":[{"href":"https:\/\/blogs.thesocialmedia.com\/leblogmoto\/wp-json\/wp\/v2\/posts"}],"about":[{"href":"https:\/\/blogs.thesocialmedia.com\/leblogmoto\/wp-json\/wp\/v2\/types\/post"}],"author":[{"embeddable":true,"href":"https:\/\/blogs.thesocialmedia.com\/leblogmoto\/wp-json\/wp\/v2\/users\/324"}],"replies":[{"embeddable":true,"href":"https:\/\/blogs.thesocialmedia.com\/leblogmoto\/wp-json\/wp\/v2\/comments?post=111"}],"version-history":[{"count":2,"href":"https:\/\/blogs.thesocialmedia.com\/leblogmoto\/wp-json\/wp\/v2\/posts\/111\/revisions"}],"predecessor-version":[{"id":13793,"href":"https:\/\/blogs.thesocialmedia.com\/leblogmoto\/wp-json\/wp\/v2\/posts\/111\/revisions\/13793"}],"wp:featuredmedia":[{"embeddable":true,"href":"https:\/\/blogs.thesocialmedia.com\/leblogmoto\/wp-json\/wp\/v2\/media\/13768"}],"wp:attachment":[{"href":"https:\/\/blogs.thesocialmedia.com\/leblogmoto\/wp-json\/wp\/v2\/media?parent=111"}],"wp:term":[{"taxonomy":"category","embeddable":true,"href":"https:\/\/blogs.thesocialmedia.com\/leblogmoto\/wp-json\/wp\/v2\/categories?post=111"},{"taxonomy":"post_tag","embeddable":true,"href":"https:\/\/blogs.thesocialmedia.com\/leblogmoto\/wp-json\/wp\/v2\/tags?post=111"}],"curies":[{"name":"wp","href":"https:\/\/api.w.org\/{rel}","templated":true}]}}