{"id":1111,"date":"2007-11-09T02:21:30","date_gmt":"2007-11-09T02:21:30","guid":{"rendered":"http:\/\/blogs.thesocialmedia.com\/leblogmoto\/2007\/11\/09\/reportage-photo\/"},"modified":"2012-07-11T14:54:21","modified_gmt":"2012-07-11T14:54:21","slug":"reportage-photo","status":"publish","type":"post","link":"https:\/\/blogs.thesocialmedia.com\/leblogmoto\/2007\/11\/09\/reportage-photo\/","title":{"rendered":"Reportage photos, Milan 2007"},"content":{"rendered":"<p><a href=\"http:\/\/blogs.thesocialmedia.com\/leblogmoto\/files\/2012\/07\/reportage.jpg\"><img loading=\"lazy\" decoding=\"async\" width=\"470\" height=\"212\"  src=\"http:\/\/www.leblogmoto.com\/images\/2007\/11\/08\/reportage.jpg\" alt=\"Reportage\" \/><\/a> <\/p>\n<p>Juste un petit mot pour mentionner le reportage photo de <a href=\"http:\/\/www.pierrecol.com\/Milan2007\/\">Pierre Col<\/a>. 175 images du 65e <a href=\"http:\/\/www.eicma.it\/moto\/en\/\">Salon de Milan<\/a>, c&rsquo;est presque comme y \u00eatre soit m\u00eame. Quelques exemples apr\u00e8s le saut de page.<\/p>\n<p>Tant qu&rsquo;\u00e0 y \u00eatre, sautons du coq-\u00e0-l&rsquo;\u00e2ne pour saluer le p\u00e9riple qu&rsquo;entreprennent aujourd&rsquo;hui 12 motards. D\u00e9part de la ville de Kowe\u00eft en direction de Beyrouth et retour \u00e0 la case d\u00e9part, cela en 20 jours. On pourra suivre leurs aventures <a href=\"http:\/\/kuwaittobeirut.blogspot.com\/\">ici<\/a>.<\/p>\n<p>Quand je disais que le nouveau Monster allait plaire aux filles, n&rsquo;avais-je pas raison? Pas certains pour les chaussures par contre.<\/p>\n<p><a href=\"http:\/\/clabedan.typepad.com\/.shared\/image.html?\/photos\/uncategorized\/2007\/11\/08\/milan2007_053.jpg\"><img loading=\"lazy\" decoding=\"async\" width=\"470\" height=\"312\"  src=\"http:\/\/www.leblogmoto.com\/images\/2007\/11\/08\/milan2007_053.jpg\" alt=\"Milan2007_053\" \/><\/a> <\/p>\n<p><a href=\"http:\/\/blogs.thesocialmedia.com\/leblogmoto\/files\/2012\/07\/milan2007_064.jpg\"><img loading=\"lazy\" decoding=\"async\" width=\"470\" height=\"312\"  src=\"http:\/\/www.leblogmoto.com\/images\/2007\/11\/08\/milan2007_064.jpg\" alt=\"Milan2007_064\" \/><\/a> <\/p>\n<p><a href=\"http:\/\/blogs.thesocialmedia.com\/leblogmoto\/files\/2012\/07\/milan2007_068.jpg\"><img loading=\"lazy\" decoding=\"async\" width=\"470\" height=\"312\"  src=\"http:\/\/www.leblogmoto.com\/images\/2007\/11\/08\/milan2007_068.jpg\" alt=\"Milan2007_068\" \/><\/a> <\/p>\n<p><a href=\"http:\/\/blogs.thesocialmedia.com\/leblogmoto\/files\/2012\/07\/milan2007_175.jpg\"><img loading=\"lazy\" decoding=\"async\" width=\"470\" height=\"312\"  src=\"http:\/\/www.leblogmoto.com\/images\/2007\/11\/08\/milan2007_175.jpg\" alt=\"Milan2007_175\" \/><\/a> <\/p>\n","protected":false},"excerpt":{"rendered":"<p>Juste un petit mot pour mentionner le reportage photo de Pierre Col. 175 images du 65e Salon de Milan, c&rsquo;est presque comme y \u00eatre soit m\u00eame. Quelques exemples apr\u00e8s le saut de page. Tant qu&rsquo;\u00e0 y \u00eatre, sautons du coq-\u00e0-l&rsquo;\u00e2ne pour saluer le p\u00e9riple qu&rsquo;entreprennent aujourd&rsquo;hui 12 motards. D\u00e9part de la ville de Kowe\u00eft en [&hellip;]<\/p>\n","protected":false},"author":325,"featured_media":0,"comment_status":"open","ping_status":"open","sticky":false,"template":"","format":"standard","meta":{"footnotes":""},"categories":[3,13,36],"tags":[],"class_list":["post-1111","post","type-post","status-publish","format-standard","hentry","category-actualite","category-aventure","category-salons"],"yoast_head":"<!-- This site is optimized with the Yoast SEO plugin v26.0 - https:\/\/yoast.com\/wordpress\/plugins\/seo\/ -->\n<title>Reportage photos, Milan 2007 - leblogmoto.com<\/title>\n<meta name=\"robots\" content=\"index, follow, max-snippet:-1, max-image-preview:large, max-video-preview:-1\" \/>\n<link rel=\"canonical\" href=\"https:\/\/blogs.thesocialmedia.com\/leblogmoto\/2007\/11\/09\/reportage-photo\/\" \/>\n<meta name=\"twitter:card\" content=\"summary_large_image\" \/>\n<meta name=\"twitter:title\" content=\"Reportage photos, Milan 2007 - leblogmoto.com\" \/>\n<meta name=\"twitter:description\" content=\"Juste un petit mot pour mentionner le reportage photo de Pierre Col. 175 images du 65e Salon de Milan, c&rsquo;est presque comme y \u00eatre soit m\u00eame. Quelques exemples apr\u00e8s le saut de page. Tant qu&rsquo;\u00e0 y \u00eatre, sautons du coq-\u00e0-l&rsquo;\u00e2ne pour saluer le p\u00e9riple qu&rsquo;entreprennent aujourd&rsquo;hui 12 motards. D\u00e9part de la ville de Kowe\u00eft en [&hellip;]\" \/>\n<meta name=\"twitter:image\" content=\"http:\/\/www.leblogmoto.com\/images\/2007\/11\/08\/reportage.jpg\" \/>\n<meta name=\"twitter:label1\" content=\"\u00c9crit par\" \/>\n\t<meta name=\"twitter:data1\" content=\"jacques lesage\" \/>\n<script type=\"application\/ld+json\" class=\"yoast-schema-graph\">{\"@context\":\"https:\/\/schema.org\",\"@graph\":[{\"@type\":\"WebPage\",\"@id\":\"https:\/\/blogs.thesocialmedia.com\/leblogmoto\/2007\/11\/09\/reportage-photo\/\",\"url\":\"https:\/\/blogs.thesocialmedia.com\/leblogmoto\/2007\/11\/09\/reportage-photo\/\",\"name\":\"Reportage photos, Milan 2007 - leblogmoto.com\",\"isPartOf\":{\"@id\":\"https:\/\/blogs.thesocialmedia.com\/leblogmoto\/#website\"},\"primaryImageOfPage\":{\"@id\":\"https:\/\/blogs.thesocialmedia.com\/leblogmoto\/2007\/11\/09\/reportage-photo\/#primaryimage\"},\"image\":{\"@id\":\"https:\/\/blogs.thesocialmedia.com\/leblogmoto\/2007\/11\/09\/reportage-photo\/#primaryimage\"},\"thumbnailUrl\":\"http:\/\/www.leblogmoto.com\/images\/2007\/11\/08\/reportage.jpg\",\"datePublished\":\"2007-11-09T02:21:30+00:00\",\"dateModified\":\"2012-07-11T14:54:21+00:00\",\"author\":{\"@id\":\"https:\/\/blogs.thesocialmedia.com\/leblogmoto\/#\/schema\/person\/e82a0ca8a9a63d031586097a3ed58526\"},\"breadcrumb\":{\"@id\":\"https:\/\/blogs.thesocialmedia.com\/leblogmoto\/2007\/11\/09\/reportage-photo\/#breadcrumb\"},\"inLanguage\":\"fr-FR\",\"potentialAction\":[{\"@type\":\"ReadAction\",\"target\":[\"https:\/\/blogs.thesocialmedia.com\/leblogmoto\/2007\/11\/09\/reportage-photo\/\"]}]},{\"@type\":\"ImageObject\",\"inLanguage\":\"fr-FR\",\"@id\":\"https:\/\/blogs.thesocialmedia.com\/leblogmoto\/2007\/11\/09\/reportage-photo\/#primaryimage\",\"url\":\"http:\/\/www.leblogmoto.com\/images\/2007\/11\/08\/reportage.jpg\",\"contentUrl\":\"http:\/\/www.leblogmoto.com\/images\/2007\/11\/08\/reportage.jpg\"},{\"@type\":\"BreadcrumbList\",\"@id\":\"https:\/\/blogs.thesocialmedia.com\/leblogmoto\/2007\/11\/09\/reportage-photo\/#breadcrumb\",\"itemListElement\":[{\"@type\":\"ListItem\",\"position\":1,\"name\":\"Accueil\",\"item\":\"https:\/\/blogs.thesocialmedia.com\/leblogmoto\/\"},{\"@type\":\"ListItem\",\"position\":2,\"name\":\"Reportage photos, Milan 2007\"}]},{\"@type\":\"WebSite\",\"@id\":\"https:\/\/blogs.thesocialmedia.com\/leblogmoto\/#website\",\"url\":\"https:\/\/blogs.thesocialmedia.com\/leblogmoto\/\",\"name\":\"leblogmoto\",\"description\":\"Toute l&#039;actualit\u00e9 des 2 roues\",\"potentialAction\":[{\"@type\":\"SearchAction\",\"target\":{\"@type\":\"EntryPoint\",\"urlTemplate\":\"https:\/\/blogs.thesocialmedia.com\/leblogmoto\/?s={search_term_string}\"},\"query-input\":{\"@type\":\"PropertyValueSpecification\",\"valueRequired\":true,\"valueName\":\"search_term_string\"}}],\"inLanguage\":\"fr-FR\"},{\"@type\":\"Person\",\"@id\":\"https:\/\/blogs.thesocialmedia.com\/leblogmoto\/#\/schema\/person\/e82a0ca8a9a63d031586097a3ed58526\",\"name\":\"jacques lesage\",\"image\":{\"@type\":\"ImageObject\",\"inLanguage\":\"fr-FR\",\"@id\":\"https:\/\/blogs.thesocialmedia.com\/leblogmoto\/#\/schema\/person\/image\/\",\"url\":\"https:\/\/secure.gravatar.com\/avatar\/?s=96&d=mm&r=g\",\"contentUrl\":\"https:\/\/secure.gravatar.com\/avatar\/?s=96&d=mm&r=g\",\"caption\":\"jacques lesage\"},\"url\":\"https:\/\/blogs.thesocialmedia.com\/leblogmoto\/author\/jacques-lesage\/\"}]}<\/script>\n<!-- \/ Yoast SEO plugin. -->","yoast_head_json":{"title":"Reportage photos, Milan 2007 - leblogmoto.com","robots":{"index":"index","follow":"follow","max-snippet":"max-snippet:-1","max-image-preview":"max-image-preview:large","max-video-preview":"max-video-preview:-1"},"canonical":"https:\/\/blogs.thesocialmedia.com\/leblogmoto\/2007\/11\/09\/reportage-photo\/","twitter_card":"summary_large_image","twitter_title":"Reportage photos, Milan 2007 - leblogmoto.com","twitter_description":"Juste un petit mot pour mentionner le reportage photo de Pierre Col. 175 images du 65e Salon de Milan, c&rsquo;est presque comme y \u00eatre soit m\u00eame. Quelques exemples apr\u00e8s le saut de page. Tant qu&rsquo;\u00e0 y \u00eatre, sautons du coq-\u00e0-l&rsquo;\u00e2ne pour saluer le p\u00e9riple qu&rsquo;entreprennent aujourd&rsquo;hui 12 motards. D\u00e9part de la ville de Kowe\u00eft en [&hellip;]","twitter_image":"http:\/\/www.leblogmoto.com\/images\/2007\/11\/08\/reportage.jpg","twitter_misc":{"\u00c9crit par":"jacques lesage"},"schema":{"@context":"https:\/\/schema.org","@graph":[{"@type":"WebPage","@id":"https:\/\/blogs.thesocialmedia.com\/leblogmoto\/2007\/11\/09\/reportage-photo\/","url":"https:\/\/blogs.thesocialmedia.com\/leblogmoto\/2007\/11\/09\/reportage-photo\/","name":"Reportage photos, Milan 2007 - leblogmoto.com","isPartOf":{"@id":"https:\/\/blogs.thesocialmedia.com\/leblogmoto\/#website"},"primaryImageOfPage":{"@id":"https:\/\/blogs.thesocialmedia.com\/leblogmoto\/2007\/11\/09\/reportage-photo\/#primaryimage"},"image":{"@id":"https:\/\/blogs.thesocialmedia.com\/leblogmoto\/2007\/11\/09\/reportage-photo\/#primaryimage"},"thumbnailUrl":"http:\/\/www.leblogmoto.com\/images\/2007\/11\/08\/reportage.jpg","datePublished":"2007-11-09T02:21:30+00:00","dateModified":"2012-07-11T14:54:21+00:00","author":{"@id":"https:\/\/blogs.thesocialmedia.com\/leblogmoto\/#\/schema\/person\/e82a0ca8a9a63d031586097a3ed58526"},"breadcrumb":{"@id":"https:\/\/blogs.thesocialmedia.com\/leblogmoto\/2007\/11\/09\/reportage-photo\/#breadcrumb"},"inLanguage":"fr-FR","potentialAction":[{"@type":"ReadAction","target":["https:\/\/blogs.thesocialmedia.com\/leblogmoto\/2007\/11\/09\/reportage-photo\/"]}]},{"@type":"ImageObject","inLanguage":"fr-FR","@id":"https:\/\/blogs.thesocialmedia.com\/leblogmoto\/2007\/11\/09\/reportage-photo\/#primaryimage","url":"http:\/\/www.leblogmoto.com\/images\/2007\/11\/08\/reportage.jpg","contentUrl":"http:\/\/www.leblogmoto.com\/images\/2007\/11\/08\/reportage.jpg"},{"@type":"BreadcrumbList","@id":"https:\/\/blogs.thesocialmedia.com\/leblogmoto\/2007\/11\/09\/reportage-photo\/#breadcrumb","itemListElement":[{"@type":"ListItem","position":1,"name":"Accueil","item":"https:\/\/blogs.thesocialmedia.com\/leblogmoto\/"},{"@type":"ListItem","position":2,"name":"Reportage photos, Milan 2007"}]},{"@type":"WebSite","@id":"https:\/\/blogs.thesocialmedia.com\/leblogmoto\/#website","url":"https:\/\/blogs.thesocialmedia.com\/leblogmoto\/","name":"leblogmoto","description":"Toute l&#039;actualit\u00e9 des 2 roues","potentialAction":[{"@type":"SearchAction","target":{"@type":"EntryPoint","urlTemplate":"https:\/\/blogs.thesocialmedia.com\/leblogmoto\/?s={search_term_string}"},"query-input":{"@type":"PropertyValueSpecification","valueRequired":true,"valueName":"search_term_string"}}],"inLanguage":"fr-FR"},{"@type":"Person","@id":"https:\/\/blogs.thesocialmedia.com\/leblogmoto\/#\/schema\/person\/e82a0ca8a9a63d031586097a3ed58526","name":"jacques lesage","image":{"@type":"ImageObject","inLanguage":"fr-FR","@id":"https:\/\/blogs.thesocialmedia.com\/leblogmoto\/#\/schema\/person\/image\/","url":"https:\/\/secure.gravatar.com\/avatar\/?s=96&d=mm&r=g","contentUrl":"https:\/\/secure.gravatar.com\/avatar\/?s=96&d=mm&r=g","caption":"jacques lesage"},"url":"https:\/\/blogs.thesocialmedia.com\/leblogmoto\/author\/jacques-lesage\/"}]}},"_links":{"self":[{"href":"https:\/\/blogs.thesocialmedia.com\/leblogmoto\/wp-json\/wp\/v2\/posts\/1111","targetHints":{"allow":["GET"]}}],"collection":[{"href":"https:\/\/blogs.thesocialmedia.com\/leblogmoto\/wp-json\/wp\/v2\/posts"}],"about":[{"href":"https:\/\/blogs.thesocialmedia.com\/leblogmoto\/wp-json\/wp\/v2\/types\/post"}],"author":[{"embeddable":true,"href":"https:\/\/blogs.thesocialmedia.com\/leblogmoto\/wp-json\/wp\/v2\/users\/325"}],"replies":[{"embeddable":true,"href":"https:\/\/blogs.thesocialmedia.com\/leblogmoto\/wp-json\/wp\/v2\/comments?post=1111"}],"version-history":[{"count":2,"href":"https:\/\/blogs.thesocialmedia.com\/leblogmoto\/wp-json\/wp\/v2\/posts\/1111\/revisions"}],"predecessor-version":[{"id":9097,"href":"https:\/\/blogs.thesocialmedia.com\/leblogmoto\/wp-json\/wp\/v2\/posts\/1111\/revisions\/9097"}],"wp:attachment":[{"href":"https:\/\/blogs.thesocialmedia.com\/leblogmoto\/wp-json\/wp\/v2\/media?parent=1111"}],"wp:term":[{"taxonomy":"category","embeddable":true,"href":"https:\/\/blogs.thesocialmedia.com\/leblogmoto\/wp-json\/wp\/v2\/categories?post=1111"},{"taxonomy":"post_tag","embeddable":true,"href":"https:\/\/blogs.thesocialmedia.com\/leblogmoto\/wp-json\/wp\/v2\/tags?post=1111"}],"curies":[{"name":"wp","href":"https:\/\/api.w.org\/{rel}","templated":true}]}}