{"id":1113,"date":"2007-11-08T01:34:25","date_gmt":"2007-11-08T01:34:25","guid":{"rendered":"http:\/\/blogs.thesocialmedia.com\/leblogmoto\/2007\/11\/08\/quand-les-lgend\/"},"modified":"2012-07-11T14:54:07","modified_gmt":"2012-07-11T14:54:07","slug":"quand-les-lgend","status":"publish","type":"post","link":"https:\/\/blogs.thesocialmedia.com\/leblogmoto\/2007\/11\/08\/quand-les-lgend\/","title":{"rendered":"Quand les l\u00e9gendes claquent des temps \u00e0 Valencia."},"content":{"rendered":"<p><a href=\"http:\/\/blogs.thesocialmedia.com\/leblogmoto\/files\/2012\/07\/michael_schumacher_randy_mamola_v_2.jpg\"><img loading=\"lazy\" decoding=\"async\" width=\"470\" height=\"310\"  src=\"http:\/\/www.leblogmoto.com\/images\/2007\/11\/07\/michael_schumacher_randy_mamola_v_2.jpg\" alt=\"Michael_schumacher_randy_mamola_v_2\" \/><\/a> <\/p>\n<p>Un chanceux t\u00e9lescopage avec <a href=\"http:\/\/blogs.thesocialmedia.com\/leblogmoto\/files\/2012\/07\/les-mamola-prot.html_.png\">l&rsquo;article pr\u00e9c\u00e9dent<\/a> que cette d\u00e9sormais traditionnelle op\u00e9ration de relation publiques de la Dorna en fin de saison*. Au milieu des &quot;hospitality&quot;, on a vu ce week-end, le septuple champion F1 Michael Schumacher prendre conseil aupr\u00e8s de Randy Mamola: la <a href=\"http:\/\/fr.youtube.com\/watch?v=eTbFYGN5XaE\">vid\u00e9o<\/a> de l&rsquo;Allemand sur la Desmosedici de Stoner est <a href=\"http:\/\/fr.youtube.com\/watch?v=eTbFYGN5XaE\">ici<\/a>. Schumi est bien l&rsquo;un des rares qui pourrait nous faire mentir au sujet des <a href=\"http:\/\/www.leblogmoto.com\/2007\/11\/un-pilote-moto-.html\">aptitudes des pilotes auto au guidon<\/a>. Ou alors n&rsquo;est-il, tout simplement, que l&rsquo;exception qui confirme la r\u00e8gle. Mais il ne fut pas le seul grand pilote \u00e0 \u00eatre invit\u00e9. <\/p>\n<p>Il a quand m\u00eame surpris tout le paddock en effectuant un tour que l&rsquo;on peut consid\u00e9rer comme canon sur la Ducati en 1&rsquo;37\u00a0\u00bb, soit 3 secondes de plus qu&rsquo;un comp\u00e9titeur du top ten en qualif MotoGP, et 6&quot; de plus que Casey Stoner. <\/p>\n<p>Tout le paddock&#8230; sauf Andrea &quot;Dovi&quot; Dovizioso qui fit remarquer au sujet du temps de Schumi, que conduire une MotoGp est plus ais\u00e9 que piloter sa propre 250cc, un Dovi \u00e0 qui Lorenzo a encore impos\u00e9 sa loi cette ann\u00e9e.<\/p>\n<p>Le jeune italien semble oublier que Valence est un des circuits les plus techniques du championnat, l&rsquo;un des plus lents, et dot\u00e9 d&rsquo;un trac\u00e9 tr\u00e8s sinueux. Ajoutez \u00e0 cela une moto beaucoup plus pi\u00e9geuse qu&rsquo;une 250cc dans ses puissantes relances et avec son inertie dans les freinages**, particuli\u00e8rement sur un tel circuit, l&rsquo;un des seuls (cinq en fait) au calendrier \u00e0 tourner dans le sens inverse des aiguilles d&rsquo;une montre.***<\/p>\n<p><a href=\"http:\/\/clabedan.typepad.com\/.shared\/image.html?\/photos\/uncategorized\/2007\/11\/07\/kevin_schwantz_waybe_gardner_randy_.jpg\"><img loading=\"lazy\" decoding=\"async\" width=\"470\" height=\"342\"  alt=\"Kevin_schwantz_waybe_gardner_randy_\" src=\"http:\/\/www.leblogmoto.com\/images\/2007\/11\/07\/kevin_schwantz_waybe_gardner_randy_.jpg\" \/><\/a><\/p>\n<p>Superbe panel de pilotes, de gauche \u00e0 droite, l&rsquo;Am\u00e9ricain Kevin Schwantz (champion du monde 500cc en 1993), l&rsquo;Australien Wayne Gardner, champion de la m\u00eame cat\u00e9gorie en 1987 et quadruple vainqueur des 8 heures de Suzuka, et enfin Randy mamola, seul des trois \u00e0 ne pas avoir \u00e9t\u00e9 titr\u00e9, comme expliqu\u00e9 pr\u00e9c\u00e9demment. <\/p>\n<p>La comp\u00e9tition entre ces trois pilotes associ\u00e9s aux luttes avec Wayne Rainey, Michael Doohan et Eddie Lawson a permis d&rsquo;\u00e9crire l&rsquo;un des plus fastes et spectaculaires chapitres des championnats vitesse.<\/p>\n<p>Remarquez le blason &quot;Riders&quot;, sur le cuir de la combi, niveau manche gauche de Randy, c&rsquo;est la Riders for Health, dont je vous parlez dans <a href=\"http:\/\/blogs.thesocialmedia.com\/leblogmoto\/files\/2012\/07\/les-mamola-prot.html_.png\">l&rsquo;article sur Arai avec Dakota et Randy Mamola<\/a>, et dont il est l&rsquo;un des fondateurs.<\/p>\n<p><a href=\"http:\/\/clabedan.typepad.com\/.shared\/image.html?\/photos\/uncategorized\/2007\/11\/07\/michael_schumacher_gerhard_berger_v.jpg\"><img loading=\"lazy\" decoding=\"async\" width=\"470\" height=\"541\"  alt=\"Michael_schumacher_gerhard_berger_v\" src=\"http:\/\/www.leblogmoto.com\/images\/2007\/11\/07\/michael_schumacher_gerhard_berger_v.jpg\" \/><\/a><\/p>\n<p>Ci-dessus l&rsquo;Autrichien Gerhard Berger, ancien co\u00e9quipier de Senna et maintenant copri\u00e9taire de l&rsquo;\u00e9curie de F1 Toro Rosso, et qui a visiblement pris un beu de brioche depuis son accession \u00e0 ses nouvelles fonctions chez la petite scuderia. <\/p>\n<p>Une chose est s\u00fbre Valence de part sa configuration tr\u00e8s compacte et sa &quot;platitude&quot; (les supporters peuvent voir quasiment l&rsquo;<em>ensemble<\/em> du circuit des gradins), \u00e9tait comme l&rsquo;ann\u00e9e derni\u00e8re encore, le cadre id\u00e9al pour voir ces champions en piste.<\/p>\n<p><em>*c&rsquo;est aussi le moment o\u00f9 certains journalistes de la presse moto (chez nous, ceux de Moto &amp; Motards &#8211; Sports &amp; Bikes) essaient les diff\u00e9rentes b\u00e9canes de tous les teams de l&rsquo;Intercontinental Circus, avant de faire baver leurs lecteurs en donnant leurs impressions, les veinards!<\/em><\/p>\n<p><em>**un couple et une inertie moindre que celles des 990cc de l&rsquo;ann\u00e9e derni\u00e8re.<\/em><\/p>\n<p><em>***rappelons qu&rsquo;en F1 ils ne sont que deux cette ann\u00e9e \u00e0 ne pas tourner dans le sens horaire: Istanbul (Turquie) et Interlagos (Br\u00e9sil).<\/em><\/p>\n<p><em>cr\u00e9dits photos: <a href=\"http:\/\/www.superbikeplanet.com\/image\/2007\/mgp\/valencia\/test\/\">Superbikeplanet<\/a><\/em> <\/p>\n","protected":false},"excerpt":{"rendered":"<p>Un chanceux t\u00e9lescopage avec l&rsquo;article pr\u00e9c\u00e9dent que cette d\u00e9sormais traditionnelle op\u00e9ration de relation publiques de la Dorna en fin de saison*. Au milieu des &quot;hospitality&quot;, on a vu ce week-end, le septuple champion F1 Michael Schumacher prendre conseil aupr\u00e8s de Randy Mamola: la vid\u00e9o de l&rsquo;Allemand sur la Desmosedici de Stoner est ici. Schumi est [&hellip;]<\/p>\n","protected":false},"author":324,"featured_media":0,"comment_status":"open","ping_status":"open","sticky":false,"template":"","format":"standard","meta":{"footnotes":""},"categories":[41,9,10,22,32],"tags":[],"class_list":["post-1113","post","type-post","status-publish","format-standard","hentry","category-ducati","category-historique","category-meetings","category-motogp","category-sport-moto"],"yoast_head":"<!-- This site is optimized with the Yoast SEO plugin v26.0 - https:\/\/yoast.com\/wordpress\/plugins\/seo\/ -->\n<title>Quand les l\u00e9gendes claquent des temps \u00e0 Valencia. - leblogmoto.com<\/title>\n<meta name=\"robots\" content=\"index, follow, max-snippet:-1, max-image-preview:large, max-video-preview:-1\" \/>\n<link rel=\"canonical\" href=\"https:\/\/blogs.thesocialmedia.com\/leblogmoto\/2007\/11\/08\/quand-les-lgend\/\" \/>\n<meta name=\"twitter:card\" content=\"summary_large_image\" \/>\n<meta name=\"twitter:title\" content=\"Quand les l\u00e9gendes claquent des temps \u00e0 Valencia. - leblogmoto.com\" \/>\n<meta name=\"twitter:description\" content=\"Un chanceux t\u00e9lescopage avec l&rsquo;article pr\u00e9c\u00e9dent que cette d\u00e9sormais traditionnelle op\u00e9ration de relation publiques de la Dorna en fin de saison*. Au milieu des &quot;hospitality&quot;, on a vu ce week-end, le septuple champion F1 Michael Schumacher prendre conseil aupr\u00e8s de Randy Mamola: la vid\u00e9o de l&rsquo;Allemand sur la Desmosedici de Stoner est ici. Schumi est [&hellip;]\" \/>\n<meta name=\"twitter:image\" content=\"http:\/\/www.leblogmoto.com\/images\/2007\/11\/07\/michael_schumacher_randy_mamola_v_2.jpg\" \/>\n<meta name=\"twitter:label1\" content=\"\u00c9crit par\" \/>\n\t<meta name=\"twitter:data1\" content=\"benoit rieu\" \/>\n\t<meta name=\"twitter:label2\" content=\"Dur\u00e9e de lecture estim\u00e9e\" \/>\n\t<meta name=\"twitter:data2\" content=\"3 minutes\" \/>\n<script type=\"application\/ld+json\" class=\"yoast-schema-graph\">{\"@context\":\"https:\/\/schema.org\",\"@graph\":[{\"@type\":\"WebPage\",\"@id\":\"https:\/\/blogs.thesocialmedia.com\/leblogmoto\/2007\/11\/08\/quand-les-lgend\/\",\"url\":\"https:\/\/blogs.thesocialmedia.com\/leblogmoto\/2007\/11\/08\/quand-les-lgend\/\",\"name\":\"Quand les l\u00e9gendes claquent des temps \u00e0 Valencia. - leblogmoto.com\",\"isPartOf\":{\"@id\":\"https:\/\/blogs.thesocialmedia.com\/leblogmoto\/#website\"},\"primaryImageOfPage\":{\"@id\":\"https:\/\/blogs.thesocialmedia.com\/leblogmoto\/2007\/11\/08\/quand-les-lgend\/#primaryimage\"},\"image\":{\"@id\":\"https:\/\/blogs.thesocialmedia.com\/leblogmoto\/2007\/11\/08\/quand-les-lgend\/#primaryimage\"},\"thumbnailUrl\":\"http:\/\/www.leblogmoto.com\/images\/2007\/11\/07\/michael_schumacher_randy_mamola_v_2.jpg\",\"datePublished\":\"2007-11-08T01:34:25+00:00\",\"dateModified\":\"2012-07-11T14:54:07+00:00\",\"author\":{\"@id\":\"https:\/\/blogs.thesocialmedia.com\/leblogmoto\/#\/schema\/person\/18bfe773e5725ed6d24f743da805362a\"},\"breadcrumb\":{\"@id\":\"https:\/\/blogs.thesocialmedia.com\/leblogmoto\/2007\/11\/08\/quand-les-lgend\/#breadcrumb\"},\"inLanguage\":\"fr-FR\",\"potentialAction\":[{\"@type\":\"ReadAction\",\"target\":[\"https:\/\/blogs.thesocialmedia.com\/leblogmoto\/2007\/11\/08\/quand-les-lgend\/\"]}]},{\"@type\":\"ImageObject\",\"inLanguage\":\"fr-FR\",\"@id\":\"https:\/\/blogs.thesocialmedia.com\/leblogmoto\/2007\/11\/08\/quand-les-lgend\/#primaryimage\",\"url\":\"http:\/\/www.leblogmoto.com\/images\/2007\/11\/07\/michael_schumacher_randy_mamola_v_2.jpg\",\"contentUrl\":\"http:\/\/www.leblogmoto.com\/images\/2007\/11\/07\/michael_schumacher_randy_mamola_v_2.jpg\"},{\"@type\":\"BreadcrumbList\",\"@id\":\"https:\/\/blogs.thesocialmedia.com\/leblogmoto\/2007\/11\/08\/quand-les-lgend\/#breadcrumb\",\"itemListElement\":[{\"@type\":\"ListItem\",\"position\":1,\"name\":\"Accueil\",\"item\":\"https:\/\/blogs.thesocialmedia.com\/leblogmoto\/\"},{\"@type\":\"ListItem\",\"position\":2,\"name\":\"Quand les l\u00e9gendes claquent des temps \u00e0 Valencia.\"}]},{\"@type\":\"WebSite\",\"@id\":\"https:\/\/blogs.thesocialmedia.com\/leblogmoto\/#website\",\"url\":\"https:\/\/blogs.thesocialmedia.com\/leblogmoto\/\",\"name\":\"leblogmoto\",\"description\":\"Toute l&#039;actualit\u00e9 des 2 roues\",\"potentialAction\":[{\"@type\":\"SearchAction\",\"target\":{\"@type\":\"EntryPoint\",\"urlTemplate\":\"https:\/\/blogs.thesocialmedia.com\/leblogmoto\/?s={search_term_string}\"},\"query-input\":{\"@type\":\"PropertyValueSpecification\",\"valueRequired\":true,\"valueName\":\"search_term_string\"}}],\"inLanguage\":\"fr-FR\"},{\"@type\":\"Person\",\"@id\":\"https:\/\/blogs.thesocialmedia.com\/leblogmoto\/#\/schema\/person\/18bfe773e5725ed6d24f743da805362a\",\"name\":\"benoit rieu\",\"image\":{\"@type\":\"ImageObject\",\"inLanguage\":\"fr-FR\",\"@id\":\"https:\/\/blogs.thesocialmedia.com\/leblogmoto\/#\/schema\/person\/image\/\",\"url\":\"https:\/\/secure.gravatar.com\/avatar\/?s=96&d=mm&r=g\",\"contentUrl\":\"https:\/\/secure.gravatar.com\/avatar\/?s=96&d=mm&r=g\",\"caption\":\"benoit rieu\"},\"url\":\"https:\/\/blogs.thesocialmedia.com\/leblogmoto\/author\/benoit-rieu\/\"}]}<\/script>\n<!-- \/ Yoast SEO plugin. -->","yoast_head_json":{"title":"Quand les l\u00e9gendes claquent des temps \u00e0 Valencia. - leblogmoto.com","robots":{"index":"index","follow":"follow","max-snippet":"max-snippet:-1","max-image-preview":"max-image-preview:large","max-video-preview":"max-video-preview:-1"},"canonical":"https:\/\/blogs.thesocialmedia.com\/leblogmoto\/2007\/11\/08\/quand-les-lgend\/","twitter_card":"summary_large_image","twitter_title":"Quand les l\u00e9gendes claquent des temps \u00e0 Valencia. - leblogmoto.com","twitter_description":"Un chanceux t\u00e9lescopage avec l&rsquo;article pr\u00e9c\u00e9dent que cette d\u00e9sormais traditionnelle op\u00e9ration de relation publiques de la Dorna en fin de saison*. Au milieu des &quot;hospitality&quot;, on a vu ce week-end, le septuple champion F1 Michael Schumacher prendre conseil aupr\u00e8s de Randy Mamola: la vid\u00e9o de l&rsquo;Allemand sur la Desmosedici de Stoner est ici. Schumi est [&hellip;]","twitter_image":"http:\/\/www.leblogmoto.com\/images\/2007\/11\/07\/michael_schumacher_randy_mamola_v_2.jpg","twitter_misc":{"\u00c9crit par":"benoit rieu","Dur\u00e9e de lecture estim\u00e9e":"3 minutes"},"schema":{"@context":"https:\/\/schema.org","@graph":[{"@type":"WebPage","@id":"https:\/\/blogs.thesocialmedia.com\/leblogmoto\/2007\/11\/08\/quand-les-lgend\/","url":"https:\/\/blogs.thesocialmedia.com\/leblogmoto\/2007\/11\/08\/quand-les-lgend\/","name":"Quand les l\u00e9gendes claquent des temps \u00e0 Valencia. - leblogmoto.com","isPartOf":{"@id":"https:\/\/blogs.thesocialmedia.com\/leblogmoto\/#website"},"primaryImageOfPage":{"@id":"https:\/\/blogs.thesocialmedia.com\/leblogmoto\/2007\/11\/08\/quand-les-lgend\/#primaryimage"},"image":{"@id":"https:\/\/blogs.thesocialmedia.com\/leblogmoto\/2007\/11\/08\/quand-les-lgend\/#primaryimage"},"thumbnailUrl":"http:\/\/www.leblogmoto.com\/images\/2007\/11\/07\/michael_schumacher_randy_mamola_v_2.jpg","datePublished":"2007-11-08T01:34:25+00:00","dateModified":"2012-07-11T14:54:07+00:00","author":{"@id":"https:\/\/blogs.thesocialmedia.com\/leblogmoto\/#\/schema\/person\/18bfe773e5725ed6d24f743da805362a"},"breadcrumb":{"@id":"https:\/\/blogs.thesocialmedia.com\/leblogmoto\/2007\/11\/08\/quand-les-lgend\/#breadcrumb"},"inLanguage":"fr-FR","potentialAction":[{"@type":"ReadAction","target":["https:\/\/blogs.thesocialmedia.com\/leblogmoto\/2007\/11\/08\/quand-les-lgend\/"]}]},{"@type":"ImageObject","inLanguage":"fr-FR","@id":"https:\/\/blogs.thesocialmedia.com\/leblogmoto\/2007\/11\/08\/quand-les-lgend\/#primaryimage","url":"http:\/\/www.leblogmoto.com\/images\/2007\/11\/07\/michael_schumacher_randy_mamola_v_2.jpg","contentUrl":"http:\/\/www.leblogmoto.com\/images\/2007\/11\/07\/michael_schumacher_randy_mamola_v_2.jpg"},{"@type":"BreadcrumbList","@id":"https:\/\/blogs.thesocialmedia.com\/leblogmoto\/2007\/11\/08\/quand-les-lgend\/#breadcrumb","itemListElement":[{"@type":"ListItem","position":1,"name":"Accueil","item":"https:\/\/blogs.thesocialmedia.com\/leblogmoto\/"},{"@type":"ListItem","position":2,"name":"Quand les l\u00e9gendes claquent des temps \u00e0 Valencia."}]},{"@type":"WebSite","@id":"https:\/\/blogs.thesocialmedia.com\/leblogmoto\/#website","url":"https:\/\/blogs.thesocialmedia.com\/leblogmoto\/","name":"leblogmoto","description":"Toute l&#039;actualit\u00e9 des 2 roues","potentialAction":[{"@type":"SearchAction","target":{"@type":"EntryPoint","urlTemplate":"https:\/\/blogs.thesocialmedia.com\/leblogmoto\/?s={search_term_string}"},"query-input":{"@type":"PropertyValueSpecification","valueRequired":true,"valueName":"search_term_string"}}],"inLanguage":"fr-FR"},{"@type":"Person","@id":"https:\/\/blogs.thesocialmedia.com\/leblogmoto\/#\/schema\/person\/18bfe773e5725ed6d24f743da805362a","name":"benoit rieu","image":{"@type":"ImageObject","inLanguage":"fr-FR","@id":"https:\/\/blogs.thesocialmedia.com\/leblogmoto\/#\/schema\/person\/image\/","url":"https:\/\/secure.gravatar.com\/avatar\/?s=96&d=mm&r=g","contentUrl":"https:\/\/secure.gravatar.com\/avatar\/?s=96&d=mm&r=g","caption":"benoit rieu"},"url":"https:\/\/blogs.thesocialmedia.com\/leblogmoto\/author\/benoit-rieu\/"}]}},"_links":{"self":[{"href":"https:\/\/blogs.thesocialmedia.com\/leblogmoto\/wp-json\/wp\/v2\/posts\/1113","targetHints":{"allow":["GET"]}}],"collection":[{"href":"https:\/\/blogs.thesocialmedia.com\/leblogmoto\/wp-json\/wp\/v2\/posts"}],"about":[{"href":"https:\/\/blogs.thesocialmedia.com\/leblogmoto\/wp-json\/wp\/v2\/types\/post"}],"author":[{"embeddable":true,"href":"https:\/\/blogs.thesocialmedia.com\/leblogmoto\/wp-json\/wp\/v2\/users\/324"}],"replies":[{"embeddable":true,"href":"https:\/\/blogs.thesocialmedia.com\/leblogmoto\/wp-json\/wp\/v2\/comments?post=1113"}],"version-history":[{"count":2,"href":"https:\/\/blogs.thesocialmedia.com\/leblogmoto\/wp-json\/wp\/v2\/posts\/1113\/revisions"}],"predecessor-version":[{"id":9090,"href":"https:\/\/blogs.thesocialmedia.com\/leblogmoto\/wp-json\/wp\/v2\/posts\/1113\/revisions\/9090"}],"wp:attachment":[{"href":"https:\/\/blogs.thesocialmedia.com\/leblogmoto\/wp-json\/wp\/v2\/media?parent=1113"}],"wp:term":[{"taxonomy":"category","embeddable":true,"href":"https:\/\/blogs.thesocialmedia.com\/leblogmoto\/wp-json\/wp\/v2\/categories?post=1113"},{"taxonomy":"post_tag","embeddable":true,"href":"https:\/\/blogs.thesocialmedia.com\/leblogmoto\/wp-json\/wp\/v2\/tags?post=1113"}],"curies":[{"name":"wp","href":"https:\/\/api.w.org\/{rel}","templated":true}]}}