{"id":1114,"date":"2007-11-07T12:55:51","date_gmt":"2007-11-07T12:55:51","guid":{"rendered":"http:\/\/blogs.thesocialmedia.com\/leblogmoto\/2007\/11\/07\/les-mamola-prot\/"},"modified":"2012-07-11T14:54:04","modified_gmt":"2012-07-11T14:54:04","slug":"les-mamola-prot","status":"publish","type":"post","link":"https:\/\/blogs.thesocialmedia.com\/leblogmoto\/2007\/11\/07\/les-mamola-prot\/","title":{"rendered":"Les Mamola, prot\u00e9g\u00e9s par Arai de p\u00e8re en fils. Flashback&#8230;"},"content":{"rendered":"<p><a href=\"http:\/\/blogs.thesocialmedia.com\/leblogmoto\/files\/2012\/07\/casques_arai_dakota_mamola.jpg\"><img loading=\"lazy\" decoding=\"async\" width=\"470\" height=\"292\"  src=\"http:\/\/www.leblogmoto.com\/images\/2007\/11\/07\/casques_arai_dakota_mamola.jpg\" alt=\"Casques_arai_dakota_mamola\" \/><\/a><\/p>\n<p><em>Arai<\/em> entend bien faire fructifier son h\u00e9ritage et esp\u00e8re que la prometteuse lign\u00e9e Mamola sera aussi r\u00e9ussie que la descendance des <a href=\"http:\/\/blogs.thesocialmedia.com\/leblogmoto\/files\/2012\/07\/etiez-vous-sur-.html_.png\">Roberts<\/a>* et des Hayden, eux aussi sponsoris\u00e9s par la prestigieuse (et ch\u00e8re !) marque japonaise. Dans une de ses toutes derni\u00e8res publicit\u00e9s, c&rsquo;est Dakota qui confie sa t\u00eate rousse \u00e0 la firme de Saitama, en posant aux c\u00f4t\u00e9s des couleurs de son p\u00e8re. Une frimousse bien diff\u00e9rente de celle de son papa. Comment, vous ne connaissez pas Randy Mamola !? <\/p>\n<p>Impardonnable ! Randy est consid\u00e9r\u00e9 comme l&rsquo;un des meilleurs pilotes de moto qui n&rsquo;ait jamais d\u00e9croch\u00e9 de titre mondial**, aux c\u00f4t\u00e9s des Biaggi, Gibernau et autres. A moins que Dani Pedrosa, s&rsquo;il continue ainsi, ne leur fasse d\u00e9finitivement de l&rsquo;ombre dans ce club des g\u00e9nies du pilotage sans couronne dans la cat\u00e9gorie reine.<\/p>\n<p>Notre Randy de Puniet national fut d&rsquo;ailleurs pr\u00e9nomm\u00e9 ainsi en raison de l&rsquo;idol\u00e2trie que vouait son p\u00e8re au pilote am\u00e9ricain. Un peu comme les parents de Jarno Trulli (pilote de F1 italien) \u00e0 l&rsquo;\u00e9gard de Jarno Saarinen (motard finlandais r\u00e9volutionnaire). <\/p>\n<p>Cependant, et \u00e0 l&rsquo;inverse des deux motards Espagnols pr\u00e9cit\u00e9s, Mamola \u00e9tait (et reste encore) r\u00e9put\u00e9 pour son sens inn\u00e9 du spectacle et son habilet\u00e9 pour jouer avec la foule. <\/p>\n<p>&quot;Et r\u00e9put\u00e9 pour son coeur d&rsquo;or&quot;, serait-on tent\u00e9 d&rsquo;ajouter. Car contrairement \u00e0 ce que beaucoup croient ce n&rsquo;est pas seulement en tant que pilote de Ducati et repr\u00e9sentant d&rsquo;alpine-stars, qu&rsquo;il fait faire des tours de circuit sur les GP du monde entier \u00e0 des personnalit\u00e9s sur une Ducati biplace: voyez pour cela la photo ci-dessous, avec ce fameux casque Arai (mod\u00e8le Astro, \u00e0 mon avis).<\/p>\n<p>Mais c&rsquo;est aussi pour financer les <a href=\"http:\/\/www.riders.org\/en\/html\/\">Riders for Health<\/a>, dont il est le cofondateur, association qui fournit des motos transportant des m\u00e9dicaments dans les villages recul\u00e9s d&rsquo;Afrique. Je n&rsquo;en parle pas trop car je compte me garder ce sujet sous le coude pour une autre fois, ne m&rsquo;en veuillez pas trop.<\/p>\n<p><a href=\"http:\/\/clabedan.typepad.com\/.shared\/image.html?\/photos\/uncategorized\/2007\/11\/07\/mamola.jpg\"><img loading=\"lazy\" decoding=\"async\" width=\"470\" height=\"298\"  alt=\"Mamola\" src=\"http:\/\/www.leblogmoto.com\/images\/2007\/11\/07\/mamola.jpg\" \/><\/a><br \/><em><br \/><\/em>Pour en revenir au ph\u00e9nom\u00e8ne, si vous regardez Eurosport en Anglais vous l&rsquo;avez peut-\u00eatre vu affubl\u00e9 de d\u00e9guisements originaux puisqu&rsquo;il est le commentateur, enti\u00e8rement chauve et avec une gueule de boxeur (ou de talonneur de rugby), des MotoGP sur la cha\u00eene.<\/p>\n<p>Un peu comme Jacques Laffite chez nous, ancien pilote qui commente la F1. Mais un Laffite dr\u00f4le et sans sa m\u00e9ga-m\u00eache \u00e0 recoiffer. Un tout-sauf-Laffite en fait, voil\u00e0, c&rsquo;est \u00e7a.<br \/><em><br \/>*le m\u00eame Roberts (Kenny Roberts Sr.) qui eut des relations houleuses, par le pass\u00e9 en tout cas, avec Randy le virant apr\u00e8s que celui-ci ait r\u00e9alis\u00e9 un stoppie en bout de la ligne des stands, au beau milieu d&rsquo;une course apr\u00e8s avoir chang\u00e9 de moto. Attitude que &quot;Sr.&quot; avait jug\u00e9e anti-professionnelle, avant finalement de lui pardonner et de le r\u00e9int\u00e9grer dans son team.<\/p>\n<p>**malgr\u00e9 ses passages successifs sur Suzuki, Yamaha, Honda et Cagiva et 151 GP courus.<\/p>\n<p>cr\u00e9dits photos: <a href=\"http:\/\/www.araihelmet-europe.com\/php\/fra\/index2.php?page=news\">Arai<\/a> et <a href=\"http:\/\/alpinestarsinc.com\/moto\/mamola\">alpinestars<\/a>.<br \/><\/em><\/p>\n","protected":false},"excerpt":{"rendered":"<p>Arai entend bien faire fructifier son h\u00e9ritage et esp\u00e8re que la prometteuse lign\u00e9e Mamola sera aussi r\u00e9ussie que la descendance des Roberts* et des Hayden, eux aussi sponsoris\u00e9s par la prestigieuse (et ch\u00e8re !) marque japonaise. Dans une de ses toutes derni\u00e8res publicit\u00e9s, c&rsquo;est Dakota qui confie sa t\u00eate rousse \u00e0 la firme de Saitama, [&hellip;]<\/p>\n","protected":false},"author":324,"featured_media":0,"comment_status":"open","ping_status":"open","sticky":false,"template":"","format":"standard","meta":{"footnotes":""},"categories":[8,17,9,22,32],"tags":[],"class_list":["post-1114","post","type-post","status-publish","format-standard","hentry","category-chaines-et-cuirs","category-divers","category-historique","category-motogp","category-sport-moto"],"yoast_head":"<!-- This site is optimized with the Yoast SEO plugin v26.0 - https:\/\/yoast.com\/wordpress\/plugins\/seo\/ -->\n<title>Les Mamola, prot\u00e9g\u00e9s par Arai de p\u00e8re en fils. Flashback... - leblogmoto.com<\/title>\n<meta name=\"robots\" content=\"index, follow, max-snippet:-1, max-image-preview:large, max-video-preview:-1\" \/>\n<link rel=\"canonical\" href=\"https:\/\/blogs.thesocialmedia.com\/leblogmoto\/2007\/11\/07\/les-mamola-prot\/\" \/>\n<meta name=\"twitter:card\" content=\"summary_large_image\" \/>\n<meta name=\"twitter:title\" content=\"Les Mamola, prot\u00e9g\u00e9s par Arai de p\u00e8re en fils. Flashback... - leblogmoto.com\" \/>\n<meta name=\"twitter:description\" content=\"Arai entend bien faire fructifier son h\u00e9ritage et esp\u00e8re que la prometteuse lign\u00e9e Mamola sera aussi r\u00e9ussie que la descendance des Roberts* et des Hayden, eux aussi sponsoris\u00e9s par la prestigieuse (et ch\u00e8re !) marque japonaise. Dans une de ses toutes derni\u00e8res publicit\u00e9s, c&rsquo;est Dakota qui confie sa t\u00eate rousse \u00e0 la firme de Saitama, [&hellip;]\" \/>\n<meta name=\"twitter:image\" content=\"http:\/\/www.leblogmoto.com\/images\/2007\/11\/07\/casques_arai_dakota_mamola.jpg\" \/>\n<meta name=\"twitter:label1\" content=\"\u00c9crit par\" \/>\n\t<meta name=\"twitter:data1\" content=\"benoit rieu\" \/>\n\t<meta name=\"twitter:label2\" content=\"Dur\u00e9e de lecture estim\u00e9e\" \/>\n\t<meta name=\"twitter:data2\" content=\"3 minutes\" \/>\n<script type=\"application\/ld+json\" class=\"yoast-schema-graph\">{\"@context\":\"https:\/\/schema.org\",\"@graph\":[{\"@type\":\"WebPage\",\"@id\":\"https:\/\/blogs.thesocialmedia.com\/leblogmoto\/2007\/11\/07\/les-mamola-prot\/\",\"url\":\"https:\/\/blogs.thesocialmedia.com\/leblogmoto\/2007\/11\/07\/les-mamola-prot\/\",\"name\":\"Les Mamola, prot\u00e9g\u00e9s par Arai de p\u00e8re en fils. Flashback... - leblogmoto.com\",\"isPartOf\":{\"@id\":\"https:\/\/blogs.thesocialmedia.com\/leblogmoto\/#website\"},\"primaryImageOfPage\":{\"@id\":\"https:\/\/blogs.thesocialmedia.com\/leblogmoto\/2007\/11\/07\/les-mamola-prot\/#primaryimage\"},\"image\":{\"@id\":\"https:\/\/blogs.thesocialmedia.com\/leblogmoto\/2007\/11\/07\/les-mamola-prot\/#primaryimage\"},\"thumbnailUrl\":\"http:\/\/www.leblogmoto.com\/images\/2007\/11\/07\/casques_arai_dakota_mamola.jpg\",\"datePublished\":\"2007-11-07T12:55:51+00:00\",\"dateModified\":\"2012-07-11T14:54:04+00:00\",\"author\":{\"@id\":\"https:\/\/blogs.thesocialmedia.com\/leblogmoto\/#\/schema\/person\/18bfe773e5725ed6d24f743da805362a\"},\"breadcrumb\":{\"@id\":\"https:\/\/blogs.thesocialmedia.com\/leblogmoto\/2007\/11\/07\/les-mamola-prot\/#breadcrumb\"},\"inLanguage\":\"fr-FR\",\"potentialAction\":[{\"@type\":\"ReadAction\",\"target\":[\"https:\/\/blogs.thesocialmedia.com\/leblogmoto\/2007\/11\/07\/les-mamola-prot\/\"]}]},{\"@type\":\"ImageObject\",\"inLanguage\":\"fr-FR\",\"@id\":\"https:\/\/blogs.thesocialmedia.com\/leblogmoto\/2007\/11\/07\/les-mamola-prot\/#primaryimage\",\"url\":\"http:\/\/www.leblogmoto.com\/images\/2007\/11\/07\/casques_arai_dakota_mamola.jpg\",\"contentUrl\":\"http:\/\/www.leblogmoto.com\/images\/2007\/11\/07\/casques_arai_dakota_mamola.jpg\"},{\"@type\":\"BreadcrumbList\",\"@id\":\"https:\/\/blogs.thesocialmedia.com\/leblogmoto\/2007\/11\/07\/les-mamola-prot\/#breadcrumb\",\"itemListElement\":[{\"@type\":\"ListItem\",\"position\":1,\"name\":\"Accueil\",\"item\":\"https:\/\/blogs.thesocialmedia.com\/leblogmoto\/\"},{\"@type\":\"ListItem\",\"position\":2,\"name\":\"Les Mamola, prot\u00e9g\u00e9s par Arai de p\u00e8re en fils. Flashback&#8230;\"}]},{\"@type\":\"WebSite\",\"@id\":\"https:\/\/blogs.thesocialmedia.com\/leblogmoto\/#website\",\"url\":\"https:\/\/blogs.thesocialmedia.com\/leblogmoto\/\",\"name\":\"leblogmoto\",\"description\":\"Toute l&#039;actualit\u00e9 des 2 roues\",\"potentialAction\":[{\"@type\":\"SearchAction\",\"target\":{\"@type\":\"EntryPoint\",\"urlTemplate\":\"https:\/\/blogs.thesocialmedia.com\/leblogmoto\/?s={search_term_string}\"},\"query-input\":{\"@type\":\"PropertyValueSpecification\",\"valueRequired\":true,\"valueName\":\"search_term_string\"}}],\"inLanguage\":\"fr-FR\"},{\"@type\":\"Person\",\"@id\":\"https:\/\/blogs.thesocialmedia.com\/leblogmoto\/#\/schema\/person\/18bfe773e5725ed6d24f743da805362a\",\"name\":\"benoit rieu\",\"image\":{\"@type\":\"ImageObject\",\"inLanguage\":\"fr-FR\",\"@id\":\"https:\/\/blogs.thesocialmedia.com\/leblogmoto\/#\/schema\/person\/image\/\",\"url\":\"https:\/\/secure.gravatar.com\/avatar\/?s=96&d=mm&r=g\",\"contentUrl\":\"https:\/\/secure.gravatar.com\/avatar\/?s=96&d=mm&r=g\",\"caption\":\"benoit rieu\"},\"url\":\"https:\/\/blogs.thesocialmedia.com\/leblogmoto\/author\/benoit-rieu\/\"}]}<\/script>\n<!-- \/ Yoast SEO plugin. -->","yoast_head_json":{"title":"Les Mamola, prot\u00e9g\u00e9s par Arai de p\u00e8re en fils. Flashback... - leblogmoto.com","robots":{"index":"index","follow":"follow","max-snippet":"max-snippet:-1","max-image-preview":"max-image-preview:large","max-video-preview":"max-video-preview:-1"},"canonical":"https:\/\/blogs.thesocialmedia.com\/leblogmoto\/2007\/11\/07\/les-mamola-prot\/","twitter_card":"summary_large_image","twitter_title":"Les Mamola, prot\u00e9g\u00e9s par Arai de p\u00e8re en fils. Flashback... - leblogmoto.com","twitter_description":"Arai entend bien faire fructifier son h\u00e9ritage et esp\u00e8re que la prometteuse lign\u00e9e Mamola sera aussi r\u00e9ussie que la descendance des Roberts* et des Hayden, eux aussi sponsoris\u00e9s par la prestigieuse (et ch\u00e8re !) marque japonaise. Dans une de ses toutes derni\u00e8res publicit\u00e9s, c&rsquo;est Dakota qui confie sa t\u00eate rousse \u00e0 la firme de Saitama, [&hellip;]","twitter_image":"http:\/\/www.leblogmoto.com\/images\/2007\/11\/07\/casques_arai_dakota_mamola.jpg","twitter_misc":{"\u00c9crit par":"benoit rieu","Dur\u00e9e de lecture estim\u00e9e":"3 minutes"},"schema":{"@context":"https:\/\/schema.org","@graph":[{"@type":"WebPage","@id":"https:\/\/blogs.thesocialmedia.com\/leblogmoto\/2007\/11\/07\/les-mamola-prot\/","url":"https:\/\/blogs.thesocialmedia.com\/leblogmoto\/2007\/11\/07\/les-mamola-prot\/","name":"Les Mamola, prot\u00e9g\u00e9s par Arai de p\u00e8re en fils. Flashback... - leblogmoto.com","isPartOf":{"@id":"https:\/\/blogs.thesocialmedia.com\/leblogmoto\/#website"},"primaryImageOfPage":{"@id":"https:\/\/blogs.thesocialmedia.com\/leblogmoto\/2007\/11\/07\/les-mamola-prot\/#primaryimage"},"image":{"@id":"https:\/\/blogs.thesocialmedia.com\/leblogmoto\/2007\/11\/07\/les-mamola-prot\/#primaryimage"},"thumbnailUrl":"http:\/\/www.leblogmoto.com\/images\/2007\/11\/07\/casques_arai_dakota_mamola.jpg","datePublished":"2007-11-07T12:55:51+00:00","dateModified":"2012-07-11T14:54:04+00:00","author":{"@id":"https:\/\/blogs.thesocialmedia.com\/leblogmoto\/#\/schema\/person\/18bfe773e5725ed6d24f743da805362a"},"breadcrumb":{"@id":"https:\/\/blogs.thesocialmedia.com\/leblogmoto\/2007\/11\/07\/les-mamola-prot\/#breadcrumb"},"inLanguage":"fr-FR","potentialAction":[{"@type":"ReadAction","target":["https:\/\/blogs.thesocialmedia.com\/leblogmoto\/2007\/11\/07\/les-mamola-prot\/"]}]},{"@type":"ImageObject","inLanguage":"fr-FR","@id":"https:\/\/blogs.thesocialmedia.com\/leblogmoto\/2007\/11\/07\/les-mamola-prot\/#primaryimage","url":"http:\/\/www.leblogmoto.com\/images\/2007\/11\/07\/casques_arai_dakota_mamola.jpg","contentUrl":"http:\/\/www.leblogmoto.com\/images\/2007\/11\/07\/casques_arai_dakota_mamola.jpg"},{"@type":"BreadcrumbList","@id":"https:\/\/blogs.thesocialmedia.com\/leblogmoto\/2007\/11\/07\/les-mamola-prot\/#breadcrumb","itemListElement":[{"@type":"ListItem","position":1,"name":"Accueil","item":"https:\/\/blogs.thesocialmedia.com\/leblogmoto\/"},{"@type":"ListItem","position":2,"name":"Les Mamola, prot\u00e9g\u00e9s par Arai de p\u00e8re en fils. Flashback&#8230;"}]},{"@type":"WebSite","@id":"https:\/\/blogs.thesocialmedia.com\/leblogmoto\/#website","url":"https:\/\/blogs.thesocialmedia.com\/leblogmoto\/","name":"leblogmoto","description":"Toute l&#039;actualit\u00e9 des 2 roues","potentialAction":[{"@type":"SearchAction","target":{"@type":"EntryPoint","urlTemplate":"https:\/\/blogs.thesocialmedia.com\/leblogmoto\/?s={search_term_string}"},"query-input":{"@type":"PropertyValueSpecification","valueRequired":true,"valueName":"search_term_string"}}],"inLanguage":"fr-FR"},{"@type":"Person","@id":"https:\/\/blogs.thesocialmedia.com\/leblogmoto\/#\/schema\/person\/18bfe773e5725ed6d24f743da805362a","name":"benoit rieu","image":{"@type":"ImageObject","inLanguage":"fr-FR","@id":"https:\/\/blogs.thesocialmedia.com\/leblogmoto\/#\/schema\/person\/image\/","url":"https:\/\/secure.gravatar.com\/avatar\/?s=96&d=mm&r=g","contentUrl":"https:\/\/secure.gravatar.com\/avatar\/?s=96&d=mm&r=g","caption":"benoit rieu"},"url":"https:\/\/blogs.thesocialmedia.com\/leblogmoto\/author\/benoit-rieu\/"}]}},"_links":{"self":[{"href":"https:\/\/blogs.thesocialmedia.com\/leblogmoto\/wp-json\/wp\/v2\/posts\/1114","targetHints":{"allow":["GET"]}}],"collection":[{"href":"https:\/\/blogs.thesocialmedia.com\/leblogmoto\/wp-json\/wp\/v2\/posts"}],"about":[{"href":"https:\/\/blogs.thesocialmedia.com\/leblogmoto\/wp-json\/wp\/v2\/types\/post"}],"author":[{"embeddable":true,"href":"https:\/\/blogs.thesocialmedia.com\/leblogmoto\/wp-json\/wp\/v2\/users\/324"}],"replies":[{"embeddable":true,"href":"https:\/\/blogs.thesocialmedia.com\/leblogmoto\/wp-json\/wp\/v2\/comments?post=1114"}],"version-history":[{"count":2,"href":"https:\/\/blogs.thesocialmedia.com\/leblogmoto\/wp-json\/wp\/v2\/posts\/1114\/revisions"}],"predecessor-version":[{"id":9088,"href":"https:\/\/blogs.thesocialmedia.com\/leblogmoto\/wp-json\/wp\/v2\/posts\/1114\/revisions\/9088"}],"wp:attachment":[{"href":"https:\/\/blogs.thesocialmedia.com\/leblogmoto\/wp-json\/wp\/v2\/media?parent=1114"}],"wp:term":[{"taxonomy":"category","embeddable":true,"href":"https:\/\/blogs.thesocialmedia.com\/leblogmoto\/wp-json\/wp\/v2\/categories?post=1114"},{"taxonomy":"post_tag","embeddable":true,"href":"https:\/\/blogs.thesocialmedia.com\/leblogmoto\/wp-json\/wp\/v2\/tags?post=1114"}],"curies":[{"name":"wp","href":"https:\/\/api.w.org\/{rel}","templated":true}]}}