{"id":1117,"date":"2007-11-06T12:27:31","date_gmt":"2007-11-06T12:27:31","guid":{"rendered":"http:\/\/blogs.thesocialmedia.com\/leblogmoto\/2007\/11\/06\/akira-le-film-p\/"},"modified":"2012-07-11T14:53:36","modified_gmt":"2012-07-11T14:53:36","slug":"akira-le-film-p","status":"publish","type":"post","link":"https:\/\/blogs.thesocialmedia.com\/leblogmoto\/2007\/11\/06\/akira-le-film-p\/","title":{"rendered":"Akira, le film. Pas celui-l\u00e0, l&rsquo;autre"},"content":{"rendered":"<p><a href=\"http:\/\/blogs.thesocialmedia.com\/leblogmoto\/files\/2012\/07\/akira_2.jpg\"><img loading=\"lazy\" decoding=\"async\" width=\"250\" height=\"318\"  src=\"http:\/\/www.leblogmoto.com\/images\/2007\/11\/06\/akira_2.jpg\" alt=\"Akira_2\" style=\"margin: 0px 5px 5px 0px;float: left\" \/><\/a> \u00c0 chaque nouveau concept bike se montrant le bout du nez, le fant\u00f4me de la moto de Kan\u00e9da resurgit, et le dernier Salon de Tokyo ne manqua de projet pour en alimenter l&rsquo;imaginaire. Pour un coup de ma\u00eetre, c&rsquo;en fut tout un, <a href=\"http:\/\/cinema.fluctuat.net\/katsuhiro-otomo.html\">Katsuhiro Otomo<\/a> propulsant <a href=\"http:\/\/www.negatendo.net\/kmc\/en_frame.htm\">les fantasmes<\/a> de tous les amateurs de Mangas sur des deux roues futuristes.<br \/>Et voil\u00e0 qu&rsquo;un <a href=\"http:\/\/toysrevil.blogspot.com\/2007\/11\/about-that-akira-live-action-feature.html\">projet hollywoodien<\/a> refait surface chez Warner Bros autour d&rsquo;<a href=\"http:\/\/www.filmdeculte.com\/culte\/culte.php?id=129\">Akira<\/a>. Toujours au stade du d\u00e9veloppement, ce qui veut dire que rien n&rsquo;est finalis\u00e9, ni le montage financier, ni une version plus ou moins d\u00e9finitive du sc\u00e9nario. Par contre, un nom de r\u00e9alisateur est sorti du chapeau, celui de l&rsquo;Irlandais <a href=\"http:\/\/www.ruairirobinson.com\/\">Ruairi Robinson<\/a>. Son court m\u00e9trage \u00abThe Silent City\u00bb est excellent, et un QT de qualit\u00e9 est disponible sur son site pour un visionnement de qualit\u00e9. Un r\u00e9alisateur d\u00e9butant signifie g\u00e9n\u00e9ralement un budget moins \u00e9lev\u00e9, mais il y a des exceptions. Apr\u00e8s les <a href=\"http:\/\/www.transformersmovie.com\/\">Transformers<\/a> et <a href=\"http:\/\/speedracerthemovie.warnerbros.com\/\">Speed Racer<\/a> l&rsquo;\u00e9t\u00e9 prochain, on semble vouloir profiter ici d&rsquo;un petit momentum.<br \/>Reste \u00e0 voir bien \u00e9videmment ce qu&rsquo;ils feront des diff\u00e9rentes motos. Seront-elles de v\u00e9ritables machines roulantes et vrombissantes comme pour le <a href=\"http:\/\/www.youtube.com\/watch?v=hsn4AR_WEhY&amp;eurl=http%3A%2F%2Fwww%2Ehelmethairblog%2Ecom%2Fentries%2Fbatmans%2Dnew%2Dmotorcycle%2Dactually%2Drides%2Dfor%2Dreal%2F\">BatPod<\/a> du prochain Batman, ou l&rsquo;on se contentera de faire jouer les acteurs sur des caisses recouvertes de peinture verte pour ajouter par la suite les motos virtuellement? Esp\u00e9ront que cette derni\u00e8re solution, plus \u00e9conomique, ne sera pas retenue, et que nous aurons droit \u00e0 d&rsquo;uniques cr\u00e9ations.<\/p>\n<p><a href=\"http:\/\/clabedan.typepad.com\/.shared\/image.html?\/photos\/uncategorized\/2007\/11\/06\/akira2.jpg\"><img loading=\"lazy\" decoding=\"async\" width=\"470\" height=\"218\"  src=\"http:\/\/www.leblogmoto.com\/images\/2007\/11\/06\/akira2.jpg\" alt=\"Akira2\" \/><\/a> <\/p>\n<p><a href=\"http:\/\/blogs.thesocialmedia.com\/leblogmoto\/files\/2012\/07\/akirab1.jpg\"><img loading=\"lazy\" decoding=\"async\" width=\"470\" height=\"297\"  src=\"http:\/\/www.leblogmoto.com\/images\/2007\/11\/06\/akirab1.jpg\" alt=\"Akirab1\" \/><\/a> <\/p>\n<p><a href=\"http:\/\/blogs.thesocialmedia.com\/leblogmoto\/files\/2012\/07\/045sayk_2.jpg\"><img loading=\"lazy\" decoding=\"async\" width=\"470\" height=\"318\"  src=\"http:\/\/www.leblogmoto.com\/images\/2007\/11\/06\/045sayk_2.jpg\" alt=\"045sayk_2\" \/><\/a> <\/p>\n<p><a href=\"http:\/\/blogs.thesocialmedia.com\/leblogmoto\/files\/2012\/07\/batpod.jpg\"><img loading=\"lazy\" decoding=\"async\" width=\"470\" height=\"142\"  src=\"http:\/\/www.leblogmoto.com\/images\/2007\/11\/06\/batpod.jpg\" alt=\"Batpod\" \/><\/a> <\/p>\n","protected":false},"excerpt":{"rendered":"<p>\u00c0 chaque nouveau concept bike se montrant le bout du nez, le fant\u00f4me de la moto de Kan\u00e9da resurgit, et le dernier Salon de Tokyo ne manqua de projet pour en alimenter l&rsquo;imaginaire. Pour un coup de ma\u00eetre, c&rsquo;en fut tout un, Katsuhiro Otomo propulsant les fantasmes de tous les amateurs de Mangas sur des [&hellip;]<\/p>\n","protected":false},"author":325,"featured_media":0,"comment_status":"open","ping_status":"open","sticky":false,"template":"","format":"standard","meta":{"footnotes":""},"categories":[3,33,58],"tags":[],"class_list":["post-1117","post","type-post","status-publish","format-standard","hentry","category-actualite","category-concept-bike","category-insolite"],"yoast_head":"<!-- This site is optimized with the Yoast SEO plugin v26.0 - https:\/\/yoast.com\/wordpress\/plugins\/seo\/ -->\n<title>Akira, le film. Pas celui-l\u00e0, l&#039;autre - leblogmoto.com<\/title>\n<meta name=\"robots\" content=\"index, follow, max-snippet:-1, max-image-preview:large, max-video-preview:-1\" \/>\n<link rel=\"canonical\" href=\"https:\/\/blogs.thesocialmedia.com\/leblogmoto\/2007\/11\/06\/akira-le-film-p\/\" \/>\n<meta name=\"twitter:card\" content=\"summary_large_image\" \/>\n<meta name=\"twitter:title\" content=\"Akira, le film. Pas celui-l\u00e0, l&#039;autre - leblogmoto.com\" \/>\n<meta name=\"twitter:description\" content=\"\u00c0 chaque nouveau concept bike se montrant le bout du nez, le fant\u00f4me de la moto de Kan\u00e9da resurgit, et le dernier Salon de Tokyo ne manqua de projet pour en alimenter l&rsquo;imaginaire. Pour un coup de ma\u00eetre, c&rsquo;en fut tout un, Katsuhiro Otomo propulsant les fantasmes de tous les amateurs de Mangas sur des [&hellip;]\" \/>\n<meta name=\"twitter:image\" content=\"http:\/\/www.leblogmoto.com\/images\/2007\/11\/06\/akira_2.jpg\" \/>\n<meta name=\"twitter:label1\" content=\"\u00c9crit par\" \/>\n\t<meta name=\"twitter:data1\" content=\"jacques lesage\" \/>\n\t<meta name=\"twitter:label2\" content=\"Dur\u00e9e de lecture estim\u00e9e\" \/>\n\t<meta name=\"twitter:data2\" content=\"1 minute\" \/>\n<script type=\"application\/ld+json\" class=\"yoast-schema-graph\">{\"@context\":\"https:\/\/schema.org\",\"@graph\":[{\"@type\":\"WebPage\",\"@id\":\"https:\/\/blogs.thesocialmedia.com\/leblogmoto\/2007\/11\/06\/akira-le-film-p\/\",\"url\":\"https:\/\/blogs.thesocialmedia.com\/leblogmoto\/2007\/11\/06\/akira-le-film-p\/\",\"name\":\"Akira, le film. Pas celui-l\u00e0, l'autre - leblogmoto.com\",\"isPartOf\":{\"@id\":\"https:\/\/blogs.thesocialmedia.com\/leblogmoto\/#website\"},\"primaryImageOfPage\":{\"@id\":\"https:\/\/blogs.thesocialmedia.com\/leblogmoto\/2007\/11\/06\/akira-le-film-p\/#primaryimage\"},\"image\":{\"@id\":\"https:\/\/blogs.thesocialmedia.com\/leblogmoto\/2007\/11\/06\/akira-le-film-p\/#primaryimage\"},\"thumbnailUrl\":\"http:\/\/www.leblogmoto.com\/images\/2007\/11\/06\/akira_2.jpg\",\"datePublished\":\"2007-11-06T12:27:31+00:00\",\"dateModified\":\"2012-07-11T14:53:36+00:00\",\"author\":{\"@id\":\"https:\/\/blogs.thesocialmedia.com\/leblogmoto\/#\/schema\/person\/e82a0ca8a9a63d031586097a3ed58526\"},\"breadcrumb\":{\"@id\":\"https:\/\/blogs.thesocialmedia.com\/leblogmoto\/2007\/11\/06\/akira-le-film-p\/#breadcrumb\"},\"inLanguage\":\"fr-FR\",\"potentialAction\":[{\"@type\":\"ReadAction\",\"target\":[\"https:\/\/blogs.thesocialmedia.com\/leblogmoto\/2007\/11\/06\/akira-le-film-p\/\"]}]},{\"@type\":\"ImageObject\",\"inLanguage\":\"fr-FR\",\"@id\":\"https:\/\/blogs.thesocialmedia.com\/leblogmoto\/2007\/11\/06\/akira-le-film-p\/#primaryimage\",\"url\":\"http:\/\/www.leblogmoto.com\/images\/2007\/11\/06\/akira_2.jpg\",\"contentUrl\":\"http:\/\/www.leblogmoto.com\/images\/2007\/11\/06\/akira_2.jpg\"},{\"@type\":\"BreadcrumbList\",\"@id\":\"https:\/\/blogs.thesocialmedia.com\/leblogmoto\/2007\/11\/06\/akira-le-film-p\/#breadcrumb\",\"itemListElement\":[{\"@type\":\"ListItem\",\"position\":1,\"name\":\"Accueil\",\"item\":\"https:\/\/blogs.thesocialmedia.com\/leblogmoto\/\"},{\"@type\":\"ListItem\",\"position\":2,\"name\":\"Akira, le film. Pas celui-l\u00e0, l&rsquo;autre\"}]},{\"@type\":\"WebSite\",\"@id\":\"https:\/\/blogs.thesocialmedia.com\/leblogmoto\/#website\",\"url\":\"https:\/\/blogs.thesocialmedia.com\/leblogmoto\/\",\"name\":\"leblogmoto\",\"description\":\"Toute l&#039;actualit\u00e9 des 2 roues\",\"potentialAction\":[{\"@type\":\"SearchAction\",\"target\":{\"@type\":\"EntryPoint\",\"urlTemplate\":\"https:\/\/blogs.thesocialmedia.com\/leblogmoto\/?s={search_term_string}\"},\"query-input\":{\"@type\":\"PropertyValueSpecification\",\"valueRequired\":true,\"valueName\":\"search_term_string\"}}],\"inLanguage\":\"fr-FR\"},{\"@type\":\"Person\",\"@id\":\"https:\/\/blogs.thesocialmedia.com\/leblogmoto\/#\/schema\/person\/e82a0ca8a9a63d031586097a3ed58526\",\"name\":\"jacques lesage\",\"image\":{\"@type\":\"ImageObject\",\"inLanguage\":\"fr-FR\",\"@id\":\"https:\/\/blogs.thesocialmedia.com\/leblogmoto\/#\/schema\/person\/image\/\",\"url\":\"https:\/\/secure.gravatar.com\/avatar\/?s=96&d=mm&r=g\",\"contentUrl\":\"https:\/\/secure.gravatar.com\/avatar\/?s=96&d=mm&r=g\",\"caption\":\"jacques lesage\"},\"url\":\"https:\/\/blogs.thesocialmedia.com\/leblogmoto\/author\/jacques-lesage\/\"}]}<\/script>\n<!-- \/ Yoast SEO plugin. -->","yoast_head_json":{"title":"Akira, le film. Pas celui-l\u00e0, l'autre - leblogmoto.com","robots":{"index":"index","follow":"follow","max-snippet":"max-snippet:-1","max-image-preview":"max-image-preview:large","max-video-preview":"max-video-preview:-1"},"canonical":"https:\/\/blogs.thesocialmedia.com\/leblogmoto\/2007\/11\/06\/akira-le-film-p\/","twitter_card":"summary_large_image","twitter_title":"Akira, le film. Pas celui-l\u00e0, l'autre - leblogmoto.com","twitter_description":"\u00c0 chaque nouveau concept bike se montrant le bout du nez, le fant\u00f4me de la moto de Kan\u00e9da resurgit, et le dernier Salon de Tokyo ne manqua de projet pour en alimenter l&rsquo;imaginaire. Pour un coup de ma\u00eetre, c&rsquo;en fut tout un, Katsuhiro Otomo propulsant les fantasmes de tous les amateurs de Mangas sur des [&hellip;]","twitter_image":"http:\/\/www.leblogmoto.com\/images\/2007\/11\/06\/akira_2.jpg","twitter_misc":{"\u00c9crit par":"jacques lesage","Dur\u00e9e de lecture estim\u00e9e":"1 minute"},"schema":{"@context":"https:\/\/schema.org","@graph":[{"@type":"WebPage","@id":"https:\/\/blogs.thesocialmedia.com\/leblogmoto\/2007\/11\/06\/akira-le-film-p\/","url":"https:\/\/blogs.thesocialmedia.com\/leblogmoto\/2007\/11\/06\/akira-le-film-p\/","name":"Akira, le film. Pas celui-l\u00e0, l'autre - leblogmoto.com","isPartOf":{"@id":"https:\/\/blogs.thesocialmedia.com\/leblogmoto\/#website"},"primaryImageOfPage":{"@id":"https:\/\/blogs.thesocialmedia.com\/leblogmoto\/2007\/11\/06\/akira-le-film-p\/#primaryimage"},"image":{"@id":"https:\/\/blogs.thesocialmedia.com\/leblogmoto\/2007\/11\/06\/akira-le-film-p\/#primaryimage"},"thumbnailUrl":"http:\/\/www.leblogmoto.com\/images\/2007\/11\/06\/akira_2.jpg","datePublished":"2007-11-06T12:27:31+00:00","dateModified":"2012-07-11T14:53:36+00:00","author":{"@id":"https:\/\/blogs.thesocialmedia.com\/leblogmoto\/#\/schema\/person\/e82a0ca8a9a63d031586097a3ed58526"},"breadcrumb":{"@id":"https:\/\/blogs.thesocialmedia.com\/leblogmoto\/2007\/11\/06\/akira-le-film-p\/#breadcrumb"},"inLanguage":"fr-FR","potentialAction":[{"@type":"ReadAction","target":["https:\/\/blogs.thesocialmedia.com\/leblogmoto\/2007\/11\/06\/akira-le-film-p\/"]}]},{"@type":"ImageObject","inLanguage":"fr-FR","@id":"https:\/\/blogs.thesocialmedia.com\/leblogmoto\/2007\/11\/06\/akira-le-film-p\/#primaryimage","url":"http:\/\/www.leblogmoto.com\/images\/2007\/11\/06\/akira_2.jpg","contentUrl":"http:\/\/www.leblogmoto.com\/images\/2007\/11\/06\/akira_2.jpg"},{"@type":"BreadcrumbList","@id":"https:\/\/blogs.thesocialmedia.com\/leblogmoto\/2007\/11\/06\/akira-le-film-p\/#breadcrumb","itemListElement":[{"@type":"ListItem","position":1,"name":"Accueil","item":"https:\/\/blogs.thesocialmedia.com\/leblogmoto\/"},{"@type":"ListItem","position":2,"name":"Akira, le film. Pas celui-l\u00e0, l&rsquo;autre"}]},{"@type":"WebSite","@id":"https:\/\/blogs.thesocialmedia.com\/leblogmoto\/#website","url":"https:\/\/blogs.thesocialmedia.com\/leblogmoto\/","name":"leblogmoto","description":"Toute l&#039;actualit\u00e9 des 2 roues","potentialAction":[{"@type":"SearchAction","target":{"@type":"EntryPoint","urlTemplate":"https:\/\/blogs.thesocialmedia.com\/leblogmoto\/?s={search_term_string}"},"query-input":{"@type":"PropertyValueSpecification","valueRequired":true,"valueName":"search_term_string"}}],"inLanguage":"fr-FR"},{"@type":"Person","@id":"https:\/\/blogs.thesocialmedia.com\/leblogmoto\/#\/schema\/person\/e82a0ca8a9a63d031586097a3ed58526","name":"jacques lesage","image":{"@type":"ImageObject","inLanguage":"fr-FR","@id":"https:\/\/blogs.thesocialmedia.com\/leblogmoto\/#\/schema\/person\/image\/","url":"https:\/\/secure.gravatar.com\/avatar\/?s=96&d=mm&r=g","contentUrl":"https:\/\/secure.gravatar.com\/avatar\/?s=96&d=mm&r=g","caption":"jacques lesage"},"url":"https:\/\/blogs.thesocialmedia.com\/leblogmoto\/author\/jacques-lesage\/"}]}},"_links":{"self":[{"href":"https:\/\/blogs.thesocialmedia.com\/leblogmoto\/wp-json\/wp\/v2\/posts\/1117","targetHints":{"allow":["GET"]}}],"collection":[{"href":"https:\/\/blogs.thesocialmedia.com\/leblogmoto\/wp-json\/wp\/v2\/posts"}],"about":[{"href":"https:\/\/blogs.thesocialmedia.com\/leblogmoto\/wp-json\/wp\/v2\/types\/post"}],"author":[{"embeddable":true,"href":"https:\/\/blogs.thesocialmedia.com\/leblogmoto\/wp-json\/wp\/v2\/users\/325"}],"replies":[{"embeddable":true,"href":"https:\/\/blogs.thesocialmedia.com\/leblogmoto\/wp-json\/wp\/v2\/comments?post=1117"}],"version-history":[{"count":2,"href":"https:\/\/blogs.thesocialmedia.com\/leblogmoto\/wp-json\/wp\/v2\/posts\/1117\/revisions"}],"predecessor-version":[{"id":9075,"href":"https:\/\/blogs.thesocialmedia.com\/leblogmoto\/wp-json\/wp\/v2\/posts\/1117\/revisions\/9075"}],"wp:attachment":[{"href":"https:\/\/blogs.thesocialmedia.com\/leblogmoto\/wp-json\/wp\/v2\/media?parent=1117"}],"wp:term":[{"taxonomy":"category","embeddable":true,"href":"https:\/\/blogs.thesocialmedia.com\/leblogmoto\/wp-json\/wp\/v2\/categories?post=1117"},{"taxonomy":"post_tag","embeddable":true,"href":"https:\/\/blogs.thesocialmedia.com\/leblogmoto\/wp-json\/wp\/v2\/tags?post=1117"}],"curies":[{"name":"wp","href":"https:\/\/api.w.org\/{rel}","templated":true}]}}