{"id":1119,"date":"2007-11-05T23:05:13","date_gmt":"2007-11-05T23:05:13","guid":{"rendered":"http:\/\/blogs.thesocialmedia.com\/leblogmoto\/2007\/11\/05\/etiez-vous-sur\/"},"modified":"2012-07-11T14:53:19","modified_gmt":"2012-07-11T14:53:19","slug":"etiez-vous-sur","status":"publish","type":"post","link":"https:\/\/blogs.thesocialmedia.com\/leblogmoto\/2007\/11\/05\/etiez-vous-sur\/","title":{"rendered":"Etiez-vous sur la Honda du Team Roberts ce week-end ?"},"content":{"rendered":"<p><a href=\"http:\/\/blogs.thesocialmedia.com\/leblogmoto\/files\/2012\/07\/bike_team_kr_names_.jpg\"><img loading=\"lazy\" decoding=\"async\" width=\"470\" height=\"248\"  src=\"http:\/\/www.leblogmoto.com\/images\/2007\/11\/05\/bike_team_kr_names_.jpg\" alt=\"Bike_team_kr_names_\" \/><\/a><\/p>\n<p>Superbe et intelligent coup de pub des Roberts. Le <a href=\"http:\/\/www.teamkr.com\/\">team anglo-am\u00e9ricain<\/a> de Kenny Roberts Sr. (triple champion du monde, introduit dans trois Hall of Fame et nomm\u00e9 &quot;Grand Prix Legend&quot; par la FIM*) a fait courir sa Honda KR212V, recouverte des 15.502 noms de ses supporters lors du Grand Prix de Valencia. Les organisateurs de ce gigantesque name-dropping \u00e0 la sauce MotoGP, avaient m\u00eame d\u00fb clore les inscriptions 10 jours en avance sur la date pr\u00e9vue, d\u00e9pass\u00e9s par son succ\u00e8s.<\/p>\n<p>En r\u00e9ponse 15.502 emails ont \u00e9t\u00e9 envoy\u00e9s aux participants (peut-\u00eatre vous d&rsquo;ailleurs), pour leur signaler leur apparition sur l&rsquo;un des 14 panneaux dispos\u00e9s sur la moto (voir ci-dessous). Ils sont \u00e9galement consultables <a href=\"http:\/\/www.teamkr.com\/index.cfm?p=bikestickers\">en fichiers .pdf ici<\/a>.<\/p>\n<p>Au milieu d&rsquo;une foule d&rsquo;inconnus, l&rsquo;on retrouve les noms de David Coulthard (le pilote de F1 \u00e9cossais sur Red Bull) et de Valentino Rossi, ce dernier \u00e9tant seulement le souhait d&rsquo;un fan ayant toujours voulu voir le nom de son idole sur une moto du clan Roberts.<\/p>\n<p><a href=\"http:\/\/clabedan.typepad.com\/.shared\/image.html?\/photos\/uncategorized\/2007\/11\/05\/bike_team_kr_panels_2.jpg\"><img loading=\"lazy\" decoding=\"async\" width=\"470\" height=\"391\"  alt=\"Bike_team_kr_panels_2\" src=\"http:\/\/www.leblogmoto.com\/images\/2007\/11\/05\/bike_team_kr_panels_2.jpg\" \/><\/a> <\/p>\n<p>La moto du team est actuellement pilot\u00e9e un peu en<em> time-sharing<\/em> (faute de pouvoir en aligner deux, essentiellement par raison financi\u00e8re) par Kurtis, et pr\u00e9c\u00e9demment dans l&rsquo;ann\u00e9e par son fr\u00e8re a\u00een\u00e9 Kenny Roberts Jr., l&rsquo;ancien champion du monde 2000, tout de m\u00eame (ici au GP de Turquie). Celui-ci avait fait un petit miracle en 2006 en terminant sur le podium au GP Catalunya. <\/p>\n<p><a href=\"http:\/\/blogs.thesocialmedia.com\/leblogmoto\/files\/2012\/07\/team_roberts_turkey_gp_2007.jpg\"><img loading=\"lazy\" decoding=\"async\" width=\"470\" height=\"352\"  src=\"http:\/\/www.leblogmoto.com\/images\/2007\/11\/05\/team_roberts_turkey_gp_2007.jpg\" alt=\"Team_roberts_turkey_gp_2007\" \/><\/a> <\/p>\n<p>Cependant Kenny Roberts Sr. envisage tr\u00e8s s\u00e9rieusement d&rsquo;aligner deux pilotes l&rsquo;ann\u00e9e prochaine et sur une nouvelle moto. Ce serait heureux car cette Honda n&rsquo;a pas vu l&rsquo;arriv\u00e9e \u00e0 Valencia, un probl\u00e8me m\u00e9canique for\u00e7ant Kurtis \u00e0 abandonner apr\u00e8s 10 tours (sur 30), avec la petite d\u00e9ception de plusieurs dizaines de milliers de fans dont les noms furent appos\u00e9s sur le car\u00e9nage, garde-boue et r\u00e9servoir de la moto du team.<\/p>\n<p><em>*F\u00e9d\u00e9ration Internationale de Motocyclisme, l&rsquo;\u00e9quivalent de la FIA en voitures et comp\u00e9tition auto.<\/em><\/p>\n<p><em>cr\u00e9dit photos: le <a href=\"http:\/\/www.teamkr.com\">Team Roberts<\/a> qui propose \u00e9galement sur son site des photos en 360\u00b0 (improprement appel\u00e9es en panoramique chez eux).<\/em><\/p>\n","protected":false},"excerpt":{"rendered":"<p>Superbe et intelligent coup de pub des Roberts. Le team anglo-am\u00e9ricain de Kenny Roberts Sr. (triple champion du monde, introduit dans trois Hall of Fame et nomm\u00e9 &quot;Grand Prix Legend&quot; par la FIM*) a fait courir sa Honda KR212V, recouverte des 15.502 noms de ses supporters lors du Grand Prix de Valencia. Les organisateurs de [&hellip;]<\/p>\n","protected":false},"author":324,"featured_media":0,"comment_status":"open","ping_status":"open","sticky":false,"template":"","format":"standard","meta":{"footnotes":""},"categories":[3,16,14,58,22],"tags":[],"class_list":["post-1119","post","type-post","status-publish","format-standard","hentry","category-actualite","category-art-moto","category-honda","category-insolite","category-motogp"],"yoast_head":"<!-- This site is optimized with the Yoast SEO plugin v26.0 - https:\/\/yoast.com\/wordpress\/plugins\/seo\/ -->\n<title>Etiez-vous sur la Honda du Team Roberts ce week-end ? - leblogmoto.com<\/title>\n<meta name=\"robots\" content=\"index, follow, max-snippet:-1, max-image-preview:large, max-video-preview:-1\" \/>\n<link rel=\"canonical\" href=\"https:\/\/blogs.thesocialmedia.com\/leblogmoto\/2007\/11\/05\/etiez-vous-sur\/\" \/>\n<meta name=\"twitter:card\" content=\"summary_large_image\" \/>\n<meta name=\"twitter:title\" content=\"Etiez-vous sur la Honda du Team Roberts ce week-end ? - leblogmoto.com\" \/>\n<meta name=\"twitter:description\" content=\"Superbe et intelligent coup de pub des Roberts. Le team anglo-am\u00e9ricain de Kenny Roberts Sr. (triple champion du monde, introduit dans trois Hall of Fame et nomm\u00e9 &quot;Grand Prix Legend&quot; par la FIM*) a fait courir sa Honda KR212V, recouverte des 15.502 noms de ses supporters lors du Grand Prix de Valencia. Les organisateurs de [&hellip;]\" \/>\n<meta name=\"twitter:image\" content=\"http:\/\/www.leblogmoto.com\/images\/2007\/11\/05\/bike_team_kr_names_.jpg\" \/>\n<meta name=\"twitter:label1\" content=\"\u00c9crit par\" \/>\n\t<meta name=\"twitter:data1\" content=\"benoit rieu\" \/>\n\t<meta name=\"twitter:label2\" content=\"Dur\u00e9e de lecture estim\u00e9e\" \/>\n\t<meta name=\"twitter:data2\" content=\"2 minutes\" \/>\n<script type=\"application\/ld+json\" class=\"yoast-schema-graph\">{\"@context\":\"https:\/\/schema.org\",\"@graph\":[{\"@type\":\"WebPage\",\"@id\":\"https:\/\/blogs.thesocialmedia.com\/leblogmoto\/2007\/11\/05\/etiez-vous-sur\/\",\"url\":\"https:\/\/blogs.thesocialmedia.com\/leblogmoto\/2007\/11\/05\/etiez-vous-sur\/\",\"name\":\"Etiez-vous sur la Honda du Team Roberts ce week-end ? - leblogmoto.com\",\"isPartOf\":{\"@id\":\"https:\/\/blogs.thesocialmedia.com\/leblogmoto\/#website\"},\"primaryImageOfPage\":{\"@id\":\"https:\/\/blogs.thesocialmedia.com\/leblogmoto\/2007\/11\/05\/etiez-vous-sur\/#primaryimage\"},\"image\":{\"@id\":\"https:\/\/blogs.thesocialmedia.com\/leblogmoto\/2007\/11\/05\/etiez-vous-sur\/#primaryimage\"},\"thumbnailUrl\":\"http:\/\/www.leblogmoto.com\/images\/2007\/11\/05\/bike_team_kr_names_.jpg\",\"datePublished\":\"2007-11-05T23:05:13+00:00\",\"dateModified\":\"2012-07-11T14:53:19+00:00\",\"author\":{\"@id\":\"https:\/\/blogs.thesocialmedia.com\/leblogmoto\/#\/schema\/person\/18bfe773e5725ed6d24f743da805362a\"},\"breadcrumb\":{\"@id\":\"https:\/\/blogs.thesocialmedia.com\/leblogmoto\/2007\/11\/05\/etiez-vous-sur\/#breadcrumb\"},\"inLanguage\":\"fr-FR\",\"potentialAction\":[{\"@type\":\"ReadAction\",\"target\":[\"https:\/\/blogs.thesocialmedia.com\/leblogmoto\/2007\/11\/05\/etiez-vous-sur\/\"]}]},{\"@type\":\"ImageObject\",\"inLanguage\":\"fr-FR\",\"@id\":\"https:\/\/blogs.thesocialmedia.com\/leblogmoto\/2007\/11\/05\/etiez-vous-sur\/#primaryimage\",\"url\":\"http:\/\/www.leblogmoto.com\/images\/2007\/11\/05\/bike_team_kr_names_.jpg\",\"contentUrl\":\"http:\/\/www.leblogmoto.com\/images\/2007\/11\/05\/bike_team_kr_names_.jpg\"},{\"@type\":\"BreadcrumbList\",\"@id\":\"https:\/\/blogs.thesocialmedia.com\/leblogmoto\/2007\/11\/05\/etiez-vous-sur\/#breadcrumb\",\"itemListElement\":[{\"@type\":\"ListItem\",\"position\":1,\"name\":\"Accueil\",\"item\":\"https:\/\/blogs.thesocialmedia.com\/leblogmoto\/\"},{\"@type\":\"ListItem\",\"position\":2,\"name\":\"Etiez-vous sur la Honda du Team Roberts ce week-end ?\"}]},{\"@type\":\"WebSite\",\"@id\":\"https:\/\/blogs.thesocialmedia.com\/leblogmoto\/#website\",\"url\":\"https:\/\/blogs.thesocialmedia.com\/leblogmoto\/\",\"name\":\"leblogmoto\",\"description\":\"Toute l&#039;actualit\u00e9 des 2 roues\",\"potentialAction\":[{\"@type\":\"SearchAction\",\"target\":{\"@type\":\"EntryPoint\",\"urlTemplate\":\"https:\/\/blogs.thesocialmedia.com\/leblogmoto\/?s={search_term_string}\"},\"query-input\":{\"@type\":\"PropertyValueSpecification\",\"valueRequired\":true,\"valueName\":\"search_term_string\"}}],\"inLanguage\":\"fr-FR\"},{\"@type\":\"Person\",\"@id\":\"https:\/\/blogs.thesocialmedia.com\/leblogmoto\/#\/schema\/person\/18bfe773e5725ed6d24f743da805362a\",\"name\":\"benoit rieu\",\"image\":{\"@type\":\"ImageObject\",\"inLanguage\":\"fr-FR\",\"@id\":\"https:\/\/blogs.thesocialmedia.com\/leblogmoto\/#\/schema\/person\/image\/\",\"url\":\"https:\/\/secure.gravatar.com\/avatar\/?s=96&d=mm&r=g\",\"contentUrl\":\"https:\/\/secure.gravatar.com\/avatar\/?s=96&d=mm&r=g\",\"caption\":\"benoit rieu\"},\"url\":\"https:\/\/blogs.thesocialmedia.com\/leblogmoto\/author\/benoit-rieu\/\"}]}<\/script>\n<!-- \/ Yoast SEO plugin. -->","yoast_head_json":{"title":"Etiez-vous sur la Honda du Team Roberts ce week-end ? - leblogmoto.com","robots":{"index":"index","follow":"follow","max-snippet":"max-snippet:-1","max-image-preview":"max-image-preview:large","max-video-preview":"max-video-preview:-1"},"canonical":"https:\/\/blogs.thesocialmedia.com\/leblogmoto\/2007\/11\/05\/etiez-vous-sur\/","twitter_card":"summary_large_image","twitter_title":"Etiez-vous sur la Honda du Team Roberts ce week-end ? - leblogmoto.com","twitter_description":"Superbe et intelligent coup de pub des Roberts. Le team anglo-am\u00e9ricain de Kenny Roberts Sr. (triple champion du monde, introduit dans trois Hall of Fame et nomm\u00e9 &quot;Grand Prix Legend&quot; par la FIM*) a fait courir sa Honda KR212V, recouverte des 15.502 noms de ses supporters lors du Grand Prix de Valencia. Les organisateurs de [&hellip;]","twitter_image":"http:\/\/www.leblogmoto.com\/images\/2007\/11\/05\/bike_team_kr_names_.jpg","twitter_misc":{"\u00c9crit par":"benoit rieu","Dur\u00e9e de lecture estim\u00e9e":"2 minutes"},"schema":{"@context":"https:\/\/schema.org","@graph":[{"@type":"WebPage","@id":"https:\/\/blogs.thesocialmedia.com\/leblogmoto\/2007\/11\/05\/etiez-vous-sur\/","url":"https:\/\/blogs.thesocialmedia.com\/leblogmoto\/2007\/11\/05\/etiez-vous-sur\/","name":"Etiez-vous sur la Honda du Team Roberts ce week-end ? - leblogmoto.com","isPartOf":{"@id":"https:\/\/blogs.thesocialmedia.com\/leblogmoto\/#website"},"primaryImageOfPage":{"@id":"https:\/\/blogs.thesocialmedia.com\/leblogmoto\/2007\/11\/05\/etiez-vous-sur\/#primaryimage"},"image":{"@id":"https:\/\/blogs.thesocialmedia.com\/leblogmoto\/2007\/11\/05\/etiez-vous-sur\/#primaryimage"},"thumbnailUrl":"http:\/\/www.leblogmoto.com\/images\/2007\/11\/05\/bike_team_kr_names_.jpg","datePublished":"2007-11-05T23:05:13+00:00","dateModified":"2012-07-11T14:53:19+00:00","author":{"@id":"https:\/\/blogs.thesocialmedia.com\/leblogmoto\/#\/schema\/person\/18bfe773e5725ed6d24f743da805362a"},"breadcrumb":{"@id":"https:\/\/blogs.thesocialmedia.com\/leblogmoto\/2007\/11\/05\/etiez-vous-sur\/#breadcrumb"},"inLanguage":"fr-FR","potentialAction":[{"@type":"ReadAction","target":["https:\/\/blogs.thesocialmedia.com\/leblogmoto\/2007\/11\/05\/etiez-vous-sur\/"]}]},{"@type":"ImageObject","inLanguage":"fr-FR","@id":"https:\/\/blogs.thesocialmedia.com\/leblogmoto\/2007\/11\/05\/etiez-vous-sur\/#primaryimage","url":"http:\/\/www.leblogmoto.com\/images\/2007\/11\/05\/bike_team_kr_names_.jpg","contentUrl":"http:\/\/www.leblogmoto.com\/images\/2007\/11\/05\/bike_team_kr_names_.jpg"},{"@type":"BreadcrumbList","@id":"https:\/\/blogs.thesocialmedia.com\/leblogmoto\/2007\/11\/05\/etiez-vous-sur\/#breadcrumb","itemListElement":[{"@type":"ListItem","position":1,"name":"Accueil","item":"https:\/\/blogs.thesocialmedia.com\/leblogmoto\/"},{"@type":"ListItem","position":2,"name":"Etiez-vous sur la Honda du Team Roberts ce week-end ?"}]},{"@type":"WebSite","@id":"https:\/\/blogs.thesocialmedia.com\/leblogmoto\/#website","url":"https:\/\/blogs.thesocialmedia.com\/leblogmoto\/","name":"leblogmoto","description":"Toute l&#039;actualit\u00e9 des 2 roues","potentialAction":[{"@type":"SearchAction","target":{"@type":"EntryPoint","urlTemplate":"https:\/\/blogs.thesocialmedia.com\/leblogmoto\/?s={search_term_string}"},"query-input":{"@type":"PropertyValueSpecification","valueRequired":true,"valueName":"search_term_string"}}],"inLanguage":"fr-FR"},{"@type":"Person","@id":"https:\/\/blogs.thesocialmedia.com\/leblogmoto\/#\/schema\/person\/18bfe773e5725ed6d24f743da805362a","name":"benoit rieu","image":{"@type":"ImageObject","inLanguage":"fr-FR","@id":"https:\/\/blogs.thesocialmedia.com\/leblogmoto\/#\/schema\/person\/image\/","url":"https:\/\/secure.gravatar.com\/avatar\/?s=96&d=mm&r=g","contentUrl":"https:\/\/secure.gravatar.com\/avatar\/?s=96&d=mm&r=g","caption":"benoit rieu"},"url":"https:\/\/blogs.thesocialmedia.com\/leblogmoto\/author\/benoit-rieu\/"}]}},"_links":{"self":[{"href":"https:\/\/blogs.thesocialmedia.com\/leblogmoto\/wp-json\/wp\/v2\/posts\/1119","targetHints":{"allow":["GET"]}}],"collection":[{"href":"https:\/\/blogs.thesocialmedia.com\/leblogmoto\/wp-json\/wp\/v2\/posts"}],"about":[{"href":"https:\/\/blogs.thesocialmedia.com\/leblogmoto\/wp-json\/wp\/v2\/types\/post"}],"author":[{"embeddable":true,"href":"https:\/\/blogs.thesocialmedia.com\/leblogmoto\/wp-json\/wp\/v2\/users\/324"}],"replies":[{"embeddable":true,"href":"https:\/\/blogs.thesocialmedia.com\/leblogmoto\/wp-json\/wp\/v2\/comments?post=1119"}],"version-history":[{"count":2,"href":"https:\/\/blogs.thesocialmedia.com\/leblogmoto\/wp-json\/wp\/v2\/posts\/1119\/revisions"}],"predecessor-version":[{"id":9066,"href":"https:\/\/blogs.thesocialmedia.com\/leblogmoto\/wp-json\/wp\/v2\/posts\/1119\/revisions\/9066"}],"wp:attachment":[{"href":"https:\/\/blogs.thesocialmedia.com\/leblogmoto\/wp-json\/wp\/v2\/media?parent=1119"}],"wp:term":[{"taxonomy":"category","embeddable":true,"href":"https:\/\/blogs.thesocialmedia.com\/leblogmoto\/wp-json\/wp\/v2\/categories?post=1119"},{"taxonomy":"post_tag","embeddable":true,"href":"https:\/\/blogs.thesocialmedia.com\/leblogmoto\/wp-json\/wp\/v2\/tags?post=1119"}],"curies":[{"name":"wp","href":"https:\/\/api.w.org\/{rel}","templated":true}]}}