{"id":1120,"date":"2007-11-05T21:21:06","date_gmt":"2007-11-05T21:21:06","guid":{"rendered":"http:\/\/blogs.thesocialmedia.com\/leblogmoto\/2007\/11\/05\/ducati-monster-3\/"},"modified":"2012-07-11T14:53:13","modified_gmt":"2012-07-11T14:53:13","slug":"ducati-monster-3","status":"publish","type":"post","link":"https:\/\/blogs.thesocialmedia.com\/leblogmoto\/2007\/11\/05\/ducati-monster-3\/","title":{"rendered":"Ducati Monster 696, ann\u00e9e 2008"},"content":{"rendered":"<p><a href=\"http:\/\/blogs.thesocialmedia.com\/leblogmoto\/files\/2012\/07\/696.jpg\"><img loading=\"lazy\" decoding=\"async\" width=\"470\" height=\"140\"  src=\"http:\/\/www.leblogmoto.com\/images\/2007\/11\/05\/696.jpg\" alt=\"696\" \/><\/a> <\/p>\n<p>Le voil\u00e0 enfin ce nouveau monstre, premier de sa lign\u00e9e \u00e0 ce montrer le bout du nez des nouveaut\u00e9s <a href=\"http:\/\/www.ducati.com\/en\/bikes\/my2008\/Monster\/M696-08\/presentation\/index.html\">Ducati<\/a> pour 2008. Stylistiquement parlant, les pronostiqueurs n&rsquo;avaient pas tout faux, mais n&rsquo;approchaient pas vraiment la r\u00e9alit\u00e9 non plus. \u00c0 une exception pr\u00e8s, la position relev\u00e9 de l&rsquo;\u00e9chappement, mais cela tenait de l&rsquo;\u00e9vidence. On remarquera l&rsquo;accentuation de l&rsquo;allure Bossu de Notre-Dame avec un nouveau r\u00e9servoir dont les panneaux de c\u00f4t\u00e9 sont interchangeables, pour la couleur ou en cas de petit incident, et le phare ovale positionn\u00e9 bas. La selle est aussi plus basse et effil\u00e9e, ce sont les filles qui vont aimer. La puissance est revue \u00e0 la hausse passant de 72 \u00e0 80 cv. L&rsquo;instrumentation passe au num\u00e9rique d&rsquo;inspiration 1098 avec compte-tours, horloge, niveaux des fluides et alertes entretiens.<\/p>\n<p><a href=\"http:\/\/clabedan.typepad.com\/.shared\/image.html?\/photos\/uncategorized\/2007\/11\/05\/696_5.jpg\"><img loading=\"lazy\" decoding=\"async\" width=\"470\" height=\"306\"  src=\"http:\/\/www.leblogmoto.com\/images\/2007\/11\/05\/696_5.jpg\" alt=\"696_5\" \/><\/a> <\/p>\n<p><a href=\"http:\/\/blogs.thesocialmedia.com\/leblogmoto\/files\/2012\/07\/696_2.jpg\"><img loading=\"lazy\" decoding=\"async\" width=\"470\" height=\"306\"  src=\"http:\/\/www.leblogmoto.com\/images\/2007\/11\/05\/696_2.jpg\" alt=\"696_2\" \/><\/a> <\/p>\n<p><a href=\"http:\/\/blogs.thesocialmedia.com\/leblogmoto\/files\/2012\/07\/696_1.jpg\"><img loading=\"lazy\" decoding=\"async\" width=\"470\" height=\"306\"  src=\"http:\/\/www.leblogmoto.com\/images\/2007\/11\/05\/696_1.jpg\" alt=\"696_1\" \/><\/a> <\/p>\n","protected":false},"excerpt":{"rendered":"<p>Le voil\u00e0 enfin ce nouveau monstre, premier de sa lign\u00e9e \u00e0 ce montrer le bout du nez des nouveaut\u00e9s Ducati pour 2008. Stylistiquement parlant, les pronostiqueurs n&rsquo;avaient pas tout faux, mais n&rsquo;approchaient pas vraiment la r\u00e9alit\u00e9 non plus. \u00c0 une exception pr\u00e8s, la position relev\u00e9 de l&rsquo;\u00e9chappement, mais cela tenait de l&rsquo;\u00e9vidence. On remarquera l&rsquo;accentuation [&hellip;]<\/p>\n","protected":false},"author":325,"featured_media":0,"comment_status":"open","ping_status":"open","sticky":false,"template":"","format":"standard","meta":{"footnotes":""},"categories":[3,41],"tags":[],"class_list":["post-1120","post","type-post","status-publish","format-standard","hentry","category-actualite","category-ducati"],"yoast_head":"<!-- This site is optimized with the Yoast SEO plugin v26.0 - https:\/\/yoast.com\/wordpress\/plugins\/seo\/ -->\n<title>Ducati Monster 696, ann\u00e9e 2008 - leblogmoto.com<\/title>\n<meta name=\"robots\" content=\"index, follow, max-snippet:-1, max-image-preview:large, max-video-preview:-1\" \/>\n<link rel=\"canonical\" href=\"https:\/\/blogs.thesocialmedia.com\/leblogmoto\/2007\/11\/05\/ducati-monster-3\/\" \/>\n<meta name=\"twitter:card\" content=\"summary_large_image\" \/>\n<meta name=\"twitter:title\" content=\"Ducati Monster 696, ann\u00e9e 2008 - leblogmoto.com\" \/>\n<meta name=\"twitter:description\" content=\"Le voil\u00e0 enfin ce nouveau monstre, premier de sa lign\u00e9e \u00e0 ce montrer le bout du nez des nouveaut\u00e9s Ducati pour 2008. Stylistiquement parlant, les pronostiqueurs n&rsquo;avaient pas tout faux, mais n&rsquo;approchaient pas vraiment la r\u00e9alit\u00e9 non plus. \u00c0 une exception pr\u00e8s, la position relev\u00e9 de l&rsquo;\u00e9chappement, mais cela tenait de l&rsquo;\u00e9vidence. On remarquera l&rsquo;accentuation [&hellip;]\" \/>\n<meta name=\"twitter:image\" content=\"http:\/\/www.leblogmoto.com\/images\/2007\/11\/05\/696.jpg\" \/>\n<meta name=\"twitter:label1\" content=\"\u00c9crit par\" \/>\n\t<meta name=\"twitter:data1\" content=\"jacques lesage\" \/>\n\t<meta name=\"twitter:label2\" content=\"Dur\u00e9e de lecture estim\u00e9e\" \/>\n\t<meta name=\"twitter:data2\" content=\"1 minute\" \/>\n<script type=\"application\/ld+json\" class=\"yoast-schema-graph\">{\"@context\":\"https:\/\/schema.org\",\"@graph\":[{\"@type\":\"WebPage\",\"@id\":\"https:\/\/blogs.thesocialmedia.com\/leblogmoto\/2007\/11\/05\/ducati-monster-3\/\",\"url\":\"https:\/\/blogs.thesocialmedia.com\/leblogmoto\/2007\/11\/05\/ducati-monster-3\/\",\"name\":\"Ducati Monster 696, ann\u00e9e 2008 - leblogmoto.com\",\"isPartOf\":{\"@id\":\"https:\/\/blogs.thesocialmedia.com\/leblogmoto\/#website\"},\"primaryImageOfPage\":{\"@id\":\"https:\/\/blogs.thesocialmedia.com\/leblogmoto\/2007\/11\/05\/ducati-monster-3\/#primaryimage\"},\"image\":{\"@id\":\"https:\/\/blogs.thesocialmedia.com\/leblogmoto\/2007\/11\/05\/ducati-monster-3\/#primaryimage\"},\"thumbnailUrl\":\"http:\/\/www.leblogmoto.com\/images\/2007\/11\/05\/696.jpg\",\"datePublished\":\"2007-11-05T21:21:06+00:00\",\"dateModified\":\"2012-07-11T14:53:13+00:00\",\"author\":{\"@id\":\"https:\/\/blogs.thesocialmedia.com\/leblogmoto\/#\/schema\/person\/e82a0ca8a9a63d031586097a3ed58526\"},\"breadcrumb\":{\"@id\":\"https:\/\/blogs.thesocialmedia.com\/leblogmoto\/2007\/11\/05\/ducati-monster-3\/#breadcrumb\"},\"inLanguage\":\"fr-FR\",\"potentialAction\":[{\"@type\":\"ReadAction\",\"target\":[\"https:\/\/blogs.thesocialmedia.com\/leblogmoto\/2007\/11\/05\/ducati-monster-3\/\"]}]},{\"@type\":\"ImageObject\",\"inLanguage\":\"fr-FR\",\"@id\":\"https:\/\/blogs.thesocialmedia.com\/leblogmoto\/2007\/11\/05\/ducati-monster-3\/#primaryimage\",\"url\":\"http:\/\/www.leblogmoto.com\/images\/2007\/11\/05\/696.jpg\",\"contentUrl\":\"http:\/\/www.leblogmoto.com\/images\/2007\/11\/05\/696.jpg\"},{\"@type\":\"BreadcrumbList\",\"@id\":\"https:\/\/blogs.thesocialmedia.com\/leblogmoto\/2007\/11\/05\/ducati-monster-3\/#breadcrumb\",\"itemListElement\":[{\"@type\":\"ListItem\",\"position\":1,\"name\":\"Accueil\",\"item\":\"https:\/\/blogs.thesocialmedia.com\/leblogmoto\/\"},{\"@type\":\"ListItem\",\"position\":2,\"name\":\"Ducati Monster 696, ann\u00e9e 2008\"}]},{\"@type\":\"WebSite\",\"@id\":\"https:\/\/blogs.thesocialmedia.com\/leblogmoto\/#website\",\"url\":\"https:\/\/blogs.thesocialmedia.com\/leblogmoto\/\",\"name\":\"leblogmoto\",\"description\":\"Toute l&#039;actualit\u00e9 des 2 roues\",\"potentialAction\":[{\"@type\":\"SearchAction\",\"target\":{\"@type\":\"EntryPoint\",\"urlTemplate\":\"https:\/\/blogs.thesocialmedia.com\/leblogmoto\/?s={search_term_string}\"},\"query-input\":{\"@type\":\"PropertyValueSpecification\",\"valueRequired\":true,\"valueName\":\"search_term_string\"}}],\"inLanguage\":\"fr-FR\"},{\"@type\":\"Person\",\"@id\":\"https:\/\/blogs.thesocialmedia.com\/leblogmoto\/#\/schema\/person\/e82a0ca8a9a63d031586097a3ed58526\",\"name\":\"jacques lesage\",\"image\":{\"@type\":\"ImageObject\",\"inLanguage\":\"fr-FR\",\"@id\":\"https:\/\/blogs.thesocialmedia.com\/leblogmoto\/#\/schema\/person\/image\/\",\"url\":\"https:\/\/secure.gravatar.com\/avatar\/?s=96&d=mm&r=g\",\"contentUrl\":\"https:\/\/secure.gravatar.com\/avatar\/?s=96&d=mm&r=g\",\"caption\":\"jacques lesage\"},\"url\":\"https:\/\/blogs.thesocialmedia.com\/leblogmoto\/author\/jacques-lesage\/\"}]}<\/script>\n<!-- \/ Yoast SEO plugin. -->","yoast_head_json":{"title":"Ducati Monster 696, ann\u00e9e 2008 - leblogmoto.com","robots":{"index":"index","follow":"follow","max-snippet":"max-snippet:-1","max-image-preview":"max-image-preview:large","max-video-preview":"max-video-preview:-1"},"canonical":"https:\/\/blogs.thesocialmedia.com\/leblogmoto\/2007\/11\/05\/ducati-monster-3\/","twitter_card":"summary_large_image","twitter_title":"Ducati Monster 696, ann\u00e9e 2008 - leblogmoto.com","twitter_description":"Le voil\u00e0 enfin ce nouveau monstre, premier de sa lign\u00e9e \u00e0 ce montrer le bout du nez des nouveaut\u00e9s Ducati pour 2008. Stylistiquement parlant, les pronostiqueurs n&rsquo;avaient pas tout faux, mais n&rsquo;approchaient pas vraiment la r\u00e9alit\u00e9 non plus. \u00c0 une exception pr\u00e8s, la position relev\u00e9 de l&rsquo;\u00e9chappement, mais cela tenait de l&rsquo;\u00e9vidence. On remarquera l&rsquo;accentuation [&hellip;]","twitter_image":"http:\/\/www.leblogmoto.com\/images\/2007\/11\/05\/696.jpg","twitter_misc":{"\u00c9crit par":"jacques lesage","Dur\u00e9e de lecture estim\u00e9e":"1 minute"},"schema":{"@context":"https:\/\/schema.org","@graph":[{"@type":"WebPage","@id":"https:\/\/blogs.thesocialmedia.com\/leblogmoto\/2007\/11\/05\/ducati-monster-3\/","url":"https:\/\/blogs.thesocialmedia.com\/leblogmoto\/2007\/11\/05\/ducati-monster-3\/","name":"Ducati Monster 696, ann\u00e9e 2008 - leblogmoto.com","isPartOf":{"@id":"https:\/\/blogs.thesocialmedia.com\/leblogmoto\/#website"},"primaryImageOfPage":{"@id":"https:\/\/blogs.thesocialmedia.com\/leblogmoto\/2007\/11\/05\/ducati-monster-3\/#primaryimage"},"image":{"@id":"https:\/\/blogs.thesocialmedia.com\/leblogmoto\/2007\/11\/05\/ducati-monster-3\/#primaryimage"},"thumbnailUrl":"http:\/\/www.leblogmoto.com\/images\/2007\/11\/05\/696.jpg","datePublished":"2007-11-05T21:21:06+00:00","dateModified":"2012-07-11T14:53:13+00:00","author":{"@id":"https:\/\/blogs.thesocialmedia.com\/leblogmoto\/#\/schema\/person\/e82a0ca8a9a63d031586097a3ed58526"},"breadcrumb":{"@id":"https:\/\/blogs.thesocialmedia.com\/leblogmoto\/2007\/11\/05\/ducati-monster-3\/#breadcrumb"},"inLanguage":"fr-FR","potentialAction":[{"@type":"ReadAction","target":["https:\/\/blogs.thesocialmedia.com\/leblogmoto\/2007\/11\/05\/ducati-monster-3\/"]}]},{"@type":"ImageObject","inLanguage":"fr-FR","@id":"https:\/\/blogs.thesocialmedia.com\/leblogmoto\/2007\/11\/05\/ducati-monster-3\/#primaryimage","url":"http:\/\/www.leblogmoto.com\/images\/2007\/11\/05\/696.jpg","contentUrl":"http:\/\/www.leblogmoto.com\/images\/2007\/11\/05\/696.jpg"},{"@type":"BreadcrumbList","@id":"https:\/\/blogs.thesocialmedia.com\/leblogmoto\/2007\/11\/05\/ducati-monster-3\/#breadcrumb","itemListElement":[{"@type":"ListItem","position":1,"name":"Accueil","item":"https:\/\/blogs.thesocialmedia.com\/leblogmoto\/"},{"@type":"ListItem","position":2,"name":"Ducati Monster 696, ann\u00e9e 2008"}]},{"@type":"WebSite","@id":"https:\/\/blogs.thesocialmedia.com\/leblogmoto\/#website","url":"https:\/\/blogs.thesocialmedia.com\/leblogmoto\/","name":"leblogmoto","description":"Toute l&#039;actualit\u00e9 des 2 roues","potentialAction":[{"@type":"SearchAction","target":{"@type":"EntryPoint","urlTemplate":"https:\/\/blogs.thesocialmedia.com\/leblogmoto\/?s={search_term_string}"},"query-input":{"@type":"PropertyValueSpecification","valueRequired":true,"valueName":"search_term_string"}}],"inLanguage":"fr-FR"},{"@type":"Person","@id":"https:\/\/blogs.thesocialmedia.com\/leblogmoto\/#\/schema\/person\/e82a0ca8a9a63d031586097a3ed58526","name":"jacques lesage","image":{"@type":"ImageObject","inLanguage":"fr-FR","@id":"https:\/\/blogs.thesocialmedia.com\/leblogmoto\/#\/schema\/person\/image\/","url":"https:\/\/secure.gravatar.com\/avatar\/?s=96&d=mm&r=g","contentUrl":"https:\/\/secure.gravatar.com\/avatar\/?s=96&d=mm&r=g","caption":"jacques lesage"},"url":"https:\/\/blogs.thesocialmedia.com\/leblogmoto\/author\/jacques-lesage\/"}]}},"_links":{"self":[{"href":"https:\/\/blogs.thesocialmedia.com\/leblogmoto\/wp-json\/wp\/v2\/posts\/1120","targetHints":{"allow":["GET"]}}],"collection":[{"href":"https:\/\/blogs.thesocialmedia.com\/leblogmoto\/wp-json\/wp\/v2\/posts"}],"about":[{"href":"https:\/\/blogs.thesocialmedia.com\/leblogmoto\/wp-json\/wp\/v2\/types\/post"}],"author":[{"embeddable":true,"href":"https:\/\/blogs.thesocialmedia.com\/leblogmoto\/wp-json\/wp\/v2\/users\/325"}],"replies":[{"embeddable":true,"href":"https:\/\/blogs.thesocialmedia.com\/leblogmoto\/wp-json\/wp\/v2\/comments?post=1120"}],"version-history":[{"count":2,"href":"https:\/\/blogs.thesocialmedia.com\/leblogmoto\/wp-json\/wp\/v2\/posts\/1120\/revisions"}],"predecessor-version":[{"id":9063,"href":"https:\/\/blogs.thesocialmedia.com\/leblogmoto\/wp-json\/wp\/v2\/posts\/1120\/revisions\/9063"}],"wp:attachment":[{"href":"https:\/\/blogs.thesocialmedia.com\/leblogmoto\/wp-json\/wp\/v2\/media?parent=1120"}],"wp:term":[{"taxonomy":"category","embeddable":true,"href":"https:\/\/blogs.thesocialmedia.com\/leblogmoto\/wp-json\/wp\/v2\/categories?post=1120"},{"taxonomy":"post_tag","embeddable":true,"href":"https:\/\/blogs.thesocialmedia.com\/leblogmoto\/wp-json\/wp\/v2\/tags?post=1120"}],"curies":[{"name":"wp","href":"https:\/\/api.w.org\/{rel}","templated":true}]}}