{"id":1121,"date":"2007-11-05T08:10:33","date_gmt":"2007-11-05T08:10:33","guid":{"rendered":"http:\/\/blogs.thesocialmedia.com\/leblogmoto\/2007\/11\/05\/des-photos-du-s\/"},"modified":"2012-07-11T14:53:08","modified_gmt":"2012-07-11T14:53:08","slug":"des-photos-du-s","status":"publish","type":"post","link":"https:\/\/blogs.thesocialmedia.com\/leblogmoto\/2007\/11\/05\/des-photos-du-s\/","title":{"rendered":"Des photos du Suzuki Biplane au Tokyo Motor Show"},"content":{"rendered":"<p><a href=\"http:\/\/blogs.thesocialmedia.com\/leblogmoto\/files\/2012\/07\/suzuki_biplane_flanc_droit.jpg\"><img loading=\"lazy\" decoding=\"async\" width=\"470\" height=\"312\"  alt=\"Suzuki_biplane_flanc_droit\" src=\"http:\/\/www.leblogmoto.com\/images\/2007\/11\/04\/suzuki_biplane_flanc_droit.jpg\" \/><\/a><\/p>\n<p>Le salon de Tokyo se termine Dimanche et nous ne pouvions abandonner les concepts bikes qui y sont pr\u00e9sent\u00e9es, alors que <a href=\"http:\/\/blogs.thesocialmedia.com\/leblogmoto\/files\/2012\/07\/40me-tokyo-moto.html_.png\">nous vous en avions tant parl\u00e9<\/a> avant m\u00eame qu&rsquo;elles ne d\u00e9barquent dans les <em>show rooms<\/em> tokyo\u00eftes, m\u00eame <a href=\"http:\/\/www.leblogmoto.com\/2007\/10\/yamaha-sur-seco.html\">virtuellement<\/a>. Commen\u00e7ons par celle qui semble directement issue du manga Akira, comme l&rsquo;un de vous le faisait remarquer en commentaire, la <a href=\"http:\/\/blogs.thesocialmedia.com\/leblogmoto\/files\/2012\/07\/40me-tokyo-moto.html_.png\">Suzuki Biplane<\/a>. Mais moto futuriste ou pas, on n&rsquo;a rien trouv\u00e9 de mieux qu&rsquo;une b\u00e9quille d&rsquo;atelier pour la maintenir debout.<\/p>\n<p><a href=\"http:\/\/clabedan.typepad.com\/.shared\/image.html?\/photos\/uncategorized\/2007\/11\/04\/suzuki_biplane_vue_de_dessous.jpg\"><img loading=\"lazy\" decoding=\"async\" width=\"470\" height=\"364\"  alt=\"Suzuki_biplane_vue_de_dessous\" src=\"http:\/\/www.leblogmoto.com\/images\/2007\/11\/04\/suzuki_biplane_vue_de_dessous.jpg\" \/><\/a><\/p>\n<p>Ah, les (doubles) disques de frein p\u00e9rim\u00e9triques fa\u00e7on Buell comme nous le notions lors du premier communiqu\u00e9 de presse. Avec d&rsquo;\u00e9tranges et futuristes sculptures sur le train de pneus Bridgestone, sans aucun doute mont\u00e9s pour l&rsquo;occasion. Ce sont d&rsquo;ailleurs les flancs qui sont sculpt\u00e9s et non la bande de roulement qui reste en slick. <\/p>\n<p>Le sabot moteur lui donne un aspect ventru assez amusant, mais rien ne nous \u00e9claire sur la motorisation de la b\u00eate, un V4, si l&rsquo;on s&rsquo;en tient au <em>press release.<\/em><\/p>\n<p>Remarquez dans ces deux premi\u00e8res photos la fa\u00e7on tr\u00e8s \u00e9l\u00e9gante et discr\u00e8te qu&rsquo;\u00e0 Suzuki d&rsquo;int\u00e9grer l&rsquo;\u00e9chappement aux lignes g\u00e9n\u00e9rales de la moto.  <\/p>\n<p><a href=\"http:\/\/blogs.thesocialmedia.com\/leblogmoto\/files\/2012\/07\/suzuki_biplane_fourche_av.jpg\"><img loading=\"lazy\" decoding=\"async\" width=\"470\" height=\"705\"  alt=\"Suzuki_biplane_fourche_av\" src=\"http:\/\/www.leblogmoto.com\/images\/2007\/11\/04\/suzuki_biplane_fourche_av.jpg\" \/><\/a><\/p>\n<p>Il se d\u00e9gage quand m\u00eame une certaine lourdeur de cette fourche \u00e0 parall\u00e9logramme (et non ce ne sera pas une monofourche donc !). Les LEDs comme nous le pensions, sont empil\u00e9es de chaque c\u00f4t\u00e9 du radiateur. <\/p>\n<p>Et l&rsquo;on d\u00e9couvre un insoup\u00e7onn\u00e9 guidon fa\u00e7on v\u00e9lo de pistard en vitesse, int\u00e9grant des &quot;cliquos&quot;. En esp\u00e9rant que l&rsquo;ensemble soit d&rsquo;une grande rigidit\u00e9 pour commander proprement cette \u00e9norme fourche avant et qu&rsquo;elle r\u00e9ponde avec vivacit\u00e9 aux moindres sollicitations du motard.<\/p>\n<p><a href=\"http:\/\/blogs.thesocialmedia.com\/leblogmoto\/files\/2012\/07\/suzuki_biplane_troisquart.jpg\"><img loading=\"lazy\" decoding=\"async\" width=\"470\" height=\"312\"  alt=\"Suzuki_biplane_troisquart\" src=\"http:\/\/www.leblogmoto.com\/images\/2007\/11\/04\/suzuki_biplane_troisquart.jpg\" \/><\/a><\/p>\n<p>La partie arri\u00e8re autoporteuse avec sa selle au look r\u00e9tro, et le piston \u00e0 gaz que l&rsquo;on distingue \u00e0 peine sur la premi\u00e8re photo et beaucoup mieux sur <a href=\"http:\/\/blogs.thesocialmedia.com\/leblogmoto\/files\/2012\/07\/40me-tokyo-moto.html_.png\">la photo du communiqu\u00e9 de presse<\/a>. <\/p>\n<p>On est \u00e9tonn\u00e9 (et un peu d\u00e9\u00e7u) de voir un double bras oscillant \u00e0 la place du monobras qu&rsquo;on pressentait pour s&rsquo;arrimer \u00e0 la roue arri\u00e8re. <\/p>\n<p>Un gigantisme et une impression de lourdeur encore renforc\u00e9s par une transmission secondaire par cardan et un empattement \u00e9norme, r\u00e9el et constat\u00e9 cette fois. Comme lors de la premi\u00e8re fois n&rsquo;h\u00e9sitez pas \u00e9videmment \u00e0 laisser vos commentaires sur cette belle, mais d\u00e9concertante, b\u00e9cane.<\/p>\n<p><em>cr\u00e9dit photos: <a href=\"http:\/\/jalopnik.com\">jalopnik.com<\/a>, un tr\u00e8s bon blog en Anglais sur les&#8230; voitures.<\/em><\/p>\n","protected":false},"excerpt":{"rendered":"<p>Le salon de Tokyo se termine Dimanche et nous ne pouvions abandonner les concepts bikes qui y sont pr\u00e9sent\u00e9es, alors que nous vous en avions tant parl\u00e9 avant m\u00eame qu&rsquo;elles ne d\u00e9barquent dans les show rooms tokyo\u00eftes, m\u00eame virtuellement. Commen\u00e7ons par celle qui semble directement issue du manga Akira, comme l&rsquo;un de vous le faisait [&hellip;]<\/p>\n","protected":false},"author":324,"featured_media":0,"comment_status":"open","ping_status":"open","sticky":false,"template":"","format":"standard","meta":{"footnotes":""},"categories":[3,33,36,51],"tags":[],"class_list":["post-1121","post","type-post","status-publish","format-standard","hentry","category-actualite","category-concept-bike","category-salons","category-suzuki"],"yoast_head":"<!-- This site is optimized with the Yoast SEO plugin v26.0 - https:\/\/yoast.com\/wordpress\/plugins\/seo\/ -->\n<title>Des photos du Suzuki Biplane au Tokyo Motor Show - leblogmoto.com<\/title>\n<meta name=\"robots\" content=\"index, follow, max-snippet:-1, max-image-preview:large, max-video-preview:-1\" \/>\n<link rel=\"canonical\" href=\"https:\/\/blogs.thesocialmedia.com\/leblogmoto\/2007\/11\/05\/des-photos-du-s\/\" \/>\n<meta name=\"twitter:card\" content=\"summary_large_image\" \/>\n<meta name=\"twitter:title\" content=\"Des photos du Suzuki Biplane au Tokyo Motor Show - leblogmoto.com\" \/>\n<meta name=\"twitter:description\" content=\"Le salon de Tokyo se termine Dimanche et nous ne pouvions abandonner les concepts bikes qui y sont pr\u00e9sent\u00e9es, alors que nous vous en avions tant parl\u00e9 avant m\u00eame qu&rsquo;elles ne d\u00e9barquent dans les show rooms tokyo\u00eftes, m\u00eame virtuellement. Commen\u00e7ons par celle qui semble directement issue du manga Akira, comme l&rsquo;un de vous le faisait [&hellip;]\" \/>\n<meta name=\"twitter:image\" content=\"http:\/\/www.leblogmoto.com\/images\/2007\/11\/04\/suzuki_biplane_flanc_droit.jpg\" \/>\n<meta name=\"twitter:label1\" content=\"\u00c9crit par\" \/>\n\t<meta name=\"twitter:data1\" content=\"benoit rieu\" \/>\n\t<meta name=\"twitter:label2\" content=\"Dur\u00e9e de lecture estim\u00e9e\" \/>\n\t<meta name=\"twitter:data2\" content=\"2 minutes\" \/>\n<script type=\"application\/ld+json\" class=\"yoast-schema-graph\">{\"@context\":\"https:\/\/schema.org\",\"@graph\":[{\"@type\":\"WebPage\",\"@id\":\"https:\/\/blogs.thesocialmedia.com\/leblogmoto\/2007\/11\/05\/des-photos-du-s\/\",\"url\":\"https:\/\/blogs.thesocialmedia.com\/leblogmoto\/2007\/11\/05\/des-photos-du-s\/\",\"name\":\"Des photos du Suzuki Biplane au Tokyo Motor Show - leblogmoto.com\",\"isPartOf\":{\"@id\":\"https:\/\/blogs.thesocialmedia.com\/leblogmoto\/#website\"},\"primaryImageOfPage\":{\"@id\":\"https:\/\/blogs.thesocialmedia.com\/leblogmoto\/2007\/11\/05\/des-photos-du-s\/#primaryimage\"},\"image\":{\"@id\":\"https:\/\/blogs.thesocialmedia.com\/leblogmoto\/2007\/11\/05\/des-photos-du-s\/#primaryimage\"},\"thumbnailUrl\":\"http:\/\/www.leblogmoto.com\/images\/2007\/11\/04\/suzuki_biplane_flanc_droit.jpg\",\"datePublished\":\"2007-11-05T08:10:33+00:00\",\"dateModified\":\"2012-07-11T14:53:08+00:00\",\"author\":{\"@id\":\"https:\/\/blogs.thesocialmedia.com\/leblogmoto\/#\/schema\/person\/18bfe773e5725ed6d24f743da805362a\"},\"breadcrumb\":{\"@id\":\"https:\/\/blogs.thesocialmedia.com\/leblogmoto\/2007\/11\/05\/des-photos-du-s\/#breadcrumb\"},\"inLanguage\":\"fr-FR\",\"potentialAction\":[{\"@type\":\"ReadAction\",\"target\":[\"https:\/\/blogs.thesocialmedia.com\/leblogmoto\/2007\/11\/05\/des-photos-du-s\/\"]}]},{\"@type\":\"ImageObject\",\"inLanguage\":\"fr-FR\",\"@id\":\"https:\/\/blogs.thesocialmedia.com\/leblogmoto\/2007\/11\/05\/des-photos-du-s\/#primaryimage\",\"url\":\"http:\/\/www.leblogmoto.com\/images\/2007\/11\/04\/suzuki_biplane_flanc_droit.jpg\",\"contentUrl\":\"http:\/\/www.leblogmoto.com\/images\/2007\/11\/04\/suzuki_biplane_flanc_droit.jpg\"},{\"@type\":\"BreadcrumbList\",\"@id\":\"https:\/\/blogs.thesocialmedia.com\/leblogmoto\/2007\/11\/05\/des-photos-du-s\/#breadcrumb\",\"itemListElement\":[{\"@type\":\"ListItem\",\"position\":1,\"name\":\"Accueil\",\"item\":\"https:\/\/blogs.thesocialmedia.com\/leblogmoto\/\"},{\"@type\":\"ListItem\",\"position\":2,\"name\":\"Des photos du Suzuki Biplane au Tokyo Motor Show\"}]},{\"@type\":\"WebSite\",\"@id\":\"https:\/\/blogs.thesocialmedia.com\/leblogmoto\/#website\",\"url\":\"https:\/\/blogs.thesocialmedia.com\/leblogmoto\/\",\"name\":\"leblogmoto\",\"description\":\"Toute l&#039;actualit\u00e9 des 2 roues\",\"potentialAction\":[{\"@type\":\"SearchAction\",\"target\":{\"@type\":\"EntryPoint\",\"urlTemplate\":\"https:\/\/blogs.thesocialmedia.com\/leblogmoto\/?s={search_term_string}\"},\"query-input\":{\"@type\":\"PropertyValueSpecification\",\"valueRequired\":true,\"valueName\":\"search_term_string\"}}],\"inLanguage\":\"fr-FR\"},{\"@type\":\"Person\",\"@id\":\"https:\/\/blogs.thesocialmedia.com\/leblogmoto\/#\/schema\/person\/18bfe773e5725ed6d24f743da805362a\",\"name\":\"benoit rieu\",\"image\":{\"@type\":\"ImageObject\",\"inLanguage\":\"fr-FR\",\"@id\":\"https:\/\/blogs.thesocialmedia.com\/leblogmoto\/#\/schema\/person\/image\/\",\"url\":\"https:\/\/secure.gravatar.com\/avatar\/?s=96&d=mm&r=g\",\"contentUrl\":\"https:\/\/secure.gravatar.com\/avatar\/?s=96&d=mm&r=g\",\"caption\":\"benoit rieu\"},\"url\":\"https:\/\/blogs.thesocialmedia.com\/leblogmoto\/author\/benoit-rieu\/\"}]}<\/script>\n<!-- \/ Yoast SEO plugin. -->","yoast_head_json":{"title":"Des photos du Suzuki Biplane au Tokyo Motor Show - leblogmoto.com","robots":{"index":"index","follow":"follow","max-snippet":"max-snippet:-1","max-image-preview":"max-image-preview:large","max-video-preview":"max-video-preview:-1"},"canonical":"https:\/\/blogs.thesocialmedia.com\/leblogmoto\/2007\/11\/05\/des-photos-du-s\/","twitter_card":"summary_large_image","twitter_title":"Des photos du Suzuki Biplane au Tokyo Motor Show - leblogmoto.com","twitter_description":"Le salon de Tokyo se termine Dimanche et nous ne pouvions abandonner les concepts bikes qui y sont pr\u00e9sent\u00e9es, alors que nous vous en avions tant parl\u00e9 avant m\u00eame qu&rsquo;elles ne d\u00e9barquent dans les show rooms tokyo\u00eftes, m\u00eame virtuellement. Commen\u00e7ons par celle qui semble directement issue du manga Akira, comme l&rsquo;un de vous le faisait [&hellip;]","twitter_image":"http:\/\/www.leblogmoto.com\/images\/2007\/11\/04\/suzuki_biplane_flanc_droit.jpg","twitter_misc":{"\u00c9crit par":"benoit rieu","Dur\u00e9e de lecture estim\u00e9e":"2 minutes"},"schema":{"@context":"https:\/\/schema.org","@graph":[{"@type":"WebPage","@id":"https:\/\/blogs.thesocialmedia.com\/leblogmoto\/2007\/11\/05\/des-photos-du-s\/","url":"https:\/\/blogs.thesocialmedia.com\/leblogmoto\/2007\/11\/05\/des-photos-du-s\/","name":"Des photos du Suzuki Biplane au Tokyo Motor Show - leblogmoto.com","isPartOf":{"@id":"https:\/\/blogs.thesocialmedia.com\/leblogmoto\/#website"},"primaryImageOfPage":{"@id":"https:\/\/blogs.thesocialmedia.com\/leblogmoto\/2007\/11\/05\/des-photos-du-s\/#primaryimage"},"image":{"@id":"https:\/\/blogs.thesocialmedia.com\/leblogmoto\/2007\/11\/05\/des-photos-du-s\/#primaryimage"},"thumbnailUrl":"http:\/\/www.leblogmoto.com\/images\/2007\/11\/04\/suzuki_biplane_flanc_droit.jpg","datePublished":"2007-11-05T08:10:33+00:00","dateModified":"2012-07-11T14:53:08+00:00","author":{"@id":"https:\/\/blogs.thesocialmedia.com\/leblogmoto\/#\/schema\/person\/18bfe773e5725ed6d24f743da805362a"},"breadcrumb":{"@id":"https:\/\/blogs.thesocialmedia.com\/leblogmoto\/2007\/11\/05\/des-photos-du-s\/#breadcrumb"},"inLanguage":"fr-FR","potentialAction":[{"@type":"ReadAction","target":["https:\/\/blogs.thesocialmedia.com\/leblogmoto\/2007\/11\/05\/des-photos-du-s\/"]}]},{"@type":"ImageObject","inLanguage":"fr-FR","@id":"https:\/\/blogs.thesocialmedia.com\/leblogmoto\/2007\/11\/05\/des-photos-du-s\/#primaryimage","url":"http:\/\/www.leblogmoto.com\/images\/2007\/11\/04\/suzuki_biplane_flanc_droit.jpg","contentUrl":"http:\/\/www.leblogmoto.com\/images\/2007\/11\/04\/suzuki_biplane_flanc_droit.jpg"},{"@type":"BreadcrumbList","@id":"https:\/\/blogs.thesocialmedia.com\/leblogmoto\/2007\/11\/05\/des-photos-du-s\/#breadcrumb","itemListElement":[{"@type":"ListItem","position":1,"name":"Accueil","item":"https:\/\/blogs.thesocialmedia.com\/leblogmoto\/"},{"@type":"ListItem","position":2,"name":"Des photos du Suzuki Biplane au Tokyo Motor Show"}]},{"@type":"WebSite","@id":"https:\/\/blogs.thesocialmedia.com\/leblogmoto\/#website","url":"https:\/\/blogs.thesocialmedia.com\/leblogmoto\/","name":"leblogmoto","description":"Toute l&#039;actualit\u00e9 des 2 roues","potentialAction":[{"@type":"SearchAction","target":{"@type":"EntryPoint","urlTemplate":"https:\/\/blogs.thesocialmedia.com\/leblogmoto\/?s={search_term_string}"},"query-input":{"@type":"PropertyValueSpecification","valueRequired":true,"valueName":"search_term_string"}}],"inLanguage":"fr-FR"},{"@type":"Person","@id":"https:\/\/blogs.thesocialmedia.com\/leblogmoto\/#\/schema\/person\/18bfe773e5725ed6d24f743da805362a","name":"benoit rieu","image":{"@type":"ImageObject","inLanguage":"fr-FR","@id":"https:\/\/blogs.thesocialmedia.com\/leblogmoto\/#\/schema\/person\/image\/","url":"https:\/\/secure.gravatar.com\/avatar\/?s=96&d=mm&r=g","contentUrl":"https:\/\/secure.gravatar.com\/avatar\/?s=96&d=mm&r=g","caption":"benoit rieu"},"url":"https:\/\/blogs.thesocialmedia.com\/leblogmoto\/author\/benoit-rieu\/"}]}},"_links":{"self":[{"href":"https:\/\/blogs.thesocialmedia.com\/leblogmoto\/wp-json\/wp\/v2\/posts\/1121","targetHints":{"allow":["GET"]}}],"collection":[{"href":"https:\/\/blogs.thesocialmedia.com\/leblogmoto\/wp-json\/wp\/v2\/posts"}],"about":[{"href":"https:\/\/blogs.thesocialmedia.com\/leblogmoto\/wp-json\/wp\/v2\/types\/post"}],"author":[{"embeddable":true,"href":"https:\/\/blogs.thesocialmedia.com\/leblogmoto\/wp-json\/wp\/v2\/users\/324"}],"replies":[{"embeddable":true,"href":"https:\/\/blogs.thesocialmedia.com\/leblogmoto\/wp-json\/wp\/v2\/comments?post=1121"}],"version-history":[{"count":2,"href":"https:\/\/blogs.thesocialmedia.com\/leblogmoto\/wp-json\/wp\/v2\/posts\/1121\/revisions"}],"predecessor-version":[{"id":9059,"href":"https:\/\/blogs.thesocialmedia.com\/leblogmoto\/wp-json\/wp\/v2\/posts\/1121\/revisions\/9059"}],"wp:attachment":[{"href":"https:\/\/blogs.thesocialmedia.com\/leblogmoto\/wp-json\/wp\/v2\/media?parent=1121"}],"wp:term":[{"taxonomy":"category","embeddable":true,"href":"https:\/\/blogs.thesocialmedia.com\/leblogmoto\/wp-json\/wp\/v2\/categories?post=1121"},{"taxonomy":"post_tag","embeddable":true,"href":"https:\/\/blogs.thesocialmedia.com\/leblogmoto\/wp-json\/wp\/v2\/tags?post=1121"}],"curies":[{"name":"wp","href":"https:\/\/api.w.org\/{rel}","templated":true}]}}