{"id":1123,"date":"2007-11-04T20:40:45","date_gmt":"2007-11-04T20:40:45","guid":{"rendered":"http:\/\/blogs.thesocialmedia.com\/leblogmoto\/2007\/11\/04\/a-valencia-pedr\/"},"modified":"2012-07-11T14:52:57","modified_gmt":"2012-07-11T14:52:57","slug":"a-valencia-pedr","status":"publish","type":"post","link":"https:\/\/blogs.thesocialmedia.com\/leblogmoto\/2007\/11\/04\/a-valencia-pedr\/","title":{"rendered":"\u00c0 Valencia, Pedrosa arrache la 2\u00e8me place \u00e0 Vale bless\u00e9 !"},"content":{"rendered":"<p><a href=\"http:\/\/blogs.thesocialmedia.com\/leblogmoto\/files\/2012\/07\/dani_pedrosa_2007.jpg\"><img loading=\"lazy\" decoding=\"async\" width=\"470\" height=\"312\"  alt=\"Dani_pedrosa_2007\" src=\"http:\/\/www.leblogmoto.com\/images\/2007\/11\/04\/dani_pedrosa_2007.jpg\" \/><\/a><\/p>\n<p>Pour un point, Daniel Pedrosa alias <em>Mini Dani<\/em> alias <em>Titanium<\/em>, ravit la deuxi\u00e8me place du championnat des pilotes \u00e0 Valentino auquel la course de Valence continue \u00e0 porter la poisse, auteur d&rsquo;un tout droit cette ann\u00e9e apr\u00e8s sa chute sur le m\u00eame circuit l&rsquo;ann\u00e9e pr\u00e9c\u00e9dente. Un impair qui lui avait alors co\u00fbt\u00e9 le titre et cette fois le rel\u00e8gue \u00e0 la troisi\u00e8me marche, m\u00eame si sa place sur la grille relevait en soi de l&rsquo;exploit. Et ceci contre l&rsquo;avis de Davide Brivio, manager de Yamaha Factory.<\/p>\n<p>Valentino Rossi avait en effet tenu a prendre le d\u00e9part de cette course malgr\u00e9 sa triple fracture de la main droite. Trahi une nouvelle foi par sa monture The Doctor filait tout droit \u00e0 la mi-course et le force \u00e0 abandonner sur casse moteur, malgr\u00e9 une remont\u00e9e spectaculaire sur son futur ex-co\u00e9quipier Colin Edwards.<\/p>\n<p><a href=\"http:\/\/blogs.thesocialmedia.com\/leblogmoto\/files\/2012\/07\/john_hopkins_flicit_valencia_2007_2.jpg\"><img loading=\"lazy\" decoding=\"async\" width=\"470\" height=\"313\"  src=\"http:\/\/www.leblogmoto.com\/images\/2007\/11\/04\/john_hopkins_flicit_valencia_2007_2.jpg\" alt=\"John_hopkins_flicit_valencia_2007_2\" \/><\/a> <\/p>\n<p>Il d\u00e9clarera avoir &quot;perdu l&rsquo;arri\u00e8re lors de la r\u00e9acc\u00e9l\u00e9ration et tent\u00e9 de remettre la moto dans le bon sens, mais c&rsquo;\u00e9tait trop tard&quot;. On rajoutera que le contact avec les vibreurs l&rsquo;a envoy\u00e9 bien haut. Un petit tour dans la <em>clinica mobile<\/em> du docteur Costa, le temps d&rsquo;apprendre qu&rsquo;il souffrait d&rsquo;une triple fracture de la main et que Dani Pedrosa, son concurrent direct pour le championnat r\u00e9ussissait sa quatri\u00e8me pole d&rsquo;affil\u00e9e (!).<\/p>\n<p>Quant au GP proprement dit il se r\u00e9sume \u00e0 un &quot;une-deux&quot; des hommes de t\u00eate Perdosa et Stoner, qui aura eu un mal fou \u00e0 se d\u00e9faire de l&rsquo;Australien qui en interview la veille demandait encore au paddock d&rsquo;avoir un peu plus de respect pour son titre de champion. Avec une fois franchie la ligne d&rsquo;arriv\u00e9e, une deuxi\u00e8me victoire pour Dani et une deuxi\u00e8me victoire pour le HRC.<\/p>\n<p>La deuxi\u00e8me place au finish de Casey lui permet d&rsquo;\u00e9galer le record de points marqu\u00e9s sur une saison, et&nbsp; tandis que toujours chez Ducati, Loris Capirossi (on y reviendra) termine pour sa derni\u00e8re course \u00e0 la 5\u00e8me place derri\u00e8re la Honda d&rsquo;un Marco Melandri \u00e9tonnant en cette fin de saison.<\/p>\n<p>Signalons les bonnes courses des deux Rizla-Suzuki n\u00b021 et 71, avec l&rsquo;Am\u00e9ricain John Hopkins qui accroche le podium, ici f\u00e9licit\u00e9 par ses troupes et en <em>wheelie<\/em> une fois le <em>chequered flag<\/em> \u00e0 Valencia agit\u00e9. Et la 6\u00e8me place de l&rsquo;ex-espoir-qui-devait-tout \u00e9craser-sur-son-passage, &quot;l&rsquo;autre&quot; Australien, Chris Vermeulen.<\/p>\n<p>A signaler que ces deux photos sont disponible en grande r\u00e9solution <a href=\"http:\/\/www.rizla-suzuki-motogp.co.uk\/pages\/multimedia\/GetDbNCImage.aspx?id=14811&amp;width=0&amp;height=0&amp;crop=false&amp;percent=100&amp;quality=100&amp;vm=3\">ici<\/a> et <a href=\"http:\/\/www.rizla-suzuki-motogp.co.uk\/pages\/multimedia\/GetDbNCImage.aspx?id=14810&amp;width=600&amp;height=400&amp;crop=false&amp;percent=100&amp;cr=ftg&amp;vm=3\">l\u00e0<\/a>, ainsi que plein, tout plein d&rsquo;autres sur le <a href=\"http:\/\/www.rizla-suzuki-motogp.co.uk\/\">site anglais de Suzuki<\/a> (cherchez dans la rubrique &quot;multimedia&quot;) de superbes fonds d&rsquo;\u00e9cran en perspective pour vos ordis !<\/p>\n<p><a href=\"http:\/\/clabedan.typepad.com\/.shared\/image.html?\/photos\/uncategorized\/2007\/11\/04\/john_hopkins_roue_arrire_valencia_2.jpg\"><img loading=\"lazy\" decoding=\"async\" width=\"470\" height=\"313\"  src=\"http:\/\/www.leblogmoto.com\/images\/2007\/11\/04\/john_hopkins_roue_arrire_valencia_2.jpg\" alt=\"John_hopkins_roue_arrire_valencia_2\" \/><\/a><br \/>Du c\u00f4t\u00e9 des Fran\u00e7ais, une excellente s\u00e9ance de qualification pour Sylvain Guintoli, auteur samedi de sa meilleure qualification dans la cat\u00e9gorie reine (enfin !) et Randy de Puniet \u00e9gal \u00e0 lui-m\u00eame depuis quelques GP. Des places sur la grille que les frenchies ne r\u00e9ussiront pas \u00e0 transformer en accessits, Randy terminant 9\u00e8me et Sylvain 11\u00e8me.<\/p>\n<p>Maintenant place aux essais (pour Vale sur Bridgestone, eh oui) puis repos puis re-essais hivernaux: avec un changement de la donne en perspective pour 2008 ?<\/p>\n<p><em>cr\u00e9dits photos: HRC et Rizla-Suzuki.<\/em><\/p>\n","protected":false},"excerpt":{"rendered":"<p>Pour un point, Daniel Pedrosa alias Mini Dani alias Titanium, ravit la deuxi\u00e8me place du championnat des pilotes \u00e0 Valentino auquel la course de Valence continue \u00e0 porter la poisse, auteur d&rsquo;un tout droit cette ann\u00e9e apr\u00e8s sa chute sur le m\u00eame circuit l&rsquo;ann\u00e9e pr\u00e9c\u00e9dente. Un impair qui lui avait alors co\u00fbt\u00e9 le titre et [&hellip;]<\/p>\n","protected":false},"author":324,"featured_media":0,"comment_status":"open","ping_status":"open","sticky":false,"template":"","format":"standard","meta":{"footnotes":""},"categories":[3,14,22,32,51],"tags":[],"class_list":["post-1123","post","type-post","status-publish","format-standard","hentry","category-actualite","category-honda","category-motogp","category-sport-moto","category-suzuki"],"yoast_head":"<!-- This site is optimized with the Yoast SEO plugin v26.0 - https:\/\/yoast.com\/wordpress\/plugins\/seo\/ -->\n<title>\u00c0 Valencia, Pedrosa arrache la 2\u00e8me place \u00e0 Vale bless\u00e9 ! - leblogmoto.com<\/title>\n<meta name=\"robots\" content=\"index, follow, max-snippet:-1, max-image-preview:large, max-video-preview:-1\" \/>\n<link rel=\"canonical\" href=\"https:\/\/blogs.thesocialmedia.com\/leblogmoto\/2007\/11\/04\/a-valencia-pedr\/\" \/>\n<meta name=\"twitter:card\" content=\"summary_large_image\" \/>\n<meta name=\"twitter:title\" content=\"\u00c0 Valencia, Pedrosa arrache la 2\u00e8me place \u00e0 Vale bless\u00e9 ! - leblogmoto.com\" \/>\n<meta name=\"twitter:description\" content=\"Pour un point, Daniel Pedrosa alias Mini Dani alias Titanium, ravit la deuxi\u00e8me place du championnat des pilotes \u00e0 Valentino auquel la course de Valence continue \u00e0 porter la poisse, auteur d&rsquo;un tout droit cette ann\u00e9e apr\u00e8s sa chute sur le m\u00eame circuit l&rsquo;ann\u00e9e pr\u00e9c\u00e9dente. Un impair qui lui avait alors co\u00fbt\u00e9 le titre et [&hellip;]\" \/>\n<meta name=\"twitter:image\" content=\"http:\/\/www.leblogmoto.com\/images\/2007\/11\/04\/dani_pedrosa_2007.jpg\" \/>\n<meta name=\"twitter:label1\" content=\"\u00c9crit par\" \/>\n\t<meta name=\"twitter:data1\" content=\"benoit rieu\" \/>\n\t<meta name=\"twitter:label2\" content=\"Dur\u00e9e de lecture estim\u00e9e\" \/>\n\t<meta name=\"twitter:data2\" content=\"3 minutes\" \/>\n<script type=\"application\/ld+json\" class=\"yoast-schema-graph\">{\"@context\":\"https:\/\/schema.org\",\"@graph\":[{\"@type\":\"WebPage\",\"@id\":\"https:\/\/blogs.thesocialmedia.com\/leblogmoto\/2007\/11\/04\/a-valencia-pedr\/\",\"url\":\"https:\/\/blogs.thesocialmedia.com\/leblogmoto\/2007\/11\/04\/a-valencia-pedr\/\",\"name\":\"\u00c0 Valencia, Pedrosa arrache la 2\u00e8me place \u00e0 Vale bless\u00e9 ! - leblogmoto.com\",\"isPartOf\":{\"@id\":\"https:\/\/blogs.thesocialmedia.com\/leblogmoto\/#website\"},\"primaryImageOfPage\":{\"@id\":\"https:\/\/blogs.thesocialmedia.com\/leblogmoto\/2007\/11\/04\/a-valencia-pedr\/#primaryimage\"},\"image\":{\"@id\":\"https:\/\/blogs.thesocialmedia.com\/leblogmoto\/2007\/11\/04\/a-valencia-pedr\/#primaryimage\"},\"thumbnailUrl\":\"http:\/\/www.leblogmoto.com\/images\/2007\/11\/04\/dani_pedrosa_2007.jpg\",\"datePublished\":\"2007-11-04T20:40:45+00:00\",\"dateModified\":\"2012-07-11T14:52:57+00:00\",\"author\":{\"@id\":\"https:\/\/blogs.thesocialmedia.com\/leblogmoto\/#\/schema\/person\/18bfe773e5725ed6d24f743da805362a\"},\"breadcrumb\":{\"@id\":\"https:\/\/blogs.thesocialmedia.com\/leblogmoto\/2007\/11\/04\/a-valencia-pedr\/#breadcrumb\"},\"inLanguage\":\"fr-FR\",\"potentialAction\":[{\"@type\":\"ReadAction\",\"target\":[\"https:\/\/blogs.thesocialmedia.com\/leblogmoto\/2007\/11\/04\/a-valencia-pedr\/\"]}]},{\"@type\":\"ImageObject\",\"inLanguage\":\"fr-FR\",\"@id\":\"https:\/\/blogs.thesocialmedia.com\/leblogmoto\/2007\/11\/04\/a-valencia-pedr\/#primaryimage\",\"url\":\"http:\/\/www.leblogmoto.com\/images\/2007\/11\/04\/dani_pedrosa_2007.jpg\",\"contentUrl\":\"http:\/\/www.leblogmoto.com\/images\/2007\/11\/04\/dani_pedrosa_2007.jpg\"},{\"@type\":\"BreadcrumbList\",\"@id\":\"https:\/\/blogs.thesocialmedia.com\/leblogmoto\/2007\/11\/04\/a-valencia-pedr\/#breadcrumb\",\"itemListElement\":[{\"@type\":\"ListItem\",\"position\":1,\"name\":\"Accueil\",\"item\":\"https:\/\/blogs.thesocialmedia.com\/leblogmoto\/\"},{\"@type\":\"ListItem\",\"position\":2,\"name\":\"\u00c0 Valencia, Pedrosa arrache la 2\u00e8me place \u00e0 Vale bless\u00e9 !\"}]},{\"@type\":\"WebSite\",\"@id\":\"https:\/\/blogs.thesocialmedia.com\/leblogmoto\/#website\",\"url\":\"https:\/\/blogs.thesocialmedia.com\/leblogmoto\/\",\"name\":\"leblogmoto\",\"description\":\"Toute l&#039;actualit\u00e9 des 2 roues\",\"potentialAction\":[{\"@type\":\"SearchAction\",\"target\":{\"@type\":\"EntryPoint\",\"urlTemplate\":\"https:\/\/blogs.thesocialmedia.com\/leblogmoto\/?s={search_term_string}\"},\"query-input\":{\"@type\":\"PropertyValueSpecification\",\"valueRequired\":true,\"valueName\":\"search_term_string\"}}],\"inLanguage\":\"fr-FR\"},{\"@type\":\"Person\",\"@id\":\"https:\/\/blogs.thesocialmedia.com\/leblogmoto\/#\/schema\/person\/18bfe773e5725ed6d24f743da805362a\",\"name\":\"benoit rieu\",\"image\":{\"@type\":\"ImageObject\",\"inLanguage\":\"fr-FR\",\"@id\":\"https:\/\/blogs.thesocialmedia.com\/leblogmoto\/#\/schema\/person\/image\/\",\"url\":\"https:\/\/secure.gravatar.com\/avatar\/?s=96&d=mm&r=g\",\"contentUrl\":\"https:\/\/secure.gravatar.com\/avatar\/?s=96&d=mm&r=g\",\"caption\":\"benoit rieu\"},\"url\":\"https:\/\/blogs.thesocialmedia.com\/leblogmoto\/author\/benoit-rieu\/\"}]}<\/script>\n<!-- \/ Yoast SEO plugin. -->","yoast_head_json":{"title":"\u00c0 Valencia, Pedrosa arrache la 2\u00e8me place \u00e0 Vale bless\u00e9 ! - leblogmoto.com","robots":{"index":"index","follow":"follow","max-snippet":"max-snippet:-1","max-image-preview":"max-image-preview:large","max-video-preview":"max-video-preview:-1"},"canonical":"https:\/\/blogs.thesocialmedia.com\/leblogmoto\/2007\/11\/04\/a-valencia-pedr\/","twitter_card":"summary_large_image","twitter_title":"\u00c0 Valencia, Pedrosa arrache la 2\u00e8me place \u00e0 Vale bless\u00e9 ! - leblogmoto.com","twitter_description":"Pour un point, Daniel Pedrosa alias Mini Dani alias Titanium, ravit la deuxi\u00e8me place du championnat des pilotes \u00e0 Valentino auquel la course de Valence continue \u00e0 porter la poisse, auteur d&rsquo;un tout droit cette ann\u00e9e apr\u00e8s sa chute sur le m\u00eame circuit l&rsquo;ann\u00e9e pr\u00e9c\u00e9dente. Un impair qui lui avait alors co\u00fbt\u00e9 le titre et [&hellip;]","twitter_image":"http:\/\/www.leblogmoto.com\/images\/2007\/11\/04\/dani_pedrosa_2007.jpg","twitter_misc":{"\u00c9crit par":"benoit rieu","Dur\u00e9e de lecture estim\u00e9e":"3 minutes"},"schema":{"@context":"https:\/\/schema.org","@graph":[{"@type":"WebPage","@id":"https:\/\/blogs.thesocialmedia.com\/leblogmoto\/2007\/11\/04\/a-valencia-pedr\/","url":"https:\/\/blogs.thesocialmedia.com\/leblogmoto\/2007\/11\/04\/a-valencia-pedr\/","name":"\u00c0 Valencia, Pedrosa arrache la 2\u00e8me place \u00e0 Vale bless\u00e9 ! - leblogmoto.com","isPartOf":{"@id":"https:\/\/blogs.thesocialmedia.com\/leblogmoto\/#website"},"primaryImageOfPage":{"@id":"https:\/\/blogs.thesocialmedia.com\/leblogmoto\/2007\/11\/04\/a-valencia-pedr\/#primaryimage"},"image":{"@id":"https:\/\/blogs.thesocialmedia.com\/leblogmoto\/2007\/11\/04\/a-valencia-pedr\/#primaryimage"},"thumbnailUrl":"http:\/\/www.leblogmoto.com\/images\/2007\/11\/04\/dani_pedrosa_2007.jpg","datePublished":"2007-11-04T20:40:45+00:00","dateModified":"2012-07-11T14:52:57+00:00","author":{"@id":"https:\/\/blogs.thesocialmedia.com\/leblogmoto\/#\/schema\/person\/18bfe773e5725ed6d24f743da805362a"},"breadcrumb":{"@id":"https:\/\/blogs.thesocialmedia.com\/leblogmoto\/2007\/11\/04\/a-valencia-pedr\/#breadcrumb"},"inLanguage":"fr-FR","potentialAction":[{"@type":"ReadAction","target":["https:\/\/blogs.thesocialmedia.com\/leblogmoto\/2007\/11\/04\/a-valencia-pedr\/"]}]},{"@type":"ImageObject","inLanguage":"fr-FR","@id":"https:\/\/blogs.thesocialmedia.com\/leblogmoto\/2007\/11\/04\/a-valencia-pedr\/#primaryimage","url":"http:\/\/www.leblogmoto.com\/images\/2007\/11\/04\/dani_pedrosa_2007.jpg","contentUrl":"http:\/\/www.leblogmoto.com\/images\/2007\/11\/04\/dani_pedrosa_2007.jpg"},{"@type":"BreadcrumbList","@id":"https:\/\/blogs.thesocialmedia.com\/leblogmoto\/2007\/11\/04\/a-valencia-pedr\/#breadcrumb","itemListElement":[{"@type":"ListItem","position":1,"name":"Accueil","item":"https:\/\/blogs.thesocialmedia.com\/leblogmoto\/"},{"@type":"ListItem","position":2,"name":"\u00c0 Valencia, Pedrosa arrache la 2\u00e8me place \u00e0 Vale bless\u00e9 !"}]},{"@type":"WebSite","@id":"https:\/\/blogs.thesocialmedia.com\/leblogmoto\/#website","url":"https:\/\/blogs.thesocialmedia.com\/leblogmoto\/","name":"leblogmoto","description":"Toute l&#039;actualit\u00e9 des 2 roues","potentialAction":[{"@type":"SearchAction","target":{"@type":"EntryPoint","urlTemplate":"https:\/\/blogs.thesocialmedia.com\/leblogmoto\/?s={search_term_string}"},"query-input":{"@type":"PropertyValueSpecification","valueRequired":true,"valueName":"search_term_string"}}],"inLanguage":"fr-FR"},{"@type":"Person","@id":"https:\/\/blogs.thesocialmedia.com\/leblogmoto\/#\/schema\/person\/18bfe773e5725ed6d24f743da805362a","name":"benoit rieu","image":{"@type":"ImageObject","inLanguage":"fr-FR","@id":"https:\/\/blogs.thesocialmedia.com\/leblogmoto\/#\/schema\/person\/image\/","url":"https:\/\/secure.gravatar.com\/avatar\/?s=96&d=mm&r=g","contentUrl":"https:\/\/secure.gravatar.com\/avatar\/?s=96&d=mm&r=g","caption":"benoit rieu"},"url":"https:\/\/blogs.thesocialmedia.com\/leblogmoto\/author\/benoit-rieu\/"}]}},"_links":{"self":[{"href":"https:\/\/blogs.thesocialmedia.com\/leblogmoto\/wp-json\/wp\/v2\/posts\/1123","targetHints":{"allow":["GET"]}}],"collection":[{"href":"https:\/\/blogs.thesocialmedia.com\/leblogmoto\/wp-json\/wp\/v2\/posts"}],"about":[{"href":"https:\/\/blogs.thesocialmedia.com\/leblogmoto\/wp-json\/wp\/v2\/types\/post"}],"author":[{"embeddable":true,"href":"https:\/\/blogs.thesocialmedia.com\/leblogmoto\/wp-json\/wp\/v2\/users\/324"}],"replies":[{"embeddable":true,"href":"https:\/\/blogs.thesocialmedia.com\/leblogmoto\/wp-json\/wp\/v2\/comments?post=1123"}],"version-history":[{"count":2,"href":"https:\/\/blogs.thesocialmedia.com\/leblogmoto\/wp-json\/wp\/v2\/posts\/1123\/revisions"}],"predecessor-version":[{"id":9053,"href":"https:\/\/blogs.thesocialmedia.com\/leblogmoto\/wp-json\/wp\/v2\/posts\/1123\/revisions\/9053"}],"wp:attachment":[{"href":"https:\/\/blogs.thesocialmedia.com\/leblogmoto\/wp-json\/wp\/v2\/media?parent=1123"}],"wp:term":[{"taxonomy":"category","embeddable":true,"href":"https:\/\/blogs.thesocialmedia.com\/leblogmoto\/wp-json\/wp\/v2\/categories?post=1123"},{"taxonomy":"post_tag","embeddable":true,"href":"https:\/\/blogs.thesocialmedia.com\/leblogmoto\/wp-json\/wp\/v2\/tags?post=1123"}],"curies":[{"name":"wp","href":"https:\/\/api.w.org\/{rel}","templated":true}]}}