{"id":1124,"date":"2007-11-04T05:31:56","date_gmt":"2007-11-04T05:31:56","guid":{"rendered":"http:\/\/blogs.thesocialmedia.com\/leblogmoto\/2007\/11\/04\/des-forces-de-l\/"},"modified":"2012-07-11T14:52:53","modified_gmt":"2012-07-11T14:52:53","slug":"des-forces-de-l","status":"publish","type":"post","link":"https:\/\/blogs.thesocialmedia.com\/leblogmoto\/2007\/11\/04\/des-forces-de-l\/","title":{"rendered":"Des forces de l&rsquo;ordre inadapt\u00e9es aux r\u00e9alit\u00e9s routi\u00e8res ?"},"content":{"rendered":"<p><a href=\"http:\/\/blogs.thesocialmedia.com\/leblogmoto\/files\/2012\/07\/gendarmerie_motos_.jpg\"><img loading=\"lazy\" decoding=\"async\" width=\"470\" height=\"307\"  alt=\"Gendarmerie_motos_\" src=\"http:\/\/www.leblogmoto.com\/images\/2007\/11\/03\/gendarmerie_motos_.jpg\" \/><\/a><\/p>\n<p>Les forces de l&rsquo;ordre charg\u00e9es de la s\u00e9curit\u00e9 routi\u00e8re &quot;ne sont pas concentr\u00e9es sur les zones les plus dangereuses&quot; entre autres reproches, selon l&rsquo;Audit de s\u00e9curit\u00e9 de la Police et de la Gendarmerie \u00e9tabli par l&rsquo;Inspection des Finances. Les hommes et femmes sous les casquettes, calots et k\u00e9pis, ici des baleines* (avec &quot;cachalot&quot; surnom affectueux des motos de la Gendarmerie\/Police par certains motards civils), seront heureux d&rsquo;apprendre que des ronds-de-cuir pensent pour eux.<\/p>\n<p>Cependant, le rapport fait remarquer que, policiers et gendarmes confondus, les effectifs sont concentr\u00e9s sur les grands axes et les zones urbaines alors que le r\u00e9seau secondaire, en zone rurale, voit 65 % des tu\u00e9s. Le calcul est alors simple \u00e0 faire: 1\/3 des forces en zone rurale pour 2\/3 de la mortalit\u00e9.<\/p>\n<p>Le rapport rel\u00e8ve aussi que ces forces sont occup\u00e9es \u00e0 d&rsquo;autres t\u00e2ches que celles qui leur sont originellement assign\u00e9es, telles que les missions d&rsquo;escortes et de maintien de l&rsquo;ordre, et ceci au d\u00e9triment des contr\u00f4les routiers.<\/p>\n<p>L&rsquo;ineptie totale (ce qualificatif l\u00e0 est de nous) dans la r\u00e9partition des radars sur le territoire est aussi mise en exergue, 76 % de ceux-ci sont situ\u00e9s sur les autoroutes (6 % des tu\u00e9s), et routes nationales (18 % de la mortalit\u00e9): les motards seront &quot;contents&quot; de voir qu&rsquo;ils pourraient \u00eatre mieux utilis\u00e9s (c&rsquo;est \u00e0 dire <em>plus<\/em> utilis\u00e9s en fait, on traduit) sur les d\u00e9partementales.<\/p>\n<p>Tout cela, au moment m\u00eame o\u00f9 <a href=\"http:\/\/www.leblogmoto.com\/2007\/10\/fiabilit-des-ra.html\">les mesures de ces machines sont remises en cause<\/a> par une certaine presse sp\u00e9cialis\u00e9e.<\/p>\n<p>L&rsquo;alcool, premi\u00e8re cause des accidents, est soumis \u00e0 beaucoup moins de contr\u00f4le que la vitesse, on fera volontiers remarquer \u00e0 ces messieurs &#8211; dames de l&rsquo;Inspection des Finances que cette derni\u00e8re est beaucoup plus ais\u00e9e \u00e0 contr\u00f4ler car mesurable \u00e0 distance par cin\u00e9mom\u00e8tres. Enfin bref&#8230; on regrettera l&rsquo;absence de remarques sur l&rsquo;usage de certaines drogues au volant. <\/p>\n<p>L&rsquo;audit pointe \u00e9galement les phases des contr\u00f4les routiers qui ne seraient pas adapt\u00e9es \u00e0 l&rsquo;accidentologie &#8211; je n&rsquo;arriverai jamais \u00e0 me faire \u00e0 ce n\u00e9ologisme &#8211; sur nos routes. Et notamment la nuit qui repr\u00e9sente seulement 10 % du trafic routier, mais 35 % des bless\u00e9s et 44 % des personnes tu\u00e9es, alors que les contr\u00f4les sont moins nombreux. <\/p>\n<p>Tout jeune vous dirait pourtant le contraire, dans les environs des bo\u00eetes de nuit le week-end, les &quot;tuniques bleues&quot; semblent pousser comme des champignons. Et heureusement, ajouterait-on.<\/p>\n<p><em>source: lenouvelobs.com<\/em><\/p>\n","protected":false},"excerpt":{"rendered":"<p>Les forces de l&rsquo;ordre charg\u00e9es de la s\u00e9curit\u00e9 routi\u00e8re &quot;ne sont pas concentr\u00e9es sur les zones les plus dangereuses&quot; entre autres reproches, selon l&rsquo;Audit de s\u00e9curit\u00e9 de la Police et de la Gendarmerie \u00e9tabli par l&rsquo;Inspection des Finances. Les hommes et femmes sous les casquettes, calots et k\u00e9pis, ici des baleines* (avec &quot;cachalot&quot; surnom affectueux [&hellip;]<\/p>\n","protected":false},"author":324,"featured_media":0,"comment_status":"open","ping_status":"open","sticky":false,"template":"","format":"standard","meta":{"footnotes":""},"categories":[3,27],"tags":[],"class_list":["post-1124","post","type-post","status-publish","format-standard","hentry","category-actualite","category-securite"],"yoast_head":"<!-- This site is optimized with the Yoast SEO plugin v26.0 - https:\/\/yoast.com\/wordpress\/plugins\/seo\/ -->\n<title>Des forces de l&#039;ordre inadapt\u00e9es aux r\u00e9alit\u00e9s routi\u00e8res ? - leblogmoto.com<\/title>\n<meta name=\"robots\" content=\"index, follow, max-snippet:-1, max-image-preview:large, max-video-preview:-1\" \/>\n<link rel=\"canonical\" href=\"https:\/\/blogs.thesocialmedia.com\/leblogmoto\/2007\/11\/04\/des-forces-de-l\/\" \/>\n<meta name=\"twitter:card\" content=\"summary_large_image\" \/>\n<meta name=\"twitter:title\" content=\"Des forces de l&#039;ordre inadapt\u00e9es aux r\u00e9alit\u00e9s routi\u00e8res ? - leblogmoto.com\" \/>\n<meta name=\"twitter:description\" content=\"Les forces de l&rsquo;ordre charg\u00e9es de la s\u00e9curit\u00e9 routi\u00e8re &quot;ne sont pas concentr\u00e9es sur les zones les plus dangereuses&quot; entre autres reproches, selon l&rsquo;Audit de s\u00e9curit\u00e9 de la Police et de la Gendarmerie \u00e9tabli par l&rsquo;Inspection des Finances. Les hommes et femmes sous les casquettes, calots et k\u00e9pis, ici des baleines* (avec &quot;cachalot&quot; surnom affectueux [&hellip;]\" \/>\n<meta name=\"twitter:image\" content=\"http:\/\/www.leblogmoto.com\/images\/2007\/11\/03\/gendarmerie_motos_.jpg\" \/>\n<meta name=\"twitter:label1\" content=\"\u00c9crit par\" \/>\n\t<meta name=\"twitter:data1\" content=\"benoit rieu\" \/>\n\t<meta name=\"twitter:label2\" content=\"Dur\u00e9e de lecture estim\u00e9e\" \/>\n\t<meta name=\"twitter:data2\" content=\"2 minutes\" \/>\n<script type=\"application\/ld+json\" class=\"yoast-schema-graph\">{\"@context\":\"https:\/\/schema.org\",\"@graph\":[{\"@type\":\"WebPage\",\"@id\":\"https:\/\/blogs.thesocialmedia.com\/leblogmoto\/2007\/11\/04\/des-forces-de-l\/\",\"url\":\"https:\/\/blogs.thesocialmedia.com\/leblogmoto\/2007\/11\/04\/des-forces-de-l\/\",\"name\":\"Des forces de l'ordre inadapt\u00e9es aux r\u00e9alit\u00e9s routi\u00e8res ? - leblogmoto.com\",\"isPartOf\":{\"@id\":\"https:\/\/blogs.thesocialmedia.com\/leblogmoto\/#website\"},\"primaryImageOfPage\":{\"@id\":\"https:\/\/blogs.thesocialmedia.com\/leblogmoto\/2007\/11\/04\/des-forces-de-l\/#primaryimage\"},\"image\":{\"@id\":\"https:\/\/blogs.thesocialmedia.com\/leblogmoto\/2007\/11\/04\/des-forces-de-l\/#primaryimage\"},\"thumbnailUrl\":\"http:\/\/www.leblogmoto.com\/images\/2007\/11\/03\/gendarmerie_motos_.jpg\",\"datePublished\":\"2007-11-04T05:31:56+00:00\",\"dateModified\":\"2012-07-11T14:52:53+00:00\",\"author\":{\"@id\":\"https:\/\/blogs.thesocialmedia.com\/leblogmoto\/#\/schema\/person\/18bfe773e5725ed6d24f743da805362a\"},\"breadcrumb\":{\"@id\":\"https:\/\/blogs.thesocialmedia.com\/leblogmoto\/2007\/11\/04\/des-forces-de-l\/#breadcrumb\"},\"inLanguage\":\"fr-FR\",\"potentialAction\":[{\"@type\":\"ReadAction\",\"target\":[\"https:\/\/blogs.thesocialmedia.com\/leblogmoto\/2007\/11\/04\/des-forces-de-l\/\"]}]},{\"@type\":\"ImageObject\",\"inLanguage\":\"fr-FR\",\"@id\":\"https:\/\/blogs.thesocialmedia.com\/leblogmoto\/2007\/11\/04\/des-forces-de-l\/#primaryimage\",\"url\":\"http:\/\/www.leblogmoto.com\/images\/2007\/11\/03\/gendarmerie_motos_.jpg\",\"contentUrl\":\"http:\/\/www.leblogmoto.com\/images\/2007\/11\/03\/gendarmerie_motos_.jpg\"},{\"@type\":\"BreadcrumbList\",\"@id\":\"https:\/\/blogs.thesocialmedia.com\/leblogmoto\/2007\/11\/04\/des-forces-de-l\/#breadcrumb\",\"itemListElement\":[{\"@type\":\"ListItem\",\"position\":1,\"name\":\"Accueil\",\"item\":\"https:\/\/blogs.thesocialmedia.com\/leblogmoto\/\"},{\"@type\":\"ListItem\",\"position\":2,\"name\":\"Des forces de l&rsquo;ordre inadapt\u00e9es aux r\u00e9alit\u00e9s routi\u00e8res ?\"}]},{\"@type\":\"WebSite\",\"@id\":\"https:\/\/blogs.thesocialmedia.com\/leblogmoto\/#website\",\"url\":\"https:\/\/blogs.thesocialmedia.com\/leblogmoto\/\",\"name\":\"leblogmoto\",\"description\":\"Toute l&#039;actualit\u00e9 des 2 roues\",\"potentialAction\":[{\"@type\":\"SearchAction\",\"target\":{\"@type\":\"EntryPoint\",\"urlTemplate\":\"https:\/\/blogs.thesocialmedia.com\/leblogmoto\/?s={search_term_string}\"},\"query-input\":{\"@type\":\"PropertyValueSpecification\",\"valueRequired\":true,\"valueName\":\"search_term_string\"}}],\"inLanguage\":\"fr-FR\"},{\"@type\":\"Person\",\"@id\":\"https:\/\/blogs.thesocialmedia.com\/leblogmoto\/#\/schema\/person\/18bfe773e5725ed6d24f743da805362a\",\"name\":\"benoit rieu\",\"image\":{\"@type\":\"ImageObject\",\"inLanguage\":\"fr-FR\",\"@id\":\"https:\/\/blogs.thesocialmedia.com\/leblogmoto\/#\/schema\/person\/image\/\",\"url\":\"https:\/\/secure.gravatar.com\/avatar\/?s=96&d=mm&r=g\",\"contentUrl\":\"https:\/\/secure.gravatar.com\/avatar\/?s=96&d=mm&r=g\",\"caption\":\"benoit rieu\"},\"url\":\"https:\/\/blogs.thesocialmedia.com\/leblogmoto\/author\/benoit-rieu\/\"}]}<\/script>\n<!-- \/ Yoast SEO plugin. -->","yoast_head_json":{"title":"Des forces de l'ordre inadapt\u00e9es aux r\u00e9alit\u00e9s routi\u00e8res ? - leblogmoto.com","robots":{"index":"index","follow":"follow","max-snippet":"max-snippet:-1","max-image-preview":"max-image-preview:large","max-video-preview":"max-video-preview:-1"},"canonical":"https:\/\/blogs.thesocialmedia.com\/leblogmoto\/2007\/11\/04\/des-forces-de-l\/","twitter_card":"summary_large_image","twitter_title":"Des forces de l'ordre inadapt\u00e9es aux r\u00e9alit\u00e9s routi\u00e8res ? - leblogmoto.com","twitter_description":"Les forces de l&rsquo;ordre charg\u00e9es de la s\u00e9curit\u00e9 routi\u00e8re &quot;ne sont pas concentr\u00e9es sur les zones les plus dangereuses&quot; entre autres reproches, selon l&rsquo;Audit de s\u00e9curit\u00e9 de la Police et de la Gendarmerie \u00e9tabli par l&rsquo;Inspection des Finances. Les hommes et femmes sous les casquettes, calots et k\u00e9pis, ici des baleines* (avec &quot;cachalot&quot; surnom affectueux [&hellip;]","twitter_image":"http:\/\/www.leblogmoto.com\/images\/2007\/11\/03\/gendarmerie_motos_.jpg","twitter_misc":{"\u00c9crit par":"benoit rieu","Dur\u00e9e de lecture estim\u00e9e":"2 minutes"},"schema":{"@context":"https:\/\/schema.org","@graph":[{"@type":"WebPage","@id":"https:\/\/blogs.thesocialmedia.com\/leblogmoto\/2007\/11\/04\/des-forces-de-l\/","url":"https:\/\/blogs.thesocialmedia.com\/leblogmoto\/2007\/11\/04\/des-forces-de-l\/","name":"Des forces de l'ordre inadapt\u00e9es aux r\u00e9alit\u00e9s routi\u00e8res ? - leblogmoto.com","isPartOf":{"@id":"https:\/\/blogs.thesocialmedia.com\/leblogmoto\/#website"},"primaryImageOfPage":{"@id":"https:\/\/blogs.thesocialmedia.com\/leblogmoto\/2007\/11\/04\/des-forces-de-l\/#primaryimage"},"image":{"@id":"https:\/\/blogs.thesocialmedia.com\/leblogmoto\/2007\/11\/04\/des-forces-de-l\/#primaryimage"},"thumbnailUrl":"http:\/\/www.leblogmoto.com\/images\/2007\/11\/03\/gendarmerie_motos_.jpg","datePublished":"2007-11-04T05:31:56+00:00","dateModified":"2012-07-11T14:52:53+00:00","author":{"@id":"https:\/\/blogs.thesocialmedia.com\/leblogmoto\/#\/schema\/person\/18bfe773e5725ed6d24f743da805362a"},"breadcrumb":{"@id":"https:\/\/blogs.thesocialmedia.com\/leblogmoto\/2007\/11\/04\/des-forces-de-l\/#breadcrumb"},"inLanguage":"fr-FR","potentialAction":[{"@type":"ReadAction","target":["https:\/\/blogs.thesocialmedia.com\/leblogmoto\/2007\/11\/04\/des-forces-de-l\/"]}]},{"@type":"ImageObject","inLanguage":"fr-FR","@id":"https:\/\/blogs.thesocialmedia.com\/leblogmoto\/2007\/11\/04\/des-forces-de-l\/#primaryimage","url":"http:\/\/www.leblogmoto.com\/images\/2007\/11\/03\/gendarmerie_motos_.jpg","contentUrl":"http:\/\/www.leblogmoto.com\/images\/2007\/11\/03\/gendarmerie_motos_.jpg"},{"@type":"BreadcrumbList","@id":"https:\/\/blogs.thesocialmedia.com\/leblogmoto\/2007\/11\/04\/des-forces-de-l\/#breadcrumb","itemListElement":[{"@type":"ListItem","position":1,"name":"Accueil","item":"https:\/\/blogs.thesocialmedia.com\/leblogmoto\/"},{"@type":"ListItem","position":2,"name":"Des forces de l&rsquo;ordre inadapt\u00e9es aux r\u00e9alit\u00e9s routi\u00e8res ?"}]},{"@type":"WebSite","@id":"https:\/\/blogs.thesocialmedia.com\/leblogmoto\/#website","url":"https:\/\/blogs.thesocialmedia.com\/leblogmoto\/","name":"leblogmoto","description":"Toute l&#039;actualit\u00e9 des 2 roues","potentialAction":[{"@type":"SearchAction","target":{"@type":"EntryPoint","urlTemplate":"https:\/\/blogs.thesocialmedia.com\/leblogmoto\/?s={search_term_string}"},"query-input":{"@type":"PropertyValueSpecification","valueRequired":true,"valueName":"search_term_string"}}],"inLanguage":"fr-FR"},{"@type":"Person","@id":"https:\/\/blogs.thesocialmedia.com\/leblogmoto\/#\/schema\/person\/18bfe773e5725ed6d24f743da805362a","name":"benoit rieu","image":{"@type":"ImageObject","inLanguage":"fr-FR","@id":"https:\/\/blogs.thesocialmedia.com\/leblogmoto\/#\/schema\/person\/image\/","url":"https:\/\/secure.gravatar.com\/avatar\/?s=96&d=mm&r=g","contentUrl":"https:\/\/secure.gravatar.com\/avatar\/?s=96&d=mm&r=g","caption":"benoit rieu"},"url":"https:\/\/blogs.thesocialmedia.com\/leblogmoto\/author\/benoit-rieu\/"}]}},"_links":{"self":[{"href":"https:\/\/blogs.thesocialmedia.com\/leblogmoto\/wp-json\/wp\/v2\/posts\/1124","targetHints":{"allow":["GET"]}}],"collection":[{"href":"https:\/\/blogs.thesocialmedia.com\/leblogmoto\/wp-json\/wp\/v2\/posts"}],"about":[{"href":"https:\/\/blogs.thesocialmedia.com\/leblogmoto\/wp-json\/wp\/v2\/types\/post"}],"author":[{"embeddable":true,"href":"https:\/\/blogs.thesocialmedia.com\/leblogmoto\/wp-json\/wp\/v2\/users\/324"}],"replies":[{"embeddable":true,"href":"https:\/\/blogs.thesocialmedia.com\/leblogmoto\/wp-json\/wp\/v2\/comments?post=1124"}],"version-history":[{"count":2,"href":"https:\/\/blogs.thesocialmedia.com\/leblogmoto\/wp-json\/wp\/v2\/posts\/1124\/revisions"}],"predecessor-version":[{"id":9050,"href":"https:\/\/blogs.thesocialmedia.com\/leblogmoto\/wp-json\/wp\/v2\/posts\/1124\/revisions\/9050"}],"wp:attachment":[{"href":"https:\/\/blogs.thesocialmedia.com\/leblogmoto\/wp-json\/wp\/v2\/media?parent=1124"}],"wp:term":[{"taxonomy":"category","embeddable":true,"href":"https:\/\/blogs.thesocialmedia.com\/leblogmoto\/wp-json\/wp\/v2\/categories?post=1124"},{"taxonomy":"post_tag","embeddable":true,"href":"https:\/\/blogs.thesocialmedia.com\/leblogmoto\/wp-json\/wp\/v2\/tags?post=1124"}],"curies":[{"name":"wp","href":"https:\/\/api.w.org\/{rel}","templated":true}]}}