{"id":113,"date":"2009-06-19T22:58:38","date_gmt":"2009-06-19T22:58:38","guid":{"rendered":"http:\/\/blogs.thesocialmedia.com\/leblogmoto\/2009\/06\/19\/pour-le-plaisir-les-deux-derniers-tours-du-gp-de-catalogne\/"},"modified":"2012-07-11T13:23:14","modified_gmt":"2012-07-11T13:23:14","slug":"pour-le-plaisir-les-deux-derniers-tours-du-gp-de-catalogne","status":"publish","type":"post","link":"https:\/\/blogs.thesocialmedia.com\/leblogmoto\/2009\/06\/19\/pour-le-plaisir-les-deux-derniers-tours-du-gp-de-catalogne\/","title":{"rendered":"Pour le plaisir, les deux derniers tours du GP de Catalogne."},"content":{"rendered":"<p><embed height=\"414\" src=\"http:\/\/blip.tv\/play\/AYGJwCyS2yI\" type=\"application\/x-shockwave-flash\" width=\"470\" \/>&#160;<\/p>\n<p>Superbe mano a mano auquel se sont livr\u00e9s les pilotes Fiat-Yamaha le week-end dernier,&#160;et que le&#160;site <a href=\"http:\/\/www.asphaltandrubber.com\/racing\/laps-motogp-catalunya-video\/\">Asphalt &amp; Rubber<\/a>, d&#039;o\u00f9 cette vid\u00e9o est tir\u00e9e,&#160;vous permet de revivre. Avec&#160;le <em>Dottore<\/em> qui ne tarit pas d&#039;\u00e9loge sur ce duel&#160;et&#160;incidemment&#160;sur&#160;son adversaire: &quot;<em>Quelle super bagarre, c&#039;\u00e9tait g\u00e9nial. Lorenzo \u00e9tait vraiment fort, \u00e7a a \u00e9t\u00e9 l&#039;une de mes plus belles bagarres. \u00c7a fait 99 victoires pour moi, et celle-l\u00e0 fait partie des mes plus belles, sans doute dans mon top 3&quot;<\/em>. Gr\u00e2ce au&#160;d\u00e9roul\u00e9 de ces deux derniers tours et l&#039;arriv\u00e9e de&#160;Vale&#160;soufflant la victoire \u00e0&#160;Jorge&#160;pour 95 milli\u00e8mes, vous allez pouvoir v\u00e9rifier si, comme le dit Lorenzo, &quot;<em>Valentino a \u00e9t\u00e9 plus audacieux que moi et il m\u2019a doubl\u00e9 dans le dernier virage parce que je n\u2019avais pas referm\u00e9 la trajectoire et il a gagn\u00e9&quot;.<\/em> <\/p>\n<\/p>\n<p>Mais avec trois pilotes d\u00e9sormais&#160;coleaders du championnat&#160;pour 106 points chacun,&#160;on se rendra peut-\u00eatre compte, \u00e0 la fin de la saison, quand&#160;on jettera un coup d&#039;oeil dans le r\u00e9tro, que le plus valeureux \u00e9tait Casey Stoner sur la GP09.&#160;A d\u00e9faut d&#039;\u00eatre le plus dou\u00e9 en pilotage ce jour-l\u00e0. Car malade et&#160;perclu de&#160;crampes, il parvint \u00e0 compl\u00e9ter ce podium et grapiller de pr\u00e9cieux points au compteur du championnat pilotes.<\/p>\n","protected":false},"excerpt":{"rendered":"<p>&#160; Superbe mano a mano auquel se sont livr\u00e9s les pilotes Fiat-Yamaha le week-end dernier,&#160;et que le&#160;site Asphalt &amp; Rubber, d&#039;o\u00f9 cette vid\u00e9o est tir\u00e9e,&#160;vous permet de revivre. Avec&#160;le Dottore qui ne tarit pas d&#039;\u00e9loge sur ce duel&#160;et&#160;incidemment&#160;sur&#160;son adversaire: &quot;Quelle super bagarre, c&#039;\u00e9tait g\u00e9nial. Lorenzo \u00e9tait vraiment fort, \u00e7a a \u00e9t\u00e9 l&#039;une de mes plus [&hellip;]<\/p>\n","protected":false},"author":324,"featured_media":0,"comment_status":"open","ping_status":"open","sticky":false,"template":"","format":"standard","meta":{"footnotes":""},"categories":[22,12],"tags":[],"class_list":["post-113","post","type-post","status-publish","format-standard","hentry","category-motogp","category-videos"],"yoast_head":"<!-- This site is optimized with the Yoast SEO plugin v26.0 - https:\/\/yoast.com\/wordpress\/plugins\/seo\/ -->\n<title>Pour le plaisir, les deux derniers tours du GP de Catalogne. - leblogmoto.com<\/title>\n<meta name=\"robots\" content=\"index, follow, max-snippet:-1, max-image-preview:large, max-video-preview:-1\" \/>\n<link rel=\"canonical\" href=\"https:\/\/blogs.thesocialmedia.com\/leblogmoto\/2009\/06\/19\/pour-le-plaisir-les-deux-derniers-tours-du-gp-de-catalogne\/\" \/>\n<meta name=\"twitter:card\" content=\"summary_large_image\" \/>\n<meta name=\"twitter:title\" content=\"Pour le plaisir, les deux derniers tours du GP de Catalogne. - leblogmoto.com\" \/>\n<meta name=\"twitter:description\" content=\"&#160; Superbe mano a mano auquel se sont livr\u00e9s les pilotes Fiat-Yamaha le week-end dernier,&#160;et que le&#160;site Asphalt &amp; Rubber, d&#039;o\u00f9 cette vid\u00e9o est tir\u00e9e,&#160;vous permet de revivre. Avec&#160;le Dottore qui ne tarit pas d&#039;\u00e9loge sur ce duel&#160;et&#160;incidemment&#160;sur&#160;son adversaire: &quot;Quelle super bagarre, c&#039;\u00e9tait g\u00e9nial. Lorenzo \u00e9tait vraiment fort, \u00e7a a \u00e9t\u00e9 l&#039;une de mes plus [&hellip;]\" \/>\n<meta name=\"twitter:label1\" content=\"\u00c9crit par\" \/>\n\t<meta name=\"twitter:data1\" content=\"benoit rieu\" \/>\n\t<meta name=\"twitter:label2\" content=\"Dur\u00e9e de lecture estim\u00e9e\" \/>\n\t<meta name=\"twitter:data2\" content=\"1 minute\" \/>\n<script type=\"application\/ld+json\" class=\"yoast-schema-graph\">{\"@context\":\"https:\/\/schema.org\",\"@graph\":[{\"@type\":\"WebPage\",\"@id\":\"https:\/\/blogs.thesocialmedia.com\/leblogmoto\/2009\/06\/19\/pour-le-plaisir-les-deux-derniers-tours-du-gp-de-catalogne\/\",\"url\":\"https:\/\/blogs.thesocialmedia.com\/leblogmoto\/2009\/06\/19\/pour-le-plaisir-les-deux-derniers-tours-du-gp-de-catalogne\/\",\"name\":\"Pour le plaisir, les deux derniers tours du GP de Catalogne. - leblogmoto.com\",\"isPartOf\":{\"@id\":\"https:\/\/blogs.thesocialmedia.com\/leblogmoto\/#website\"},\"datePublished\":\"2009-06-19T22:58:38+00:00\",\"dateModified\":\"2012-07-11T13:23:14+00:00\",\"author\":{\"@id\":\"https:\/\/blogs.thesocialmedia.com\/leblogmoto\/#\/schema\/person\/18bfe773e5725ed6d24f743da805362a\"},\"breadcrumb\":{\"@id\":\"https:\/\/blogs.thesocialmedia.com\/leblogmoto\/2009\/06\/19\/pour-le-plaisir-les-deux-derniers-tours-du-gp-de-catalogne\/#breadcrumb\"},\"inLanguage\":\"fr-FR\",\"potentialAction\":[{\"@type\":\"ReadAction\",\"target\":[\"https:\/\/blogs.thesocialmedia.com\/leblogmoto\/2009\/06\/19\/pour-le-plaisir-les-deux-derniers-tours-du-gp-de-catalogne\/\"]}]},{\"@type\":\"BreadcrumbList\",\"@id\":\"https:\/\/blogs.thesocialmedia.com\/leblogmoto\/2009\/06\/19\/pour-le-plaisir-les-deux-derniers-tours-du-gp-de-catalogne\/#breadcrumb\",\"itemListElement\":[{\"@type\":\"ListItem\",\"position\":1,\"name\":\"Accueil\",\"item\":\"https:\/\/blogs.thesocialmedia.com\/leblogmoto\/\"},{\"@type\":\"ListItem\",\"position\":2,\"name\":\"Pour le plaisir, les deux derniers tours du GP de Catalogne.\"}]},{\"@type\":\"WebSite\",\"@id\":\"https:\/\/blogs.thesocialmedia.com\/leblogmoto\/#website\",\"url\":\"https:\/\/blogs.thesocialmedia.com\/leblogmoto\/\",\"name\":\"leblogmoto\",\"description\":\"Toute l&#039;actualit\u00e9 des 2 roues\",\"potentialAction\":[{\"@type\":\"SearchAction\",\"target\":{\"@type\":\"EntryPoint\",\"urlTemplate\":\"https:\/\/blogs.thesocialmedia.com\/leblogmoto\/?s={search_term_string}\"},\"query-input\":{\"@type\":\"PropertyValueSpecification\",\"valueRequired\":true,\"valueName\":\"search_term_string\"}}],\"inLanguage\":\"fr-FR\"},{\"@type\":\"Person\",\"@id\":\"https:\/\/blogs.thesocialmedia.com\/leblogmoto\/#\/schema\/person\/18bfe773e5725ed6d24f743da805362a\",\"name\":\"benoit rieu\",\"image\":{\"@type\":\"ImageObject\",\"inLanguage\":\"fr-FR\",\"@id\":\"https:\/\/blogs.thesocialmedia.com\/leblogmoto\/#\/schema\/person\/image\/\",\"url\":\"https:\/\/secure.gravatar.com\/avatar\/?s=96&d=mm&r=g\",\"contentUrl\":\"https:\/\/secure.gravatar.com\/avatar\/?s=96&d=mm&r=g\",\"caption\":\"benoit rieu\"},\"url\":\"https:\/\/blogs.thesocialmedia.com\/leblogmoto\/author\/benoit-rieu\/\"}]}<\/script>\n<!-- \/ Yoast SEO plugin. -->","yoast_head_json":{"title":"Pour le plaisir, les deux derniers tours du GP de Catalogne. - leblogmoto.com","robots":{"index":"index","follow":"follow","max-snippet":"max-snippet:-1","max-image-preview":"max-image-preview:large","max-video-preview":"max-video-preview:-1"},"canonical":"https:\/\/blogs.thesocialmedia.com\/leblogmoto\/2009\/06\/19\/pour-le-plaisir-les-deux-derniers-tours-du-gp-de-catalogne\/","twitter_card":"summary_large_image","twitter_title":"Pour le plaisir, les deux derniers tours du GP de Catalogne. - leblogmoto.com","twitter_description":"&#160; Superbe mano a mano auquel se sont livr\u00e9s les pilotes Fiat-Yamaha le week-end dernier,&#160;et que le&#160;site Asphalt &amp; Rubber, d&#039;o\u00f9 cette vid\u00e9o est tir\u00e9e,&#160;vous permet de revivre. Avec&#160;le Dottore qui ne tarit pas d&#039;\u00e9loge sur ce duel&#160;et&#160;incidemment&#160;sur&#160;son adversaire: &quot;Quelle super bagarre, c&#039;\u00e9tait g\u00e9nial. Lorenzo \u00e9tait vraiment fort, \u00e7a a \u00e9t\u00e9 l&#039;une de mes plus [&hellip;]","twitter_misc":{"\u00c9crit par":"benoit rieu","Dur\u00e9e de lecture estim\u00e9e":"1 minute"},"schema":{"@context":"https:\/\/schema.org","@graph":[{"@type":"WebPage","@id":"https:\/\/blogs.thesocialmedia.com\/leblogmoto\/2009\/06\/19\/pour-le-plaisir-les-deux-derniers-tours-du-gp-de-catalogne\/","url":"https:\/\/blogs.thesocialmedia.com\/leblogmoto\/2009\/06\/19\/pour-le-plaisir-les-deux-derniers-tours-du-gp-de-catalogne\/","name":"Pour le plaisir, les deux derniers tours du GP de Catalogne. - leblogmoto.com","isPartOf":{"@id":"https:\/\/blogs.thesocialmedia.com\/leblogmoto\/#website"},"datePublished":"2009-06-19T22:58:38+00:00","dateModified":"2012-07-11T13:23:14+00:00","author":{"@id":"https:\/\/blogs.thesocialmedia.com\/leblogmoto\/#\/schema\/person\/18bfe773e5725ed6d24f743da805362a"},"breadcrumb":{"@id":"https:\/\/blogs.thesocialmedia.com\/leblogmoto\/2009\/06\/19\/pour-le-plaisir-les-deux-derniers-tours-du-gp-de-catalogne\/#breadcrumb"},"inLanguage":"fr-FR","potentialAction":[{"@type":"ReadAction","target":["https:\/\/blogs.thesocialmedia.com\/leblogmoto\/2009\/06\/19\/pour-le-plaisir-les-deux-derniers-tours-du-gp-de-catalogne\/"]}]},{"@type":"BreadcrumbList","@id":"https:\/\/blogs.thesocialmedia.com\/leblogmoto\/2009\/06\/19\/pour-le-plaisir-les-deux-derniers-tours-du-gp-de-catalogne\/#breadcrumb","itemListElement":[{"@type":"ListItem","position":1,"name":"Accueil","item":"https:\/\/blogs.thesocialmedia.com\/leblogmoto\/"},{"@type":"ListItem","position":2,"name":"Pour le plaisir, les deux derniers tours du GP de Catalogne."}]},{"@type":"WebSite","@id":"https:\/\/blogs.thesocialmedia.com\/leblogmoto\/#website","url":"https:\/\/blogs.thesocialmedia.com\/leblogmoto\/","name":"leblogmoto","description":"Toute l&#039;actualit\u00e9 des 2 roues","potentialAction":[{"@type":"SearchAction","target":{"@type":"EntryPoint","urlTemplate":"https:\/\/blogs.thesocialmedia.com\/leblogmoto\/?s={search_term_string}"},"query-input":{"@type":"PropertyValueSpecification","valueRequired":true,"valueName":"search_term_string"}}],"inLanguage":"fr-FR"},{"@type":"Person","@id":"https:\/\/blogs.thesocialmedia.com\/leblogmoto\/#\/schema\/person\/18bfe773e5725ed6d24f743da805362a","name":"benoit rieu","image":{"@type":"ImageObject","inLanguage":"fr-FR","@id":"https:\/\/blogs.thesocialmedia.com\/leblogmoto\/#\/schema\/person\/image\/","url":"https:\/\/secure.gravatar.com\/avatar\/?s=96&d=mm&r=g","contentUrl":"https:\/\/secure.gravatar.com\/avatar\/?s=96&d=mm&r=g","caption":"benoit rieu"},"url":"https:\/\/blogs.thesocialmedia.com\/leblogmoto\/author\/benoit-rieu\/"}]}},"_links":{"self":[{"href":"https:\/\/blogs.thesocialmedia.com\/leblogmoto\/wp-json\/wp\/v2\/posts\/113","targetHints":{"allow":["GET"]}}],"collection":[{"href":"https:\/\/blogs.thesocialmedia.com\/leblogmoto\/wp-json\/wp\/v2\/posts"}],"about":[{"href":"https:\/\/blogs.thesocialmedia.com\/leblogmoto\/wp-json\/wp\/v2\/types\/post"}],"author":[{"embeddable":true,"href":"https:\/\/blogs.thesocialmedia.com\/leblogmoto\/wp-json\/wp\/v2\/users\/324"}],"replies":[{"embeddable":true,"href":"https:\/\/blogs.thesocialmedia.com\/leblogmoto\/wp-json\/wp\/v2\/comments?post=113"}],"version-history":[{"count":1,"href":"https:\/\/blogs.thesocialmedia.com\/leblogmoto\/wp-json\/wp\/v2\/posts\/113\/revisions"}],"predecessor-version":[{"id":5150,"href":"https:\/\/blogs.thesocialmedia.com\/leblogmoto\/wp-json\/wp\/v2\/posts\/113\/revisions\/5150"}],"wp:attachment":[{"href":"https:\/\/blogs.thesocialmedia.com\/leblogmoto\/wp-json\/wp\/v2\/media?parent=113"}],"wp:term":[{"taxonomy":"category","embeddable":true,"href":"https:\/\/blogs.thesocialmedia.com\/leblogmoto\/wp-json\/wp\/v2\/categories?post=113"},{"taxonomy":"post_tag","embeddable":true,"href":"https:\/\/blogs.thesocialmedia.com\/leblogmoto\/wp-json\/wp\/v2\/tags?post=113"}],"curies":[{"name":"wp","href":"https:\/\/api.w.org\/{rel}","templated":true}]}}