{"id":1130,"date":"2007-11-01T03:52:27","date_gmt":"2007-11-01T03:52:27","guid":{"rendered":"http:\/\/blogs.thesocialmedia.com\/leblogmoto\/2007\/11\/01\/jt-nesbitt-en-n\/"},"modified":"2012-07-11T14:52:15","modified_gmt":"2012-07-11T14:52:15","slug":"jt-nesbitt-en-n","status":"publish","type":"post","link":"https:\/\/blogs.thesocialmedia.com\/leblogmoto\/2007\/11\/01\/jt-nesbitt-en-n\/","title":{"rendered":"JT Nesbitt, en noir sur blanc"},"content":{"rendered":"<p><a href=\"http:\/\/blogs.thesocialmedia.com\/leblogmoto\/files\/2012\/07\/nesbitt.jpg\"><img loading=\"lazy\" decoding=\"async\" width=\"470\" height=\"150\"  src=\"http:\/\/www.leblogmoto.com\/images\/2007\/10\/31\/nesbitt.jpg\" alt=\"Nesbitt\" \/><\/a> <\/p>\n<p>Quelques cercles sur un bout de papier avec en t\u00eate un pass\u00e9 glorieux et un avenir encore plus fantastique, un prototype, Katrina et 250 km\/h sur le lac ass\u00e9ch\u00e9 de <a href=\"http:\/\/www.roadsters.com\/bonneville\/\">Bonneville<\/a> il y a quelques semaines. C&rsquo;est en gros l&rsquo;histoire du B120 Wraith de <a href=\"http:\/\/www.confederate.com\/\">Confederate Motorcycles<\/a>. L&rsquo;histoire de Confederate n&rsquo;est pas banale non plus, mais ce sera pour une autre fois sans doute. Ils aiment l&rsquo;actualit\u00e9, et avec des clients comme Tom Cruise et Brad Pitt, l&rsquo;actualit\u00e9 les aime.<\/p>\n<p><a href=\"http:\/\/clabedan.typepad.com\/.shared\/image.html?\/photos\/uncategorized\/2007\/10\/31\/img_00082637x325.jpg\"><img loading=\"lazy\" decoding=\"async\" width=\"470\" height=\"239\"  src=\"http:\/\/www.leblogmoto.com\/images\/2007\/10\/31\/img_00082637x325.jpg\" alt=\"Img_00082637x325\" \/><\/a> <\/p>\n<p>Revenons \u00e0 ce monsieur Nesbitt qui officie chez Confederate, mettant la derni\u00e8re main au Hellcat et d\u00e9veloppant le Wraith. En voyage d&rsquo;affaires dans les \u00c9mirats, chez un client propri\u00e9taire de Hellcat qui songe \u00e0 investir dans la compagnie, les deux associ\u00e9s, Matt Chambers et JT Nesbitt d\u00e9couvre avec horreur les ravages de l&rsquo;ouragan Katrina sur la Nouvelle Orl\u00e9ans. Tout Confederate est l\u00e0, l&rsquo;atelier, les employ\u00e9s, la famille, les amis. Les communications \u00e9tant coup\u00e9es, c&rsquo;est le premier avion pour rentrer \u00e0 la maison. Heureusement, tous sont sains et saufs, mais Confederate n&rsquo;existe plus, les lieux physiques ne sont plus que ruine, quelques motos pourront \u00eatre r\u00e9cup\u00e9r\u00e9es pour les pi\u00e8ces. Il faut songer aux lendemains, quel avenir est souhaitable pour la continuit\u00e9 et quelles d\u00e9cisions seront les meilleures. Si la temp\u00eate s&rsquo;est calm\u00e9e \u00e0 New Orleans, elle fait rage chez Confederate. Les deux amis ne voyant pas la suite des choses du m\u00eame oeil, les tensions sont vives et les divergences de plus en plus marqu\u00e9es. JT est pour la reconstruction \u00e0 la Nouvelle Orl\u00e9ans, mais le chaos r\u00e8gne toujours m\u00eame apr\u00e8s plusieurs semaines, et le temps presse. D\u00e9cision est prise de d\u00e9m\u00e9nager en Alabama et de donner de solide base \u00e0 la compagnie, qui se doit de produire pour survivre. Le divorce est alors consomm\u00e9 entre les deux anciens amis et associ\u00e9s. JT Nesbitt panse ses plaies dans le quartier fran\u00e7ais et pr\u00e9pare son avenir.<\/p>\n<p><a href=\"http:\/\/blogs.thesocialmedia.com\/leblogmoto\/files\/2012\/07\/ghostdwg2600x343.jpg\"><img loading=\"lazy\" decoding=\"async\" width=\"470\" height=\"268\"  src=\"http:\/\/www.leblogmoto.com\/images\/2007\/10\/31\/ghostdwg2600x343.jpg\" alt=\"Ghostdwg2600x343\" \/><\/a> <\/p>\n<p>Et il dessine. Son trait de crayon est comme celui d&rsquo;un architecte, vif, pr\u00e9cis, presque abstrait. Mais plut\u00f4t qu&rsquo;une machine \u00e0 habiter, c&rsquo;en est une \u00e0 rouler, vite, mais avec style.<\/p>\n<p><a href=\"http:\/\/blogs.thesocialmedia.com\/leblogmoto\/files\/2012\/07\/pic1326600x343.jpg\"><img loading=\"lazy\" decoding=\"async\" width=\"470\" height=\"268\"  src=\"http:\/\/www.leblogmoto.com\/images\/2007\/10\/31\/pic1326600x343.jpg\" alt=\"Pic1326600x343\" \/><\/a> <\/p>\n<p>C&rsquo;est maintenant l&rsquo;artiste et l&rsquo;artisan, qui avec quelques proches collaborateurs, reconstruit un r\u00eave, celui de vivre, cr\u00e9er et r\u00e9inventer la moto, New Orleans style. Le nouveau lieu, Bienville Studio, est un clin d&rsquo;oeil au p\u00e8re fondateur de la Nouvelle Orl\u00e9ans, Jean Baptiste Le Moyne, <a href=\"http:\/\/fr.wikipedia.org\/wiki\/Jean-Baptiste_Le_Moyne_de_Bienville\">Sieur de Bienville<\/a>. Un qu\u00e9b\u00e9cois, si je peux me permettre ce court moment de fiert\u00e9 non dissimul\u00e9. Voil\u00e0, merci, c&rsquo;est pass\u00e9.<\/p>\n<p><a href=\"http:\/\/clabedan.typepad.com\/.shared\/image.html?\/photos\/uncategorized\/2007\/10\/31\/img_0001632x342.jpg\"><img loading=\"lazy\" decoding=\"async\" width=\"470\" height=\"254\"  src=\"http:\/\/www.leblogmoto.com\/images\/2007\/10\/31\/img_0001632x342.jpg\" alt=\"Img_0001632x342\" \/><\/a> <\/p>\n<p>Je me concentre ici sur les dessins, mais pour voir au-del\u00e0, le site du <a href=\"http:\/\/www.bienvillestudios.com\/index.html\">Studio Bienville<\/a> de JT Nesbitt est complet et pas compliqu\u00e9. Celui de <a href=\"http:\/\/www.confederate.com\/\">Confederate<\/a> est tr\u00e8s pro, mais proche de l&rsquo;esprit blog avec son lot d&rsquo;infos vari\u00e9es et beaucoup d&rsquo;images et des vid\u00e9os.<\/p>\n<p><a href=\"http:\/\/clabedan.typepad.com\/.shared\/image.html?\/photos\/uncategorized\/2007\/10\/31\/variantscolor600x480.jpg\"><img loading=\"lazy\" decoding=\"async\" width=\"470\" height=\"376\"  src=\"http:\/\/www.leblogmoto.com\/images\/2007\/10\/31\/variantscolor600x480.jpg\" alt=\"Variantscolor600x480\" \/><\/a> <\/p>\n","protected":false},"excerpt":{"rendered":"<p>Quelques cercles sur un bout de papier avec en t\u00eate un pass\u00e9 glorieux et un avenir encore plus fantastique, un prototype, Katrina et 250 km\/h sur le lac ass\u00e9ch\u00e9 de Bonneville il y a quelques semaines. C&rsquo;est en gros l&rsquo;histoire du B120 Wraith de Confederate Motorcycles. L&rsquo;histoire de Confederate n&rsquo;est pas banale non plus, mais [&hellip;]<\/p>\n","protected":false},"author":325,"featured_media":0,"comment_status":"open","ping_status":"open","sticky":false,"template":"","format":"standard","meta":{"footnotes":""},"categories":[38,33,9],"tags":[],"class_list":["post-1130","post","type-post","status-publish","format-standard","hentry","category-atelier","category-concept-bike","category-historique"],"yoast_head":"<!-- This site is optimized with the Yoast SEO plugin v26.0 - https:\/\/yoast.com\/wordpress\/plugins\/seo\/ -->\n<title>JT Nesbitt, en noir sur blanc - leblogmoto.com<\/title>\n<meta name=\"robots\" content=\"index, follow, max-snippet:-1, max-image-preview:large, max-video-preview:-1\" \/>\n<link rel=\"canonical\" href=\"https:\/\/blogs.thesocialmedia.com\/leblogmoto\/2007\/11\/01\/jt-nesbitt-en-n\/\" \/>\n<meta name=\"twitter:card\" content=\"summary_large_image\" \/>\n<meta name=\"twitter:title\" content=\"JT Nesbitt, en noir sur blanc - leblogmoto.com\" \/>\n<meta name=\"twitter:description\" content=\"Quelques cercles sur un bout de papier avec en t\u00eate un pass\u00e9 glorieux et un avenir encore plus fantastique, un prototype, Katrina et 250 km\/h sur le lac ass\u00e9ch\u00e9 de Bonneville il y a quelques semaines. C&rsquo;est en gros l&rsquo;histoire du B120 Wraith de Confederate Motorcycles. L&rsquo;histoire de Confederate n&rsquo;est pas banale non plus, mais [&hellip;]\" \/>\n<meta name=\"twitter:image\" content=\"http:\/\/www.leblogmoto.com\/images\/2007\/10\/31\/nesbitt.jpg\" \/>\n<meta name=\"twitter:label1\" content=\"\u00c9crit par\" \/>\n\t<meta name=\"twitter:data1\" content=\"jacques lesage\" \/>\n\t<meta name=\"twitter:label2\" content=\"Dur\u00e9e de lecture estim\u00e9e\" \/>\n\t<meta name=\"twitter:data2\" content=\"2 minutes\" \/>\n<script type=\"application\/ld+json\" class=\"yoast-schema-graph\">{\"@context\":\"https:\/\/schema.org\",\"@graph\":[{\"@type\":\"WebPage\",\"@id\":\"https:\/\/blogs.thesocialmedia.com\/leblogmoto\/2007\/11\/01\/jt-nesbitt-en-n\/\",\"url\":\"https:\/\/blogs.thesocialmedia.com\/leblogmoto\/2007\/11\/01\/jt-nesbitt-en-n\/\",\"name\":\"JT Nesbitt, en noir sur blanc - leblogmoto.com\",\"isPartOf\":{\"@id\":\"https:\/\/blogs.thesocialmedia.com\/leblogmoto\/#website\"},\"primaryImageOfPage\":{\"@id\":\"https:\/\/blogs.thesocialmedia.com\/leblogmoto\/2007\/11\/01\/jt-nesbitt-en-n\/#primaryimage\"},\"image\":{\"@id\":\"https:\/\/blogs.thesocialmedia.com\/leblogmoto\/2007\/11\/01\/jt-nesbitt-en-n\/#primaryimage\"},\"thumbnailUrl\":\"http:\/\/www.leblogmoto.com\/images\/2007\/10\/31\/nesbitt.jpg\",\"datePublished\":\"2007-11-01T03:52:27+00:00\",\"dateModified\":\"2012-07-11T14:52:15+00:00\",\"author\":{\"@id\":\"https:\/\/blogs.thesocialmedia.com\/leblogmoto\/#\/schema\/person\/e82a0ca8a9a63d031586097a3ed58526\"},\"breadcrumb\":{\"@id\":\"https:\/\/blogs.thesocialmedia.com\/leblogmoto\/2007\/11\/01\/jt-nesbitt-en-n\/#breadcrumb\"},\"inLanguage\":\"fr-FR\",\"potentialAction\":[{\"@type\":\"ReadAction\",\"target\":[\"https:\/\/blogs.thesocialmedia.com\/leblogmoto\/2007\/11\/01\/jt-nesbitt-en-n\/\"]}]},{\"@type\":\"ImageObject\",\"inLanguage\":\"fr-FR\",\"@id\":\"https:\/\/blogs.thesocialmedia.com\/leblogmoto\/2007\/11\/01\/jt-nesbitt-en-n\/#primaryimage\",\"url\":\"http:\/\/www.leblogmoto.com\/images\/2007\/10\/31\/nesbitt.jpg\",\"contentUrl\":\"http:\/\/www.leblogmoto.com\/images\/2007\/10\/31\/nesbitt.jpg\"},{\"@type\":\"BreadcrumbList\",\"@id\":\"https:\/\/blogs.thesocialmedia.com\/leblogmoto\/2007\/11\/01\/jt-nesbitt-en-n\/#breadcrumb\",\"itemListElement\":[{\"@type\":\"ListItem\",\"position\":1,\"name\":\"Accueil\",\"item\":\"https:\/\/blogs.thesocialmedia.com\/leblogmoto\/\"},{\"@type\":\"ListItem\",\"position\":2,\"name\":\"JT Nesbitt, en noir sur blanc\"}]},{\"@type\":\"WebSite\",\"@id\":\"https:\/\/blogs.thesocialmedia.com\/leblogmoto\/#website\",\"url\":\"https:\/\/blogs.thesocialmedia.com\/leblogmoto\/\",\"name\":\"leblogmoto\",\"description\":\"Toute l&#039;actualit\u00e9 des 2 roues\",\"potentialAction\":[{\"@type\":\"SearchAction\",\"target\":{\"@type\":\"EntryPoint\",\"urlTemplate\":\"https:\/\/blogs.thesocialmedia.com\/leblogmoto\/?s={search_term_string}\"},\"query-input\":{\"@type\":\"PropertyValueSpecification\",\"valueRequired\":true,\"valueName\":\"search_term_string\"}}],\"inLanguage\":\"fr-FR\"},{\"@type\":\"Person\",\"@id\":\"https:\/\/blogs.thesocialmedia.com\/leblogmoto\/#\/schema\/person\/e82a0ca8a9a63d031586097a3ed58526\",\"name\":\"jacques lesage\",\"image\":{\"@type\":\"ImageObject\",\"inLanguage\":\"fr-FR\",\"@id\":\"https:\/\/blogs.thesocialmedia.com\/leblogmoto\/#\/schema\/person\/image\/\",\"url\":\"https:\/\/secure.gravatar.com\/avatar\/?s=96&d=mm&r=g\",\"contentUrl\":\"https:\/\/secure.gravatar.com\/avatar\/?s=96&d=mm&r=g\",\"caption\":\"jacques lesage\"},\"url\":\"https:\/\/blogs.thesocialmedia.com\/leblogmoto\/author\/jacques-lesage\/\"}]}<\/script>\n<!-- \/ Yoast SEO plugin. -->","yoast_head_json":{"title":"JT Nesbitt, en noir sur blanc - leblogmoto.com","robots":{"index":"index","follow":"follow","max-snippet":"max-snippet:-1","max-image-preview":"max-image-preview:large","max-video-preview":"max-video-preview:-1"},"canonical":"https:\/\/blogs.thesocialmedia.com\/leblogmoto\/2007\/11\/01\/jt-nesbitt-en-n\/","twitter_card":"summary_large_image","twitter_title":"JT Nesbitt, en noir sur blanc - leblogmoto.com","twitter_description":"Quelques cercles sur un bout de papier avec en t\u00eate un pass\u00e9 glorieux et un avenir encore plus fantastique, un prototype, Katrina et 250 km\/h sur le lac ass\u00e9ch\u00e9 de Bonneville il y a quelques semaines. C&rsquo;est en gros l&rsquo;histoire du B120 Wraith de Confederate Motorcycles. L&rsquo;histoire de Confederate n&rsquo;est pas banale non plus, mais [&hellip;]","twitter_image":"http:\/\/www.leblogmoto.com\/images\/2007\/10\/31\/nesbitt.jpg","twitter_misc":{"\u00c9crit par":"jacques lesage","Dur\u00e9e de lecture estim\u00e9e":"2 minutes"},"schema":{"@context":"https:\/\/schema.org","@graph":[{"@type":"WebPage","@id":"https:\/\/blogs.thesocialmedia.com\/leblogmoto\/2007\/11\/01\/jt-nesbitt-en-n\/","url":"https:\/\/blogs.thesocialmedia.com\/leblogmoto\/2007\/11\/01\/jt-nesbitt-en-n\/","name":"JT Nesbitt, en noir sur blanc - leblogmoto.com","isPartOf":{"@id":"https:\/\/blogs.thesocialmedia.com\/leblogmoto\/#website"},"primaryImageOfPage":{"@id":"https:\/\/blogs.thesocialmedia.com\/leblogmoto\/2007\/11\/01\/jt-nesbitt-en-n\/#primaryimage"},"image":{"@id":"https:\/\/blogs.thesocialmedia.com\/leblogmoto\/2007\/11\/01\/jt-nesbitt-en-n\/#primaryimage"},"thumbnailUrl":"http:\/\/www.leblogmoto.com\/images\/2007\/10\/31\/nesbitt.jpg","datePublished":"2007-11-01T03:52:27+00:00","dateModified":"2012-07-11T14:52:15+00:00","author":{"@id":"https:\/\/blogs.thesocialmedia.com\/leblogmoto\/#\/schema\/person\/e82a0ca8a9a63d031586097a3ed58526"},"breadcrumb":{"@id":"https:\/\/blogs.thesocialmedia.com\/leblogmoto\/2007\/11\/01\/jt-nesbitt-en-n\/#breadcrumb"},"inLanguage":"fr-FR","potentialAction":[{"@type":"ReadAction","target":["https:\/\/blogs.thesocialmedia.com\/leblogmoto\/2007\/11\/01\/jt-nesbitt-en-n\/"]}]},{"@type":"ImageObject","inLanguage":"fr-FR","@id":"https:\/\/blogs.thesocialmedia.com\/leblogmoto\/2007\/11\/01\/jt-nesbitt-en-n\/#primaryimage","url":"http:\/\/www.leblogmoto.com\/images\/2007\/10\/31\/nesbitt.jpg","contentUrl":"http:\/\/www.leblogmoto.com\/images\/2007\/10\/31\/nesbitt.jpg"},{"@type":"BreadcrumbList","@id":"https:\/\/blogs.thesocialmedia.com\/leblogmoto\/2007\/11\/01\/jt-nesbitt-en-n\/#breadcrumb","itemListElement":[{"@type":"ListItem","position":1,"name":"Accueil","item":"https:\/\/blogs.thesocialmedia.com\/leblogmoto\/"},{"@type":"ListItem","position":2,"name":"JT Nesbitt, en noir sur blanc"}]},{"@type":"WebSite","@id":"https:\/\/blogs.thesocialmedia.com\/leblogmoto\/#website","url":"https:\/\/blogs.thesocialmedia.com\/leblogmoto\/","name":"leblogmoto","description":"Toute l&#039;actualit\u00e9 des 2 roues","potentialAction":[{"@type":"SearchAction","target":{"@type":"EntryPoint","urlTemplate":"https:\/\/blogs.thesocialmedia.com\/leblogmoto\/?s={search_term_string}"},"query-input":{"@type":"PropertyValueSpecification","valueRequired":true,"valueName":"search_term_string"}}],"inLanguage":"fr-FR"},{"@type":"Person","@id":"https:\/\/blogs.thesocialmedia.com\/leblogmoto\/#\/schema\/person\/e82a0ca8a9a63d031586097a3ed58526","name":"jacques lesage","image":{"@type":"ImageObject","inLanguage":"fr-FR","@id":"https:\/\/blogs.thesocialmedia.com\/leblogmoto\/#\/schema\/person\/image\/","url":"https:\/\/secure.gravatar.com\/avatar\/?s=96&d=mm&r=g","contentUrl":"https:\/\/secure.gravatar.com\/avatar\/?s=96&d=mm&r=g","caption":"jacques lesage"},"url":"https:\/\/blogs.thesocialmedia.com\/leblogmoto\/author\/jacques-lesage\/"}]}},"_links":{"self":[{"href":"https:\/\/blogs.thesocialmedia.com\/leblogmoto\/wp-json\/wp\/v2\/posts\/1130","targetHints":{"allow":["GET"]}}],"collection":[{"href":"https:\/\/blogs.thesocialmedia.com\/leblogmoto\/wp-json\/wp\/v2\/posts"}],"about":[{"href":"https:\/\/blogs.thesocialmedia.com\/leblogmoto\/wp-json\/wp\/v2\/types\/post"}],"author":[{"embeddable":true,"href":"https:\/\/blogs.thesocialmedia.com\/leblogmoto\/wp-json\/wp\/v2\/users\/325"}],"replies":[{"embeddable":true,"href":"https:\/\/blogs.thesocialmedia.com\/leblogmoto\/wp-json\/wp\/v2\/comments?post=1130"}],"version-history":[{"count":2,"href":"https:\/\/blogs.thesocialmedia.com\/leblogmoto\/wp-json\/wp\/v2\/posts\/1130\/revisions"}],"predecessor-version":[{"id":9027,"href":"https:\/\/blogs.thesocialmedia.com\/leblogmoto\/wp-json\/wp\/v2\/posts\/1130\/revisions\/9027"}],"wp:attachment":[{"href":"https:\/\/blogs.thesocialmedia.com\/leblogmoto\/wp-json\/wp\/v2\/media?parent=1130"}],"wp:term":[{"taxonomy":"category","embeddable":true,"href":"https:\/\/blogs.thesocialmedia.com\/leblogmoto\/wp-json\/wp\/v2\/categories?post=1130"},{"taxonomy":"post_tag","embeddable":true,"href":"https:\/\/blogs.thesocialmedia.com\/leblogmoto\/wp-json\/wp\/v2\/tags?post=1130"}],"curies":[{"name":"wp","href":"https:\/\/api.w.org\/{rel}","templated":true}]}}