{"id":1131,"date":"2007-10-31T22:54:35","date_gmt":"2007-10-31T22:54:35","guid":{"rendered":"http:\/\/blogs.thesocialmedia.com\/leblogmoto\/2007\/10\/31\/le-nouveau-livr\/"},"modified":"2012-07-11T14:52:11","modified_gmt":"2012-07-11T14:52:11","slug":"le-nouveau-livr","status":"publish","type":"post","link":"https:\/\/blogs.thesocialmedia.com\/leblogmoto\/2007\/10\/31\/le-nouveau-livr\/","title":{"rendered":"Nouveau livre Ducati Passion, pour le vrai Ducatista."},"content":{"rendered":"<p><a href=\"http:\/\/blogs.thesocialmedia.com\/leblogmoto\/files\/2012\/07\/ducati_passion_frontcover__2.jpg\"><img loading=\"lazy\" decoding=\"async\" width=\"470\" height=\"287\"  src=\"http:\/\/www.leblogmoto.com\/images\/2007\/10\/31\/ducati_passion_frontcover__2.jpg\" alt=\"Ducati_passion_frontcover__2\" \/><\/a><\/p>\n<p>Ce livre est un hommage non pas aux pros sur leurs Desmosedici, mais au vrai <em>Ducatista<\/em>, le fan de la marque de Bologne. Un livre bien plus int\u00e9ressant que Ducati Portrait qui n&rsquo;\u00e9tait qu&rsquo;un assemblage de photos noir et blanc, et un brin narcissique&nbsp; de propri\u00e9taires ventripotents, de motards sur le retour et de pilotes du dimanche. Vu les photos couleurs et la vie qui transpire de ces pages on a vraiment l&rsquo;impression que cet ouvrage a \u00e9t\u00e9 r\u00e9dig\u00e9 par opposition au pr\u00e9c\u00e9dent. C&rsquo;est tr\u00e8s heureux. <\/p>\n<p><a href=\"http:\/\/blogs.thesocialmedia.com\/leblogmoto\/files\/2012\/07\/ducati_passion_frontcover_4.jpg\"><img loading=\"lazy\" decoding=\"async\" width=\"470\" height=\"470\"  src=\"http:\/\/www.leblogmoto.com\/images\/2007\/10\/31\/ducati_passion_frontcover_4.jpg\" alt=\"Ducati_passion_frontcover_4\" \/><\/a><\/p>\n<p>Pour pr\u00e8s de 35 \u20ac vous revivrez la Ducati Riding Experience qui vous apprend \u00e0 vous comporter au guidon de votre moto, partagerez l&rsquo;\u00e9mulation lors de l&rsquo;\u00e9preuve des cols alpins de Centopassi, admirerez les <em>vintage bikes<\/em> roulant au Motogiro. Superbe&#8230;<\/p>\n<p><a href=\"http:\/\/blogs.thesocialmedia.com\/leblogmoto\/files\/2012\/07\/ducati_passion_backcover.jpg\"><img loading=\"lazy\" decoding=\"async\" width=\"470\" height=\"470\"  src=\"http:\/\/www.leblogmoto.com\/images\/2007\/10\/31\/ducati_passion_backcover.jpg\" alt=\"Ducati_passion_backcover\" \/><\/a>  <\/p>\n","protected":false},"excerpt":{"rendered":"<p>Ce livre est un hommage non pas aux pros sur leurs Desmosedici, mais au vrai Ducatista, le fan de la marque de Bologne. Un livre bien plus int\u00e9ressant que Ducati Portrait qui n&rsquo;\u00e9tait qu&rsquo;un assemblage de photos noir et blanc, et un brin narcissique&nbsp; de propri\u00e9taires ventripotents, de motards sur le retour et de pilotes [&hellip;]<\/p>\n","protected":false},"author":324,"featured_media":0,"comment_status":"open","ping_status":"open","sticky":false,"template":"","format":"standard","meta":{"footnotes":""},"categories":[41,15,10],"tags":[],"class_list":["post-1131","post","type-post","status-publish","format-standard","hentry","category-ducati","category-livres","category-meetings"],"yoast_head":"<!-- This site is optimized with the Yoast SEO plugin v26.0 - https:\/\/yoast.com\/wordpress\/plugins\/seo\/ -->\n<title>Nouveau livre Ducati Passion, pour le vrai Ducatista. - leblogmoto.com<\/title>\n<meta name=\"robots\" content=\"index, follow, max-snippet:-1, max-image-preview:large, max-video-preview:-1\" \/>\n<link rel=\"canonical\" href=\"https:\/\/blogs.thesocialmedia.com\/leblogmoto\/2007\/10\/31\/le-nouveau-livr\/\" \/>\n<meta name=\"twitter:card\" content=\"summary_large_image\" \/>\n<meta name=\"twitter:title\" content=\"Nouveau livre Ducati Passion, pour le vrai Ducatista. - leblogmoto.com\" \/>\n<meta name=\"twitter:description\" content=\"Ce livre est un hommage non pas aux pros sur leurs Desmosedici, mais au vrai Ducatista, le fan de la marque de Bologne. Un livre bien plus int\u00e9ressant que Ducati Portrait qui n&rsquo;\u00e9tait qu&rsquo;un assemblage de photos noir et blanc, et un brin narcissique&nbsp; de propri\u00e9taires ventripotents, de motards sur le retour et de pilotes [&hellip;]\" \/>\n<meta name=\"twitter:image\" content=\"http:\/\/www.leblogmoto.com\/images\/2007\/10\/31\/ducati_passion_frontcover__2.jpg\" \/>\n<meta name=\"twitter:label1\" content=\"\u00c9crit par\" \/>\n\t<meta name=\"twitter:data1\" content=\"benoit rieu\" \/>\n\t<meta name=\"twitter:label2\" content=\"Dur\u00e9e de lecture estim\u00e9e\" \/>\n\t<meta name=\"twitter:data2\" content=\"1 minute\" \/>\n<script type=\"application\/ld+json\" class=\"yoast-schema-graph\">{\"@context\":\"https:\/\/schema.org\",\"@graph\":[{\"@type\":\"WebPage\",\"@id\":\"https:\/\/blogs.thesocialmedia.com\/leblogmoto\/2007\/10\/31\/le-nouveau-livr\/\",\"url\":\"https:\/\/blogs.thesocialmedia.com\/leblogmoto\/2007\/10\/31\/le-nouveau-livr\/\",\"name\":\"Nouveau livre Ducati Passion, pour le vrai Ducatista. - leblogmoto.com\",\"isPartOf\":{\"@id\":\"https:\/\/blogs.thesocialmedia.com\/leblogmoto\/#website\"},\"primaryImageOfPage\":{\"@id\":\"https:\/\/blogs.thesocialmedia.com\/leblogmoto\/2007\/10\/31\/le-nouveau-livr\/#primaryimage\"},\"image\":{\"@id\":\"https:\/\/blogs.thesocialmedia.com\/leblogmoto\/2007\/10\/31\/le-nouveau-livr\/#primaryimage\"},\"thumbnailUrl\":\"http:\/\/www.leblogmoto.com\/images\/2007\/10\/31\/ducati_passion_frontcover__2.jpg\",\"datePublished\":\"2007-10-31T22:54:35+00:00\",\"dateModified\":\"2012-07-11T14:52:11+00:00\",\"author\":{\"@id\":\"https:\/\/blogs.thesocialmedia.com\/leblogmoto\/#\/schema\/person\/18bfe773e5725ed6d24f743da805362a\"},\"breadcrumb\":{\"@id\":\"https:\/\/blogs.thesocialmedia.com\/leblogmoto\/2007\/10\/31\/le-nouveau-livr\/#breadcrumb\"},\"inLanguage\":\"fr-FR\",\"potentialAction\":[{\"@type\":\"ReadAction\",\"target\":[\"https:\/\/blogs.thesocialmedia.com\/leblogmoto\/2007\/10\/31\/le-nouveau-livr\/\"]}]},{\"@type\":\"ImageObject\",\"inLanguage\":\"fr-FR\",\"@id\":\"https:\/\/blogs.thesocialmedia.com\/leblogmoto\/2007\/10\/31\/le-nouveau-livr\/#primaryimage\",\"url\":\"http:\/\/www.leblogmoto.com\/images\/2007\/10\/31\/ducati_passion_frontcover__2.jpg\",\"contentUrl\":\"http:\/\/www.leblogmoto.com\/images\/2007\/10\/31\/ducati_passion_frontcover__2.jpg\"},{\"@type\":\"BreadcrumbList\",\"@id\":\"https:\/\/blogs.thesocialmedia.com\/leblogmoto\/2007\/10\/31\/le-nouveau-livr\/#breadcrumb\",\"itemListElement\":[{\"@type\":\"ListItem\",\"position\":1,\"name\":\"Accueil\",\"item\":\"https:\/\/blogs.thesocialmedia.com\/leblogmoto\/\"},{\"@type\":\"ListItem\",\"position\":2,\"name\":\"Nouveau livre Ducati Passion, pour le vrai Ducatista.\"}]},{\"@type\":\"WebSite\",\"@id\":\"https:\/\/blogs.thesocialmedia.com\/leblogmoto\/#website\",\"url\":\"https:\/\/blogs.thesocialmedia.com\/leblogmoto\/\",\"name\":\"leblogmoto\",\"description\":\"Toute l&#039;actualit\u00e9 des 2 roues\",\"potentialAction\":[{\"@type\":\"SearchAction\",\"target\":{\"@type\":\"EntryPoint\",\"urlTemplate\":\"https:\/\/blogs.thesocialmedia.com\/leblogmoto\/?s={search_term_string}\"},\"query-input\":{\"@type\":\"PropertyValueSpecification\",\"valueRequired\":true,\"valueName\":\"search_term_string\"}}],\"inLanguage\":\"fr-FR\"},{\"@type\":\"Person\",\"@id\":\"https:\/\/blogs.thesocialmedia.com\/leblogmoto\/#\/schema\/person\/18bfe773e5725ed6d24f743da805362a\",\"name\":\"benoit rieu\",\"image\":{\"@type\":\"ImageObject\",\"inLanguage\":\"fr-FR\",\"@id\":\"https:\/\/blogs.thesocialmedia.com\/leblogmoto\/#\/schema\/person\/image\/\",\"url\":\"https:\/\/secure.gravatar.com\/avatar\/?s=96&d=mm&r=g\",\"contentUrl\":\"https:\/\/secure.gravatar.com\/avatar\/?s=96&d=mm&r=g\",\"caption\":\"benoit rieu\"},\"url\":\"https:\/\/blogs.thesocialmedia.com\/leblogmoto\/author\/benoit-rieu\/\"}]}<\/script>\n<!-- \/ Yoast SEO plugin. -->","yoast_head_json":{"title":"Nouveau livre Ducati Passion, pour le vrai Ducatista. - leblogmoto.com","robots":{"index":"index","follow":"follow","max-snippet":"max-snippet:-1","max-image-preview":"max-image-preview:large","max-video-preview":"max-video-preview:-1"},"canonical":"https:\/\/blogs.thesocialmedia.com\/leblogmoto\/2007\/10\/31\/le-nouveau-livr\/","twitter_card":"summary_large_image","twitter_title":"Nouveau livre Ducati Passion, pour le vrai Ducatista. - leblogmoto.com","twitter_description":"Ce livre est un hommage non pas aux pros sur leurs Desmosedici, mais au vrai Ducatista, le fan de la marque de Bologne. Un livre bien plus int\u00e9ressant que Ducati Portrait qui n&rsquo;\u00e9tait qu&rsquo;un assemblage de photos noir et blanc, et un brin narcissique&nbsp; de propri\u00e9taires ventripotents, de motards sur le retour et de pilotes [&hellip;]","twitter_image":"http:\/\/www.leblogmoto.com\/images\/2007\/10\/31\/ducati_passion_frontcover__2.jpg","twitter_misc":{"\u00c9crit par":"benoit rieu","Dur\u00e9e de lecture estim\u00e9e":"1 minute"},"schema":{"@context":"https:\/\/schema.org","@graph":[{"@type":"WebPage","@id":"https:\/\/blogs.thesocialmedia.com\/leblogmoto\/2007\/10\/31\/le-nouveau-livr\/","url":"https:\/\/blogs.thesocialmedia.com\/leblogmoto\/2007\/10\/31\/le-nouveau-livr\/","name":"Nouveau livre Ducati Passion, pour le vrai Ducatista. - leblogmoto.com","isPartOf":{"@id":"https:\/\/blogs.thesocialmedia.com\/leblogmoto\/#website"},"primaryImageOfPage":{"@id":"https:\/\/blogs.thesocialmedia.com\/leblogmoto\/2007\/10\/31\/le-nouveau-livr\/#primaryimage"},"image":{"@id":"https:\/\/blogs.thesocialmedia.com\/leblogmoto\/2007\/10\/31\/le-nouveau-livr\/#primaryimage"},"thumbnailUrl":"http:\/\/www.leblogmoto.com\/images\/2007\/10\/31\/ducati_passion_frontcover__2.jpg","datePublished":"2007-10-31T22:54:35+00:00","dateModified":"2012-07-11T14:52:11+00:00","author":{"@id":"https:\/\/blogs.thesocialmedia.com\/leblogmoto\/#\/schema\/person\/18bfe773e5725ed6d24f743da805362a"},"breadcrumb":{"@id":"https:\/\/blogs.thesocialmedia.com\/leblogmoto\/2007\/10\/31\/le-nouveau-livr\/#breadcrumb"},"inLanguage":"fr-FR","potentialAction":[{"@type":"ReadAction","target":["https:\/\/blogs.thesocialmedia.com\/leblogmoto\/2007\/10\/31\/le-nouveau-livr\/"]}]},{"@type":"ImageObject","inLanguage":"fr-FR","@id":"https:\/\/blogs.thesocialmedia.com\/leblogmoto\/2007\/10\/31\/le-nouveau-livr\/#primaryimage","url":"http:\/\/www.leblogmoto.com\/images\/2007\/10\/31\/ducati_passion_frontcover__2.jpg","contentUrl":"http:\/\/www.leblogmoto.com\/images\/2007\/10\/31\/ducati_passion_frontcover__2.jpg"},{"@type":"BreadcrumbList","@id":"https:\/\/blogs.thesocialmedia.com\/leblogmoto\/2007\/10\/31\/le-nouveau-livr\/#breadcrumb","itemListElement":[{"@type":"ListItem","position":1,"name":"Accueil","item":"https:\/\/blogs.thesocialmedia.com\/leblogmoto\/"},{"@type":"ListItem","position":2,"name":"Nouveau livre Ducati Passion, pour le vrai Ducatista."}]},{"@type":"WebSite","@id":"https:\/\/blogs.thesocialmedia.com\/leblogmoto\/#website","url":"https:\/\/blogs.thesocialmedia.com\/leblogmoto\/","name":"leblogmoto","description":"Toute l&#039;actualit\u00e9 des 2 roues","potentialAction":[{"@type":"SearchAction","target":{"@type":"EntryPoint","urlTemplate":"https:\/\/blogs.thesocialmedia.com\/leblogmoto\/?s={search_term_string}"},"query-input":{"@type":"PropertyValueSpecification","valueRequired":true,"valueName":"search_term_string"}}],"inLanguage":"fr-FR"},{"@type":"Person","@id":"https:\/\/blogs.thesocialmedia.com\/leblogmoto\/#\/schema\/person\/18bfe773e5725ed6d24f743da805362a","name":"benoit rieu","image":{"@type":"ImageObject","inLanguage":"fr-FR","@id":"https:\/\/blogs.thesocialmedia.com\/leblogmoto\/#\/schema\/person\/image\/","url":"https:\/\/secure.gravatar.com\/avatar\/?s=96&d=mm&r=g","contentUrl":"https:\/\/secure.gravatar.com\/avatar\/?s=96&d=mm&r=g","caption":"benoit rieu"},"url":"https:\/\/blogs.thesocialmedia.com\/leblogmoto\/author\/benoit-rieu\/"}]}},"_links":{"self":[{"href":"https:\/\/blogs.thesocialmedia.com\/leblogmoto\/wp-json\/wp\/v2\/posts\/1131","targetHints":{"allow":["GET"]}}],"collection":[{"href":"https:\/\/blogs.thesocialmedia.com\/leblogmoto\/wp-json\/wp\/v2\/posts"}],"about":[{"href":"https:\/\/blogs.thesocialmedia.com\/leblogmoto\/wp-json\/wp\/v2\/types\/post"}],"author":[{"embeddable":true,"href":"https:\/\/blogs.thesocialmedia.com\/leblogmoto\/wp-json\/wp\/v2\/users\/324"}],"replies":[{"embeddable":true,"href":"https:\/\/blogs.thesocialmedia.com\/leblogmoto\/wp-json\/wp\/v2\/comments?post=1131"}],"version-history":[{"count":2,"href":"https:\/\/blogs.thesocialmedia.com\/leblogmoto\/wp-json\/wp\/v2\/posts\/1131\/revisions"}],"predecessor-version":[{"id":9023,"href":"https:\/\/blogs.thesocialmedia.com\/leblogmoto\/wp-json\/wp\/v2\/posts\/1131\/revisions\/9023"}],"wp:attachment":[{"href":"https:\/\/blogs.thesocialmedia.com\/leblogmoto\/wp-json\/wp\/v2\/media?parent=1131"}],"wp:term":[{"taxonomy":"category","embeddable":true,"href":"https:\/\/blogs.thesocialmedia.com\/leblogmoto\/wp-json\/wp\/v2\/categories?post=1131"},{"taxonomy":"post_tag","embeddable":true,"href":"https:\/\/blogs.thesocialmedia.com\/leblogmoto\/wp-json\/wp\/v2\/tags?post=1131"}],"curies":[{"name":"wp","href":"https:\/\/api.w.org\/{rel}","templated":true}]}}