{"id":1132,"date":"2007-10-31T22:07:20","date_gmt":"2007-10-31T22:07:20","guid":{"rendered":"http:\/\/blogs.thesocialmedia.com\/leblogmoto\/2007\/10\/31\/ktm-990-super-d\/"},"modified":"2012-07-11T14:52:05","modified_gmt":"2012-07-11T14:52:05","slug":"ktm-990-super-d","status":"publish","type":"post","link":"https:\/\/blogs.thesocialmedia.com\/leblogmoto\/2007\/10\/31\/ktm-990-super-d\/","title":{"rendered":"KTM 990 Super Duke R : Rappel constructeur"},"content":{"rendered":"<p><a href=\"http:\/\/blogs.thesocialmedia.com\/leblogmoto\/files\/2012\/07\/ktmsuperduke990r.jpg\"><img loading=\"lazy\" decoding=\"async\" width=\"250\" height=\"153\"  src=\"http:\/\/www.leblogmoto.com\/images\/2007\/10\/31\/ktmsuperduke990r.jpg\" alt=\"Ktmsuperduke990r\" style=\"margin: 0px 5px 5px 0px;float: left\" \/><\/a>Propri\u00e9taires de Super Duke R mod\u00e8le 2007 prenez contact avec votre concessionnaire. <br \/>En effet dans certaines circonstances, une rupture de la bride de fixation de l&rsquo;amortisseur de direction de la <a href=\"http:\/\/ktm.com\/KTM-Ready-to-Race.KTM-Ready-to-Race.1.7.html\">KTM<\/a> 990 Super Duke R mod\u00e8le 2007, c&rsquo;est pour cela que <a href=\"http:\/\/ktm.com\/KTM-Ready-to-Race.KTM-Ready-to-Race.1.7.html\">KTM<\/a> demande \u00e0 tous les d\u00e9tenteurs de ce mod\u00e8le de faire momentan\u00e9ment d\u00e9monter ce composant aupr\u00e8s d&rsquo;un distributeur officiel <a href=\"http:\/\/ktm.com\/KTM-Ready-to-Race.KTM-Ready-to-Race.1.7.html\">KTM<\/a>. <\/p>\n<p>Ce rappel concerne toutes les 990 Super Duke R du mill\u00e9sime 2007.<\/p>\n<p>La circulation sur route sans amortisseur de direction ne pr\u00e9sente aucun danger en termes de s\u00e9curit\u00e9. Toutefois, KTM informe tous les d\u00e9tenteurs de Super Duke R que la tenue de route de leur moto sans amortisseur de direction va \u00eatre diff\u00e9rente et qu&rsquo;il est imp\u00e9ratif d&rsquo;adapter le style de conduite \u00e0 ces nouvelles caract\u00e9ristiques.<\/p>\n<p>Tous les propri\u00e9taires de ces KTM seront inform\u00e9s par courrier n\u00e9anmoins ils peuvent aussi se rendre sur le site <a href=\"www.ktm.com\">KTM<\/a> rubrique &quot;Services&quot; et taper ensuite les 17 chiffres et lettres du num\u00e9ro d&rsquo;identification du v\u00e9hicule (VBK) et le num\u00e9ro du certificat de livraison.<\/p>\n<p>Bien s\u00fbr, les op\u00e9rations de remontage des amortisseurs de direction seront enti\u00e8rement pris en charge.<\/p>\n<p>Source : <a href=\"emoto.com\">eMoto<\/a><\/p>\n","protected":false},"excerpt":{"rendered":"<p>Propri\u00e9taires de Super Duke R mod\u00e8le 2007 prenez contact avec votre concessionnaire. En effet dans certaines circonstances, une rupture de la bride de fixation de l&rsquo;amortisseur de direction de la KTM 990 Super Duke R mod\u00e8le 2007, c&rsquo;est pour cela que KTM demande \u00e0 tous les d\u00e9tenteurs de ce mod\u00e8le de faire momentan\u00e9ment d\u00e9monter ce [&hellip;]<\/p>\n","protected":false},"author":329,"featured_media":0,"comment_status":"open","ping_status":"open","sticky":false,"template":"","format":"standard","meta":{"footnotes":""},"categories":[39],"tags":[],"class_list":["post-1132","post","type-post","status-publish","format-standard","hentry","category-ktm"],"yoast_head":"<!-- This site is optimized with the Yoast SEO plugin v26.0 - https:\/\/yoast.com\/wordpress\/plugins\/seo\/ -->\n<title>KTM 990 Super Duke R : Rappel constructeur - leblogmoto.com<\/title>\n<meta name=\"robots\" content=\"index, follow, max-snippet:-1, max-image-preview:large, max-video-preview:-1\" \/>\n<link rel=\"canonical\" href=\"https:\/\/blogs.thesocialmedia.com\/leblogmoto\/2007\/10\/31\/ktm-990-super-d\/\" \/>\n<meta name=\"twitter:card\" content=\"summary_large_image\" \/>\n<meta name=\"twitter:title\" content=\"KTM 990 Super Duke R : Rappel constructeur - leblogmoto.com\" \/>\n<meta name=\"twitter:description\" content=\"Propri\u00e9taires de Super Duke R mod\u00e8le 2007 prenez contact avec votre concessionnaire. En effet dans certaines circonstances, une rupture de la bride de fixation de l&rsquo;amortisseur de direction de la KTM 990 Super Duke R mod\u00e8le 2007, c&rsquo;est pour cela que KTM demande \u00e0 tous les d\u00e9tenteurs de ce mod\u00e8le de faire momentan\u00e9ment d\u00e9monter ce [&hellip;]\" \/>\n<meta name=\"twitter:image\" content=\"http:\/\/www.leblogmoto.com\/images\/2007\/10\/31\/ktmsuperduke990r.jpg\" \/>\n<meta name=\"twitter:label1\" content=\"\u00c9crit par\" \/>\n\t<meta name=\"twitter:data1\" content=\"gregory boucaud\" \/>\n\t<meta name=\"twitter:label2\" content=\"Dur\u00e9e de lecture estim\u00e9e\" \/>\n\t<meta name=\"twitter:data2\" content=\"1 minute\" \/>\n<script type=\"application\/ld+json\" class=\"yoast-schema-graph\">{\"@context\":\"https:\/\/schema.org\",\"@graph\":[{\"@type\":\"WebPage\",\"@id\":\"https:\/\/blogs.thesocialmedia.com\/leblogmoto\/2007\/10\/31\/ktm-990-super-d\/\",\"url\":\"https:\/\/blogs.thesocialmedia.com\/leblogmoto\/2007\/10\/31\/ktm-990-super-d\/\",\"name\":\"KTM 990 Super Duke R : Rappel constructeur - leblogmoto.com\",\"isPartOf\":{\"@id\":\"https:\/\/blogs.thesocialmedia.com\/leblogmoto\/#website\"},\"primaryImageOfPage\":{\"@id\":\"https:\/\/blogs.thesocialmedia.com\/leblogmoto\/2007\/10\/31\/ktm-990-super-d\/#primaryimage\"},\"image\":{\"@id\":\"https:\/\/blogs.thesocialmedia.com\/leblogmoto\/2007\/10\/31\/ktm-990-super-d\/#primaryimage\"},\"thumbnailUrl\":\"http:\/\/www.leblogmoto.com\/images\/2007\/10\/31\/ktmsuperduke990r.jpg\",\"datePublished\":\"2007-10-31T22:07:20+00:00\",\"dateModified\":\"2012-07-11T14:52:05+00:00\",\"author\":{\"@id\":\"https:\/\/blogs.thesocialmedia.com\/leblogmoto\/#\/schema\/person\/769623f89741cc3381675029a37764f8\"},\"breadcrumb\":{\"@id\":\"https:\/\/blogs.thesocialmedia.com\/leblogmoto\/2007\/10\/31\/ktm-990-super-d\/#breadcrumb\"},\"inLanguage\":\"fr-FR\",\"potentialAction\":[{\"@type\":\"ReadAction\",\"target\":[\"https:\/\/blogs.thesocialmedia.com\/leblogmoto\/2007\/10\/31\/ktm-990-super-d\/\"]}]},{\"@type\":\"ImageObject\",\"inLanguage\":\"fr-FR\",\"@id\":\"https:\/\/blogs.thesocialmedia.com\/leblogmoto\/2007\/10\/31\/ktm-990-super-d\/#primaryimage\",\"url\":\"http:\/\/www.leblogmoto.com\/images\/2007\/10\/31\/ktmsuperduke990r.jpg\",\"contentUrl\":\"http:\/\/www.leblogmoto.com\/images\/2007\/10\/31\/ktmsuperduke990r.jpg\"},{\"@type\":\"BreadcrumbList\",\"@id\":\"https:\/\/blogs.thesocialmedia.com\/leblogmoto\/2007\/10\/31\/ktm-990-super-d\/#breadcrumb\",\"itemListElement\":[{\"@type\":\"ListItem\",\"position\":1,\"name\":\"Accueil\",\"item\":\"https:\/\/blogs.thesocialmedia.com\/leblogmoto\/\"},{\"@type\":\"ListItem\",\"position\":2,\"name\":\"KTM 990 Super Duke R : Rappel constructeur\"}]},{\"@type\":\"WebSite\",\"@id\":\"https:\/\/blogs.thesocialmedia.com\/leblogmoto\/#website\",\"url\":\"https:\/\/blogs.thesocialmedia.com\/leblogmoto\/\",\"name\":\"leblogmoto\",\"description\":\"Toute l&#039;actualit\u00e9 des 2 roues\",\"potentialAction\":[{\"@type\":\"SearchAction\",\"target\":{\"@type\":\"EntryPoint\",\"urlTemplate\":\"https:\/\/blogs.thesocialmedia.com\/leblogmoto\/?s={search_term_string}\"},\"query-input\":{\"@type\":\"PropertyValueSpecification\",\"valueRequired\":true,\"valueName\":\"search_term_string\"}}],\"inLanguage\":\"fr-FR\"},{\"@type\":\"Person\",\"@id\":\"https:\/\/blogs.thesocialmedia.com\/leblogmoto\/#\/schema\/person\/769623f89741cc3381675029a37764f8\",\"name\":\"gregory boucaud\",\"image\":{\"@type\":\"ImageObject\",\"inLanguage\":\"fr-FR\",\"@id\":\"https:\/\/blogs.thesocialmedia.com\/leblogmoto\/#\/schema\/person\/image\/\",\"url\":\"https:\/\/secure.gravatar.com\/avatar\/?s=96&d=mm&r=g\",\"contentUrl\":\"https:\/\/secure.gravatar.com\/avatar\/?s=96&d=mm&r=g\",\"caption\":\"gregory boucaud\"},\"url\":\"https:\/\/blogs.thesocialmedia.com\/leblogmoto\/author\/gregory-boucaud\/\"}]}<\/script>\n<!-- \/ Yoast SEO plugin. -->","yoast_head_json":{"title":"KTM 990 Super Duke R : Rappel constructeur - leblogmoto.com","robots":{"index":"index","follow":"follow","max-snippet":"max-snippet:-1","max-image-preview":"max-image-preview:large","max-video-preview":"max-video-preview:-1"},"canonical":"https:\/\/blogs.thesocialmedia.com\/leblogmoto\/2007\/10\/31\/ktm-990-super-d\/","twitter_card":"summary_large_image","twitter_title":"KTM 990 Super Duke R : Rappel constructeur - leblogmoto.com","twitter_description":"Propri\u00e9taires de Super Duke R mod\u00e8le 2007 prenez contact avec votre concessionnaire. En effet dans certaines circonstances, une rupture de la bride de fixation de l&rsquo;amortisseur de direction de la KTM 990 Super Duke R mod\u00e8le 2007, c&rsquo;est pour cela que KTM demande \u00e0 tous les d\u00e9tenteurs de ce mod\u00e8le de faire momentan\u00e9ment d\u00e9monter ce [&hellip;]","twitter_image":"http:\/\/www.leblogmoto.com\/images\/2007\/10\/31\/ktmsuperduke990r.jpg","twitter_misc":{"\u00c9crit par":"gregory boucaud","Dur\u00e9e de lecture estim\u00e9e":"1 minute"},"schema":{"@context":"https:\/\/schema.org","@graph":[{"@type":"WebPage","@id":"https:\/\/blogs.thesocialmedia.com\/leblogmoto\/2007\/10\/31\/ktm-990-super-d\/","url":"https:\/\/blogs.thesocialmedia.com\/leblogmoto\/2007\/10\/31\/ktm-990-super-d\/","name":"KTM 990 Super Duke R : Rappel constructeur - leblogmoto.com","isPartOf":{"@id":"https:\/\/blogs.thesocialmedia.com\/leblogmoto\/#website"},"primaryImageOfPage":{"@id":"https:\/\/blogs.thesocialmedia.com\/leblogmoto\/2007\/10\/31\/ktm-990-super-d\/#primaryimage"},"image":{"@id":"https:\/\/blogs.thesocialmedia.com\/leblogmoto\/2007\/10\/31\/ktm-990-super-d\/#primaryimage"},"thumbnailUrl":"http:\/\/www.leblogmoto.com\/images\/2007\/10\/31\/ktmsuperduke990r.jpg","datePublished":"2007-10-31T22:07:20+00:00","dateModified":"2012-07-11T14:52:05+00:00","author":{"@id":"https:\/\/blogs.thesocialmedia.com\/leblogmoto\/#\/schema\/person\/769623f89741cc3381675029a37764f8"},"breadcrumb":{"@id":"https:\/\/blogs.thesocialmedia.com\/leblogmoto\/2007\/10\/31\/ktm-990-super-d\/#breadcrumb"},"inLanguage":"fr-FR","potentialAction":[{"@type":"ReadAction","target":["https:\/\/blogs.thesocialmedia.com\/leblogmoto\/2007\/10\/31\/ktm-990-super-d\/"]}]},{"@type":"ImageObject","inLanguage":"fr-FR","@id":"https:\/\/blogs.thesocialmedia.com\/leblogmoto\/2007\/10\/31\/ktm-990-super-d\/#primaryimage","url":"http:\/\/www.leblogmoto.com\/images\/2007\/10\/31\/ktmsuperduke990r.jpg","contentUrl":"http:\/\/www.leblogmoto.com\/images\/2007\/10\/31\/ktmsuperduke990r.jpg"},{"@type":"BreadcrumbList","@id":"https:\/\/blogs.thesocialmedia.com\/leblogmoto\/2007\/10\/31\/ktm-990-super-d\/#breadcrumb","itemListElement":[{"@type":"ListItem","position":1,"name":"Accueil","item":"https:\/\/blogs.thesocialmedia.com\/leblogmoto\/"},{"@type":"ListItem","position":2,"name":"KTM 990 Super Duke R : Rappel constructeur"}]},{"@type":"WebSite","@id":"https:\/\/blogs.thesocialmedia.com\/leblogmoto\/#website","url":"https:\/\/blogs.thesocialmedia.com\/leblogmoto\/","name":"leblogmoto","description":"Toute l&#039;actualit\u00e9 des 2 roues","potentialAction":[{"@type":"SearchAction","target":{"@type":"EntryPoint","urlTemplate":"https:\/\/blogs.thesocialmedia.com\/leblogmoto\/?s={search_term_string}"},"query-input":{"@type":"PropertyValueSpecification","valueRequired":true,"valueName":"search_term_string"}}],"inLanguage":"fr-FR"},{"@type":"Person","@id":"https:\/\/blogs.thesocialmedia.com\/leblogmoto\/#\/schema\/person\/769623f89741cc3381675029a37764f8","name":"gregory boucaud","image":{"@type":"ImageObject","inLanguage":"fr-FR","@id":"https:\/\/blogs.thesocialmedia.com\/leblogmoto\/#\/schema\/person\/image\/","url":"https:\/\/secure.gravatar.com\/avatar\/?s=96&d=mm&r=g","contentUrl":"https:\/\/secure.gravatar.com\/avatar\/?s=96&d=mm&r=g","caption":"gregory boucaud"},"url":"https:\/\/blogs.thesocialmedia.com\/leblogmoto\/author\/gregory-boucaud\/"}]}},"_links":{"self":[{"href":"https:\/\/blogs.thesocialmedia.com\/leblogmoto\/wp-json\/wp\/v2\/posts\/1132","targetHints":{"allow":["GET"]}}],"collection":[{"href":"https:\/\/blogs.thesocialmedia.com\/leblogmoto\/wp-json\/wp\/v2\/posts"}],"about":[{"href":"https:\/\/blogs.thesocialmedia.com\/leblogmoto\/wp-json\/wp\/v2\/types\/post"}],"author":[{"embeddable":true,"href":"https:\/\/blogs.thesocialmedia.com\/leblogmoto\/wp-json\/wp\/v2\/users\/329"}],"replies":[{"embeddable":true,"href":"https:\/\/blogs.thesocialmedia.com\/leblogmoto\/wp-json\/wp\/v2\/comments?post=1132"}],"version-history":[{"count":2,"href":"https:\/\/blogs.thesocialmedia.com\/leblogmoto\/wp-json\/wp\/v2\/posts\/1132\/revisions"}],"predecessor-version":[{"id":9019,"href":"https:\/\/blogs.thesocialmedia.com\/leblogmoto\/wp-json\/wp\/v2\/posts\/1132\/revisions\/9019"}],"wp:attachment":[{"href":"https:\/\/blogs.thesocialmedia.com\/leblogmoto\/wp-json\/wp\/v2\/media?parent=1132"}],"wp:term":[{"taxonomy":"category","embeddable":true,"href":"https:\/\/blogs.thesocialmedia.com\/leblogmoto\/wp-json\/wp\/v2\/categories?post=1132"},{"taxonomy":"post_tag","embeddable":true,"href":"https:\/\/blogs.thesocialmedia.com\/leblogmoto\/wp-json\/wp\/v2\/tags?post=1132"}],"curies":[{"name":"wp","href":"https:\/\/api.w.org\/{rel}","templated":true}]}}