{"id":1134,"date":"2007-10-31T21:12:07","date_gmt":"2007-10-31T21:12:07","guid":{"rendered":"http:\/\/blogs.thesocialmedia.com\/leblogmoto\/2007\/10\/31\/mto-prvisions-1\/"},"modified":"2012-07-11T14:51:59","modified_gmt":"2012-07-11T14:51:59","slug":"mto-prvisions-1","status":"publish","type":"post","link":"https:\/\/blogs.thesocialmedia.com\/leblogmoto\/2007\/10\/31\/mto-prvisions-1\/","title":{"rendered":"M\u00e9t\u00e9o : Pr\u00e9visions \u00e0 12 jours"},"content":{"rendered":"<p><a href=\"http:\/\/blogs.thesocialmedia.com\/leblogmoto\/files\/2012\/07\/lcm.jpg\"><img loading=\"lazy\" decoding=\"async\" width=\"250\" height=\"187\"  src=\"http:\/\/www.leblogmoto.com\/images\/2007\/10\/31\/lcm.jpg\" alt=\"Lcm\" style=\"margin: 0px 5px 5px 0px;float: left\" \/><\/a>Vous souhaitez organiser une balade en moto pour la semaine suivante mais ne savez pas quel temps il va faire. Sachez que maintenant sur <a href=\"http:\/\/www.lachainemeteo.com\/\">La Chaine M\u00e9t\u00e9o<\/a>, des pr\u00e9visions \u00e0 12 jours sont disponibles gratuitement. Utile en cette p\u00e9riode hivernale si vous souhaitez trouver un jour o\u00f9 il ne fait pas trop mauvais pour sortir, ce site le sera d&rsquo;avantage l&rsquo;\u00e9t\u00e9 quand vous aurez besoin de pr\u00e9voir vos vacances motardes.<\/p>\n<p>Ainsi <a href=\"http:\/\/www.lachainemeteo.com\/\">www.lachainemeteo.com<\/a> est d\u00e9sormais la seule adresse qui donne acc\u00e8s \u00e0 des pr\u00e9visions gratuites \u00e0 12 jours, sur 36 000 communes en France et 4 000 grandes villes dans le monde. Ce site met \u00e0 disposition des pr\u00e9visions pratiques \u00e9labor\u00e9es par des m\u00e9t\u00e9orologues pour la montagne, la plage, les conditions de circulation et m\u00eame les vigilances mises en vigueur.<br \/>Le site de La Cha\u00eene offre \u00e9galement la possibilit\u00e9 de s\u2019abonner gratuitement au \u00ab M\u00e9t\u00e9oMail \u00bb qui permet de recevoir chaque jour par mail les pr\u00e9visions pour la commune de son choix.<\/p>\n<p>Fini les sorties annul\u00e9s pour cause de temps pluvieux.<\/p>\n","protected":false},"excerpt":{"rendered":"<p>Vous souhaitez organiser une balade en moto pour la semaine suivante mais ne savez pas quel temps il va faire. Sachez que maintenant sur La Chaine M\u00e9t\u00e9o, des pr\u00e9visions \u00e0 12 jours sont disponibles gratuitement. Utile en cette p\u00e9riode hivernale si vous souhaitez trouver un jour o\u00f9 il ne fait pas trop mauvais pour sortir, [&hellip;]<\/p>\n","protected":false},"author":329,"featured_media":0,"comment_status":"open","ping_status":"open","sticky":false,"template":"","format":"standard","meta":{"footnotes":""},"categories":[3],"tags":[],"class_list":["post-1134","post","type-post","status-publish","format-standard","hentry","category-actualite"],"yoast_head":"<!-- This site is optimized with the Yoast SEO plugin v26.0 - https:\/\/yoast.com\/wordpress\/plugins\/seo\/ -->\n<title>M\u00e9t\u00e9o : Pr\u00e9visions \u00e0 12 jours - leblogmoto.com<\/title>\n<meta name=\"robots\" content=\"index, follow, max-snippet:-1, max-image-preview:large, max-video-preview:-1\" \/>\n<link rel=\"canonical\" href=\"https:\/\/blogs.thesocialmedia.com\/leblogmoto\/2007\/10\/31\/mto-prvisions-1\/\" \/>\n<meta name=\"twitter:card\" content=\"summary_large_image\" \/>\n<meta name=\"twitter:title\" content=\"M\u00e9t\u00e9o : Pr\u00e9visions \u00e0 12 jours - leblogmoto.com\" \/>\n<meta name=\"twitter:description\" content=\"Vous souhaitez organiser une balade en moto pour la semaine suivante mais ne savez pas quel temps il va faire. Sachez que maintenant sur La Chaine M\u00e9t\u00e9o, des pr\u00e9visions \u00e0 12 jours sont disponibles gratuitement. Utile en cette p\u00e9riode hivernale si vous souhaitez trouver un jour o\u00f9 il ne fait pas trop mauvais pour sortir, [&hellip;]\" \/>\n<meta name=\"twitter:image\" content=\"http:\/\/www.leblogmoto.com\/images\/2007\/10\/31\/lcm.jpg\" \/>\n<meta name=\"twitter:label1\" content=\"\u00c9crit par\" \/>\n\t<meta name=\"twitter:data1\" content=\"gregory boucaud\" \/>\n\t<meta name=\"twitter:label2\" content=\"Dur\u00e9e de lecture estim\u00e9e\" \/>\n\t<meta name=\"twitter:data2\" content=\"1 minute\" \/>\n<script type=\"application\/ld+json\" class=\"yoast-schema-graph\">{\"@context\":\"https:\/\/schema.org\",\"@graph\":[{\"@type\":\"WebPage\",\"@id\":\"https:\/\/blogs.thesocialmedia.com\/leblogmoto\/2007\/10\/31\/mto-prvisions-1\/\",\"url\":\"https:\/\/blogs.thesocialmedia.com\/leblogmoto\/2007\/10\/31\/mto-prvisions-1\/\",\"name\":\"M\u00e9t\u00e9o : Pr\u00e9visions \u00e0 12 jours - leblogmoto.com\",\"isPartOf\":{\"@id\":\"https:\/\/blogs.thesocialmedia.com\/leblogmoto\/#website\"},\"primaryImageOfPage\":{\"@id\":\"https:\/\/blogs.thesocialmedia.com\/leblogmoto\/2007\/10\/31\/mto-prvisions-1\/#primaryimage\"},\"image\":{\"@id\":\"https:\/\/blogs.thesocialmedia.com\/leblogmoto\/2007\/10\/31\/mto-prvisions-1\/#primaryimage\"},\"thumbnailUrl\":\"http:\/\/www.leblogmoto.com\/images\/2007\/10\/31\/lcm.jpg\",\"datePublished\":\"2007-10-31T21:12:07+00:00\",\"dateModified\":\"2012-07-11T14:51:59+00:00\",\"author\":{\"@id\":\"https:\/\/blogs.thesocialmedia.com\/leblogmoto\/#\/schema\/person\/769623f89741cc3381675029a37764f8\"},\"breadcrumb\":{\"@id\":\"https:\/\/blogs.thesocialmedia.com\/leblogmoto\/2007\/10\/31\/mto-prvisions-1\/#breadcrumb\"},\"inLanguage\":\"fr-FR\",\"potentialAction\":[{\"@type\":\"ReadAction\",\"target\":[\"https:\/\/blogs.thesocialmedia.com\/leblogmoto\/2007\/10\/31\/mto-prvisions-1\/\"]}]},{\"@type\":\"ImageObject\",\"inLanguage\":\"fr-FR\",\"@id\":\"https:\/\/blogs.thesocialmedia.com\/leblogmoto\/2007\/10\/31\/mto-prvisions-1\/#primaryimage\",\"url\":\"http:\/\/www.leblogmoto.com\/images\/2007\/10\/31\/lcm.jpg\",\"contentUrl\":\"http:\/\/www.leblogmoto.com\/images\/2007\/10\/31\/lcm.jpg\"},{\"@type\":\"BreadcrumbList\",\"@id\":\"https:\/\/blogs.thesocialmedia.com\/leblogmoto\/2007\/10\/31\/mto-prvisions-1\/#breadcrumb\",\"itemListElement\":[{\"@type\":\"ListItem\",\"position\":1,\"name\":\"Accueil\",\"item\":\"https:\/\/blogs.thesocialmedia.com\/leblogmoto\/\"},{\"@type\":\"ListItem\",\"position\":2,\"name\":\"M\u00e9t\u00e9o : Pr\u00e9visions \u00e0 12 jours\"}]},{\"@type\":\"WebSite\",\"@id\":\"https:\/\/blogs.thesocialmedia.com\/leblogmoto\/#website\",\"url\":\"https:\/\/blogs.thesocialmedia.com\/leblogmoto\/\",\"name\":\"leblogmoto\",\"description\":\"Toute l&#039;actualit\u00e9 des 2 roues\",\"potentialAction\":[{\"@type\":\"SearchAction\",\"target\":{\"@type\":\"EntryPoint\",\"urlTemplate\":\"https:\/\/blogs.thesocialmedia.com\/leblogmoto\/?s={search_term_string}\"},\"query-input\":{\"@type\":\"PropertyValueSpecification\",\"valueRequired\":true,\"valueName\":\"search_term_string\"}}],\"inLanguage\":\"fr-FR\"},{\"@type\":\"Person\",\"@id\":\"https:\/\/blogs.thesocialmedia.com\/leblogmoto\/#\/schema\/person\/769623f89741cc3381675029a37764f8\",\"name\":\"gregory boucaud\",\"image\":{\"@type\":\"ImageObject\",\"inLanguage\":\"fr-FR\",\"@id\":\"https:\/\/blogs.thesocialmedia.com\/leblogmoto\/#\/schema\/person\/image\/\",\"url\":\"https:\/\/secure.gravatar.com\/avatar\/?s=96&d=mm&r=g\",\"contentUrl\":\"https:\/\/secure.gravatar.com\/avatar\/?s=96&d=mm&r=g\",\"caption\":\"gregory boucaud\"},\"url\":\"https:\/\/blogs.thesocialmedia.com\/leblogmoto\/author\/gregory-boucaud\/\"}]}<\/script>\n<!-- \/ Yoast SEO plugin. -->","yoast_head_json":{"title":"M\u00e9t\u00e9o : Pr\u00e9visions \u00e0 12 jours - leblogmoto.com","robots":{"index":"index","follow":"follow","max-snippet":"max-snippet:-1","max-image-preview":"max-image-preview:large","max-video-preview":"max-video-preview:-1"},"canonical":"https:\/\/blogs.thesocialmedia.com\/leblogmoto\/2007\/10\/31\/mto-prvisions-1\/","twitter_card":"summary_large_image","twitter_title":"M\u00e9t\u00e9o : Pr\u00e9visions \u00e0 12 jours - leblogmoto.com","twitter_description":"Vous souhaitez organiser une balade en moto pour la semaine suivante mais ne savez pas quel temps il va faire. Sachez que maintenant sur La Chaine M\u00e9t\u00e9o, des pr\u00e9visions \u00e0 12 jours sont disponibles gratuitement. Utile en cette p\u00e9riode hivernale si vous souhaitez trouver un jour o\u00f9 il ne fait pas trop mauvais pour sortir, [&hellip;]","twitter_image":"http:\/\/www.leblogmoto.com\/images\/2007\/10\/31\/lcm.jpg","twitter_misc":{"\u00c9crit par":"gregory boucaud","Dur\u00e9e de lecture estim\u00e9e":"1 minute"},"schema":{"@context":"https:\/\/schema.org","@graph":[{"@type":"WebPage","@id":"https:\/\/blogs.thesocialmedia.com\/leblogmoto\/2007\/10\/31\/mto-prvisions-1\/","url":"https:\/\/blogs.thesocialmedia.com\/leblogmoto\/2007\/10\/31\/mto-prvisions-1\/","name":"M\u00e9t\u00e9o : Pr\u00e9visions \u00e0 12 jours - leblogmoto.com","isPartOf":{"@id":"https:\/\/blogs.thesocialmedia.com\/leblogmoto\/#website"},"primaryImageOfPage":{"@id":"https:\/\/blogs.thesocialmedia.com\/leblogmoto\/2007\/10\/31\/mto-prvisions-1\/#primaryimage"},"image":{"@id":"https:\/\/blogs.thesocialmedia.com\/leblogmoto\/2007\/10\/31\/mto-prvisions-1\/#primaryimage"},"thumbnailUrl":"http:\/\/www.leblogmoto.com\/images\/2007\/10\/31\/lcm.jpg","datePublished":"2007-10-31T21:12:07+00:00","dateModified":"2012-07-11T14:51:59+00:00","author":{"@id":"https:\/\/blogs.thesocialmedia.com\/leblogmoto\/#\/schema\/person\/769623f89741cc3381675029a37764f8"},"breadcrumb":{"@id":"https:\/\/blogs.thesocialmedia.com\/leblogmoto\/2007\/10\/31\/mto-prvisions-1\/#breadcrumb"},"inLanguage":"fr-FR","potentialAction":[{"@type":"ReadAction","target":["https:\/\/blogs.thesocialmedia.com\/leblogmoto\/2007\/10\/31\/mto-prvisions-1\/"]}]},{"@type":"ImageObject","inLanguage":"fr-FR","@id":"https:\/\/blogs.thesocialmedia.com\/leblogmoto\/2007\/10\/31\/mto-prvisions-1\/#primaryimage","url":"http:\/\/www.leblogmoto.com\/images\/2007\/10\/31\/lcm.jpg","contentUrl":"http:\/\/www.leblogmoto.com\/images\/2007\/10\/31\/lcm.jpg"},{"@type":"BreadcrumbList","@id":"https:\/\/blogs.thesocialmedia.com\/leblogmoto\/2007\/10\/31\/mto-prvisions-1\/#breadcrumb","itemListElement":[{"@type":"ListItem","position":1,"name":"Accueil","item":"https:\/\/blogs.thesocialmedia.com\/leblogmoto\/"},{"@type":"ListItem","position":2,"name":"M\u00e9t\u00e9o : Pr\u00e9visions \u00e0 12 jours"}]},{"@type":"WebSite","@id":"https:\/\/blogs.thesocialmedia.com\/leblogmoto\/#website","url":"https:\/\/blogs.thesocialmedia.com\/leblogmoto\/","name":"leblogmoto","description":"Toute l&#039;actualit\u00e9 des 2 roues","potentialAction":[{"@type":"SearchAction","target":{"@type":"EntryPoint","urlTemplate":"https:\/\/blogs.thesocialmedia.com\/leblogmoto\/?s={search_term_string}"},"query-input":{"@type":"PropertyValueSpecification","valueRequired":true,"valueName":"search_term_string"}}],"inLanguage":"fr-FR"},{"@type":"Person","@id":"https:\/\/blogs.thesocialmedia.com\/leblogmoto\/#\/schema\/person\/769623f89741cc3381675029a37764f8","name":"gregory boucaud","image":{"@type":"ImageObject","inLanguage":"fr-FR","@id":"https:\/\/blogs.thesocialmedia.com\/leblogmoto\/#\/schema\/person\/image\/","url":"https:\/\/secure.gravatar.com\/avatar\/?s=96&d=mm&r=g","contentUrl":"https:\/\/secure.gravatar.com\/avatar\/?s=96&d=mm&r=g","caption":"gregory boucaud"},"url":"https:\/\/blogs.thesocialmedia.com\/leblogmoto\/author\/gregory-boucaud\/"}]}},"_links":{"self":[{"href":"https:\/\/blogs.thesocialmedia.com\/leblogmoto\/wp-json\/wp\/v2\/posts\/1134","targetHints":{"allow":["GET"]}}],"collection":[{"href":"https:\/\/blogs.thesocialmedia.com\/leblogmoto\/wp-json\/wp\/v2\/posts"}],"about":[{"href":"https:\/\/blogs.thesocialmedia.com\/leblogmoto\/wp-json\/wp\/v2\/types\/post"}],"author":[{"embeddable":true,"href":"https:\/\/blogs.thesocialmedia.com\/leblogmoto\/wp-json\/wp\/v2\/users\/329"}],"replies":[{"embeddable":true,"href":"https:\/\/blogs.thesocialmedia.com\/leblogmoto\/wp-json\/wp\/v2\/comments?post=1134"}],"version-history":[{"count":2,"href":"https:\/\/blogs.thesocialmedia.com\/leblogmoto\/wp-json\/wp\/v2\/posts\/1134\/revisions"}],"predecessor-version":[{"id":9015,"href":"https:\/\/blogs.thesocialmedia.com\/leblogmoto\/wp-json\/wp\/v2\/posts\/1134\/revisions\/9015"}],"wp:attachment":[{"href":"https:\/\/blogs.thesocialmedia.com\/leblogmoto\/wp-json\/wp\/v2\/media?parent=1134"}],"wp:term":[{"taxonomy":"category","embeddable":true,"href":"https:\/\/blogs.thesocialmedia.com\/leblogmoto\/wp-json\/wp\/v2\/categories?post=1134"},{"taxonomy":"post_tag","embeddable":true,"href":"https:\/\/blogs.thesocialmedia.com\/leblogmoto\/wp-json\/wp\/v2\/tags?post=1134"}],"curies":[{"name":"wp","href":"https:\/\/api.w.org\/{rel}","templated":true}]}}