{"id":1135,"date":"2007-10-31T20:24:07","date_gmt":"2007-10-31T20:24:07","guid":{"rendered":"http:\/\/blogs.thesocialmedia.com\/leblogmoto\/2007\/10\/31\/killacycle-le-0\/"},"modified":"2012-07-11T14:51:58","modified_gmt":"2012-07-11T14:51:58","slug":"killacycle-le-0","status":"publish","type":"post","link":"https:\/\/blogs.thesocialmedia.com\/leblogmoto\/2007\/10\/31\/killacycle-le-0\/","title":{"rendered":"Killacycle, le 0 \u00e0 250 km\/h en moins de 7 secondes ?"},"content":{"rendered":"<p><a href=\"http:\/\/blogs.thesocialmedia.com\/leblogmoto\/files\/2012\/07\/scotty.jpg\"><img loading=\"lazy\" decoding=\"async\" width=\"470\" height=\"352\"  alt=\"Scotty\" src=\"http:\/\/www.leblogmoto.com\/images\/2007\/10\/31\/scotty.jpg\" style=\"margin: 0px 5px 5px 0px;float: left\" \/><\/a>Albin vous en avait <a href=\"http:\/\/www.leblogmoto.com\/2007\/09\/un-burn-qui-tou.html\">parl\u00e9<\/a> du team <a href=\"http:\/\/www.killacycle.com\/\">Killacycle<\/a> le mois dernier, voici qu&rsquo;il est encore sur le devant de la sc\u00e8ne puisque les 9 et 10 novembre prochains il a \u00e9t\u00e9 invit\u00e9 par la All Harley Drag Racing Association (<a href=\"http:\/\/www.ahdra.com\/\">AHDRA<\/a>) \u00e0 Pomona en Californie.<br \/>D&rsquo;ailleurs, vous pouvez voir ci-desus la moto du team Killacycle ainsi que son pilote depuis 1999 Scotty Pollachek. <\/p>\n<p>Au cours de ce show, le team <a href=\"http:\/\/www.killacycle.com\/\">Killacycle<\/a> va essayer de baisser son record le 0 \u00e0 250 km\/h \u00e0 7 secondes sachant que leur pr\u00e9c\u00e9dent temps \u00e9tait de 8,168 secondes.<br \/>Rappelons rapidement que ce dragster \u00e9lectrique d\u00e9veloppe plus de 350 chevaux et n&#8217;embarque pas moins de 990 batteries Li-Ion.<\/p>\n<p>Wait and See donc&#8230;<\/p>\n<p>Source photo : <a href=\"http:\/\/motorevue.fr\">Moto Revue<\/a> <\/p>\n","protected":false},"excerpt":{"rendered":"<p>Albin vous en avait parl\u00e9 du team Killacycle le mois dernier, voici qu&rsquo;il est encore sur le devant de la sc\u00e8ne puisque les 9 et 10 novembre prochains il a \u00e9t\u00e9 invit\u00e9 par la All Harley Drag Racing Association (AHDRA) \u00e0 Pomona en Californie.D&rsquo;ailleurs, vous pouvez voir ci-desus la moto du team Killacycle ainsi que [&hellip;]<\/p>\n","protected":false},"author":329,"featured_media":0,"comment_status":"open","ping_status":"open","sticky":false,"template":"","format":"standard","meta":{"footnotes":""},"categories":[3,30],"tags":[],"class_list":["post-1135","post","type-post","status-publish","format-standard","hentry","category-actualite","category-bio-carburantsvehicules-propres"],"yoast_head":"<!-- This site is optimized with the Yoast SEO plugin v26.0 - https:\/\/yoast.com\/wordpress\/plugins\/seo\/ -->\n<title>Killacycle, le 0 \u00e0 250 km\/h en moins de 7 secondes ? - leblogmoto.com<\/title>\n<meta name=\"robots\" content=\"index, follow, max-snippet:-1, max-image-preview:large, max-video-preview:-1\" \/>\n<link rel=\"canonical\" href=\"https:\/\/blogs.thesocialmedia.com\/leblogmoto\/2007\/10\/31\/killacycle-le-0\/\" \/>\n<meta name=\"twitter:card\" content=\"summary_large_image\" \/>\n<meta name=\"twitter:title\" content=\"Killacycle, le 0 \u00e0 250 km\/h en moins de 7 secondes ? - leblogmoto.com\" \/>\n<meta name=\"twitter:description\" content=\"Albin vous en avait parl\u00e9 du team Killacycle le mois dernier, voici qu&rsquo;il est encore sur le devant de la sc\u00e8ne puisque les 9 et 10 novembre prochains il a \u00e9t\u00e9 invit\u00e9 par la All Harley Drag Racing Association (AHDRA) \u00e0 Pomona en Californie.D&rsquo;ailleurs, vous pouvez voir ci-desus la moto du team Killacycle ainsi que [&hellip;]\" \/>\n<meta name=\"twitter:image\" content=\"http:\/\/www.leblogmoto.com\/images\/2007\/10\/31\/scotty.jpg\" \/>\n<meta name=\"twitter:label1\" content=\"\u00c9crit par\" \/>\n\t<meta name=\"twitter:data1\" content=\"gregory boucaud\" \/>\n\t<meta name=\"twitter:label2\" content=\"Dur\u00e9e de lecture estim\u00e9e\" \/>\n\t<meta name=\"twitter:data2\" content=\"1 minute\" \/>\n<script type=\"application\/ld+json\" class=\"yoast-schema-graph\">{\"@context\":\"https:\/\/schema.org\",\"@graph\":[{\"@type\":\"WebPage\",\"@id\":\"https:\/\/blogs.thesocialmedia.com\/leblogmoto\/2007\/10\/31\/killacycle-le-0\/\",\"url\":\"https:\/\/blogs.thesocialmedia.com\/leblogmoto\/2007\/10\/31\/killacycle-le-0\/\",\"name\":\"Killacycle, le 0 \u00e0 250 km\/h en moins de 7 secondes ? - leblogmoto.com\",\"isPartOf\":{\"@id\":\"https:\/\/blogs.thesocialmedia.com\/leblogmoto\/#website\"},\"primaryImageOfPage\":{\"@id\":\"https:\/\/blogs.thesocialmedia.com\/leblogmoto\/2007\/10\/31\/killacycle-le-0\/#primaryimage\"},\"image\":{\"@id\":\"https:\/\/blogs.thesocialmedia.com\/leblogmoto\/2007\/10\/31\/killacycle-le-0\/#primaryimage\"},\"thumbnailUrl\":\"http:\/\/www.leblogmoto.com\/images\/2007\/10\/31\/scotty.jpg\",\"datePublished\":\"2007-10-31T20:24:07+00:00\",\"dateModified\":\"2012-07-11T14:51:58+00:00\",\"author\":{\"@id\":\"https:\/\/blogs.thesocialmedia.com\/leblogmoto\/#\/schema\/person\/769623f89741cc3381675029a37764f8\"},\"breadcrumb\":{\"@id\":\"https:\/\/blogs.thesocialmedia.com\/leblogmoto\/2007\/10\/31\/killacycle-le-0\/#breadcrumb\"},\"inLanguage\":\"fr-FR\",\"potentialAction\":[{\"@type\":\"ReadAction\",\"target\":[\"https:\/\/blogs.thesocialmedia.com\/leblogmoto\/2007\/10\/31\/killacycle-le-0\/\"]}]},{\"@type\":\"ImageObject\",\"inLanguage\":\"fr-FR\",\"@id\":\"https:\/\/blogs.thesocialmedia.com\/leblogmoto\/2007\/10\/31\/killacycle-le-0\/#primaryimage\",\"url\":\"http:\/\/www.leblogmoto.com\/images\/2007\/10\/31\/scotty.jpg\",\"contentUrl\":\"http:\/\/www.leblogmoto.com\/images\/2007\/10\/31\/scotty.jpg\"},{\"@type\":\"BreadcrumbList\",\"@id\":\"https:\/\/blogs.thesocialmedia.com\/leblogmoto\/2007\/10\/31\/killacycle-le-0\/#breadcrumb\",\"itemListElement\":[{\"@type\":\"ListItem\",\"position\":1,\"name\":\"Accueil\",\"item\":\"https:\/\/blogs.thesocialmedia.com\/leblogmoto\/\"},{\"@type\":\"ListItem\",\"position\":2,\"name\":\"Killacycle, le 0 \u00e0 250 km\/h en moins de 7 secondes ?\"}]},{\"@type\":\"WebSite\",\"@id\":\"https:\/\/blogs.thesocialmedia.com\/leblogmoto\/#website\",\"url\":\"https:\/\/blogs.thesocialmedia.com\/leblogmoto\/\",\"name\":\"leblogmoto\",\"description\":\"Toute l&#039;actualit\u00e9 des 2 roues\",\"potentialAction\":[{\"@type\":\"SearchAction\",\"target\":{\"@type\":\"EntryPoint\",\"urlTemplate\":\"https:\/\/blogs.thesocialmedia.com\/leblogmoto\/?s={search_term_string}\"},\"query-input\":{\"@type\":\"PropertyValueSpecification\",\"valueRequired\":true,\"valueName\":\"search_term_string\"}}],\"inLanguage\":\"fr-FR\"},{\"@type\":\"Person\",\"@id\":\"https:\/\/blogs.thesocialmedia.com\/leblogmoto\/#\/schema\/person\/769623f89741cc3381675029a37764f8\",\"name\":\"gregory boucaud\",\"image\":{\"@type\":\"ImageObject\",\"inLanguage\":\"fr-FR\",\"@id\":\"https:\/\/blogs.thesocialmedia.com\/leblogmoto\/#\/schema\/person\/image\/\",\"url\":\"https:\/\/secure.gravatar.com\/avatar\/?s=96&d=mm&r=g\",\"contentUrl\":\"https:\/\/secure.gravatar.com\/avatar\/?s=96&d=mm&r=g\",\"caption\":\"gregory boucaud\"},\"url\":\"https:\/\/blogs.thesocialmedia.com\/leblogmoto\/author\/gregory-boucaud\/\"}]}<\/script>\n<!-- \/ Yoast SEO plugin. -->","yoast_head_json":{"title":"Killacycle, le 0 \u00e0 250 km\/h en moins de 7 secondes ? - leblogmoto.com","robots":{"index":"index","follow":"follow","max-snippet":"max-snippet:-1","max-image-preview":"max-image-preview:large","max-video-preview":"max-video-preview:-1"},"canonical":"https:\/\/blogs.thesocialmedia.com\/leblogmoto\/2007\/10\/31\/killacycle-le-0\/","twitter_card":"summary_large_image","twitter_title":"Killacycle, le 0 \u00e0 250 km\/h en moins de 7 secondes ? - leblogmoto.com","twitter_description":"Albin vous en avait parl\u00e9 du team Killacycle le mois dernier, voici qu&rsquo;il est encore sur le devant de la sc\u00e8ne puisque les 9 et 10 novembre prochains il a \u00e9t\u00e9 invit\u00e9 par la All Harley Drag Racing Association (AHDRA) \u00e0 Pomona en Californie.D&rsquo;ailleurs, vous pouvez voir ci-desus la moto du team Killacycle ainsi que [&hellip;]","twitter_image":"http:\/\/www.leblogmoto.com\/images\/2007\/10\/31\/scotty.jpg","twitter_misc":{"\u00c9crit par":"gregory boucaud","Dur\u00e9e de lecture estim\u00e9e":"1 minute"},"schema":{"@context":"https:\/\/schema.org","@graph":[{"@type":"WebPage","@id":"https:\/\/blogs.thesocialmedia.com\/leblogmoto\/2007\/10\/31\/killacycle-le-0\/","url":"https:\/\/blogs.thesocialmedia.com\/leblogmoto\/2007\/10\/31\/killacycle-le-0\/","name":"Killacycle, le 0 \u00e0 250 km\/h en moins de 7 secondes ? - leblogmoto.com","isPartOf":{"@id":"https:\/\/blogs.thesocialmedia.com\/leblogmoto\/#website"},"primaryImageOfPage":{"@id":"https:\/\/blogs.thesocialmedia.com\/leblogmoto\/2007\/10\/31\/killacycle-le-0\/#primaryimage"},"image":{"@id":"https:\/\/blogs.thesocialmedia.com\/leblogmoto\/2007\/10\/31\/killacycle-le-0\/#primaryimage"},"thumbnailUrl":"http:\/\/www.leblogmoto.com\/images\/2007\/10\/31\/scotty.jpg","datePublished":"2007-10-31T20:24:07+00:00","dateModified":"2012-07-11T14:51:58+00:00","author":{"@id":"https:\/\/blogs.thesocialmedia.com\/leblogmoto\/#\/schema\/person\/769623f89741cc3381675029a37764f8"},"breadcrumb":{"@id":"https:\/\/blogs.thesocialmedia.com\/leblogmoto\/2007\/10\/31\/killacycle-le-0\/#breadcrumb"},"inLanguage":"fr-FR","potentialAction":[{"@type":"ReadAction","target":["https:\/\/blogs.thesocialmedia.com\/leblogmoto\/2007\/10\/31\/killacycle-le-0\/"]}]},{"@type":"ImageObject","inLanguage":"fr-FR","@id":"https:\/\/blogs.thesocialmedia.com\/leblogmoto\/2007\/10\/31\/killacycle-le-0\/#primaryimage","url":"http:\/\/www.leblogmoto.com\/images\/2007\/10\/31\/scotty.jpg","contentUrl":"http:\/\/www.leblogmoto.com\/images\/2007\/10\/31\/scotty.jpg"},{"@type":"BreadcrumbList","@id":"https:\/\/blogs.thesocialmedia.com\/leblogmoto\/2007\/10\/31\/killacycle-le-0\/#breadcrumb","itemListElement":[{"@type":"ListItem","position":1,"name":"Accueil","item":"https:\/\/blogs.thesocialmedia.com\/leblogmoto\/"},{"@type":"ListItem","position":2,"name":"Killacycle, le 0 \u00e0 250 km\/h en moins de 7 secondes ?"}]},{"@type":"WebSite","@id":"https:\/\/blogs.thesocialmedia.com\/leblogmoto\/#website","url":"https:\/\/blogs.thesocialmedia.com\/leblogmoto\/","name":"leblogmoto","description":"Toute l&#039;actualit\u00e9 des 2 roues","potentialAction":[{"@type":"SearchAction","target":{"@type":"EntryPoint","urlTemplate":"https:\/\/blogs.thesocialmedia.com\/leblogmoto\/?s={search_term_string}"},"query-input":{"@type":"PropertyValueSpecification","valueRequired":true,"valueName":"search_term_string"}}],"inLanguage":"fr-FR"},{"@type":"Person","@id":"https:\/\/blogs.thesocialmedia.com\/leblogmoto\/#\/schema\/person\/769623f89741cc3381675029a37764f8","name":"gregory boucaud","image":{"@type":"ImageObject","inLanguage":"fr-FR","@id":"https:\/\/blogs.thesocialmedia.com\/leblogmoto\/#\/schema\/person\/image\/","url":"https:\/\/secure.gravatar.com\/avatar\/?s=96&d=mm&r=g","contentUrl":"https:\/\/secure.gravatar.com\/avatar\/?s=96&d=mm&r=g","caption":"gregory boucaud"},"url":"https:\/\/blogs.thesocialmedia.com\/leblogmoto\/author\/gregory-boucaud\/"}]}},"_links":{"self":[{"href":"https:\/\/blogs.thesocialmedia.com\/leblogmoto\/wp-json\/wp\/v2\/posts\/1135","targetHints":{"allow":["GET"]}}],"collection":[{"href":"https:\/\/blogs.thesocialmedia.com\/leblogmoto\/wp-json\/wp\/v2\/posts"}],"about":[{"href":"https:\/\/blogs.thesocialmedia.com\/leblogmoto\/wp-json\/wp\/v2\/types\/post"}],"author":[{"embeddable":true,"href":"https:\/\/blogs.thesocialmedia.com\/leblogmoto\/wp-json\/wp\/v2\/users\/329"}],"replies":[{"embeddable":true,"href":"https:\/\/blogs.thesocialmedia.com\/leblogmoto\/wp-json\/wp\/v2\/comments?post=1135"}],"version-history":[{"count":2,"href":"https:\/\/blogs.thesocialmedia.com\/leblogmoto\/wp-json\/wp\/v2\/posts\/1135\/revisions"}],"predecessor-version":[{"id":9013,"href":"https:\/\/blogs.thesocialmedia.com\/leblogmoto\/wp-json\/wp\/v2\/posts\/1135\/revisions\/9013"}],"wp:attachment":[{"href":"https:\/\/blogs.thesocialmedia.com\/leblogmoto\/wp-json\/wp\/v2\/media?parent=1135"}],"wp:term":[{"taxonomy":"category","embeddable":true,"href":"https:\/\/blogs.thesocialmedia.com\/leblogmoto\/wp-json\/wp\/v2\/categories?post=1135"},{"taxonomy":"post_tag","embeddable":true,"href":"https:\/\/blogs.thesocialmedia.com\/leblogmoto\/wp-json\/wp\/v2\/tags?post=1135"}],"curies":[{"name":"wp","href":"https:\/\/api.w.org\/{rel}","templated":true}]}}