{"id":1137,"date":"2007-10-31T19:44:12","date_gmt":"2007-10-31T19:44:12","guid":{"rendered":"http:\/\/blogs.thesocialmedia.com\/leblogmoto\/2007\/10\/31\/bmw-motorrad-1\/"},"modified":"2012-07-11T14:51:52","modified_gmt":"2012-07-11T14:51:52","slug":"bmw-motorrad-1","status":"publish","type":"post","link":"https:\/\/blogs.thesocialmedia.com\/leblogmoto\/2007\/10\/31\/bmw-motorrad-1\/","title":{"rendered":"BMW Motorrad et Alpha Technik : Objectif Superbike 2009"},"content":{"rendered":"<p><a href=\"http:\/\/blogs.thesocialmedia.com\/leblogmoto\/files\/2012\/07\/bmw_le_mans_2007_r1200s_bquille_ate1.jpg\"><img loading=\"lazy\" decoding=\"async\" width=\"470\" height=\"314\"  src=\"http:\/\/www.leblogmoto.com\/images\/2007\/10\/31\/bmw_le_mans_2007_r1200s_bquille_ate.jpg\" alt=\"Bmw_le_mans_2007_r1200s_bquille_ate\" style=\"margin: 0px 5px 5px 0px;float: left\" \/><\/a>Beno\u00eet vous <a href=\"http:\/\/www.leblogmoto.com\/2007\/10\/lapptit-retrouv.html#more\">l&rsquo;annon\u00e7ait<\/a> d\u00e9but octobre, <a href=\"http:\/\/www.bmw-motorrad.com.fr\/fr\/fr\/index.html\">BMW Motorrad<\/a> souhaite revenir en Superbike pour 2009.<\/p>\n<p>Afin de conforter ce retour, la firme bavaroise a fait appel \u00e0 un partenaire exp\u00e9riment\u00e9, Alpha Technik GmbH, implant\u00e9 \u00e0 Stephanskirchen pr\u00e8s de Rosenheim. De plus pour la saison 2008 la nouvelle \u00e9quipe sera plac\u00e9e sous la direction de Berti Hauser, Directeur g\u00e9n\u00e9ral des sports m\u00e9caniques chez BMW (Motorsport BMW Motorrad). Ainsi la moto de 1000 cm3 dot\u00e9e d&rsquo;un 4 cylindres en ligne sera d\u2019une conception enti\u00e8rement nouvelle d\u00e9velopp\u00e9e par BMW Motorrad et sera test\u00e9e et am\u00e9lior\u00e9e sur plusieurs modules d\u2019entra\u00eenement dans des conditions de course.<\/p>\n<p> Peter M\u00fcller rajoute que &quot; La participation aux championnats du monde de&nbsp; Superbike nous mettra en concurrence avec des fabricants et des teams qui poss\u00e8dent plusieurs ann\u00e9es d\u2019exp\u00e9rience d\u2019avance sur un segment enti\u00e8rement nouveau pour nous. Nous savons que ce ne sera pas facile. Avec alpha Technik GmbH, nous avons trouv\u00e9 un partenaire expert en d\u00e9veloppement, riche d\u2019une exp\u00e9rience de plus de 10 ans dans les courses de Superbike. Nous esp\u00e9rons investir avec succ\u00e8s ce secteur international tr\u00e8s comp\u00e9titif avec notre nouvelle moto. &quot;<\/p>\n<p>Esp\u00e9rons donc que cette saison leur soit profitable&#8230;<\/p>\n<p>Source : <a href=\"http:\/\/www.lerepairedesmotards.com\">Le Repaire des Motards<\/a><\/p>\n","protected":false},"excerpt":{"rendered":"<p>Beno\u00eet vous l&rsquo;annon\u00e7ait d\u00e9but octobre, BMW Motorrad souhaite revenir en Superbike pour 2009. Afin de conforter ce retour, la firme bavaroise a fait appel \u00e0 un partenaire exp\u00e9riment\u00e9, Alpha Technik GmbH, implant\u00e9 \u00e0 Stephanskirchen pr\u00e8s de Rosenheim. De plus pour la saison 2008 la nouvelle \u00e9quipe sera plac\u00e9e sous la direction de Berti Hauser, Directeur [&hellip;]<\/p>\n","protected":false},"author":329,"featured_media":0,"comment_status":"open","ping_status":"open","sticky":false,"template":"","format":"standard","meta":{"footnotes":""},"categories":[3,7,46],"tags":[],"class_list":["post-1137","post","type-post","status-publish","format-standard","hentry","category-actualite","category-bmw","category-superbike"],"yoast_head":"<!-- This site is optimized with the Yoast SEO plugin v26.0 - https:\/\/yoast.com\/wordpress\/plugins\/seo\/ -->\n<title>BMW Motorrad et Alpha Technik : Objectif Superbike 2009 - leblogmoto.com<\/title>\n<meta name=\"robots\" content=\"index, follow, max-snippet:-1, max-image-preview:large, max-video-preview:-1\" \/>\n<link rel=\"canonical\" href=\"https:\/\/blogs.thesocialmedia.com\/leblogmoto\/2007\/10\/31\/bmw-motorrad-1\/\" \/>\n<meta name=\"twitter:card\" content=\"summary_large_image\" \/>\n<meta name=\"twitter:title\" content=\"BMW Motorrad et Alpha Technik : Objectif Superbike 2009 - leblogmoto.com\" \/>\n<meta name=\"twitter:description\" content=\"Beno\u00eet vous l&rsquo;annon\u00e7ait d\u00e9but octobre, BMW Motorrad souhaite revenir en Superbike pour 2009. Afin de conforter ce retour, la firme bavaroise a fait appel \u00e0 un partenaire exp\u00e9riment\u00e9, Alpha Technik GmbH, implant\u00e9 \u00e0 Stephanskirchen pr\u00e8s de Rosenheim. De plus pour la saison 2008 la nouvelle \u00e9quipe sera plac\u00e9e sous la direction de Berti Hauser, Directeur [&hellip;]\" \/>\n<meta name=\"twitter:image\" content=\"http:\/\/www.leblogmoto.com\/images\/2007\/10\/31\/bmw_le_mans_2007_r1200s_bquille_ate.jpg\" \/>\n<meta name=\"twitter:label1\" content=\"\u00c9crit par\" \/>\n\t<meta name=\"twitter:data1\" content=\"gregory boucaud\" \/>\n\t<meta name=\"twitter:label2\" content=\"Dur\u00e9e de lecture estim\u00e9e\" \/>\n\t<meta name=\"twitter:data2\" content=\"1 minute\" \/>\n<script type=\"application\/ld+json\" class=\"yoast-schema-graph\">{\"@context\":\"https:\/\/schema.org\",\"@graph\":[{\"@type\":\"WebPage\",\"@id\":\"https:\/\/blogs.thesocialmedia.com\/leblogmoto\/2007\/10\/31\/bmw-motorrad-1\/\",\"url\":\"https:\/\/blogs.thesocialmedia.com\/leblogmoto\/2007\/10\/31\/bmw-motorrad-1\/\",\"name\":\"BMW Motorrad et Alpha Technik : Objectif Superbike 2009 - leblogmoto.com\",\"isPartOf\":{\"@id\":\"https:\/\/blogs.thesocialmedia.com\/leblogmoto\/#website\"},\"primaryImageOfPage\":{\"@id\":\"https:\/\/blogs.thesocialmedia.com\/leblogmoto\/2007\/10\/31\/bmw-motorrad-1\/#primaryimage\"},\"image\":{\"@id\":\"https:\/\/blogs.thesocialmedia.com\/leblogmoto\/2007\/10\/31\/bmw-motorrad-1\/#primaryimage\"},\"thumbnailUrl\":\"http:\/\/www.leblogmoto.com\/images\/2007\/10\/31\/bmw_le_mans_2007_r1200s_bquille_ate.jpg\",\"datePublished\":\"2007-10-31T19:44:12+00:00\",\"dateModified\":\"2012-07-11T14:51:52+00:00\",\"author\":{\"@id\":\"https:\/\/blogs.thesocialmedia.com\/leblogmoto\/#\/schema\/person\/769623f89741cc3381675029a37764f8\"},\"breadcrumb\":{\"@id\":\"https:\/\/blogs.thesocialmedia.com\/leblogmoto\/2007\/10\/31\/bmw-motorrad-1\/#breadcrumb\"},\"inLanguage\":\"fr-FR\",\"potentialAction\":[{\"@type\":\"ReadAction\",\"target\":[\"https:\/\/blogs.thesocialmedia.com\/leblogmoto\/2007\/10\/31\/bmw-motorrad-1\/\"]}]},{\"@type\":\"ImageObject\",\"inLanguage\":\"fr-FR\",\"@id\":\"https:\/\/blogs.thesocialmedia.com\/leblogmoto\/2007\/10\/31\/bmw-motorrad-1\/#primaryimage\",\"url\":\"http:\/\/www.leblogmoto.com\/images\/2007\/10\/31\/bmw_le_mans_2007_r1200s_bquille_ate.jpg\",\"contentUrl\":\"http:\/\/www.leblogmoto.com\/images\/2007\/10\/31\/bmw_le_mans_2007_r1200s_bquille_ate.jpg\"},{\"@type\":\"BreadcrumbList\",\"@id\":\"https:\/\/blogs.thesocialmedia.com\/leblogmoto\/2007\/10\/31\/bmw-motorrad-1\/#breadcrumb\",\"itemListElement\":[{\"@type\":\"ListItem\",\"position\":1,\"name\":\"Accueil\",\"item\":\"https:\/\/blogs.thesocialmedia.com\/leblogmoto\/\"},{\"@type\":\"ListItem\",\"position\":2,\"name\":\"BMW Motorrad et Alpha Technik : Objectif Superbike 2009\"}]},{\"@type\":\"WebSite\",\"@id\":\"https:\/\/blogs.thesocialmedia.com\/leblogmoto\/#website\",\"url\":\"https:\/\/blogs.thesocialmedia.com\/leblogmoto\/\",\"name\":\"leblogmoto\",\"description\":\"Toute l&#039;actualit\u00e9 des 2 roues\",\"potentialAction\":[{\"@type\":\"SearchAction\",\"target\":{\"@type\":\"EntryPoint\",\"urlTemplate\":\"https:\/\/blogs.thesocialmedia.com\/leblogmoto\/?s={search_term_string}\"},\"query-input\":{\"@type\":\"PropertyValueSpecification\",\"valueRequired\":true,\"valueName\":\"search_term_string\"}}],\"inLanguage\":\"fr-FR\"},{\"@type\":\"Person\",\"@id\":\"https:\/\/blogs.thesocialmedia.com\/leblogmoto\/#\/schema\/person\/769623f89741cc3381675029a37764f8\",\"name\":\"gregory boucaud\",\"image\":{\"@type\":\"ImageObject\",\"inLanguage\":\"fr-FR\",\"@id\":\"https:\/\/blogs.thesocialmedia.com\/leblogmoto\/#\/schema\/person\/image\/\",\"url\":\"https:\/\/secure.gravatar.com\/avatar\/?s=96&d=mm&r=g\",\"contentUrl\":\"https:\/\/secure.gravatar.com\/avatar\/?s=96&d=mm&r=g\",\"caption\":\"gregory boucaud\"},\"url\":\"https:\/\/blogs.thesocialmedia.com\/leblogmoto\/author\/gregory-boucaud\/\"}]}<\/script>\n<!-- \/ Yoast SEO plugin. -->","yoast_head_json":{"title":"BMW Motorrad et Alpha Technik : Objectif Superbike 2009 - leblogmoto.com","robots":{"index":"index","follow":"follow","max-snippet":"max-snippet:-1","max-image-preview":"max-image-preview:large","max-video-preview":"max-video-preview:-1"},"canonical":"https:\/\/blogs.thesocialmedia.com\/leblogmoto\/2007\/10\/31\/bmw-motorrad-1\/","twitter_card":"summary_large_image","twitter_title":"BMW Motorrad et Alpha Technik : Objectif Superbike 2009 - leblogmoto.com","twitter_description":"Beno\u00eet vous l&rsquo;annon\u00e7ait d\u00e9but octobre, BMW Motorrad souhaite revenir en Superbike pour 2009. Afin de conforter ce retour, la firme bavaroise a fait appel \u00e0 un partenaire exp\u00e9riment\u00e9, Alpha Technik GmbH, implant\u00e9 \u00e0 Stephanskirchen pr\u00e8s de Rosenheim. De plus pour la saison 2008 la nouvelle \u00e9quipe sera plac\u00e9e sous la direction de Berti Hauser, Directeur [&hellip;]","twitter_image":"http:\/\/www.leblogmoto.com\/images\/2007\/10\/31\/bmw_le_mans_2007_r1200s_bquille_ate.jpg","twitter_misc":{"\u00c9crit par":"gregory boucaud","Dur\u00e9e de lecture estim\u00e9e":"1 minute"},"schema":{"@context":"https:\/\/schema.org","@graph":[{"@type":"WebPage","@id":"https:\/\/blogs.thesocialmedia.com\/leblogmoto\/2007\/10\/31\/bmw-motorrad-1\/","url":"https:\/\/blogs.thesocialmedia.com\/leblogmoto\/2007\/10\/31\/bmw-motorrad-1\/","name":"BMW Motorrad et Alpha Technik : Objectif Superbike 2009 - leblogmoto.com","isPartOf":{"@id":"https:\/\/blogs.thesocialmedia.com\/leblogmoto\/#website"},"primaryImageOfPage":{"@id":"https:\/\/blogs.thesocialmedia.com\/leblogmoto\/2007\/10\/31\/bmw-motorrad-1\/#primaryimage"},"image":{"@id":"https:\/\/blogs.thesocialmedia.com\/leblogmoto\/2007\/10\/31\/bmw-motorrad-1\/#primaryimage"},"thumbnailUrl":"http:\/\/www.leblogmoto.com\/images\/2007\/10\/31\/bmw_le_mans_2007_r1200s_bquille_ate.jpg","datePublished":"2007-10-31T19:44:12+00:00","dateModified":"2012-07-11T14:51:52+00:00","author":{"@id":"https:\/\/blogs.thesocialmedia.com\/leblogmoto\/#\/schema\/person\/769623f89741cc3381675029a37764f8"},"breadcrumb":{"@id":"https:\/\/blogs.thesocialmedia.com\/leblogmoto\/2007\/10\/31\/bmw-motorrad-1\/#breadcrumb"},"inLanguage":"fr-FR","potentialAction":[{"@type":"ReadAction","target":["https:\/\/blogs.thesocialmedia.com\/leblogmoto\/2007\/10\/31\/bmw-motorrad-1\/"]}]},{"@type":"ImageObject","inLanguage":"fr-FR","@id":"https:\/\/blogs.thesocialmedia.com\/leblogmoto\/2007\/10\/31\/bmw-motorrad-1\/#primaryimage","url":"http:\/\/www.leblogmoto.com\/images\/2007\/10\/31\/bmw_le_mans_2007_r1200s_bquille_ate.jpg","contentUrl":"http:\/\/www.leblogmoto.com\/images\/2007\/10\/31\/bmw_le_mans_2007_r1200s_bquille_ate.jpg"},{"@type":"BreadcrumbList","@id":"https:\/\/blogs.thesocialmedia.com\/leblogmoto\/2007\/10\/31\/bmw-motorrad-1\/#breadcrumb","itemListElement":[{"@type":"ListItem","position":1,"name":"Accueil","item":"https:\/\/blogs.thesocialmedia.com\/leblogmoto\/"},{"@type":"ListItem","position":2,"name":"BMW Motorrad et Alpha Technik : Objectif Superbike 2009"}]},{"@type":"WebSite","@id":"https:\/\/blogs.thesocialmedia.com\/leblogmoto\/#website","url":"https:\/\/blogs.thesocialmedia.com\/leblogmoto\/","name":"leblogmoto","description":"Toute l&#039;actualit\u00e9 des 2 roues","potentialAction":[{"@type":"SearchAction","target":{"@type":"EntryPoint","urlTemplate":"https:\/\/blogs.thesocialmedia.com\/leblogmoto\/?s={search_term_string}"},"query-input":{"@type":"PropertyValueSpecification","valueRequired":true,"valueName":"search_term_string"}}],"inLanguage":"fr-FR"},{"@type":"Person","@id":"https:\/\/blogs.thesocialmedia.com\/leblogmoto\/#\/schema\/person\/769623f89741cc3381675029a37764f8","name":"gregory boucaud","image":{"@type":"ImageObject","inLanguage":"fr-FR","@id":"https:\/\/blogs.thesocialmedia.com\/leblogmoto\/#\/schema\/person\/image\/","url":"https:\/\/secure.gravatar.com\/avatar\/?s=96&d=mm&r=g","contentUrl":"https:\/\/secure.gravatar.com\/avatar\/?s=96&d=mm&r=g","caption":"gregory boucaud"},"url":"https:\/\/blogs.thesocialmedia.com\/leblogmoto\/author\/gregory-boucaud\/"}]}},"_links":{"self":[{"href":"https:\/\/blogs.thesocialmedia.com\/leblogmoto\/wp-json\/wp\/v2\/posts\/1137","targetHints":{"allow":["GET"]}}],"collection":[{"href":"https:\/\/blogs.thesocialmedia.com\/leblogmoto\/wp-json\/wp\/v2\/posts"}],"about":[{"href":"https:\/\/blogs.thesocialmedia.com\/leblogmoto\/wp-json\/wp\/v2\/types\/post"}],"author":[{"embeddable":true,"href":"https:\/\/blogs.thesocialmedia.com\/leblogmoto\/wp-json\/wp\/v2\/users\/329"}],"replies":[{"embeddable":true,"href":"https:\/\/blogs.thesocialmedia.com\/leblogmoto\/wp-json\/wp\/v2\/comments?post=1137"}],"version-history":[{"count":2,"href":"https:\/\/blogs.thesocialmedia.com\/leblogmoto\/wp-json\/wp\/v2\/posts\/1137\/revisions"}],"predecessor-version":[{"id":9009,"href":"https:\/\/blogs.thesocialmedia.com\/leblogmoto\/wp-json\/wp\/v2\/posts\/1137\/revisions\/9009"}],"wp:attachment":[{"href":"https:\/\/blogs.thesocialmedia.com\/leblogmoto\/wp-json\/wp\/v2\/media?parent=1137"}],"wp:term":[{"taxonomy":"category","embeddable":true,"href":"https:\/\/blogs.thesocialmedia.com\/leblogmoto\/wp-json\/wp\/v2\/categories?post=1137"},{"taxonomy":"post_tag","embeddable":true,"href":"https:\/\/blogs.thesocialmedia.com\/leblogmoto\/wp-json\/wp\/v2\/tags?post=1137"}],"curies":[{"name":"wp","href":"https:\/\/api.w.org\/{rel}","templated":true}]}}