{"id":1138,"date":"2007-10-31T19:18:48","date_gmt":"2007-10-31T19:18:48","guid":{"rendered":"http:\/\/blogs.thesocialmedia.com\/leblogmoto\/2007\/10\/31\/bmw-motorrad-et-2\/"},"modified":"2012-07-11T14:51:48","modified_gmt":"2012-07-11T14:51:48","slug":"bmw-motorrad-et-2","status":"publish","type":"post","link":"https:\/\/blogs.thesocialmedia.com\/leblogmoto\/2007\/10\/31\/bmw-motorrad-et-2\/","title":{"rendered":"BMW Motorrad et Husqvarna : Finalisation du rachat"},"content":{"rendered":"<p><a href=\"http:\/\/blogs.thesocialmedia.com\/leblogmoto\/files\/2012\/07\/logo_bmw_husqvarna_2.jpg\"><img loading=\"lazy\" decoding=\"async\" width=\"470\" height=\"348\"  src=\"http:\/\/www.leblogmoto.com\/images\/2007\/10\/31\/logo_bmw_husqvarna_2.jpg\" alt=\"Logo_bmw_husqvarna_2\" style=\"margin: 0px 5px 5px 0px;float: left\" \/><\/a>Rappelez-vous, en <a href=\"http:\/\/www.leblogmoto.com\/2007\/07\/husqvarna-motor.html#more\">f\u00e9vrier dernier<\/a> je vous annon\u00e7ais que le constructeur italien <a href=\"http:\/\/fr.wikipedia.org\/wiki\/MV_Agusta\">MV Agusta<\/a>&nbsp; avait vendu Husqvarna \u00e0 BMW Motorrad. <\/p>\n<p>Bien sachez que Husqvarna vient enfin de signer un accord de licence avec le constructeur allemand BMW Motorrad concernant l\u2019utilisation de sa marque. La conclusion de cet accord fait suite \u00e0 la finalisation du rachat par BMW Motorrad de l\u2019activit\u00e9 moto de l\u2019italien <a href=\"http:\/\/fr.wikipedia.org\/wiki\/MV_Agusta\">MV Augusta<\/a>. Selon cet accord, BMW dispose d\u00e9sormais du droit d\u2019utilisation de la marque Husqvarna pour les motos comme pour les produits et les services associ\u00e9s.<\/p>\n<p>A quand les prochains mod\u00e8les produits par BMW Motorrad ?<\/p>\n<p>Source : <a href=\"http:\/\/www.autonews.fr\">Autonews<\/a><\/p>\n","protected":false},"excerpt":{"rendered":"<p>Rappelez-vous, en f\u00e9vrier dernier je vous annon\u00e7ais que le constructeur italien MV Agusta&nbsp; avait vendu Husqvarna \u00e0 BMW Motorrad. Bien sachez que Husqvarna vient enfin de signer un accord de licence avec le constructeur allemand BMW Motorrad concernant l\u2019utilisation de sa marque. La conclusion de cet accord fait suite \u00e0 la finalisation du rachat par [&hellip;]<\/p>\n","protected":false},"author":329,"featured_media":0,"comment_status":"open","ping_status":"open","sticky":false,"template":"","format":"standard","meta":{"footnotes":""},"categories":[3,49,7],"tags":[],"class_list":["post-1138","post","type-post","status-publish","format-standard","hentry","category-actualite","category-actualites-entreprise","category-bmw"],"yoast_head":"<!-- This site is optimized with the Yoast SEO plugin v26.0 - https:\/\/yoast.com\/wordpress\/plugins\/seo\/ -->\n<title>BMW Motorrad et Husqvarna : Finalisation du rachat - leblogmoto.com<\/title>\n<meta name=\"robots\" content=\"index, follow, max-snippet:-1, max-image-preview:large, max-video-preview:-1\" \/>\n<link rel=\"canonical\" href=\"https:\/\/blogs.thesocialmedia.com\/leblogmoto\/2007\/10\/31\/bmw-motorrad-et-2\/\" \/>\n<meta name=\"twitter:card\" content=\"summary_large_image\" \/>\n<meta name=\"twitter:title\" content=\"BMW Motorrad et Husqvarna : Finalisation du rachat - leblogmoto.com\" \/>\n<meta name=\"twitter:description\" content=\"Rappelez-vous, en f\u00e9vrier dernier je vous annon\u00e7ais que le constructeur italien MV Agusta&nbsp; avait vendu Husqvarna \u00e0 BMW Motorrad. Bien sachez que Husqvarna vient enfin de signer un accord de licence avec le constructeur allemand BMW Motorrad concernant l\u2019utilisation de sa marque. La conclusion de cet accord fait suite \u00e0 la finalisation du rachat par [&hellip;]\" \/>\n<meta name=\"twitter:image\" content=\"http:\/\/www.leblogmoto.com\/images\/2007\/10\/31\/logo_bmw_husqvarna_2.jpg\" \/>\n<meta name=\"twitter:label1\" content=\"\u00c9crit par\" \/>\n\t<meta name=\"twitter:data1\" content=\"gregory boucaud\" \/>\n\t<meta name=\"twitter:label2\" content=\"Dur\u00e9e de lecture estim\u00e9e\" \/>\n\t<meta name=\"twitter:data2\" content=\"1 minute\" \/>\n<script type=\"application\/ld+json\" class=\"yoast-schema-graph\">{\"@context\":\"https:\/\/schema.org\",\"@graph\":[{\"@type\":\"WebPage\",\"@id\":\"https:\/\/blogs.thesocialmedia.com\/leblogmoto\/2007\/10\/31\/bmw-motorrad-et-2\/\",\"url\":\"https:\/\/blogs.thesocialmedia.com\/leblogmoto\/2007\/10\/31\/bmw-motorrad-et-2\/\",\"name\":\"BMW Motorrad et Husqvarna : Finalisation du rachat - leblogmoto.com\",\"isPartOf\":{\"@id\":\"https:\/\/blogs.thesocialmedia.com\/leblogmoto\/#website\"},\"primaryImageOfPage\":{\"@id\":\"https:\/\/blogs.thesocialmedia.com\/leblogmoto\/2007\/10\/31\/bmw-motorrad-et-2\/#primaryimage\"},\"image\":{\"@id\":\"https:\/\/blogs.thesocialmedia.com\/leblogmoto\/2007\/10\/31\/bmw-motorrad-et-2\/#primaryimage\"},\"thumbnailUrl\":\"http:\/\/www.leblogmoto.com\/images\/2007\/10\/31\/logo_bmw_husqvarna_2.jpg\",\"datePublished\":\"2007-10-31T19:18:48+00:00\",\"dateModified\":\"2012-07-11T14:51:48+00:00\",\"author\":{\"@id\":\"https:\/\/blogs.thesocialmedia.com\/leblogmoto\/#\/schema\/person\/769623f89741cc3381675029a37764f8\"},\"breadcrumb\":{\"@id\":\"https:\/\/blogs.thesocialmedia.com\/leblogmoto\/2007\/10\/31\/bmw-motorrad-et-2\/#breadcrumb\"},\"inLanguage\":\"fr-FR\",\"potentialAction\":[{\"@type\":\"ReadAction\",\"target\":[\"https:\/\/blogs.thesocialmedia.com\/leblogmoto\/2007\/10\/31\/bmw-motorrad-et-2\/\"]}]},{\"@type\":\"ImageObject\",\"inLanguage\":\"fr-FR\",\"@id\":\"https:\/\/blogs.thesocialmedia.com\/leblogmoto\/2007\/10\/31\/bmw-motorrad-et-2\/#primaryimage\",\"url\":\"http:\/\/www.leblogmoto.com\/images\/2007\/10\/31\/logo_bmw_husqvarna_2.jpg\",\"contentUrl\":\"http:\/\/www.leblogmoto.com\/images\/2007\/10\/31\/logo_bmw_husqvarna_2.jpg\"},{\"@type\":\"BreadcrumbList\",\"@id\":\"https:\/\/blogs.thesocialmedia.com\/leblogmoto\/2007\/10\/31\/bmw-motorrad-et-2\/#breadcrumb\",\"itemListElement\":[{\"@type\":\"ListItem\",\"position\":1,\"name\":\"Accueil\",\"item\":\"https:\/\/blogs.thesocialmedia.com\/leblogmoto\/\"},{\"@type\":\"ListItem\",\"position\":2,\"name\":\"BMW Motorrad et Husqvarna : Finalisation du rachat\"}]},{\"@type\":\"WebSite\",\"@id\":\"https:\/\/blogs.thesocialmedia.com\/leblogmoto\/#website\",\"url\":\"https:\/\/blogs.thesocialmedia.com\/leblogmoto\/\",\"name\":\"leblogmoto\",\"description\":\"Toute l&#039;actualit\u00e9 des 2 roues\",\"potentialAction\":[{\"@type\":\"SearchAction\",\"target\":{\"@type\":\"EntryPoint\",\"urlTemplate\":\"https:\/\/blogs.thesocialmedia.com\/leblogmoto\/?s={search_term_string}\"},\"query-input\":{\"@type\":\"PropertyValueSpecification\",\"valueRequired\":true,\"valueName\":\"search_term_string\"}}],\"inLanguage\":\"fr-FR\"},{\"@type\":\"Person\",\"@id\":\"https:\/\/blogs.thesocialmedia.com\/leblogmoto\/#\/schema\/person\/769623f89741cc3381675029a37764f8\",\"name\":\"gregory boucaud\",\"image\":{\"@type\":\"ImageObject\",\"inLanguage\":\"fr-FR\",\"@id\":\"https:\/\/blogs.thesocialmedia.com\/leblogmoto\/#\/schema\/person\/image\/\",\"url\":\"https:\/\/secure.gravatar.com\/avatar\/?s=96&d=mm&r=g\",\"contentUrl\":\"https:\/\/secure.gravatar.com\/avatar\/?s=96&d=mm&r=g\",\"caption\":\"gregory boucaud\"},\"url\":\"https:\/\/blogs.thesocialmedia.com\/leblogmoto\/author\/gregory-boucaud\/\"}]}<\/script>\n<!-- \/ Yoast SEO plugin. -->","yoast_head_json":{"title":"BMW Motorrad et Husqvarna : Finalisation du rachat - leblogmoto.com","robots":{"index":"index","follow":"follow","max-snippet":"max-snippet:-1","max-image-preview":"max-image-preview:large","max-video-preview":"max-video-preview:-1"},"canonical":"https:\/\/blogs.thesocialmedia.com\/leblogmoto\/2007\/10\/31\/bmw-motorrad-et-2\/","twitter_card":"summary_large_image","twitter_title":"BMW Motorrad et Husqvarna : Finalisation du rachat - leblogmoto.com","twitter_description":"Rappelez-vous, en f\u00e9vrier dernier je vous annon\u00e7ais que le constructeur italien MV Agusta&nbsp; avait vendu Husqvarna \u00e0 BMW Motorrad. Bien sachez que Husqvarna vient enfin de signer un accord de licence avec le constructeur allemand BMW Motorrad concernant l\u2019utilisation de sa marque. La conclusion de cet accord fait suite \u00e0 la finalisation du rachat par [&hellip;]","twitter_image":"http:\/\/www.leblogmoto.com\/images\/2007\/10\/31\/logo_bmw_husqvarna_2.jpg","twitter_misc":{"\u00c9crit par":"gregory boucaud","Dur\u00e9e de lecture estim\u00e9e":"1 minute"},"schema":{"@context":"https:\/\/schema.org","@graph":[{"@type":"WebPage","@id":"https:\/\/blogs.thesocialmedia.com\/leblogmoto\/2007\/10\/31\/bmw-motorrad-et-2\/","url":"https:\/\/blogs.thesocialmedia.com\/leblogmoto\/2007\/10\/31\/bmw-motorrad-et-2\/","name":"BMW Motorrad et Husqvarna : Finalisation du rachat - leblogmoto.com","isPartOf":{"@id":"https:\/\/blogs.thesocialmedia.com\/leblogmoto\/#website"},"primaryImageOfPage":{"@id":"https:\/\/blogs.thesocialmedia.com\/leblogmoto\/2007\/10\/31\/bmw-motorrad-et-2\/#primaryimage"},"image":{"@id":"https:\/\/blogs.thesocialmedia.com\/leblogmoto\/2007\/10\/31\/bmw-motorrad-et-2\/#primaryimage"},"thumbnailUrl":"http:\/\/www.leblogmoto.com\/images\/2007\/10\/31\/logo_bmw_husqvarna_2.jpg","datePublished":"2007-10-31T19:18:48+00:00","dateModified":"2012-07-11T14:51:48+00:00","author":{"@id":"https:\/\/blogs.thesocialmedia.com\/leblogmoto\/#\/schema\/person\/769623f89741cc3381675029a37764f8"},"breadcrumb":{"@id":"https:\/\/blogs.thesocialmedia.com\/leblogmoto\/2007\/10\/31\/bmw-motorrad-et-2\/#breadcrumb"},"inLanguage":"fr-FR","potentialAction":[{"@type":"ReadAction","target":["https:\/\/blogs.thesocialmedia.com\/leblogmoto\/2007\/10\/31\/bmw-motorrad-et-2\/"]}]},{"@type":"ImageObject","inLanguage":"fr-FR","@id":"https:\/\/blogs.thesocialmedia.com\/leblogmoto\/2007\/10\/31\/bmw-motorrad-et-2\/#primaryimage","url":"http:\/\/www.leblogmoto.com\/images\/2007\/10\/31\/logo_bmw_husqvarna_2.jpg","contentUrl":"http:\/\/www.leblogmoto.com\/images\/2007\/10\/31\/logo_bmw_husqvarna_2.jpg"},{"@type":"BreadcrumbList","@id":"https:\/\/blogs.thesocialmedia.com\/leblogmoto\/2007\/10\/31\/bmw-motorrad-et-2\/#breadcrumb","itemListElement":[{"@type":"ListItem","position":1,"name":"Accueil","item":"https:\/\/blogs.thesocialmedia.com\/leblogmoto\/"},{"@type":"ListItem","position":2,"name":"BMW Motorrad et Husqvarna : Finalisation du rachat"}]},{"@type":"WebSite","@id":"https:\/\/blogs.thesocialmedia.com\/leblogmoto\/#website","url":"https:\/\/blogs.thesocialmedia.com\/leblogmoto\/","name":"leblogmoto","description":"Toute l&#039;actualit\u00e9 des 2 roues","potentialAction":[{"@type":"SearchAction","target":{"@type":"EntryPoint","urlTemplate":"https:\/\/blogs.thesocialmedia.com\/leblogmoto\/?s={search_term_string}"},"query-input":{"@type":"PropertyValueSpecification","valueRequired":true,"valueName":"search_term_string"}}],"inLanguage":"fr-FR"},{"@type":"Person","@id":"https:\/\/blogs.thesocialmedia.com\/leblogmoto\/#\/schema\/person\/769623f89741cc3381675029a37764f8","name":"gregory boucaud","image":{"@type":"ImageObject","inLanguage":"fr-FR","@id":"https:\/\/blogs.thesocialmedia.com\/leblogmoto\/#\/schema\/person\/image\/","url":"https:\/\/secure.gravatar.com\/avatar\/?s=96&d=mm&r=g","contentUrl":"https:\/\/secure.gravatar.com\/avatar\/?s=96&d=mm&r=g","caption":"gregory boucaud"},"url":"https:\/\/blogs.thesocialmedia.com\/leblogmoto\/author\/gregory-boucaud\/"}]}},"_links":{"self":[{"href":"https:\/\/blogs.thesocialmedia.com\/leblogmoto\/wp-json\/wp\/v2\/posts\/1138","targetHints":{"allow":["GET"]}}],"collection":[{"href":"https:\/\/blogs.thesocialmedia.com\/leblogmoto\/wp-json\/wp\/v2\/posts"}],"about":[{"href":"https:\/\/blogs.thesocialmedia.com\/leblogmoto\/wp-json\/wp\/v2\/types\/post"}],"author":[{"embeddable":true,"href":"https:\/\/blogs.thesocialmedia.com\/leblogmoto\/wp-json\/wp\/v2\/users\/329"}],"replies":[{"embeddable":true,"href":"https:\/\/blogs.thesocialmedia.com\/leblogmoto\/wp-json\/wp\/v2\/comments?post=1138"}],"version-history":[{"count":2,"href":"https:\/\/blogs.thesocialmedia.com\/leblogmoto\/wp-json\/wp\/v2\/posts\/1138\/revisions"}],"predecessor-version":[{"id":9007,"href":"https:\/\/blogs.thesocialmedia.com\/leblogmoto\/wp-json\/wp\/v2\/posts\/1138\/revisions\/9007"}],"wp:attachment":[{"href":"https:\/\/blogs.thesocialmedia.com\/leblogmoto\/wp-json\/wp\/v2\/media?parent=1138"}],"wp:term":[{"taxonomy":"category","embeddable":true,"href":"https:\/\/blogs.thesocialmedia.com\/leblogmoto\/wp-json\/wp\/v2\/categories?post=1138"},{"taxonomy":"post_tag","embeddable":true,"href":"https:\/\/blogs.thesocialmedia.com\/leblogmoto\/wp-json\/wp\/v2\/tags?post=1138"}],"curies":[{"name":"wp","href":"https:\/\/api.w.org\/{rel}","templated":true}]}}