{"id":114,"date":"2009-06-15T23:31:27","date_gmt":"2009-06-15T23:31:27","guid":{"rendered":"http:\/\/blogs.thesocialmedia.com\/leblogmoto\/2009\/06\/15\/motard-ou-inconscient-sur-deuxroues\/"},"modified":"2012-07-11T17:30:41","modified_gmt":"2012-07-11T17:30:41","slug":"motard-ou-inconscient-sur-deuxroues","status":"publish","type":"post","link":"https:\/\/blogs.thesocialmedia.com\/leblogmoto\/2009\/06\/15\/motard-ou-inconscient-sur-deuxroues\/","title":{"rendered":"Un inconscient sur deux-roues, et non un motard."},"content":{"rendered":"<p><a href=\"http:\/\/blogs.thesocialmedia.com\/leblogmoto\/files\/2012\/07\/6a00d83451b18369e20115701f7413970c-popup.png\"><img decoding=\"async\" alt=\"Moto Roadster Yamaha Fazer\" class=\"at-xid-6a00d83451b18369e20115701f7413970c \" src=\"http:\/\/blogs.thesocialmedia.com\/leblogmoto\/files\/2012\/07\/6a00d83451b18369e20115701f7413970c-500wi.jpg\" \/><\/a> <\/p>\n<p>Comme vous,&#160;je crois, \u00e0&#160;chaque fois que ce type d&#039;accident arrive, apr\u00e8s une pens\u00e9e pour les victimes, je ne peux m&#039;emp\u00eacher de songer \u00e0 ce que l&#039;on va encore&#160;<a href=\"http:\/\/www.leblogmoto.com\/2008\/06\/dans-ce-pays-dj.html\">dire de nous<\/a>.&#160;Ici le tableau&#160;est effroyable, avant-hier \u00e0 Marseille un roadster&#160;renversait une passante enceinte, tuant sur le coup la future m\u00e8re&#160;puis plus tard&#160;son enfant de deux ans,&#160;selon <a href=\"http:\/\/www.laprovence.com\/articles\/2009\/06\/15\/842041-A-la-une-Une-mere-enceinte-et-son-fils-meurent-fauches-par-une-moto.php\">La Provence<\/a>. La&#160;m\u00e8re de famille de 30 ans, enceinte de huit mois, et son&#160;petit gar\u00e7on&#160;revenaient d&#039;un pique-nique sur la plage, et ont \u00e9t\u00e9&#160;percut\u00e9s par une moto de type Fazer 600 peu apr\u00e8s 23 heures* sur la route nationale du Rove, en surplomb de la plage de Corbi\u00e8res, dans les quartiers Nord. Cette portion de route est para\u00eet-il tr\u00e8s fr\u00e9quent\u00e9e, mais d\u00e9pourvue d&#039;\u00e9clairage et de&#160;passage clout\u00e9. De plus, les voitures se garent le long de la voie, obligeant les pi\u00e9tons \u00e0 marcher sur la chauss\u00e9e. <\/p>\n<p>On nous pr\u00e9cise \u00e9galement que la victime \u00e9tait habill\u00e9e de v\u00eatements sombres.&#160;Pour ce&#160;qui nous int\u00e9resse, le conducteur n&#039;\u00e9tait pas titulaire du permis, la carte grise n&#039;\u00e9tait pas \u00e0 son nom, et la Yam n&#039;\u00e9tait pas assur\u00e9e. Il a \u00e9galement fuit apr\u00e8s le drame,&#160;au&#160;contraire de son passager, avant d&#039;\u00eatre arr\u00eat\u00e9 le lendemain.&#160;<\/p>\n<p>Ces pr\u00e9cisions n&#039;ont pourtant pas emp\u00each\u00e9 les commentaires sur&#160;certains sites (<a href=\"http:\/\/www.lefigaro.fr\/flash-actu\/2009\/06\/14\/01011-20090614FILWWW00047-une-mere-enceinte-et-sa-fille-tuees.php\">Le Figaro<\/a>&#160;et <a href=\"http:\/\/tempsreel.nouvelobs.com\/actualites\/societe\/20090614.OBS0508\/une_moto_fauche_une_femme_enceinte_et_son_enfant.html\">le Nouvel Obs<\/a> au hasard)&#160;sur la trop grande&#160;puissance des motos et l&#039;inconscience des &quot;motards&quot;. A mon grand regret.&#160;C&#039;est le 17\u00e8me accident mortel et le huiti\u00e8me avec d\u00e9lit de fuite de l&#039;ann\u00e9e dans la cit\u00e9 phoc\u00e9enne.<\/p>\n<\/p>\n<p><em>*Oui je sais c&#039;est un peu tard pour un pique-nique, c&#039;est ce que je me suis dit aussi,&#160;mais \u00e7a n&#039;exon\u00e8re pas un chauffard de sa responsabilit\u00e9 non plus.<\/em><\/p>\n","protected":false},"excerpt":{"rendered":"<p>Comme vous,&#160;je crois, \u00e0&#160;chaque fois que ce type d&#039;accident arrive, apr\u00e8s une pens\u00e9e pour les victimes, je ne peux m&#039;emp\u00eacher de songer \u00e0 ce que l&#039;on va encore&#160;dire de nous.&#160;Ici le tableau&#160;est effroyable, avant-hier \u00e0 Marseille un roadster&#160;renversait une passante enceinte, tuant sur le coup la future m\u00e8re&#160;puis plus tard&#160;son enfant de deux ans,&#160;selon La [&hellip;]<\/p>\n","protected":false},"author":324,"featured_media":13757,"comment_status":"open","ping_status":"open","sticky":false,"template":"","format":"standard","meta":{"footnotes":""},"categories":[3,27],"tags":[],"class_list":["post-114","post","type-post","status-publish","format-standard","has-post-thumbnail","hentry","category-actualite","category-securite"],"yoast_head":"<!-- This site is optimized with the Yoast SEO plugin v26.0 - https:\/\/yoast.com\/wordpress\/plugins\/seo\/ -->\n<title>Un inconscient sur deux-roues, et non un motard. - leblogmoto.com<\/title>\n<meta name=\"robots\" content=\"index, follow, max-snippet:-1, max-image-preview:large, max-video-preview:-1\" \/>\n<link rel=\"canonical\" href=\"https:\/\/blogs.thesocialmedia.com\/leblogmoto\/2009\/06\/15\/motard-ou-inconscient-sur-deuxroues\/\" \/>\n<meta name=\"twitter:card\" content=\"summary_large_image\" \/>\n<meta name=\"twitter:title\" content=\"Un inconscient sur deux-roues, et non un motard. - leblogmoto.com\" \/>\n<meta name=\"twitter:description\" content=\"Comme vous,&#160;je crois, \u00e0&#160;chaque fois que ce type d&#039;accident arrive, apr\u00e8s une pens\u00e9e pour les victimes, je ne peux m&#039;emp\u00eacher de songer \u00e0 ce que l&#039;on va encore&#160;dire de nous.&#160;Ici le tableau&#160;est effroyable, avant-hier \u00e0 Marseille un roadster&#160;renversait une passante enceinte, tuant sur le coup la future m\u00e8re&#160;puis plus tard&#160;son enfant de deux ans,&#160;selon La [&hellip;]\" \/>\n<meta name=\"twitter:image\" content=\"https:\/\/blogs.thesocialmedia.com\/leblogmoto\/files\/2012\/07\/6a00d83451b18369e20115701f7413970c-500wi.jpg\" \/>\n<meta name=\"twitter:label1\" content=\"\u00c9crit par\" \/>\n\t<meta name=\"twitter:data1\" content=\"benoit rieu\" \/>\n\t<meta name=\"twitter:label2\" content=\"Dur\u00e9e de lecture estim\u00e9e\" \/>\n\t<meta name=\"twitter:data2\" content=\"2 minutes\" \/>\n<script type=\"application\/ld+json\" class=\"yoast-schema-graph\">{\"@context\":\"https:\/\/schema.org\",\"@graph\":[{\"@type\":\"WebPage\",\"@id\":\"https:\/\/blogs.thesocialmedia.com\/leblogmoto\/2009\/06\/15\/motard-ou-inconscient-sur-deuxroues\/\",\"url\":\"https:\/\/blogs.thesocialmedia.com\/leblogmoto\/2009\/06\/15\/motard-ou-inconscient-sur-deuxroues\/\",\"name\":\"Un inconscient sur deux-roues, et non un motard. - leblogmoto.com\",\"isPartOf\":{\"@id\":\"https:\/\/blogs.thesocialmedia.com\/leblogmoto\/#website\"},\"primaryImageOfPage\":{\"@id\":\"https:\/\/blogs.thesocialmedia.com\/leblogmoto\/2009\/06\/15\/motard-ou-inconscient-sur-deuxroues\/#primaryimage\"},\"image\":{\"@id\":\"https:\/\/blogs.thesocialmedia.com\/leblogmoto\/2009\/06\/15\/motard-ou-inconscient-sur-deuxroues\/#primaryimage\"},\"thumbnailUrl\":\"https:\/\/blogs.thesocialmedia.com\/leblogmoto\/files\/2012\/07\/6a00d83451b18369e20115701f7413970c-500wi.jpg\",\"datePublished\":\"2009-06-15T23:31:27+00:00\",\"dateModified\":\"2012-07-11T17:30:41+00:00\",\"author\":{\"@id\":\"https:\/\/blogs.thesocialmedia.com\/leblogmoto\/#\/schema\/person\/18bfe773e5725ed6d24f743da805362a\"},\"breadcrumb\":{\"@id\":\"https:\/\/blogs.thesocialmedia.com\/leblogmoto\/2009\/06\/15\/motard-ou-inconscient-sur-deuxroues\/#breadcrumb\"},\"inLanguage\":\"fr-FR\",\"potentialAction\":[{\"@type\":\"ReadAction\",\"target\":[\"https:\/\/blogs.thesocialmedia.com\/leblogmoto\/2009\/06\/15\/motard-ou-inconscient-sur-deuxroues\/\"]}]},{\"@type\":\"ImageObject\",\"inLanguage\":\"fr-FR\",\"@id\":\"https:\/\/blogs.thesocialmedia.com\/leblogmoto\/2009\/06\/15\/motard-ou-inconscient-sur-deuxroues\/#primaryimage\",\"url\":\"https:\/\/blogs.thesocialmedia.com\/leblogmoto\/files\/2012\/07\/6a00d83451b18369e20115701f7413970c-500wi.jpg\",\"contentUrl\":\"https:\/\/blogs.thesocialmedia.com\/leblogmoto\/files\/2012\/07\/6a00d83451b18369e20115701f7413970c-500wi.jpg\",\"width\":\"500\",\"height\":\"333\"},{\"@type\":\"BreadcrumbList\",\"@id\":\"https:\/\/blogs.thesocialmedia.com\/leblogmoto\/2009\/06\/15\/motard-ou-inconscient-sur-deuxroues\/#breadcrumb\",\"itemListElement\":[{\"@type\":\"ListItem\",\"position\":1,\"name\":\"Accueil\",\"item\":\"https:\/\/blogs.thesocialmedia.com\/leblogmoto\/\"},{\"@type\":\"ListItem\",\"position\":2,\"name\":\"Un inconscient sur deux-roues, et non un motard.\"}]},{\"@type\":\"WebSite\",\"@id\":\"https:\/\/blogs.thesocialmedia.com\/leblogmoto\/#website\",\"url\":\"https:\/\/blogs.thesocialmedia.com\/leblogmoto\/\",\"name\":\"leblogmoto\",\"description\":\"Toute l&#039;actualit\u00e9 des 2 roues\",\"potentialAction\":[{\"@type\":\"SearchAction\",\"target\":{\"@type\":\"EntryPoint\",\"urlTemplate\":\"https:\/\/blogs.thesocialmedia.com\/leblogmoto\/?s={search_term_string}\"},\"query-input\":{\"@type\":\"PropertyValueSpecification\",\"valueRequired\":true,\"valueName\":\"search_term_string\"}}],\"inLanguage\":\"fr-FR\"},{\"@type\":\"Person\",\"@id\":\"https:\/\/blogs.thesocialmedia.com\/leblogmoto\/#\/schema\/person\/18bfe773e5725ed6d24f743da805362a\",\"name\":\"benoit rieu\",\"image\":{\"@type\":\"ImageObject\",\"inLanguage\":\"fr-FR\",\"@id\":\"https:\/\/blogs.thesocialmedia.com\/leblogmoto\/#\/schema\/person\/image\/\",\"url\":\"https:\/\/secure.gravatar.com\/avatar\/?s=96&d=mm&r=g\",\"contentUrl\":\"https:\/\/secure.gravatar.com\/avatar\/?s=96&d=mm&r=g\",\"caption\":\"benoit rieu\"},\"url\":\"https:\/\/blogs.thesocialmedia.com\/leblogmoto\/author\/benoit-rieu\/\"}]}<\/script>\n<!-- \/ Yoast SEO plugin. -->","yoast_head_json":{"title":"Un inconscient sur deux-roues, et non un motard. - leblogmoto.com","robots":{"index":"index","follow":"follow","max-snippet":"max-snippet:-1","max-image-preview":"max-image-preview:large","max-video-preview":"max-video-preview:-1"},"canonical":"https:\/\/blogs.thesocialmedia.com\/leblogmoto\/2009\/06\/15\/motard-ou-inconscient-sur-deuxroues\/","twitter_card":"summary_large_image","twitter_title":"Un inconscient sur deux-roues, et non un motard. - leblogmoto.com","twitter_description":"Comme vous,&#160;je crois, \u00e0&#160;chaque fois que ce type d&#039;accident arrive, apr\u00e8s une pens\u00e9e pour les victimes, je ne peux m&#039;emp\u00eacher de songer \u00e0 ce que l&#039;on va encore&#160;dire de nous.&#160;Ici le tableau&#160;est effroyable, avant-hier \u00e0 Marseille un roadster&#160;renversait une passante enceinte, tuant sur le coup la future m\u00e8re&#160;puis plus tard&#160;son enfant de deux ans,&#160;selon La [&hellip;]","twitter_image":"https:\/\/blogs.thesocialmedia.com\/leblogmoto\/files\/2012\/07\/6a00d83451b18369e20115701f7413970c-500wi.jpg","twitter_misc":{"\u00c9crit par":"benoit rieu","Dur\u00e9e de lecture estim\u00e9e":"2 minutes"},"schema":{"@context":"https:\/\/schema.org","@graph":[{"@type":"WebPage","@id":"https:\/\/blogs.thesocialmedia.com\/leblogmoto\/2009\/06\/15\/motard-ou-inconscient-sur-deuxroues\/","url":"https:\/\/blogs.thesocialmedia.com\/leblogmoto\/2009\/06\/15\/motard-ou-inconscient-sur-deuxroues\/","name":"Un inconscient sur deux-roues, et non un motard. - leblogmoto.com","isPartOf":{"@id":"https:\/\/blogs.thesocialmedia.com\/leblogmoto\/#website"},"primaryImageOfPage":{"@id":"https:\/\/blogs.thesocialmedia.com\/leblogmoto\/2009\/06\/15\/motard-ou-inconscient-sur-deuxroues\/#primaryimage"},"image":{"@id":"https:\/\/blogs.thesocialmedia.com\/leblogmoto\/2009\/06\/15\/motard-ou-inconscient-sur-deuxroues\/#primaryimage"},"thumbnailUrl":"https:\/\/blogs.thesocialmedia.com\/leblogmoto\/files\/2012\/07\/6a00d83451b18369e20115701f7413970c-500wi.jpg","datePublished":"2009-06-15T23:31:27+00:00","dateModified":"2012-07-11T17:30:41+00:00","author":{"@id":"https:\/\/blogs.thesocialmedia.com\/leblogmoto\/#\/schema\/person\/18bfe773e5725ed6d24f743da805362a"},"breadcrumb":{"@id":"https:\/\/blogs.thesocialmedia.com\/leblogmoto\/2009\/06\/15\/motard-ou-inconscient-sur-deuxroues\/#breadcrumb"},"inLanguage":"fr-FR","potentialAction":[{"@type":"ReadAction","target":["https:\/\/blogs.thesocialmedia.com\/leblogmoto\/2009\/06\/15\/motard-ou-inconscient-sur-deuxroues\/"]}]},{"@type":"ImageObject","inLanguage":"fr-FR","@id":"https:\/\/blogs.thesocialmedia.com\/leblogmoto\/2009\/06\/15\/motard-ou-inconscient-sur-deuxroues\/#primaryimage","url":"https:\/\/blogs.thesocialmedia.com\/leblogmoto\/files\/2012\/07\/6a00d83451b18369e20115701f7413970c-500wi.jpg","contentUrl":"https:\/\/blogs.thesocialmedia.com\/leblogmoto\/files\/2012\/07\/6a00d83451b18369e20115701f7413970c-500wi.jpg","width":"500","height":"333"},{"@type":"BreadcrumbList","@id":"https:\/\/blogs.thesocialmedia.com\/leblogmoto\/2009\/06\/15\/motard-ou-inconscient-sur-deuxroues\/#breadcrumb","itemListElement":[{"@type":"ListItem","position":1,"name":"Accueil","item":"https:\/\/blogs.thesocialmedia.com\/leblogmoto\/"},{"@type":"ListItem","position":2,"name":"Un inconscient sur deux-roues, et non un motard."}]},{"@type":"WebSite","@id":"https:\/\/blogs.thesocialmedia.com\/leblogmoto\/#website","url":"https:\/\/blogs.thesocialmedia.com\/leblogmoto\/","name":"leblogmoto","description":"Toute l&#039;actualit\u00e9 des 2 roues","potentialAction":[{"@type":"SearchAction","target":{"@type":"EntryPoint","urlTemplate":"https:\/\/blogs.thesocialmedia.com\/leblogmoto\/?s={search_term_string}"},"query-input":{"@type":"PropertyValueSpecification","valueRequired":true,"valueName":"search_term_string"}}],"inLanguage":"fr-FR"},{"@type":"Person","@id":"https:\/\/blogs.thesocialmedia.com\/leblogmoto\/#\/schema\/person\/18bfe773e5725ed6d24f743da805362a","name":"benoit rieu","image":{"@type":"ImageObject","inLanguage":"fr-FR","@id":"https:\/\/blogs.thesocialmedia.com\/leblogmoto\/#\/schema\/person\/image\/","url":"https:\/\/secure.gravatar.com\/avatar\/?s=96&d=mm&r=g","contentUrl":"https:\/\/secure.gravatar.com\/avatar\/?s=96&d=mm&r=g","caption":"benoit rieu"},"url":"https:\/\/blogs.thesocialmedia.com\/leblogmoto\/author\/benoit-rieu\/"}]}},"_links":{"self":[{"href":"https:\/\/blogs.thesocialmedia.com\/leblogmoto\/wp-json\/wp\/v2\/posts\/114","targetHints":{"allow":["GET"]}}],"collection":[{"href":"https:\/\/blogs.thesocialmedia.com\/leblogmoto\/wp-json\/wp\/v2\/posts"}],"about":[{"href":"https:\/\/blogs.thesocialmedia.com\/leblogmoto\/wp-json\/wp\/v2\/types\/post"}],"author":[{"embeddable":true,"href":"https:\/\/blogs.thesocialmedia.com\/leblogmoto\/wp-json\/wp\/v2\/users\/324"}],"replies":[{"embeddable":true,"href":"https:\/\/blogs.thesocialmedia.com\/leblogmoto\/wp-json\/wp\/v2\/comments?post=114"}],"version-history":[{"count":2,"href":"https:\/\/blogs.thesocialmedia.com\/leblogmoto\/wp-json\/wp\/v2\/posts\/114\/revisions"}],"predecessor-version":[{"id":13759,"href":"https:\/\/blogs.thesocialmedia.com\/leblogmoto\/wp-json\/wp\/v2\/posts\/114\/revisions\/13759"}],"wp:featuredmedia":[{"embeddable":true,"href":"https:\/\/blogs.thesocialmedia.com\/leblogmoto\/wp-json\/wp\/v2\/media\/13757"}],"wp:attachment":[{"href":"https:\/\/blogs.thesocialmedia.com\/leblogmoto\/wp-json\/wp\/v2\/media?parent=114"}],"wp:term":[{"taxonomy":"category","embeddable":true,"href":"https:\/\/blogs.thesocialmedia.com\/leblogmoto\/wp-json\/wp\/v2\/categories?post=114"},{"taxonomy":"post_tag","embeddable":true,"href":"https:\/\/blogs.thesocialmedia.com\/leblogmoto\/wp-json\/wp\/v2\/tags?post=114"}],"curies":[{"name":"wp","href":"https:\/\/api.w.org\/{rel}","templated":true}]}}