{"id":1140,"date":"2007-10-31T18:34:50","date_gmt":"2007-10-31T18:34:50","guid":{"rendered":"http:\/\/blogs.thesocialmedia.com\/leblogmoto\/2007\/10\/31\/insolite-bono-m\/"},"modified":"2012-07-11T14:51:46","modified_gmt":"2012-07-11T14:51:46","slug":"insolite-bono-m","status":"publish","type":"post","link":"https:\/\/blogs.thesocialmedia.com\/leblogmoto\/2007\/10\/31\/insolite-bono-m\/","title":{"rendered":"Insolite : Bono met sa Ducati aux ench\u00e8res"},"content":{"rendered":"<p><a href=\"http:\/\/blogs.thesocialmedia.com\/leblogmoto\/files\/2012\/07\/916.jpg\"><img loading=\"lazy\" decoding=\"async\" width=\"250\" height=\"187\"  src=\"http:\/\/www.leblogmoto.com\/images\/2007\/10\/31\/916.jpg\" alt=\"916\" style=\"margin: 0px 5px 5px 0px;float: left\" \/><\/a>Connaissez-vous <a href=\"www.u2france.com\">Bono<\/a> ? Si ce n&rsquo;est pas le cas sachez que c&rsquo;est le chanteur du groupe <a href=\"www.u2france.com\">U2<\/a>. Aujourd&rsquo;hui il fait parler de lui car il vient de mettre sa Ducati 916 aux ench\u00e8res au profit de l&rsquo;association caritative Riders For Health. Cette Ducati 916 rouge a un pass\u00e9 glorieux puisqu\u2019elle a d\u2019abord appartenue au regrett\u00e9 chanteur leader d\u2019INXS, Michael Hutchence, puis \u00e0 Bono. Cette moto a \u00e9galement appartenu \u00e0 un autre membre de U2, Adam Clayton.<\/p>\n<p>De plus le r\u00e9servoir de cette moto a \u00e9t\u00e9 sign\u00e9 par Bono qui a ajout\u00e9 un mot \u00e0 la m\u00e9moire de son regrett\u00e9 ami Michael Hutchence, en inscrivant&nbsp; &quot;For Michael, Bono&quot; (Pour Michael, Bono). <\/p>\n<p>Les fonds r\u00e9colt\u00e9s permettront \u00e0 l&rsquo;association des <a href=\"http:\/\/www.riders.org\/en\/html\/\">Riders For Health<\/a> de sauver des vies en Afrique.<\/p>\n<p>Si vous voulez ench\u00e9rir sur cette objet ou avoir plus d&rsquo;informations sur cette association, rendez-vous sur <a href=\"http:\/\/www.riders.org\/en\/html\/\">www.riders.org<\/a>.<\/p>\n<p>Source : <a href=\"www.u2france.com\">U2 France<\/a> <\/p>\n","protected":false},"excerpt":{"rendered":"<p>Connaissez-vous Bono ? Si ce n&rsquo;est pas le cas sachez que c&rsquo;est le chanteur du groupe U2. Aujourd&rsquo;hui il fait parler de lui car il vient de mettre sa Ducati 916 aux ench\u00e8res au profit de l&rsquo;association caritative Riders For Health. Cette Ducati 916 rouge a un pass\u00e9 glorieux puisqu\u2019elle a d\u2019abord appartenue au regrett\u00e9 [&hellip;]<\/p>\n","protected":false},"author":329,"featured_media":0,"comment_status":"open","ping_status":"open","sticky":false,"template":"","format":"standard","meta":{"footnotes":""},"categories":[58],"tags":[],"class_list":["post-1140","post","type-post","status-publish","format-standard","hentry","category-insolite"],"yoast_head":"<!-- This site is optimized with the Yoast SEO plugin v26.0 - https:\/\/yoast.com\/wordpress\/plugins\/seo\/ -->\n<title>Insolite : Bono met sa Ducati aux ench\u00e8res - leblogmoto.com<\/title>\n<meta name=\"robots\" content=\"index, follow, max-snippet:-1, max-image-preview:large, max-video-preview:-1\" \/>\n<link rel=\"canonical\" href=\"https:\/\/blogs.thesocialmedia.com\/leblogmoto\/2007\/10\/31\/insolite-bono-m\/\" \/>\n<meta name=\"twitter:card\" content=\"summary_large_image\" \/>\n<meta name=\"twitter:title\" content=\"Insolite : Bono met sa Ducati aux ench\u00e8res - leblogmoto.com\" \/>\n<meta name=\"twitter:description\" content=\"Connaissez-vous Bono ? Si ce n&rsquo;est pas le cas sachez que c&rsquo;est le chanteur du groupe U2. Aujourd&rsquo;hui il fait parler de lui car il vient de mettre sa Ducati 916 aux ench\u00e8res au profit de l&rsquo;association caritative Riders For Health. Cette Ducati 916 rouge a un pass\u00e9 glorieux puisqu\u2019elle a d\u2019abord appartenue au regrett\u00e9 [&hellip;]\" \/>\n<meta name=\"twitter:image\" content=\"http:\/\/www.leblogmoto.com\/images\/2007\/10\/31\/916.jpg\" \/>\n<meta name=\"twitter:label1\" content=\"\u00c9crit par\" \/>\n\t<meta name=\"twitter:data1\" content=\"gregory boucaud\" \/>\n\t<meta name=\"twitter:label2\" content=\"Dur\u00e9e de lecture estim\u00e9e\" \/>\n\t<meta name=\"twitter:data2\" content=\"1 minute\" \/>\n<script type=\"application\/ld+json\" class=\"yoast-schema-graph\">{\"@context\":\"https:\/\/schema.org\",\"@graph\":[{\"@type\":\"WebPage\",\"@id\":\"https:\/\/blogs.thesocialmedia.com\/leblogmoto\/2007\/10\/31\/insolite-bono-m\/\",\"url\":\"https:\/\/blogs.thesocialmedia.com\/leblogmoto\/2007\/10\/31\/insolite-bono-m\/\",\"name\":\"Insolite : Bono met sa Ducati aux ench\u00e8res - leblogmoto.com\",\"isPartOf\":{\"@id\":\"https:\/\/blogs.thesocialmedia.com\/leblogmoto\/#website\"},\"primaryImageOfPage\":{\"@id\":\"https:\/\/blogs.thesocialmedia.com\/leblogmoto\/2007\/10\/31\/insolite-bono-m\/#primaryimage\"},\"image\":{\"@id\":\"https:\/\/blogs.thesocialmedia.com\/leblogmoto\/2007\/10\/31\/insolite-bono-m\/#primaryimage\"},\"thumbnailUrl\":\"http:\/\/www.leblogmoto.com\/images\/2007\/10\/31\/916.jpg\",\"datePublished\":\"2007-10-31T18:34:50+00:00\",\"dateModified\":\"2012-07-11T14:51:46+00:00\",\"author\":{\"@id\":\"https:\/\/blogs.thesocialmedia.com\/leblogmoto\/#\/schema\/person\/769623f89741cc3381675029a37764f8\"},\"breadcrumb\":{\"@id\":\"https:\/\/blogs.thesocialmedia.com\/leblogmoto\/2007\/10\/31\/insolite-bono-m\/#breadcrumb\"},\"inLanguage\":\"fr-FR\",\"potentialAction\":[{\"@type\":\"ReadAction\",\"target\":[\"https:\/\/blogs.thesocialmedia.com\/leblogmoto\/2007\/10\/31\/insolite-bono-m\/\"]}]},{\"@type\":\"ImageObject\",\"inLanguage\":\"fr-FR\",\"@id\":\"https:\/\/blogs.thesocialmedia.com\/leblogmoto\/2007\/10\/31\/insolite-bono-m\/#primaryimage\",\"url\":\"http:\/\/www.leblogmoto.com\/images\/2007\/10\/31\/916.jpg\",\"contentUrl\":\"http:\/\/www.leblogmoto.com\/images\/2007\/10\/31\/916.jpg\"},{\"@type\":\"BreadcrumbList\",\"@id\":\"https:\/\/blogs.thesocialmedia.com\/leblogmoto\/2007\/10\/31\/insolite-bono-m\/#breadcrumb\",\"itemListElement\":[{\"@type\":\"ListItem\",\"position\":1,\"name\":\"Accueil\",\"item\":\"https:\/\/blogs.thesocialmedia.com\/leblogmoto\/\"},{\"@type\":\"ListItem\",\"position\":2,\"name\":\"Insolite : Bono met sa Ducati aux ench\u00e8res\"}]},{\"@type\":\"WebSite\",\"@id\":\"https:\/\/blogs.thesocialmedia.com\/leblogmoto\/#website\",\"url\":\"https:\/\/blogs.thesocialmedia.com\/leblogmoto\/\",\"name\":\"leblogmoto\",\"description\":\"Toute l&#039;actualit\u00e9 des 2 roues\",\"potentialAction\":[{\"@type\":\"SearchAction\",\"target\":{\"@type\":\"EntryPoint\",\"urlTemplate\":\"https:\/\/blogs.thesocialmedia.com\/leblogmoto\/?s={search_term_string}\"},\"query-input\":{\"@type\":\"PropertyValueSpecification\",\"valueRequired\":true,\"valueName\":\"search_term_string\"}}],\"inLanguage\":\"fr-FR\"},{\"@type\":\"Person\",\"@id\":\"https:\/\/blogs.thesocialmedia.com\/leblogmoto\/#\/schema\/person\/769623f89741cc3381675029a37764f8\",\"name\":\"gregory boucaud\",\"image\":{\"@type\":\"ImageObject\",\"inLanguage\":\"fr-FR\",\"@id\":\"https:\/\/blogs.thesocialmedia.com\/leblogmoto\/#\/schema\/person\/image\/\",\"url\":\"https:\/\/secure.gravatar.com\/avatar\/?s=96&d=mm&r=g\",\"contentUrl\":\"https:\/\/secure.gravatar.com\/avatar\/?s=96&d=mm&r=g\",\"caption\":\"gregory boucaud\"},\"url\":\"https:\/\/blogs.thesocialmedia.com\/leblogmoto\/author\/gregory-boucaud\/\"}]}<\/script>\n<!-- \/ Yoast SEO plugin. -->","yoast_head_json":{"title":"Insolite : Bono met sa Ducati aux ench\u00e8res - leblogmoto.com","robots":{"index":"index","follow":"follow","max-snippet":"max-snippet:-1","max-image-preview":"max-image-preview:large","max-video-preview":"max-video-preview:-1"},"canonical":"https:\/\/blogs.thesocialmedia.com\/leblogmoto\/2007\/10\/31\/insolite-bono-m\/","twitter_card":"summary_large_image","twitter_title":"Insolite : Bono met sa Ducati aux ench\u00e8res - leblogmoto.com","twitter_description":"Connaissez-vous Bono ? Si ce n&rsquo;est pas le cas sachez que c&rsquo;est le chanteur du groupe U2. Aujourd&rsquo;hui il fait parler de lui car il vient de mettre sa Ducati 916 aux ench\u00e8res au profit de l&rsquo;association caritative Riders For Health. Cette Ducati 916 rouge a un pass\u00e9 glorieux puisqu\u2019elle a d\u2019abord appartenue au regrett\u00e9 [&hellip;]","twitter_image":"http:\/\/www.leblogmoto.com\/images\/2007\/10\/31\/916.jpg","twitter_misc":{"\u00c9crit par":"gregory boucaud","Dur\u00e9e de lecture estim\u00e9e":"1 minute"},"schema":{"@context":"https:\/\/schema.org","@graph":[{"@type":"WebPage","@id":"https:\/\/blogs.thesocialmedia.com\/leblogmoto\/2007\/10\/31\/insolite-bono-m\/","url":"https:\/\/blogs.thesocialmedia.com\/leblogmoto\/2007\/10\/31\/insolite-bono-m\/","name":"Insolite : Bono met sa Ducati aux ench\u00e8res - leblogmoto.com","isPartOf":{"@id":"https:\/\/blogs.thesocialmedia.com\/leblogmoto\/#website"},"primaryImageOfPage":{"@id":"https:\/\/blogs.thesocialmedia.com\/leblogmoto\/2007\/10\/31\/insolite-bono-m\/#primaryimage"},"image":{"@id":"https:\/\/blogs.thesocialmedia.com\/leblogmoto\/2007\/10\/31\/insolite-bono-m\/#primaryimage"},"thumbnailUrl":"http:\/\/www.leblogmoto.com\/images\/2007\/10\/31\/916.jpg","datePublished":"2007-10-31T18:34:50+00:00","dateModified":"2012-07-11T14:51:46+00:00","author":{"@id":"https:\/\/blogs.thesocialmedia.com\/leblogmoto\/#\/schema\/person\/769623f89741cc3381675029a37764f8"},"breadcrumb":{"@id":"https:\/\/blogs.thesocialmedia.com\/leblogmoto\/2007\/10\/31\/insolite-bono-m\/#breadcrumb"},"inLanguage":"fr-FR","potentialAction":[{"@type":"ReadAction","target":["https:\/\/blogs.thesocialmedia.com\/leblogmoto\/2007\/10\/31\/insolite-bono-m\/"]}]},{"@type":"ImageObject","inLanguage":"fr-FR","@id":"https:\/\/blogs.thesocialmedia.com\/leblogmoto\/2007\/10\/31\/insolite-bono-m\/#primaryimage","url":"http:\/\/www.leblogmoto.com\/images\/2007\/10\/31\/916.jpg","contentUrl":"http:\/\/www.leblogmoto.com\/images\/2007\/10\/31\/916.jpg"},{"@type":"BreadcrumbList","@id":"https:\/\/blogs.thesocialmedia.com\/leblogmoto\/2007\/10\/31\/insolite-bono-m\/#breadcrumb","itemListElement":[{"@type":"ListItem","position":1,"name":"Accueil","item":"https:\/\/blogs.thesocialmedia.com\/leblogmoto\/"},{"@type":"ListItem","position":2,"name":"Insolite : Bono met sa Ducati aux ench\u00e8res"}]},{"@type":"WebSite","@id":"https:\/\/blogs.thesocialmedia.com\/leblogmoto\/#website","url":"https:\/\/blogs.thesocialmedia.com\/leblogmoto\/","name":"leblogmoto","description":"Toute l&#039;actualit\u00e9 des 2 roues","potentialAction":[{"@type":"SearchAction","target":{"@type":"EntryPoint","urlTemplate":"https:\/\/blogs.thesocialmedia.com\/leblogmoto\/?s={search_term_string}"},"query-input":{"@type":"PropertyValueSpecification","valueRequired":true,"valueName":"search_term_string"}}],"inLanguage":"fr-FR"},{"@type":"Person","@id":"https:\/\/blogs.thesocialmedia.com\/leblogmoto\/#\/schema\/person\/769623f89741cc3381675029a37764f8","name":"gregory boucaud","image":{"@type":"ImageObject","inLanguage":"fr-FR","@id":"https:\/\/blogs.thesocialmedia.com\/leblogmoto\/#\/schema\/person\/image\/","url":"https:\/\/secure.gravatar.com\/avatar\/?s=96&d=mm&r=g","contentUrl":"https:\/\/secure.gravatar.com\/avatar\/?s=96&d=mm&r=g","caption":"gregory boucaud"},"url":"https:\/\/blogs.thesocialmedia.com\/leblogmoto\/author\/gregory-boucaud\/"}]}},"_links":{"self":[{"href":"https:\/\/blogs.thesocialmedia.com\/leblogmoto\/wp-json\/wp\/v2\/posts\/1140","targetHints":{"allow":["GET"]}}],"collection":[{"href":"https:\/\/blogs.thesocialmedia.com\/leblogmoto\/wp-json\/wp\/v2\/posts"}],"about":[{"href":"https:\/\/blogs.thesocialmedia.com\/leblogmoto\/wp-json\/wp\/v2\/types\/post"}],"author":[{"embeddable":true,"href":"https:\/\/blogs.thesocialmedia.com\/leblogmoto\/wp-json\/wp\/v2\/users\/329"}],"replies":[{"embeddable":true,"href":"https:\/\/blogs.thesocialmedia.com\/leblogmoto\/wp-json\/wp\/v2\/comments?post=1140"}],"version-history":[{"count":2,"href":"https:\/\/blogs.thesocialmedia.com\/leblogmoto\/wp-json\/wp\/v2\/posts\/1140\/revisions"}],"predecessor-version":[{"id":9005,"href":"https:\/\/blogs.thesocialmedia.com\/leblogmoto\/wp-json\/wp\/v2\/posts\/1140\/revisions\/9005"}],"wp:attachment":[{"href":"https:\/\/blogs.thesocialmedia.com\/leblogmoto\/wp-json\/wp\/v2\/media?parent=1140"}],"wp:term":[{"taxonomy":"category","embeddable":true,"href":"https:\/\/blogs.thesocialmedia.com\/leblogmoto\/wp-json\/wp\/v2\/categories?post=1140"},{"taxonomy":"post_tag","embeddable":true,"href":"https:\/\/blogs.thesocialmedia.com\/leblogmoto\/wp-json\/wp\/v2\/tags?post=1140"}],"curies":[{"name":"wp","href":"https:\/\/api.w.org\/{rel}","templated":true}]}}