{"id":1141,"date":"2007-10-31T18:21:36","date_gmt":"2007-10-31T18:21:36","guid":{"rendered":"http:\/\/blogs.thesocialmedia.com\/leblogmoto\/2007\/10\/31\/ffmc-moto-verte\/"},"modified":"2012-07-11T14:51:43","modified_gmt":"2012-07-11T14:51:43","slug":"ffmc-moto-verte","status":"publish","type":"post","link":"https:\/\/blogs.thesocialmedia.com\/leblogmoto\/2007\/10\/31\/ffmc-moto-verte\/","title":{"rendered":"FFMC : Moto verte encore et toujours"},"content":{"rendered":"<p><a href=\"http:\/\/blogs.thesocialmedia.com\/leblogmoto\/files\/2012\/07\/ffmc2.jpg\"><img loading=\"lazy\" decoding=\"async\" width=\"250\" height=\"312\"  src=\"http:\/\/www.leblogmoto.com\/images\/2007\/10\/31\/ffmc.jpg\" alt=\"Ffmc\" style=\"margin: 0px 5px 5px 0px;float: left\" \/><\/a>La circulaire Olin dat\u00e9e du 6 septembre 2005 qui avait pour but de restreindre l\u2019acc\u00e8s aux chemins ruraux pourtant ouverts \u00e0 la circulation des v\u00e9hicules, n&rsquo;a pas arrang\u00e9 les choses. Ainsi certains propri\u00e9taires ont d\u00e9cid\u00e9 de d\u00e9limiter leurs terres en faisant usage de diff\u00e9rents moyens plus ou moins extr\u00eames pour en interdire l\u2019acc\u00e8s. <\/p>\n<p>&quot;Le seul bon motard est un motard mort&quot; semblent estimer ceux qui en arrivent \u00e0 la mise en place sans avertissement et sans visibilit\u00e9, de c\u00e2bles, cha\u00eenes ou barbel\u00e9s, en travers de chemins ruraux et parfois directement \u00e0 hauteur de jugulaire ! Malheureusement, depuis 2006, ces actes sont de moins en moins isol\u00e9s, et ont touch\u00e9 de nombreux motards et autres utilisateurs de ces chemins ouverts.<\/p>\n<p> Ainsi \u00e0 l\u2019occasion de l\u2019ouverture du proc\u00e8s sur Montpellier d\u2019un homme poursuivi pour homicide involontaire, la FFMC s\u2019est associ\u00e9 au Codever (Collectif de d\u00e9fense des loisirs verts) dans la d\u00e9fense des droits des usagers \u00e0 circuler sans risque sur les chemins.<\/p>\n<p> Avec le CODEVER et Motochu34, la FFMC 34 a appell\u00e9 \u00e0 un rassemblement le 17 octobre, afin que ces pratiques ne soient pas laiss\u00e9es sans suite. Cette manifestation silencieuse de soutien du monde motard \u00e0 la famille de Fr\u00e9d\u00e9ric Federici a eu lieu devant le nouveau palais de justice de Montpellier (Place Pierre Flotte).<\/p>\n<p>Ces comportements ne sont, pour l&rsquo;instant, pas pr\u00eats de s&rsquo;arr\u00eater. Alors au moment d&rsquo;aller faire de la moto verte, faites attention.<\/p>\n<p> Plus d\u2019informations : <br \/><a href=\"http:\/\/www.codever.fr\/\">www.codever.fr<\/a><br \/><a href=\"http:\/\/motochu34.free.fr\/\">www.motochu34.com<\/a> <br \/><a href=\"http:\/\/www.ffmc34.org\/\">www.ffmc34.org<\/a><\/p>\n<p>Source : <a href=\"http:\/\/www.ffmc.asso.fr\">FFMC<\/a><\/p>\n","protected":false},"excerpt":{"rendered":"<p>La circulaire Olin dat\u00e9e du 6 septembre 2005 qui avait pour but de restreindre l\u2019acc\u00e8s aux chemins ruraux pourtant ouverts \u00e0 la circulation des v\u00e9hicules, n&rsquo;a pas arrang\u00e9 les choses. Ainsi certains propri\u00e9taires ont d\u00e9cid\u00e9 de d\u00e9limiter leurs terres en faisant usage de diff\u00e9rents moyens plus ou moins extr\u00eames pour en interdire l\u2019acc\u00e8s. &quot;Le seul [&hellip;]<\/p>\n","protected":false},"author":329,"featured_media":0,"comment_status":"open","ping_status":"open","sticky":false,"template":"","format":"standard","meta":{"footnotes":""},"categories":[3],"tags":[],"class_list":["post-1141","post","type-post","status-publish","format-standard","hentry","category-actualite"],"yoast_head":"<!-- This site is optimized with the Yoast SEO plugin v26.0 - https:\/\/yoast.com\/wordpress\/plugins\/seo\/ -->\n<title>FFMC : Moto verte encore et toujours - leblogmoto.com<\/title>\n<meta name=\"robots\" content=\"index, follow, max-snippet:-1, max-image-preview:large, max-video-preview:-1\" \/>\n<link rel=\"canonical\" href=\"https:\/\/blogs.thesocialmedia.com\/leblogmoto\/2007\/10\/31\/ffmc-moto-verte\/\" \/>\n<meta name=\"twitter:card\" content=\"summary_large_image\" \/>\n<meta name=\"twitter:title\" content=\"FFMC : Moto verte encore et toujours - leblogmoto.com\" \/>\n<meta name=\"twitter:description\" content=\"La circulaire Olin dat\u00e9e du 6 septembre 2005 qui avait pour but de restreindre l\u2019acc\u00e8s aux chemins ruraux pourtant ouverts \u00e0 la circulation des v\u00e9hicules, n&rsquo;a pas arrang\u00e9 les choses. Ainsi certains propri\u00e9taires ont d\u00e9cid\u00e9 de d\u00e9limiter leurs terres en faisant usage de diff\u00e9rents moyens plus ou moins extr\u00eames pour en interdire l\u2019acc\u00e8s. &quot;Le seul [&hellip;]\" \/>\n<meta name=\"twitter:image\" content=\"http:\/\/www.leblogmoto.com\/images\/2007\/10\/31\/ffmc.jpg\" \/>\n<meta name=\"twitter:label1\" content=\"\u00c9crit par\" \/>\n\t<meta name=\"twitter:data1\" content=\"gregory boucaud\" \/>\n\t<meta name=\"twitter:label2\" content=\"Dur\u00e9e de lecture estim\u00e9e\" \/>\n\t<meta name=\"twitter:data2\" content=\"1 minute\" \/>\n<script type=\"application\/ld+json\" class=\"yoast-schema-graph\">{\"@context\":\"https:\/\/schema.org\",\"@graph\":[{\"@type\":\"WebPage\",\"@id\":\"https:\/\/blogs.thesocialmedia.com\/leblogmoto\/2007\/10\/31\/ffmc-moto-verte\/\",\"url\":\"https:\/\/blogs.thesocialmedia.com\/leblogmoto\/2007\/10\/31\/ffmc-moto-verte\/\",\"name\":\"FFMC : Moto verte encore et toujours - leblogmoto.com\",\"isPartOf\":{\"@id\":\"https:\/\/blogs.thesocialmedia.com\/leblogmoto\/#website\"},\"primaryImageOfPage\":{\"@id\":\"https:\/\/blogs.thesocialmedia.com\/leblogmoto\/2007\/10\/31\/ffmc-moto-verte\/#primaryimage\"},\"image\":{\"@id\":\"https:\/\/blogs.thesocialmedia.com\/leblogmoto\/2007\/10\/31\/ffmc-moto-verte\/#primaryimage\"},\"thumbnailUrl\":\"http:\/\/www.leblogmoto.com\/images\/2007\/10\/31\/ffmc.jpg\",\"datePublished\":\"2007-10-31T18:21:36+00:00\",\"dateModified\":\"2012-07-11T14:51:43+00:00\",\"author\":{\"@id\":\"https:\/\/blogs.thesocialmedia.com\/leblogmoto\/#\/schema\/person\/769623f89741cc3381675029a37764f8\"},\"breadcrumb\":{\"@id\":\"https:\/\/blogs.thesocialmedia.com\/leblogmoto\/2007\/10\/31\/ffmc-moto-verte\/#breadcrumb\"},\"inLanguage\":\"fr-FR\",\"potentialAction\":[{\"@type\":\"ReadAction\",\"target\":[\"https:\/\/blogs.thesocialmedia.com\/leblogmoto\/2007\/10\/31\/ffmc-moto-verte\/\"]}]},{\"@type\":\"ImageObject\",\"inLanguage\":\"fr-FR\",\"@id\":\"https:\/\/blogs.thesocialmedia.com\/leblogmoto\/2007\/10\/31\/ffmc-moto-verte\/#primaryimage\",\"url\":\"http:\/\/www.leblogmoto.com\/images\/2007\/10\/31\/ffmc.jpg\",\"contentUrl\":\"http:\/\/www.leblogmoto.com\/images\/2007\/10\/31\/ffmc.jpg\"},{\"@type\":\"BreadcrumbList\",\"@id\":\"https:\/\/blogs.thesocialmedia.com\/leblogmoto\/2007\/10\/31\/ffmc-moto-verte\/#breadcrumb\",\"itemListElement\":[{\"@type\":\"ListItem\",\"position\":1,\"name\":\"Accueil\",\"item\":\"https:\/\/blogs.thesocialmedia.com\/leblogmoto\/\"},{\"@type\":\"ListItem\",\"position\":2,\"name\":\"FFMC : Moto verte encore et toujours\"}]},{\"@type\":\"WebSite\",\"@id\":\"https:\/\/blogs.thesocialmedia.com\/leblogmoto\/#website\",\"url\":\"https:\/\/blogs.thesocialmedia.com\/leblogmoto\/\",\"name\":\"leblogmoto\",\"description\":\"Toute l&#039;actualit\u00e9 des 2 roues\",\"potentialAction\":[{\"@type\":\"SearchAction\",\"target\":{\"@type\":\"EntryPoint\",\"urlTemplate\":\"https:\/\/blogs.thesocialmedia.com\/leblogmoto\/?s={search_term_string}\"},\"query-input\":{\"@type\":\"PropertyValueSpecification\",\"valueRequired\":true,\"valueName\":\"search_term_string\"}}],\"inLanguage\":\"fr-FR\"},{\"@type\":\"Person\",\"@id\":\"https:\/\/blogs.thesocialmedia.com\/leblogmoto\/#\/schema\/person\/769623f89741cc3381675029a37764f8\",\"name\":\"gregory boucaud\",\"image\":{\"@type\":\"ImageObject\",\"inLanguage\":\"fr-FR\",\"@id\":\"https:\/\/blogs.thesocialmedia.com\/leblogmoto\/#\/schema\/person\/image\/\",\"url\":\"https:\/\/secure.gravatar.com\/avatar\/?s=96&d=mm&r=g\",\"contentUrl\":\"https:\/\/secure.gravatar.com\/avatar\/?s=96&d=mm&r=g\",\"caption\":\"gregory boucaud\"},\"url\":\"https:\/\/blogs.thesocialmedia.com\/leblogmoto\/author\/gregory-boucaud\/\"}]}<\/script>\n<!-- \/ Yoast SEO plugin. -->","yoast_head_json":{"title":"FFMC : Moto verte encore et toujours - leblogmoto.com","robots":{"index":"index","follow":"follow","max-snippet":"max-snippet:-1","max-image-preview":"max-image-preview:large","max-video-preview":"max-video-preview:-1"},"canonical":"https:\/\/blogs.thesocialmedia.com\/leblogmoto\/2007\/10\/31\/ffmc-moto-verte\/","twitter_card":"summary_large_image","twitter_title":"FFMC : Moto verte encore et toujours - leblogmoto.com","twitter_description":"La circulaire Olin dat\u00e9e du 6 septembre 2005 qui avait pour but de restreindre l\u2019acc\u00e8s aux chemins ruraux pourtant ouverts \u00e0 la circulation des v\u00e9hicules, n&rsquo;a pas arrang\u00e9 les choses. Ainsi certains propri\u00e9taires ont d\u00e9cid\u00e9 de d\u00e9limiter leurs terres en faisant usage de diff\u00e9rents moyens plus ou moins extr\u00eames pour en interdire l\u2019acc\u00e8s. &quot;Le seul [&hellip;]","twitter_image":"http:\/\/www.leblogmoto.com\/images\/2007\/10\/31\/ffmc.jpg","twitter_misc":{"\u00c9crit par":"gregory boucaud","Dur\u00e9e de lecture estim\u00e9e":"1 minute"},"schema":{"@context":"https:\/\/schema.org","@graph":[{"@type":"WebPage","@id":"https:\/\/blogs.thesocialmedia.com\/leblogmoto\/2007\/10\/31\/ffmc-moto-verte\/","url":"https:\/\/blogs.thesocialmedia.com\/leblogmoto\/2007\/10\/31\/ffmc-moto-verte\/","name":"FFMC : Moto verte encore et toujours - leblogmoto.com","isPartOf":{"@id":"https:\/\/blogs.thesocialmedia.com\/leblogmoto\/#website"},"primaryImageOfPage":{"@id":"https:\/\/blogs.thesocialmedia.com\/leblogmoto\/2007\/10\/31\/ffmc-moto-verte\/#primaryimage"},"image":{"@id":"https:\/\/blogs.thesocialmedia.com\/leblogmoto\/2007\/10\/31\/ffmc-moto-verte\/#primaryimage"},"thumbnailUrl":"http:\/\/www.leblogmoto.com\/images\/2007\/10\/31\/ffmc.jpg","datePublished":"2007-10-31T18:21:36+00:00","dateModified":"2012-07-11T14:51:43+00:00","author":{"@id":"https:\/\/blogs.thesocialmedia.com\/leblogmoto\/#\/schema\/person\/769623f89741cc3381675029a37764f8"},"breadcrumb":{"@id":"https:\/\/blogs.thesocialmedia.com\/leblogmoto\/2007\/10\/31\/ffmc-moto-verte\/#breadcrumb"},"inLanguage":"fr-FR","potentialAction":[{"@type":"ReadAction","target":["https:\/\/blogs.thesocialmedia.com\/leblogmoto\/2007\/10\/31\/ffmc-moto-verte\/"]}]},{"@type":"ImageObject","inLanguage":"fr-FR","@id":"https:\/\/blogs.thesocialmedia.com\/leblogmoto\/2007\/10\/31\/ffmc-moto-verte\/#primaryimage","url":"http:\/\/www.leblogmoto.com\/images\/2007\/10\/31\/ffmc.jpg","contentUrl":"http:\/\/www.leblogmoto.com\/images\/2007\/10\/31\/ffmc.jpg"},{"@type":"BreadcrumbList","@id":"https:\/\/blogs.thesocialmedia.com\/leblogmoto\/2007\/10\/31\/ffmc-moto-verte\/#breadcrumb","itemListElement":[{"@type":"ListItem","position":1,"name":"Accueil","item":"https:\/\/blogs.thesocialmedia.com\/leblogmoto\/"},{"@type":"ListItem","position":2,"name":"FFMC : Moto verte encore et toujours"}]},{"@type":"WebSite","@id":"https:\/\/blogs.thesocialmedia.com\/leblogmoto\/#website","url":"https:\/\/blogs.thesocialmedia.com\/leblogmoto\/","name":"leblogmoto","description":"Toute l&#039;actualit\u00e9 des 2 roues","potentialAction":[{"@type":"SearchAction","target":{"@type":"EntryPoint","urlTemplate":"https:\/\/blogs.thesocialmedia.com\/leblogmoto\/?s={search_term_string}"},"query-input":{"@type":"PropertyValueSpecification","valueRequired":true,"valueName":"search_term_string"}}],"inLanguage":"fr-FR"},{"@type":"Person","@id":"https:\/\/blogs.thesocialmedia.com\/leblogmoto\/#\/schema\/person\/769623f89741cc3381675029a37764f8","name":"gregory boucaud","image":{"@type":"ImageObject","inLanguage":"fr-FR","@id":"https:\/\/blogs.thesocialmedia.com\/leblogmoto\/#\/schema\/person\/image\/","url":"https:\/\/secure.gravatar.com\/avatar\/?s=96&d=mm&r=g","contentUrl":"https:\/\/secure.gravatar.com\/avatar\/?s=96&d=mm&r=g","caption":"gregory boucaud"},"url":"https:\/\/blogs.thesocialmedia.com\/leblogmoto\/author\/gregory-boucaud\/"}]}},"_links":{"self":[{"href":"https:\/\/blogs.thesocialmedia.com\/leblogmoto\/wp-json\/wp\/v2\/posts\/1141","targetHints":{"allow":["GET"]}}],"collection":[{"href":"https:\/\/blogs.thesocialmedia.com\/leblogmoto\/wp-json\/wp\/v2\/posts"}],"about":[{"href":"https:\/\/blogs.thesocialmedia.com\/leblogmoto\/wp-json\/wp\/v2\/types\/post"}],"author":[{"embeddable":true,"href":"https:\/\/blogs.thesocialmedia.com\/leblogmoto\/wp-json\/wp\/v2\/users\/329"}],"replies":[{"embeddable":true,"href":"https:\/\/blogs.thesocialmedia.com\/leblogmoto\/wp-json\/wp\/v2\/comments?post=1141"}],"version-history":[{"count":2,"href":"https:\/\/blogs.thesocialmedia.com\/leblogmoto\/wp-json\/wp\/v2\/posts\/1141\/revisions"}],"predecessor-version":[{"id":9003,"href":"https:\/\/blogs.thesocialmedia.com\/leblogmoto\/wp-json\/wp\/v2\/posts\/1141\/revisions\/9003"}],"wp:attachment":[{"href":"https:\/\/blogs.thesocialmedia.com\/leblogmoto\/wp-json\/wp\/v2\/media?parent=1141"}],"wp:term":[{"taxonomy":"category","embeddable":true,"href":"https:\/\/blogs.thesocialmedia.com\/leblogmoto\/wp-json\/wp\/v2\/categories?post=1141"},{"taxonomy":"post_tag","embeddable":true,"href":"https:\/\/blogs.thesocialmedia.com\/leblogmoto\/wp-json\/wp\/v2\/tags?post=1141"}],"curies":[{"name":"wp","href":"https:\/\/api.w.org\/{rel}","templated":true}]}}