{"id":1143,"date":"2007-10-30T00:02:42","date_gmt":"2007-10-30T00:02:42","guid":{"rendered":"http:\/\/blogs.thesocialmedia.com\/leblogmoto\/2007\/10\/30\/le-polaris-revo\/"},"modified":"2012-07-11T14:51:39","modified_gmt":"2012-07-11T14:51:39","slug":"le-polaris-revo","status":"publish","type":"post","link":"https:\/\/blogs.thesocialmedia.com\/leblogmoto\/2007\/10\/30\/le-polaris-revo\/","title":{"rendered":"Le Polaris Revolver est &lsquo;vraiment&rsquo; un quad hors norme."},"content":{"rendered":"<p><a href=\"http:\/\/blogs.thesocialmedia.com\/leblogmoto\/files\/2012\/07\/polaris_revolver_ipod.jpg\"><img loading=\"lazy\" decoding=\"async\" width=\"470\" height=\"322\"  src=\"http:\/\/www.leblogmoto.com\/images\/2007\/10\/29\/polaris_revolver_ipod.jpg\" alt=\"Polaris_revolver_ipod\" \/><\/a><\/p>\n<p>&#8230;et pr\u00e9curseur. <a href=\"http:\/\/blogs.thesocialmedia.com\/leblogmoto\/files\/2012\/07\/michelin-challe.html_.png\">Si vous comptiez l&#8217;emmener<\/a> dans les orni\u00e8res, la poussi\u00e8re et les bosses, il va falloir r\u00e9viser votre opinion. Sur cet autre portfolio, dans sa livr\u00e9e rouge il se pare de ses plus beaux atours avec un look que l&rsquo;on qualifierait d&rsquo;urbain branch\u00e9. En t\u00e9moignent ce dock pour iPod pr\u00e8s de l&rsquo;amortisseur de direction r\u00e9glable (un GPR s&rsquo;il vous pla\u00eet) et la qualit\u00e9 de la selle. Qu&rsquo;est-ce que Polaris attend pour le sortir ? <\/p>\n<p><a href=\"http:\/\/clabedan.typepad.com\/.shared\/image.html?\/photos\/uncategorized\/2007\/10\/29\/polaris_revolver_red_selle.jpg\"><img loading=\"lazy\" decoding=\"async\" width=\"470\" height=\"352\"  alt=\"Polaris_revolver_red_selle\" src=\"http:\/\/www.leblogmoto.com\/images\/2007\/10\/29\/polaris_revolver_red_selle.jpg\" \/><\/a> <\/p>\n<p>Regardez ce travail en design, les formes fluides qui rebondissent, comme sur une Ducati Monster (toutes proportions gard\u00e9es) avec la selle qui suit les lignes du r\u00e9servoir. Regardez le travail de la sellerie piqu\u00e9e, avec du cuir le long des jambes&#8230; jusqu&rsquo;au repose-pied (!?)<\/p>\n<p><a href=\"http:\/\/blogs.thesocialmedia.com\/leblogmoto\/files\/2012\/07\/polaris_revolver_red_profil.jpg\"><img loading=\"lazy\" decoding=\"async\" width=\"470\" height=\"352\"  alt=\"Polaris_revolver_red_profil\" src=\"http:\/\/www.leblogmoto.com\/images\/2007\/10\/29\/polaris_revolver_red_profil.jpg\" \/><\/a><\/p>\n<p>Sans forfanterie, notre <a href=\"http:\/\/blogs.thesocialmedia.com\/leblogmoto\/files\/2012\/07\/michelin-challe.html_.png\">pr\u00e9c\u00e9dente opinion<\/a> comparant la lign\u00e9e quad et Revolver, \u00e0 l&rsquo;\u00e9volution urbaine du 4&#215;4 en SUV, explicit\u00e9e dans le pr\u00e9c\u00e9dent article, se confirme \u00e0 la vue des d\u00e9tails de cette \u00e9dition. Polaris est-il persuad\u00e9, comme nous, qu&rsquo;il y a du monde pour ce type de v\u00e9hicules plus <em>on-road<\/em> ? <\/p>\n<p><a href=\"http:\/\/clabedan.typepad.com\/.shared\/image.html?\/photos\/uncategorized\/2007\/10\/29\/polaris_revolver_red_troisquart_ava.jpg\"><img loading=\"lazy\" decoding=\"async\" width=\"470\" height=\"352\"  alt=\"Polaris_revolver_red_troisquart_ava\" src=\"http:\/\/www.leblogmoto.com\/images\/2007\/10\/29\/polaris_revolver_red_troisquart_ava.jpg\" \/><\/a><\/p>\n<p>On regrettera l&rsquo;absence d&rsquo;image &quot;de face&quot;, ce regard m\u00e9chant comme si le v\u00e9hicule fron\u00e7ait des sourcils et qui faisait le charme du pr\u00e9c\u00e9dent set de photos. <\/p>\n<p><a href=\"http:\/\/blogs.thesocialmedia.com\/leblogmoto\/files\/2012\/07\/polaris_revolver_red_troisquart_arr.jpg\"><img loading=\"lazy\" decoding=\"async\" width=\"470\" height=\"352\"  alt=\"Polaris_revolver_red_troisquart_arr\" src=\"http:\/\/www.leblogmoto.com\/images\/2007\/10\/29\/polaris_revolver_red_troisquart_arr.jpg\" \/><\/a><\/p>\n<p>Une nouvelle photo du guidon, de l&rsquo;amortisseur de direction et de l&rsquo;iPod plac\u00e9 \u00e0 c\u00f4t\u00e9.<\/p>\n<p><a href=\"http:\/\/blogs.thesocialmedia.com\/leblogmoto\/files\/2012\/07\/polaris_revolver_red_large.jpg\"><img loading=\"lazy\" decoding=\"async\" width=\"470\" height=\"303\"  src=\"http:\/\/www.leblogmoto.com\/images\/2007\/10\/29\/polaris_revolver_red_large.jpg\" alt=\"Polaris_revolver_red_large\" \/><\/a>  <\/p>\n","protected":false},"excerpt":{"rendered":"<p>&#8230;et pr\u00e9curseur. Si vous comptiez l&#8217;emmener dans les orni\u00e8res, la poussi\u00e8re et les bosses, il va falloir r\u00e9viser votre opinion. Sur cet autre portfolio, dans sa livr\u00e9e rouge il se pare de ses plus beaux atours avec un look que l&rsquo;on qualifierait d&rsquo;urbain branch\u00e9. En t\u00e9moignent ce dock pour iPod pr\u00e8s de l&rsquo;amortisseur de direction [&hellip;]<\/p>\n","protected":false},"author":324,"featured_media":0,"comment_status":"open","ping_status":"open","sticky":false,"template":"","format":"standard","meta":{"footnotes":""},"categories":[49,33,70],"tags":[],"class_list":["post-1143","post","type-post","status-publish","format-standard","hentry","category-actualites-entreprise","category-concept-bike","category-quad"],"yoast_head":"<!-- This site is optimized with the Yoast SEO plugin v26.0 - https:\/\/yoast.com\/wordpress\/plugins\/seo\/ -->\n<title>Le Polaris Revolver est &#039;vraiment&#039; un quad hors norme. - leblogmoto.com<\/title>\n<meta name=\"robots\" content=\"index, follow, max-snippet:-1, max-image-preview:large, max-video-preview:-1\" \/>\n<link rel=\"canonical\" href=\"https:\/\/blogs.thesocialmedia.com\/leblogmoto\/2007\/10\/30\/le-polaris-revo\/\" \/>\n<meta name=\"twitter:card\" content=\"summary_large_image\" \/>\n<meta name=\"twitter:title\" content=\"Le Polaris Revolver est &#039;vraiment&#039; un quad hors norme. - leblogmoto.com\" \/>\n<meta name=\"twitter:description\" content=\"&#8230;et pr\u00e9curseur. Si vous comptiez l&#8217;emmener dans les orni\u00e8res, la poussi\u00e8re et les bosses, il va falloir r\u00e9viser votre opinion. Sur cet autre portfolio, dans sa livr\u00e9e rouge il se pare de ses plus beaux atours avec un look que l&rsquo;on qualifierait d&rsquo;urbain branch\u00e9. En t\u00e9moignent ce dock pour iPod pr\u00e8s de l&rsquo;amortisseur de direction [&hellip;]\" \/>\n<meta name=\"twitter:image\" content=\"http:\/\/www.leblogmoto.com\/images\/2007\/10\/29\/polaris_revolver_ipod.jpg\" \/>\n<meta name=\"twitter:label1\" content=\"\u00c9crit par\" \/>\n\t<meta name=\"twitter:data1\" content=\"benoit rieu\" \/>\n\t<meta name=\"twitter:label2\" content=\"Dur\u00e9e de lecture estim\u00e9e\" \/>\n\t<meta name=\"twitter:data2\" content=\"1 minute\" \/>\n<script type=\"application\/ld+json\" class=\"yoast-schema-graph\">{\"@context\":\"https:\/\/schema.org\",\"@graph\":[{\"@type\":\"WebPage\",\"@id\":\"https:\/\/blogs.thesocialmedia.com\/leblogmoto\/2007\/10\/30\/le-polaris-revo\/\",\"url\":\"https:\/\/blogs.thesocialmedia.com\/leblogmoto\/2007\/10\/30\/le-polaris-revo\/\",\"name\":\"Le Polaris Revolver est 'vraiment' un quad hors norme. - leblogmoto.com\",\"isPartOf\":{\"@id\":\"https:\/\/blogs.thesocialmedia.com\/leblogmoto\/#website\"},\"primaryImageOfPage\":{\"@id\":\"https:\/\/blogs.thesocialmedia.com\/leblogmoto\/2007\/10\/30\/le-polaris-revo\/#primaryimage\"},\"image\":{\"@id\":\"https:\/\/blogs.thesocialmedia.com\/leblogmoto\/2007\/10\/30\/le-polaris-revo\/#primaryimage\"},\"thumbnailUrl\":\"http:\/\/www.leblogmoto.com\/images\/2007\/10\/29\/polaris_revolver_ipod.jpg\",\"datePublished\":\"2007-10-30T00:02:42+00:00\",\"dateModified\":\"2012-07-11T14:51:39+00:00\",\"author\":{\"@id\":\"https:\/\/blogs.thesocialmedia.com\/leblogmoto\/#\/schema\/person\/18bfe773e5725ed6d24f743da805362a\"},\"breadcrumb\":{\"@id\":\"https:\/\/blogs.thesocialmedia.com\/leblogmoto\/2007\/10\/30\/le-polaris-revo\/#breadcrumb\"},\"inLanguage\":\"fr-FR\",\"potentialAction\":[{\"@type\":\"ReadAction\",\"target\":[\"https:\/\/blogs.thesocialmedia.com\/leblogmoto\/2007\/10\/30\/le-polaris-revo\/\"]}]},{\"@type\":\"ImageObject\",\"inLanguage\":\"fr-FR\",\"@id\":\"https:\/\/blogs.thesocialmedia.com\/leblogmoto\/2007\/10\/30\/le-polaris-revo\/#primaryimage\",\"url\":\"http:\/\/www.leblogmoto.com\/images\/2007\/10\/29\/polaris_revolver_ipod.jpg\",\"contentUrl\":\"http:\/\/www.leblogmoto.com\/images\/2007\/10\/29\/polaris_revolver_ipod.jpg\"},{\"@type\":\"BreadcrumbList\",\"@id\":\"https:\/\/blogs.thesocialmedia.com\/leblogmoto\/2007\/10\/30\/le-polaris-revo\/#breadcrumb\",\"itemListElement\":[{\"@type\":\"ListItem\",\"position\":1,\"name\":\"Accueil\",\"item\":\"https:\/\/blogs.thesocialmedia.com\/leblogmoto\/\"},{\"@type\":\"ListItem\",\"position\":2,\"name\":\"Le Polaris Revolver est &lsquo;vraiment&rsquo; un quad hors norme.\"}]},{\"@type\":\"WebSite\",\"@id\":\"https:\/\/blogs.thesocialmedia.com\/leblogmoto\/#website\",\"url\":\"https:\/\/blogs.thesocialmedia.com\/leblogmoto\/\",\"name\":\"leblogmoto\",\"description\":\"Toute l&#039;actualit\u00e9 des 2 roues\",\"potentialAction\":[{\"@type\":\"SearchAction\",\"target\":{\"@type\":\"EntryPoint\",\"urlTemplate\":\"https:\/\/blogs.thesocialmedia.com\/leblogmoto\/?s={search_term_string}\"},\"query-input\":{\"@type\":\"PropertyValueSpecification\",\"valueRequired\":true,\"valueName\":\"search_term_string\"}}],\"inLanguage\":\"fr-FR\"},{\"@type\":\"Person\",\"@id\":\"https:\/\/blogs.thesocialmedia.com\/leblogmoto\/#\/schema\/person\/18bfe773e5725ed6d24f743da805362a\",\"name\":\"benoit rieu\",\"image\":{\"@type\":\"ImageObject\",\"inLanguage\":\"fr-FR\",\"@id\":\"https:\/\/blogs.thesocialmedia.com\/leblogmoto\/#\/schema\/person\/image\/\",\"url\":\"https:\/\/secure.gravatar.com\/avatar\/?s=96&d=mm&r=g\",\"contentUrl\":\"https:\/\/secure.gravatar.com\/avatar\/?s=96&d=mm&r=g\",\"caption\":\"benoit rieu\"},\"url\":\"https:\/\/blogs.thesocialmedia.com\/leblogmoto\/author\/benoit-rieu\/\"}]}<\/script>\n<!-- \/ Yoast SEO plugin. -->","yoast_head_json":{"title":"Le Polaris Revolver est 'vraiment' un quad hors norme. - leblogmoto.com","robots":{"index":"index","follow":"follow","max-snippet":"max-snippet:-1","max-image-preview":"max-image-preview:large","max-video-preview":"max-video-preview:-1"},"canonical":"https:\/\/blogs.thesocialmedia.com\/leblogmoto\/2007\/10\/30\/le-polaris-revo\/","twitter_card":"summary_large_image","twitter_title":"Le Polaris Revolver est 'vraiment' un quad hors norme. - leblogmoto.com","twitter_description":"&#8230;et pr\u00e9curseur. Si vous comptiez l&#8217;emmener dans les orni\u00e8res, la poussi\u00e8re et les bosses, il va falloir r\u00e9viser votre opinion. Sur cet autre portfolio, dans sa livr\u00e9e rouge il se pare de ses plus beaux atours avec un look que l&rsquo;on qualifierait d&rsquo;urbain branch\u00e9. En t\u00e9moignent ce dock pour iPod pr\u00e8s de l&rsquo;amortisseur de direction [&hellip;]","twitter_image":"http:\/\/www.leblogmoto.com\/images\/2007\/10\/29\/polaris_revolver_ipod.jpg","twitter_misc":{"\u00c9crit par":"benoit rieu","Dur\u00e9e de lecture estim\u00e9e":"1 minute"},"schema":{"@context":"https:\/\/schema.org","@graph":[{"@type":"WebPage","@id":"https:\/\/blogs.thesocialmedia.com\/leblogmoto\/2007\/10\/30\/le-polaris-revo\/","url":"https:\/\/blogs.thesocialmedia.com\/leblogmoto\/2007\/10\/30\/le-polaris-revo\/","name":"Le Polaris Revolver est 'vraiment' un quad hors norme. - leblogmoto.com","isPartOf":{"@id":"https:\/\/blogs.thesocialmedia.com\/leblogmoto\/#website"},"primaryImageOfPage":{"@id":"https:\/\/blogs.thesocialmedia.com\/leblogmoto\/2007\/10\/30\/le-polaris-revo\/#primaryimage"},"image":{"@id":"https:\/\/blogs.thesocialmedia.com\/leblogmoto\/2007\/10\/30\/le-polaris-revo\/#primaryimage"},"thumbnailUrl":"http:\/\/www.leblogmoto.com\/images\/2007\/10\/29\/polaris_revolver_ipod.jpg","datePublished":"2007-10-30T00:02:42+00:00","dateModified":"2012-07-11T14:51:39+00:00","author":{"@id":"https:\/\/blogs.thesocialmedia.com\/leblogmoto\/#\/schema\/person\/18bfe773e5725ed6d24f743da805362a"},"breadcrumb":{"@id":"https:\/\/blogs.thesocialmedia.com\/leblogmoto\/2007\/10\/30\/le-polaris-revo\/#breadcrumb"},"inLanguage":"fr-FR","potentialAction":[{"@type":"ReadAction","target":["https:\/\/blogs.thesocialmedia.com\/leblogmoto\/2007\/10\/30\/le-polaris-revo\/"]}]},{"@type":"ImageObject","inLanguage":"fr-FR","@id":"https:\/\/blogs.thesocialmedia.com\/leblogmoto\/2007\/10\/30\/le-polaris-revo\/#primaryimage","url":"http:\/\/www.leblogmoto.com\/images\/2007\/10\/29\/polaris_revolver_ipod.jpg","contentUrl":"http:\/\/www.leblogmoto.com\/images\/2007\/10\/29\/polaris_revolver_ipod.jpg"},{"@type":"BreadcrumbList","@id":"https:\/\/blogs.thesocialmedia.com\/leblogmoto\/2007\/10\/30\/le-polaris-revo\/#breadcrumb","itemListElement":[{"@type":"ListItem","position":1,"name":"Accueil","item":"https:\/\/blogs.thesocialmedia.com\/leblogmoto\/"},{"@type":"ListItem","position":2,"name":"Le Polaris Revolver est &lsquo;vraiment&rsquo; un quad hors norme."}]},{"@type":"WebSite","@id":"https:\/\/blogs.thesocialmedia.com\/leblogmoto\/#website","url":"https:\/\/blogs.thesocialmedia.com\/leblogmoto\/","name":"leblogmoto","description":"Toute l&#039;actualit\u00e9 des 2 roues","potentialAction":[{"@type":"SearchAction","target":{"@type":"EntryPoint","urlTemplate":"https:\/\/blogs.thesocialmedia.com\/leblogmoto\/?s={search_term_string}"},"query-input":{"@type":"PropertyValueSpecification","valueRequired":true,"valueName":"search_term_string"}}],"inLanguage":"fr-FR"},{"@type":"Person","@id":"https:\/\/blogs.thesocialmedia.com\/leblogmoto\/#\/schema\/person\/18bfe773e5725ed6d24f743da805362a","name":"benoit rieu","image":{"@type":"ImageObject","inLanguage":"fr-FR","@id":"https:\/\/blogs.thesocialmedia.com\/leblogmoto\/#\/schema\/person\/image\/","url":"https:\/\/secure.gravatar.com\/avatar\/?s=96&d=mm&r=g","contentUrl":"https:\/\/secure.gravatar.com\/avatar\/?s=96&d=mm&r=g","caption":"benoit rieu"},"url":"https:\/\/blogs.thesocialmedia.com\/leblogmoto\/author\/benoit-rieu\/"}]}},"_links":{"self":[{"href":"https:\/\/blogs.thesocialmedia.com\/leblogmoto\/wp-json\/wp\/v2\/posts\/1143","targetHints":{"allow":["GET"]}}],"collection":[{"href":"https:\/\/blogs.thesocialmedia.com\/leblogmoto\/wp-json\/wp\/v2\/posts"}],"about":[{"href":"https:\/\/blogs.thesocialmedia.com\/leblogmoto\/wp-json\/wp\/v2\/types\/post"}],"author":[{"embeddable":true,"href":"https:\/\/blogs.thesocialmedia.com\/leblogmoto\/wp-json\/wp\/v2\/users\/324"}],"replies":[{"embeddable":true,"href":"https:\/\/blogs.thesocialmedia.com\/leblogmoto\/wp-json\/wp\/v2\/comments?post=1143"}],"version-history":[{"count":2,"href":"https:\/\/blogs.thesocialmedia.com\/leblogmoto\/wp-json\/wp\/v2\/posts\/1143\/revisions"}],"predecessor-version":[{"id":8998,"href":"https:\/\/blogs.thesocialmedia.com\/leblogmoto\/wp-json\/wp\/v2\/posts\/1143\/revisions\/8998"}],"wp:attachment":[{"href":"https:\/\/blogs.thesocialmedia.com\/leblogmoto\/wp-json\/wp\/v2\/media?parent=1143"}],"wp:term":[{"taxonomy":"category","embeddable":true,"href":"https:\/\/blogs.thesocialmedia.com\/leblogmoto\/wp-json\/wp\/v2\/categories?post=1143"},{"taxonomy":"post_tag","embeddable":true,"href":"https:\/\/blogs.thesocialmedia.com\/leblogmoto\/wp-json\/wp\/v2\/tags?post=1143"}],"curies":[{"name":"wp","href":"https:\/\/api.w.org\/{rel}","templated":true}]}}